{"id":4568,"date":"2022-09-24T02:43:26","date_gmt":"2022-09-24T00:43:26","guid":{"rendered":"https:\/\/www.ladiagonale.net\/?p=4568"},"modified":"2025-02-20T15:27:42","modified_gmt":"2025-02-20T14:27:42","slug":"matazo-defait-avec-la-belgique-babai-et-lalgerie-puissance-5","status":"publish","type":"post","link":"https:\/\/www.ladiagonale.net\/index.php\/2022\/09\/24\/matazo-defait-avec-la-belgique-babai-et-lalgerie-puissance-5\/","title":{"rendered":"Matazo d\u00e9fait avec la Belgique, Baba\u00ef et l&rsquo;Alg\u00e9rie puissance 5"},"content":{"rendered":"\n\n\n<p>La journ\u00e9e de vendredi a \u00e9t\u00e9 charg\u00e9e en s\u00e9lections pour les joueurs de l&rsquo;AS Monaco. Matazo \u00e9tait sur le pont avec les espoirs belges et a connu la d\u00e9faite contre les Pays-Bas (1-2). Le milieu de la terrain de l&rsquo;ASM \u00e9tait align\u00e9 au coup d&rsquo;envoi et a disput\u00e9 70 minutes de jeu. Au moment de sa sortie, les N\u00e9erlandais menaient d\u00e9j\u00e0 de deux buts. Prochaine \u00e9ch\u00e9ance lundi prochain (21h) contre la France pour les Diablotins.<\/p>\n\n\n\n<p>Convoqu\u00e9 avec les U20 de l&rsquo;Alg\u00e9rie, Nazim Baba\u00ef \u00e9tait lui aussi align\u00e9 d&rsquo;entr\u00e9e face au Soudan. Les jeunes <em>Fennecs<\/em> n&rsquo;ont pas fait de sentiments face \u00e0 une formation plus faible, puisqu&rsquo;ils se sont largement impos\u00e9s (5-0). Les Soudanais tenteront de prendre leur revanche lundi prochain (16h).<\/p>\n","protected":false},"excerpt":{"rendered":"<p>La journ\u00e9e de vendredi a \u00e9t\u00e9 charg\u00e9e en s\u00e9lections pour les joueurs de l&rsquo;AS Monaco. Matazo \u00e9tait sur le pont avec les espoirs belges et a connu la d\u00e9faite contre les Pays-Bas (1-2). Le milieu de la terrain de l&rsquo;ASM \u00e9tait align\u00e9 au coup d&rsquo;envoi et a disput\u00e9 70 minutes de jeu. Au moment de [&#8230;]\n","protected":false},"author":2,"featured_media":0,"comment_status":"open","ping_status":"open","sticky":false,"template":"","format":"standard","meta":[],"categories":[6],"tags":[76,107,145],"yoast_head":"<!-- This site is optimized with the Yoast SEO plugin v19.8 - https:\/\/yoast.com\/wordpress\/plugins\/seo\/ -->\n<title>Matazo d\u00e9fait avec la Belgique, Baba\u00ef et l&#039;Alg\u00e9rie puissance 5 - La Diagonale<\/title>\n<meta name=\"robots\" content=\"index, follow, max-snippet:-1, max-image-preview:large, max-video-preview:-1\" \/>\n<link rel=\"canonical\" href=\"https:\/\/www.ladiagonale.net\/index.php\/2022\/09\/24\/matazo-defait-avec-la-belgique-babai-et-lalgerie-puissance-5\/\" \/>\n<meta property=\"og:locale\" content=\"fr_FR\" \/>\n<meta property=\"og:type\" content=\"article\" \/>\n<meta property=\"og:title\" content=\"Matazo d\u00e9fait avec la Belgique, Baba\u00ef et l&#039;Alg\u00e9rie puissance 5 - La Diagonale\" \/>\n<meta property=\"og:description\" content=\"La journ\u00e9e de vendredi a \u00e9t\u00e9 charg\u00e9e en s\u00e9lections pour les joueurs de l&rsquo;AS Monaco. Matazo \u00e9tait sur le pont avec les espoirs belges et a connu la d\u00e9faite contre les Pays-Bas (1-2). Le milieu de la terrain de l&rsquo;ASM \u00e9tait align\u00e9 au coup d&rsquo;envoi et a disput\u00e9 70 minutes de jeu. Au moment de [...]\" \/>\n<meta property=\"og:url\" content=\"https:\/\/www.ladiagonale.net\/index.php\/2022\/09\/24\/matazo-defait-avec-la-belgique-babai-et-lalgerie-puissance-5\/\" \/>\n<meta property=\"og:site_name\" content=\"La Diagonale\" \/>\n<meta property=\"article:published_time\" content=\"2022-09-24T00:43:26+00:00\" \/>\n<meta property=\"article:modified_time\" content=\"2025-02-20T14:27:42+00:00\" \/>\n<meta name=\"author\" content=\"Damien Dellerba\" \/>\n<meta name=\"twitter:card\" content=\"summary_large_image\" \/>\n<meta name=\"twitter:label1\" content=\"\u00c9crit par\" \/>\n\t<meta name=\"twitter:data1\" content=\"Damien Dellerba\" \/>\n\t<meta name=\"twitter:label2\" content=\"Dur\u00e9e de lecture estim\u00e9e\" \/>\n\t<meta name=\"twitter:data2\" content=\"1 minute\" \/>\n<script type=\"application\/ld+json\" class=\"yoast-schema-graph\">{\"@context\":\"https:\/\/schema.org\",\"@graph\":[{\"@type\":\"WebPage\",\"@id\":\"https:\/\/www.ladiagonale.net\/index.php\/2022\/09\/24\/matazo-defait-avec-la-belgique-babai-et-lalgerie-puissance-5\/\",\"url\":\"https:\/\/www.ladiagonale.net\/index.php\/2022\/09\/24\/matazo-defait-avec-la-belgique-babai-et-lalgerie-puissance-5\/\",\"name\":\"Matazo d\u00e9fait avec la Belgique, Baba\u00ef et l'Alg\u00e9rie puissance 5 - La Diagonale\",\"isPartOf\":{\"@id\":\"https:\/\/www.ladiagonale.net\/#website\"},\"datePublished\":\"2022-09-24T00:43:26+00:00\",\"dateModified\":\"2025-02-20T14:27:42+00:00\",\"author\":{\"@id\":\"https:\/\/www.ladiagonale.net\/#\/schema\/person\/79ff1e7b0853ed01b2aa26e64ad300bf\"},\"breadcrumb\":{\"@id\":\"https:\/\/www.ladiagonale.net\/index.php\/2022\/09\/24\/matazo-defait-avec-la-belgique-babai-et-lalgerie-puissance-5\/#breadcrumb\"},\"inLanguage\":\"fr-FR\",\"potentialAction\":[{\"@type\":\"ReadAction\",\"target\":[\"https:\/\/www.ladiagonale.net\/index.php\/2022\/09\/24\/matazo-defait-avec-la-belgique-babai-et-lalgerie-puissance-5\/\"]}]},{\"@type\":\"BreadcrumbList\",\"@id\":\"https:\/\/www.ladiagonale.net\/index.php\/2022\/09\/24\/matazo-defait-avec-la-belgique-babai-et-lalgerie-puissance-5\/#breadcrumb\",\"itemListElement\":[{\"@type\":\"ListItem\",\"position\":1,\"name\":\"Accueil\",\"item\":\"https:\/\/www.ladiagonale.net\/\"},{\"@type\":\"ListItem\",\"position\":2,\"name\":\"Matazo d\u00e9fait avec la Belgique, Baba\u00ef et l&rsquo;Alg\u00e9rie puissance 5\"}]},{\"@type\":\"WebSite\",\"@id\":\"https:\/\/www.ladiagonale.net\/#website\",\"url\":\"https:\/\/www.ladiagonale.net\/\",\"name\":\"La Diagonale\",\"description\":\"Le site des supporters de l&#039;AS Monaco FC\",\"potentialAction\":[{\"@type\":\"SearchAction\",\"target\":{\"@type\":\"EntryPoint\",\"urlTemplate\":\"https:\/\/www.ladiagonale.net\/?s={search_term_string}\"},\"query-input\":\"required name=search_term_string\"}],\"inLanguage\":\"fr-FR\"},{\"@type\":\"Person\",\"@id\":\"https:\/\/www.ladiagonale.net\/#\/schema\/person\/79ff1e7b0853ed01b2aa26e64ad300bf\",\"name\":\"Damien Dellerba\",\"image\":{\"@type\":\"ImageObject\",\"inLanguage\":\"fr-FR\",\"@id\":\"https:\/\/www.ladiagonale.net\/#\/schema\/person\/image\/\",\"url\":\"https:\/\/secure.gravatar.com\/avatar\/c7850e06d3ff63cdbaee88b7fc16e2f0?s=96&d=mm&r=g\",\"contentUrl\":\"https:\/\/secure.gravatar.com\/avatar\/c7850e06d3ff63cdbaee88b7fc16e2f0?s=96&d=mm&r=g\",\"caption\":\"Damien Dellerba\"},\"url\":\"https:\/\/www.ladiagonale.net\/index.php\/author\/damien\/\"}]}<\/script>\n<!-- \/ Yoast SEO plugin. -->","yoast_head_json":{"title":"Matazo d\u00e9fait avec la Belgique, Baba\u00ef et l'Alg\u00e9rie puissance 5 - La Diagonale","robots":{"index":"index","follow":"follow","max-snippet":"max-snippet:-1","max-image-preview":"max-image-preview:large","max-video-preview":"max-video-preview:-1"},"canonical":"https:\/\/www.ladiagonale.net\/index.php\/2022\/09\/24\/matazo-defait-avec-la-belgique-babai-et-lalgerie-puissance-5\/","og_locale":"fr_FR","og_type":"article","og_title":"Matazo d\u00e9fait avec la Belgique, Baba\u00ef et l'Alg\u00e9rie puissance 5 - La Diagonale","og_description":"La journ\u00e9e de vendredi a \u00e9t\u00e9 charg\u00e9e en s\u00e9lections pour les joueurs de l&rsquo;AS Monaco. Matazo \u00e9tait sur le pont avec les espoirs belges et a connu la d\u00e9faite contre les Pays-Bas (1-2). Le milieu de la terrain de l&rsquo;ASM \u00e9tait align\u00e9 au coup d&rsquo;envoi et a disput\u00e9 70 minutes de jeu. Au moment de [...]","og_url":"https:\/\/www.ladiagonale.net\/index.php\/2022\/09\/24\/matazo-defait-avec-la-belgique-babai-et-lalgerie-puissance-5\/","og_site_name":"La Diagonale","article_published_time":"2022-09-24T00:43:26+00:00","article_modified_time":"2025-02-20T14:27:42+00:00","author":"Damien Dellerba","twitter_card":"summary_large_image","twitter_misc":{"\u00c9crit par":"Damien Dellerba","Dur\u00e9e de lecture estim\u00e9e":"1 minute"},"schema":{"@context":"https:\/\/schema.org","@graph":[{"@type":"WebPage","@id":"https:\/\/www.ladiagonale.net\/index.php\/2022\/09\/24\/matazo-defait-avec-la-belgique-babai-et-lalgerie-puissance-5\/","url":"https:\/\/www.ladiagonale.net\/index.php\/2022\/09\/24\/matazo-defait-avec-la-belgique-babai-et-lalgerie-puissance-5\/","name":"Matazo d\u00e9fait avec la Belgique, Baba\u00ef et l'Alg\u00e9rie puissance 5 - La Diagonale","isPartOf":{"@id":"https:\/\/www.ladiagonale.net\/#website"},"datePublished":"2022-09-24T00:43:26+00:00","dateModified":"2025-02-20T14:27:42+00:00","author":{"@id":"https:\/\/www.ladiagonale.net\/#\/schema\/person\/79ff1e7b0853ed01b2aa26e64ad300bf"},"breadcrumb":{"@id":"https:\/\/www.ladiagonale.net\/index.php\/2022\/09\/24\/matazo-defait-avec-la-belgique-babai-et-lalgerie-puissance-5\/#breadcrumb"},"inLanguage":"fr-FR","potentialAction":[{"@type":"ReadAction","target":["https:\/\/www.ladiagonale.net\/index.php\/2022\/09\/24\/matazo-defait-avec-la-belgique-babai-et-lalgerie-puissance-5\/"]}]},{"@type":"BreadcrumbList","@id":"https:\/\/www.ladiagonale.net\/index.php\/2022\/09\/24\/matazo-defait-avec-la-belgique-babai-et-lalgerie-puissance-5\/#breadcrumb","itemListElement":[{"@type":"ListItem","position":1,"name":"Accueil","item":"https:\/\/www.ladiagonale.net\/"},{"@type":"ListItem","position":2,"name":"Matazo d\u00e9fait avec la Belgique, Baba\u00ef et l&rsquo;Alg\u00e9rie puissance 5"}]},{"@type":"WebSite","@id":"https:\/\/www.ladiagonale.net\/#website","url":"https:\/\/www.ladiagonale.net\/","name":"La Diagonale","description":"Le site des supporters de l&#039;AS Monaco FC","potentialAction":[{"@type":"SearchAction","target":{"@type":"EntryPoint","urlTemplate":"https:\/\/www.ladiagonale.net\/?s={search_term_string}"},"query-input":"required name=search_term_string"}],"inLanguage":"fr-FR"},{"@type":"Person","@id":"https:\/\/www.ladiagonale.net\/#\/schema\/person\/79ff1e7b0853ed01b2aa26e64ad300bf","name":"Damien Dellerba","image":{"@type":"ImageObject","inLanguage":"fr-FR","@id":"https:\/\/www.ladiagonale.net\/#\/schema\/person\/image\/","url":"https:\/\/secure.gravatar.com\/avatar\/c7850e06d3ff63cdbaee88b7fc16e2f0?s=96&d=mm&r=g","contentUrl":"https:\/\/secure.gravatar.com\/avatar\/c7850e06d3ff63cdbaee88b7fc16e2f0?s=96&d=mm&r=g","caption":"Damien Dellerba"},"url":"https:\/\/www.ladiagonale.net\/index.php\/author\/damien\/"}]}},"_links":{"self":[{"href":"https:\/\/www.ladiagonale.net\/index.php\/wp-json\/wp\/v2\/posts\/4568"}],"collection":[{"href":"https:\/\/www.ladiagonale.net\/index.php\/wp-json\/wp\/v2\/posts"}],"about":[{"href":"https:\/\/www.ladiagonale.net\/index.php\/wp-json\/wp\/v2\/types\/post"}],"author":[{"embeddable":true,"href":"https:\/\/www.ladiagonale.net\/index.php\/wp-json\/wp\/v2\/users\/2"}],"replies":[{"embeddable":true,"href":"https:\/\/www.ladiagonale.net\/index.php\/wp-json\/wp\/v2\/comments?post=4568"}],"version-history":[{"count":1,"href":"https:\/\/www.ladiagonale.net\/index.php\/wp-json\/wp\/v2\/posts\/4568\/revisions"}],"predecessor-version":[{"id":4569,"href":"https:\/\/www.ladiagonale.net\/index.php\/wp-json\/wp\/v2\/posts\/4568\/revisions\/4569"}],"wp:attachment":[{"href":"https:\/\/www.ladiagonale.net\/index.php\/wp-json\/wp\/v2\/media?parent=4568"}],"wp:term":[{"taxonomy":"category","embeddable":true,"href":"https:\/\/www.ladiagonale.net\/index.php\/wp-json\/wp\/v2\/categories?post=4568"},{"taxonomy":"post_tag","embeddable":true,"href":"https:\/\/www.ladiagonale.net\/index.php\/wp-json\/wp\/v2\/tags?post=4568"}],"curies":[{"name":"wp","href":"https:\/\/api.w.org\/{rel}","templated":true}]}}