{"id":4572,"date":"2022-09-24T19:21:32","date_gmt":"2022-09-24T17:21:32","guid":{"rendered":"https:\/\/www.ladiagonale.net\/?p=4572"},"modified":"2022-09-24T19:21:32","modified_gmt":"2022-09-24T17:21:32","slug":"disasi-confirme-les-contacts-avec-le-psg","status":"publish","type":"post","link":"https:\/\/www.ladiagonale.net\/index.php\/2022\/09\/24\/disasi-confirme-les-contacts-avec-le-psg\/","title":{"rendered":"Disasi confirme les contacts avec le PSG"},"content":{"rendered":"\n\n\n<p>Invit\u00e9 sur <em>RMC<\/em> dans l\u2019\u00e9mission <em>Rothen s\u2019enflamme<\/em>, Axel Disasi a confirm\u00e9 que le Paris Saint-Germain avait bien tent\u00e9 de le chiper \u00e0 l\u2019AS Monaco en toute fin de mercato, devant l\u2019impasse de la piste menant \u00e0 Skriniar : \u00ab&nbsp;<em>Il y a eu des contacts et ils se sont intensifi\u00e9s apr\u00e8s le match au Parc des Princes (dimanche 28 ao\u00fbt, ndlr).<\/em>&nbsp;\u00bb<\/p>\n\n\n\n<p>Le prix demand\u00e9 par Monaco a finalement dissuad\u00e9 le club parisien m\u00eame si Disasi a expliqu\u00e9 bien se sentir \u00e0 Monaco :&nbsp;\u00ab&nbsp;<em>C\u2019est toujours plaisant d\u2019\u00eatre associ\u00e9 au PSG. (\u2026) Apr\u00e8s, j\u2019\u00e9tais bien \u00e0 l\u2019ASM et on arrivait sur une fin de mercato. J\u2019avais la confiance du club et des dirigeants et je me sentais bien \u00e0 Monaco. Je m\u2019y sens toujours bien.<\/em>&nbsp;\u00bb<\/p>\n\n\n\n<p>Le d\u00e9fenseur central a reconnu que pour la suite de sa carri\u00e8re, il aimerait bien \u00e9voluer en <em>Premier League<\/em> : \u00ab&nbsp;<em>J\u2019aime bien l\u2019Angleterre. Je trouve que c\u2019est un championnat passionnant, donc ce serait plut\u00f4t \u00e7a, mon championnat de pr\u00e9dilection.<\/em>&nbsp;\u00bb<\/p>\n\n\n\n<p><strong>L\u2019\u00c9quipe de France dans un coin de la t\u00eate<\/strong><\/p>\n\n\n\n<p>Disasi estime qu\u2019il n\u2019est pas loin de l\u2019\u00c9quipe de France, lui qui a \u00e9t\u00e9 pr\u00e9s\u00e9lectionn\u00e9 avant la derni\u00e8re liste de Didier Deschamps : \u00ab <em>C\u2019est dans un coin de ma t\u00eate. Quand on est performant, on est amen\u00e9 \u00e0 atteindre des objectifs \u00e9lev\u00e9s et il n\u2019y a pas plus haut que l\u2019\u00c9quipe de France. Mes performances font que je peux pr\u00e9tendre \u00e0 une place. Maintenant, il faut continuer et confirmer.<\/em> \u00bb&nbsp;<\/p>\n\n\n\n<p>Finalement, Deschamps lui a pr\u00e9f\u00e9r\u00e9 Badiashile dans la liste et m\u00eame si Disasi \u00e9tait content pour son co\u00e9quipier, il \u00e9tait forc\u00e9ment d\u00e9\u00e7u de ne pas en faire partie : \u00ab&nbsp;<em>Je voyais que mon nom commen\u00e7ait \u00e0 circuler quelques jours avant la sortie de la liste dont j\u2019\u00e9tais aux aguets. Sur le moment\u2026 j\u2019\u00e9tais d\u00e9\u00e7u mais je suis un comp\u00e9titeur, je ne me laisse pas abattre<\/em>&nbsp;\u00bb<\/p>\n\n\n\n<p><strong>Sa progression dans le jeu<\/strong><\/p>\n\n\n\n<p>Quoiqu\u2019il en soit, Disasi a montr\u00e9 une vraie progression depuis plusieurs mois et aujourd\u2019hui il s\u2019est impos\u00e9 comme l\u2019un des joueurs les plus performants de l\u2019effectif : \u00ab&nbsp;<em>Je me sens tr\u00e8s bien depuis les six derniers mois et le d\u00e9but de saison le confirme. Je m\u2019affirme plus sur le terrain et en dehors. (\u2026) Cette saison, je voulais passer un cap. Je me suis mis \u00e0 bosser davantage, surtout sur les d\u00e9tails, et \u00e7a me r\u00e9ussit bien pour l\u2019instant.<\/em>&nbsp;\u00bb<\/p>\n\n\n\n<p>Le syst\u00e8me avec trois d\u00e9fenseurs axiaux lui convient bien :&nbsp;\u00ab&nbsp;<em>J\u2019ai longtemps \u00e9volu\u00e9 \u00e0 deux derri\u00e8re mais \u00e0 trois, \u00e7a me permet de plus sortir. Je suis un d\u00e9fenseur qui aime bien aller chercher le duel. Cette position me permet d\u2019aller chercher haut et je prends plus de plaisir avec le ballon.<\/em>&nbsp;\u00bb<\/p>\n\n\n\n<p>Le joueur de 24 ans sait ce qu\u2019il doit encore travailler pour progresser : \u00ab <em>Je dois \u00eatre un peu plus d\u00e9cisif et avec le ballon, je peux progresser sur mes choix dans le jeu. Ces derniers mois, la concentration me faisait d\u00e9faut. Depuis le d\u00e9but de saison, j\u2019ai mis l\u2019accent dessus.<\/em>&nbsp;\u00bb<\/p>\n","protected":false},"excerpt":{"rendered":"<p>Invit\u00e9 sur RMC dans l\u2019\u00e9mission Rothen s\u2019enflamme, Axel Disasi a confirm\u00e9 que le Paris Saint-Germain avait bien tent\u00e9 de le chiper \u00e0 l\u2019AS Monaco en toute fin de mercato, devant l\u2019impasse de la piste menant \u00e0 Skriniar : \u00ab&nbsp;Il y a eu des contacts et ils se sont intensifi\u00e9s apr\u00e8s le match au Parc des [&#8230;]\n","protected":false},"author":2,"featured_media":0,"comment_status":"open","ping_status":"open","sticky":false,"template":"","format":"standard","meta":[],"categories":[6],"tags":[108,83,111,109,110],"yoast_head":"<!-- This site is optimized with the Yoast SEO plugin v19.8 - https:\/\/yoast.com\/wordpress\/plugins\/seo\/ -->\n<title>Disasi confirme les contacts avec le PSG - La Diagonale<\/title>\n<meta name=\"robots\" content=\"index, follow, max-snippet:-1, max-image-preview:large, max-video-preview:-1\" \/>\n<link rel=\"canonical\" href=\"https:\/\/www.ladiagonale.net\/index.php\/2022\/09\/24\/disasi-confirme-les-contacts-avec-le-psg\/\" \/>\n<meta property=\"og:locale\" content=\"fr_FR\" \/>\n<meta property=\"og:type\" content=\"article\" \/>\n<meta property=\"og:title\" content=\"Disasi confirme les contacts avec le PSG - La Diagonale\" \/>\n<meta property=\"og:description\" content=\"Invit\u00e9 sur RMC dans l\u2019\u00e9mission Rothen s\u2019enflamme, Axel Disasi a confirm\u00e9 que le Paris Saint-Germain avait bien tent\u00e9 de le chiper \u00e0 l\u2019AS Monaco en toute fin de mercato, devant l\u2019impasse de la piste menant \u00e0 Skriniar : \u00ab&nbsp;Il y a eu des contacts et ils se sont intensifi\u00e9s apr\u00e8s le match au Parc des [...]\" \/>\n<meta property=\"og:url\" content=\"https:\/\/www.ladiagonale.net\/index.php\/2022\/09\/24\/disasi-confirme-les-contacts-avec-le-psg\/\" \/>\n<meta property=\"og:site_name\" content=\"La Diagonale\" \/>\n<meta property=\"article:published_time\" content=\"2022-09-24T17:21:32+00:00\" \/>\n<meta name=\"author\" content=\"Damien Dellerba\" \/>\n<meta name=\"twitter:card\" content=\"summary_large_image\" \/>\n<meta name=\"twitter:label1\" content=\"\u00c9crit par\" \/>\n\t<meta name=\"twitter:data1\" content=\"Damien Dellerba\" \/>\n\t<meta name=\"twitter:label2\" content=\"Dur\u00e9e de lecture estim\u00e9e\" \/>\n\t<meta name=\"twitter:data2\" content=\"3 minutes\" \/>\n<script type=\"application\/ld+json\" class=\"yoast-schema-graph\">{\"@context\":\"https:\/\/schema.org\",\"@graph\":[{\"@type\":\"WebPage\",\"@id\":\"https:\/\/www.ladiagonale.net\/index.php\/2022\/09\/24\/disasi-confirme-les-contacts-avec-le-psg\/\",\"url\":\"https:\/\/www.ladiagonale.net\/index.php\/2022\/09\/24\/disasi-confirme-les-contacts-avec-le-psg\/\",\"name\":\"Disasi confirme les contacts avec le PSG - La Diagonale\",\"isPartOf\":{\"@id\":\"https:\/\/www.ladiagonale.net\/#website\"},\"datePublished\":\"2022-09-24T17:21:32+00:00\",\"dateModified\":\"2022-09-24T17:21:32+00:00\",\"author\":{\"@id\":\"https:\/\/www.ladiagonale.net\/#\/schema\/person\/79ff1e7b0853ed01b2aa26e64ad300bf\"},\"breadcrumb\":{\"@id\":\"https:\/\/www.ladiagonale.net\/index.php\/2022\/09\/24\/disasi-confirme-les-contacts-avec-le-psg\/#breadcrumb\"},\"inLanguage\":\"fr-FR\",\"potentialAction\":[{\"@type\":\"ReadAction\",\"target\":[\"https:\/\/www.ladiagonale.net\/index.php\/2022\/09\/24\/disasi-confirme-les-contacts-avec-le-psg\/\"]}]},{\"@type\":\"BreadcrumbList\",\"@id\":\"https:\/\/www.ladiagonale.net\/index.php\/2022\/09\/24\/disasi-confirme-les-contacts-avec-le-psg\/#breadcrumb\",\"itemListElement\":[{\"@type\":\"ListItem\",\"position\":1,\"name\":\"Accueil\",\"item\":\"https:\/\/www.ladiagonale.net\/\"},{\"@type\":\"ListItem\",\"position\":2,\"name\":\"Disasi confirme les contacts avec le PSG\"}]},{\"@type\":\"WebSite\",\"@id\":\"https:\/\/www.ladiagonale.net\/#website\",\"url\":\"https:\/\/www.ladiagonale.net\/\",\"name\":\"La Diagonale\",\"description\":\"Le site des supporters de l&#039;AS Monaco FC\",\"potentialAction\":[{\"@type\":\"SearchAction\",\"target\":{\"@type\":\"EntryPoint\",\"urlTemplate\":\"https:\/\/www.ladiagonale.net\/?s={search_term_string}\"},\"query-input\":\"required name=search_term_string\"}],\"inLanguage\":\"fr-FR\"},{\"@type\":\"Person\",\"@id\":\"https:\/\/www.ladiagonale.net\/#\/schema\/person\/79ff1e7b0853ed01b2aa26e64ad300bf\",\"name\":\"Damien Dellerba\",\"image\":{\"@type\":\"ImageObject\",\"inLanguage\":\"fr-FR\",\"@id\":\"https:\/\/www.ladiagonale.net\/#\/schema\/person\/image\/\",\"url\":\"https:\/\/secure.gravatar.com\/avatar\/c7850e06d3ff63cdbaee88b7fc16e2f0?s=96&d=mm&r=g\",\"contentUrl\":\"https:\/\/secure.gravatar.com\/avatar\/c7850e06d3ff63cdbaee88b7fc16e2f0?s=96&d=mm&r=g\",\"caption\":\"Damien Dellerba\"},\"url\":\"https:\/\/www.ladiagonale.net\/index.php\/author\/damien\/\"}]}<\/script>\n<!-- \/ Yoast SEO plugin. -->","yoast_head_json":{"title":"Disasi confirme les contacts avec le PSG - La Diagonale","robots":{"index":"index","follow":"follow","max-snippet":"max-snippet:-1","max-image-preview":"max-image-preview:large","max-video-preview":"max-video-preview:-1"},"canonical":"https:\/\/www.ladiagonale.net\/index.php\/2022\/09\/24\/disasi-confirme-les-contacts-avec-le-psg\/","og_locale":"fr_FR","og_type":"article","og_title":"Disasi confirme les contacts avec le PSG - La Diagonale","og_description":"Invit\u00e9 sur RMC dans l\u2019\u00e9mission Rothen s\u2019enflamme, Axel Disasi a confirm\u00e9 que le Paris Saint-Germain avait bien tent\u00e9 de le chiper \u00e0 l\u2019AS Monaco en toute fin de mercato, devant l\u2019impasse de la piste menant \u00e0 Skriniar : \u00ab&nbsp;Il y a eu des contacts et ils se sont intensifi\u00e9s apr\u00e8s le match au Parc des [...]","og_url":"https:\/\/www.ladiagonale.net\/index.php\/2022\/09\/24\/disasi-confirme-les-contacts-avec-le-psg\/","og_site_name":"La Diagonale","article_published_time":"2022-09-24T17:21:32+00:00","author":"Damien Dellerba","twitter_card":"summary_large_image","twitter_misc":{"\u00c9crit par":"Damien Dellerba","Dur\u00e9e de lecture estim\u00e9e":"3 minutes"},"schema":{"@context":"https:\/\/schema.org","@graph":[{"@type":"WebPage","@id":"https:\/\/www.ladiagonale.net\/index.php\/2022\/09\/24\/disasi-confirme-les-contacts-avec-le-psg\/","url":"https:\/\/www.ladiagonale.net\/index.php\/2022\/09\/24\/disasi-confirme-les-contacts-avec-le-psg\/","name":"Disasi confirme les contacts avec le PSG - La Diagonale","isPartOf":{"@id":"https:\/\/www.ladiagonale.net\/#website"},"datePublished":"2022-09-24T17:21:32+00:00","dateModified":"2022-09-24T17:21:32+00:00","author":{"@id":"https:\/\/www.ladiagonale.net\/#\/schema\/person\/79ff1e7b0853ed01b2aa26e64ad300bf"},"breadcrumb":{"@id":"https:\/\/www.ladiagonale.net\/index.php\/2022\/09\/24\/disasi-confirme-les-contacts-avec-le-psg\/#breadcrumb"},"inLanguage":"fr-FR","potentialAction":[{"@type":"ReadAction","target":["https:\/\/www.ladiagonale.net\/index.php\/2022\/09\/24\/disasi-confirme-les-contacts-avec-le-psg\/"]}]},{"@type":"BreadcrumbList","@id":"https:\/\/www.ladiagonale.net\/index.php\/2022\/09\/24\/disasi-confirme-les-contacts-avec-le-psg\/#breadcrumb","itemListElement":[{"@type":"ListItem","position":1,"name":"Accueil","item":"https:\/\/www.ladiagonale.net\/"},{"@type":"ListItem","position":2,"name":"Disasi confirme les contacts avec le PSG"}]},{"@type":"WebSite","@id":"https:\/\/www.ladiagonale.net\/#website","url":"https:\/\/www.ladiagonale.net\/","name":"La Diagonale","description":"Le site des supporters de l&#039;AS Monaco FC","potentialAction":[{"@type":"SearchAction","target":{"@type":"EntryPoint","urlTemplate":"https:\/\/www.ladiagonale.net\/?s={search_term_string}"},"query-input":"required name=search_term_string"}],"inLanguage":"fr-FR"},{"@type":"Person","@id":"https:\/\/www.ladiagonale.net\/#\/schema\/person\/79ff1e7b0853ed01b2aa26e64ad300bf","name":"Damien Dellerba","image":{"@type":"ImageObject","inLanguage":"fr-FR","@id":"https:\/\/www.ladiagonale.net\/#\/schema\/person\/image\/","url":"https:\/\/secure.gravatar.com\/avatar\/c7850e06d3ff63cdbaee88b7fc16e2f0?s=96&d=mm&r=g","contentUrl":"https:\/\/secure.gravatar.com\/avatar\/c7850e06d3ff63cdbaee88b7fc16e2f0?s=96&d=mm&r=g","caption":"Damien Dellerba"},"url":"https:\/\/www.ladiagonale.net\/index.php\/author\/damien\/"}]}},"_links":{"self":[{"href":"https:\/\/www.ladiagonale.net\/index.php\/wp-json\/wp\/v2\/posts\/4572"}],"collection":[{"href":"https:\/\/www.ladiagonale.net\/index.php\/wp-json\/wp\/v2\/posts"}],"about":[{"href":"https:\/\/www.ladiagonale.net\/index.php\/wp-json\/wp\/v2\/types\/post"}],"author":[{"embeddable":true,"href":"https:\/\/www.ladiagonale.net\/index.php\/wp-json\/wp\/v2\/users\/2"}],"replies":[{"embeddable":true,"href":"https:\/\/www.ladiagonale.net\/index.php\/wp-json\/wp\/v2\/comments?post=4572"}],"version-history":[{"count":1,"href":"https:\/\/www.ladiagonale.net\/index.php\/wp-json\/wp\/v2\/posts\/4572\/revisions"}],"predecessor-version":[{"id":4573,"href":"https:\/\/www.ladiagonale.net\/index.php\/wp-json\/wp\/v2\/posts\/4572\/revisions\/4573"}],"wp:attachment":[{"href":"https:\/\/www.ladiagonale.net\/index.php\/wp-json\/wp\/v2\/media?parent=4572"}],"wp:term":[{"taxonomy":"category","embeddable":true,"href":"https:\/\/www.ladiagonale.net\/index.php\/wp-json\/wp\/v2\/categories?post=4572"},{"taxonomy":"post_tag","embeddable":true,"href":"https:\/\/www.ladiagonale.net\/index.php\/wp-json\/wp\/v2\/tags?post=4572"}],"curies":[{"name":"wp","href":"https:\/\/api.w.org\/{rel}","templated":true}]}}