{"id":4598,"date":"2022-09-25T18:12:00","date_gmt":"2022-09-25T16:12:00","guid":{"rendered":"https:\/\/www.ladiagonale.net\/?p=4598"},"modified":"2022-09-26T10:41:12","modified_gmt":"2022-09-26T08:41:12","slug":"4598","status":"publish","type":"post","link":"https:\/\/www.ladiagonale.net\/index.php\/2022\/09\/25\/4598\/","title":{"rendered":"Le match de Ben Seghir et Olmeta n\u2019est pas all\u00e9 au bout"},"content":{"rendered":"\n\n\n<p>C\u2019est une fin en eau de boudin pour les Bleuets. La rencontre entre l\u2019\u00c9quipe de France U18 et la Pologne, qui se disputaient la victoire finale du Tournoi international de Limoges, a \u00e9t\u00e9 interrompue \u00e0 la 77e minute suite au quatri\u00e8me carton rouge re\u00e7u par un joueur tricolore. Un fait rarissime dans le football qui a pouss\u00e9 l\u2019arbitre \u00e0 prononcer l\u2019arr\u00eat de la rencontre alors que les Polonais menaient au score (2-3).<\/p>\n\n\n\n<p>Lisandru Olmeta et Eliesse Ben Seghir, titulaires au coup d\u2019envoi, se sont au moins montr\u00e9s exemplaires au niveau du comportement. Tout le contraire de Darnell Bile, le joueur de Saint-\u00c9tienne, coupable d\u2019un coup de t\u00eate contre un joueur adverse et qui a pr\u00e9cipit\u00e9 la fin du match et donn\u00e9 lieu \u00e0 des \u00e9chauffour\u00e9es.<\/p>\n\n\n\n<p>Pour ce qui est du jeu, Olmeta a tent\u00e9 de retarder l\u2019\u00e9ch\u00e9ance autant que possible. Il a \u00e9t\u00e9 \u00e9limin\u00e9 en un contre un sur le premier but et a d\u00e9gag\u00e9 le ballon sur le deuxi\u00e8me depuis la ligne des six m\u00e8tres, mais le ballon a atterri sur la t\u00eate d\u2019un Polonais qui a pu marquer dans le but vide. Sur le troisi\u00e8me but, il a repouss\u00e9 une premi\u00e8re frappe mais la reprise de Kozlowski \u00e0 bout portant ne lui a laiss\u00e9 aucune chance.<\/p>\n\n\n\n<p>Eliesse Ben Seghir a \u00e9t\u00e9 d\u00e9cisif, passeur sur le deuxi\u00e8me but de la France. Il a \u00e9galement tent\u00e9 de beaux gestes, \u00e0 l\u2019image de son ciseau retourn\u00e9 en premi\u00e8re p\u00e9riode. Il a ensuite \u00e9t\u00e9 sorti \u00e0 la 62e minute par le s\u00e9lectionneur Bernard Diom\u00e8de.<\/p>\n","protected":false},"excerpt":{"rendered":"<p>C\u2019est une fin en eau de boudin pour les Bleuets. La rencontre entre l\u2019\u00c9quipe de France U18 et la Pologne, qui se disputaient la victoire finale du Tournoi international de Limoges, a \u00e9t\u00e9 interrompue \u00e0 la 77e minute suite au quatri\u00e8me carton rouge re\u00e7u par un joueur tricolore. Un fait rarissime dans le football qui [&#8230;]\n","protected":false},"author":2,"featured_media":0,"comment_status":"open","ping_status":"open","sticky":false,"template":"","format":"standard","meta":[],"categories":[6],"tags":[76,81,79,78,82,102],"yoast_head":"<!-- This site is optimized with the Yoast SEO plugin v19.8 - https:\/\/yoast.com\/wordpress\/plugins\/seo\/ -->\n<title>Le match de Ben Seghir et Olmeta n\u2019est pas all\u00e9 au bout - La Diagonale<\/title>\n<meta name=\"robots\" content=\"index, follow, max-snippet:-1, max-image-preview:large, max-video-preview:-1\" \/>\n<link rel=\"canonical\" href=\"https:\/\/www.ladiagonale.net\/index.php\/2022\/09\/25\/4598\/\" \/>\n<meta property=\"og:locale\" content=\"fr_FR\" \/>\n<meta property=\"og:type\" content=\"article\" \/>\n<meta property=\"og:title\" content=\"Le match de Ben Seghir et Olmeta n\u2019est pas all\u00e9 au bout - La Diagonale\" \/>\n<meta property=\"og:description\" content=\"C\u2019est une fin en eau de boudin pour les Bleuets. La rencontre entre l\u2019\u00c9quipe de France U18 et la Pologne, qui se disputaient la victoire finale du Tournoi international de Limoges, a \u00e9t\u00e9 interrompue \u00e0 la 77e minute suite au quatri\u00e8me carton rouge re\u00e7u par un joueur tricolore. Un fait rarissime dans le football qui [...]\" \/>\n<meta property=\"og:url\" content=\"https:\/\/www.ladiagonale.net\/index.php\/2022\/09\/25\/4598\/\" \/>\n<meta property=\"og:site_name\" content=\"La Diagonale\" \/>\n<meta property=\"article:published_time\" content=\"2022-09-25T16:12:00+00:00\" \/>\n<meta property=\"article:modified_time\" content=\"2022-09-26T08:41:12+00:00\" \/>\n<meta name=\"author\" content=\"Damien Dellerba\" \/>\n<meta name=\"twitter:card\" content=\"summary_large_image\" \/>\n<meta name=\"twitter:label1\" content=\"\u00c9crit par\" \/>\n\t<meta name=\"twitter:data1\" content=\"Damien Dellerba\" \/>\n\t<meta name=\"twitter:label2\" content=\"Dur\u00e9e de lecture estim\u00e9e\" \/>\n\t<meta name=\"twitter:data2\" content=\"1 minute\" \/>\n<script type=\"application\/ld+json\" class=\"yoast-schema-graph\">{\"@context\":\"https:\/\/schema.org\",\"@graph\":[{\"@type\":\"WebPage\",\"@id\":\"https:\/\/www.ladiagonale.net\/index.php\/2022\/09\/25\/4598\/\",\"url\":\"https:\/\/www.ladiagonale.net\/index.php\/2022\/09\/25\/4598\/\",\"name\":\"Le match de Ben Seghir et Olmeta n\u2019est pas all\u00e9 au bout - La Diagonale\",\"isPartOf\":{\"@id\":\"https:\/\/www.ladiagonale.net\/#website\"},\"datePublished\":\"2022-09-25T16:12:00+00:00\",\"dateModified\":\"2022-09-26T08:41:12+00:00\",\"author\":{\"@id\":\"https:\/\/www.ladiagonale.net\/#\/schema\/person\/79ff1e7b0853ed01b2aa26e64ad300bf\"},\"breadcrumb\":{\"@id\":\"https:\/\/www.ladiagonale.net\/index.php\/2022\/09\/25\/4598\/#breadcrumb\"},\"inLanguage\":\"fr-FR\",\"potentialAction\":[{\"@type\":\"ReadAction\",\"target\":[\"https:\/\/www.ladiagonale.net\/index.php\/2022\/09\/25\/4598\/\"]}]},{\"@type\":\"BreadcrumbList\",\"@id\":\"https:\/\/www.ladiagonale.net\/index.php\/2022\/09\/25\/4598\/#breadcrumb\",\"itemListElement\":[{\"@type\":\"ListItem\",\"position\":1,\"name\":\"Accueil\",\"item\":\"https:\/\/www.ladiagonale.net\/\"},{\"@type\":\"ListItem\",\"position\":2,\"name\":\"Le match de Ben Seghir et Olmeta n\u2019est pas all\u00e9 au bout\"}]},{\"@type\":\"WebSite\",\"@id\":\"https:\/\/www.ladiagonale.net\/#website\",\"url\":\"https:\/\/www.ladiagonale.net\/\",\"name\":\"La Diagonale\",\"description\":\"Le site des supporters de l&#039;AS Monaco FC\",\"potentialAction\":[{\"@type\":\"SearchAction\",\"target\":{\"@type\":\"EntryPoint\",\"urlTemplate\":\"https:\/\/www.ladiagonale.net\/?s={search_term_string}\"},\"query-input\":\"required name=search_term_string\"}],\"inLanguage\":\"fr-FR\"},{\"@type\":\"Person\",\"@id\":\"https:\/\/www.ladiagonale.net\/#\/schema\/person\/79ff1e7b0853ed01b2aa26e64ad300bf\",\"name\":\"Damien Dellerba\",\"image\":{\"@type\":\"ImageObject\",\"inLanguage\":\"fr-FR\",\"@id\":\"https:\/\/www.ladiagonale.net\/#\/schema\/person\/image\/\",\"url\":\"https:\/\/secure.gravatar.com\/avatar\/c7850e06d3ff63cdbaee88b7fc16e2f0?s=96&d=mm&r=g\",\"contentUrl\":\"https:\/\/secure.gravatar.com\/avatar\/c7850e06d3ff63cdbaee88b7fc16e2f0?s=96&d=mm&r=g\",\"caption\":\"Damien Dellerba\"},\"url\":\"https:\/\/www.ladiagonale.net\/index.php\/author\/damien\/\"}]}<\/script>\n<!-- \/ Yoast SEO plugin. -->","yoast_head_json":{"title":"Le match de Ben Seghir et Olmeta n\u2019est pas all\u00e9 au bout - La Diagonale","robots":{"index":"index","follow":"follow","max-snippet":"max-snippet:-1","max-image-preview":"max-image-preview:large","max-video-preview":"max-video-preview:-1"},"canonical":"https:\/\/www.ladiagonale.net\/index.php\/2022\/09\/25\/4598\/","og_locale":"fr_FR","og_type":"article","og_title":"Le match de Ben Seghir et Olmeta n\u2019est pas all\u00e9 au bout - La Diagonale","og_description":"C\u2019est une fin en eau de boudin pour les Bleuets. La rencontre entre l\u2019\u00c9quipe de France U18 et la Pologne, qui se disputaient la victoire finale du Tournoi international de Limoges, a \u00e9t\u00e9 interrompue \u00e0 la 77e minute suite au quatri\u00e8me carton rouge re\u00e7u par un joueur tricolore. Un fait rarissime dans le football qui [...]","og_url":"https:\/\/www.ladiagonale.net\/index.php\/2022\/09\/25\/4598\/","og_site_name":"La Diagonale","article_published_time":"2022-09-25T16:12:00+00:00","article_modified_time":"2022-09-26T08:41:12+00:00","author":"Damien Dellerba","twitter_card":"summary_large_image","twitter_misc":{"\u00c9crit par":"Damien Dellerba","Dur\u00e9e de lecture estim\u00e9e":"1 minute"},"schema":{"@context":"https:\/\/schema.org","@graph":[{"@type":"WebPage","@id":"https:\/\/www.ladiagonale.net\/index.php\/2022\/09\/25\/4598\/","url":"https:\/\/www.ladiagonale.net\/index.php\/2022\/09\/25\/4598\/","name":"Le match de Ben Seghir et Olmeta n\u2019est pas all\u00e9 au bout - La Diagonale","isPartOf":{"@id":"https:\/\/www.ladiagonale.net\/#website"},"datePublished":"2022-09-25T16:12:00+00:00","dateModified":"2022-09-26T08:41:12+00:00","author":{"@id":"https:\/\/www.ladiagonale.net\/#\/schema\/person\/79ff1e7b0853ed01b2aa26e64ad300bf"},"breadcrumb":{"@id":"https:\/\/www.ladiagonale.net\/index.php\/2022\/09\/25\/4598\/#breadcrumb"},"inLanguage":"fr-FR","potentialAction":[{"@type":"ReadAction","target":["https:\/\/www.ladiagonale.net\/index.php\/2022\/09\/25\/4598\/"]}]},{"@type":"BreadcrumbList","@id":"https:\/\/www.ladiagonale.net\/index.php\/2022\/09\/25\/4598\/#breadcrumb","itemListElement":[{"@type":"ListItem","position":1,"name":"Accueil","item":"https:\/\/www.ladiagonale.net\/"},{"@type":"ListItem","position":2,"name":"Le match de Ben Seghir et Olmeta n\u2019est pas all\u00e9 au bout"}]},{"@type":"WebSite","@id":"https:\/\/www.ladiagonale.net\/#website","url":"https:\/\/www.ladiagonale.net\/","name":"La Diagonale","description":"Le site des supporters de l&#039;AS Monaco FC","potentialAction":[{"@type":"SearchAction","target":{"@type":"EntryPoint","urlTemplate":"https:\/\/www.ladiagonale.net\/?s={search_term_string}"},"query-input":"required name=search_term_string"}],"inLanguage":"fr-FR"},{"@type":"Person","@id":"https:\/\/www.ladiagonale.net\/#\/schema\/person\/79ff1e7b0853ed01b2aa26e64ad300bf","name":"Damien Dellerba","image":{"@type":"ImageObject","inLanguage":"fr-FR","@id":"https:\/\/www.ladiagonale.net\/#\/schema\/person\/image\/","url":"https:\/\/secure.gravatar.com\/avatar\/c7850e06d3ff63cdbaee88b7fc16e2f0?s=96&d=mm&r=g","contentUrl":"https:\/\/secure.gravatar.com\/avatar\/c7850e06d3ff63cdbaee88b7fc16e2f0?s=96&d=mm&r=g","caption":"Damien Dellerba"},"url":"https:\/\/www.ladiagonale.net\/index.php\/author\/damien\/"}]}},"_links":{"self":[{"href":"https:\/\/www.ladiagonale.net\/index.php\/wp-json\/wp\/v2\/posts\/4598"}],"collection":[{"href":"https:\/\/www.ladiagonale.net\/index.php\/wp-json\/wp\/v2\/posts"}],"about":[{"href":"https:\/\/www.ladiagonale.net\/index.php\/wp-json\/wp\/v2\/types\/post"}],"author":[{"embeddable":true,"href":"https:\/\/www.ladiagonale.net\/index.php\/wp-json\/wp\/v2\/users\/2"}],"replies":[{"embeddable":true,"href":"https:\/\/www.ladiagonale.net\/index.php\/wp-json\/wp\/v2\/comments?post=4598"}],"version-history":[{"count":2,"href":"https:\/\/www.ladiagonale.net\/index.php\/wp-json\/wp\/v2\/posts\/4598\/revisions"}],"predecessor-version":[{"id":4602,"href":"https:\/\/www.ladiagonale.net\/index.php\/wp-json\/wp\/v2\/posts\/4598\/revisions\/4602"}],"wp:attachment":[{"href":"https:\/\/www.ladiagonale.net\/index.php\/wp-json\/wp\/v2\/media?parent=4598"}],"wp:term":[{"taxonomy":"category","embeddable":true,"href":"https:\/\/www.ladiagonale.net\/index.php\/wp-json\/wp\/v2\/categories?post=4598"},{"taxonomy":"post_tag","embeddable":true,"href":"https:\/\/www.ladiagonale.net\/index.php\/wp-json\/wp\/v2\/tags?post=4598"}],"curies":[{"name":"wp","href":"https:\/\/api.w.org\/{rel}","templated":true}]}}