{"id":4600,"date":"2022-09-25T18:29:00","date_gmt":"2022-09-25T16:29:00","guid":{"rendered":"https:\/\/www.ladiagonale.net\/?p=4600"},"modified":"2022-09-26T10:40:22","modified_gmt":"2022-09-26T08:40:22","slug":"les-u17-soffrent-le-derby-contre-nice","status":"publish","type":"post","link":"https:\/\/www.ladiagonale.net\/index.php\/2022\/09\/25\/les-u17-soffrent-le-derby-contre-nice\/","title":{"rendered":"Les U17 s\u2019offrent le derby contre Nice"},"content":{"rendered":"\n\n\n<p>Apr\u00e8s les U19, <a href=\"https:\/\/www.ladiagonale.net\/news-2107-le-gros-coup-des-u19-a-marseille\">brillants vainqueurs la veille face \u00e0 Marseille<\/a>, les U17 ont eux aussi remport\u00e9 un succ\u00e8s de prestige face \u00e0 l\u2019OGC Nice (4-3). Tincres, Camara, Dendani et Dodo sont les quatre buteurs du jour pour les Rouge et Blanc.<\/p>\n\n\n\n<p>La rencontre avait pourtant mal d\u00e9but\u00e9, puisque les hommes de Manu Dos Santos \u00e9taient men\u00e9s de deux buts au bout de 35 minutes de jeu. Tincres (39e) et Camara (43e) ont sonn\u00e9 la r\u00e9volte pour permettre \u00e0 l\u2019ASM de rentrer aux vestiaires sur un score de parit\u00e9 (2-2).<\/p>\n\n\n\n<p>Peu apr\u00e8s l\u2019heure de jeu, Nice a repris l\u2019avantage mais les As\u00e9mistes ont lutt\u00e9 jusqu\u2019au bout et ont \u00e9galis\u00e9 gr\u00e2ce \u00e0 Dendani (81e) avant de finalement prendre l\u2019avantage en toute fin de match avec une r\u00e9alisation de Dodo (90e).<\/p>\n\n\n\n<p>Au classement, les jeunes pousses as\u00e9mistes restent \u00e0 la deuxi\u00e8me place, avec 12 points, et continuent de talonner Saint-\u00c9tienne, qui compte un point d\u2019avance. La semaine prochaine, les Mon\u00e9gasques auront deux rencontres \u00e0 disputer. Face au Gaz\u00e9lec Ajaccio ce mercredi, pour le compte de la 7e journ\u00e9e, puis samedi contre le troisi\u00e8me, Castelnau-Le Cr\u00e8s, \u00e0 l\u2019occasion de la 6e journ\u00e9e.<\/p>\n\n\n\n<p><strong>Composition :<\/strong> Schulz &#8211; Moumen (Carvalho, 52e), Coudour, Mokabakila, Camara &#8211; Cabral, Diagana, Silvente &#8211; Tincres (Dodo, 62e), L. Sylla (Moulangou, 74e), Dendani.<\/p>\n","protected":false},"excerpt":{"rendered":"<p>Apr\u00e8s les U19, brillants vainqueurs la veille face \u00e0 Marseille, les U17 ont eux aussi remport\u00e9 un succ\u00e8s de prestige face \u00e0 l\u2019OGC Nice (4-3). Tincres, Camara, Dendani et Dodo sont les quatre buteurs du jour pour les Rouge et Blanc. La rencontre avait pourtant mal d\u00e9but\u00e9, puisque les hommes de Manu Dos Santos \u00e9taient [&#8230;]\n","protected":false},"author":2,"featured_media":0,"comment_status":"open","ping_status":"open","sticky":false,"template":"","format":"standard","meta":[],"categories":[6],"tags":[76,104,132,133,131,130],"yoast_head":"<!-- This site is optimized with the Yoast SEO plugin v19.8 - https:\/\/yoast.com\/wordpress\/plugins\/seo\/ -->\n<title>Les U17 s\u2019offrent le derby contre Nice - La Diagonale<\/title>\n<meta name=\"robots\" content=\"index, follow, max-snippet:-1, max-image-preview:large, max-video-preview:-1\" \/>\n<link rel=\"canonical\" href=\"https:\/\/www.ladiagonale.net\/index.php\/2022\/09\/25\/les-u17-soffrent-le-derby-contre-nice\/\" \/>\n<meta property=\"og:locale\" content=\"fr_FR\" \/>\n<meta property=\"og:type\" content=\"article\" \/>\n<meta property=\"og:title\" content=\"Les U17 s\u2019offrent le derby contre Nice - La Diagonale\" \/>\n<meta property=\"og:description\" content=\"Apr\u00e8s les U19, brillants vainqueurs la veille face \u00e0 Marseille, les U17 ont eux aussi remport\u00e9 un succ\u00e8s de prestige face \u00e0 l\u2019OGC Nice (4-3). Tincres, Camara, Dendani et Dodo sont les quatre buteurs du jour pour les Rouge et Blanc. La rencontre avait pourtant mal d\u00e9but\u00e9, puisque les hommes de Manu Dos Santos \u00e9taient [...]\" \/>\n<meta property=\"og:url\" content=\"https:\/\/www.ladiagonale.net\/index.php\/2022\/09\/25\/les-u17-soffrent-le-derby-contre-nice\/\" \/>\n<meta property=\"og:site_name\" content=\"La Diagonale\" \/>\n<meta property=\"article:published_time\" content=\"2022-09-25T16:29:00+00:00\" \/>\n<meta property=\"article:modified_time\" content=\"2022-09-26T08:40:22+00:00\" \/>\n<meta name=\"author\" content=\"Damien Dellerba\" \/>\n<meta name=\"twitter:card\" content=\"summary_large_image\" \/>\n<meta name=\"twitter:label1\" content=\"\u00c9crit par\" \/>\n\t<meta name=\"twitter:data1\" content=\"Damien Dellerba\" \/>\n\t<meta name=\"twitter:label2\" content=\"Dur\u00e9e de lecture estim\u00e9e\" \/>\n\t<meta name=\"twitter:data2\" content=\"1 minute\" \/>\n<script type=\"application\/ld+json\" class=\"yoast-schema-graph\">{\"@context\":\"https:\/\/schema.org\",\"@graph\":[{\"@type\":\"WebPage\",\"@id\":\"https:\/\/www.ladiagonale.net\/index.php\/2022\/09\/25\/les-u17-soffrent-le-derby-contre-nice\/\",\"url\":\"https:\/\/www.ladiagonale.net\/index.php\/2022\/09\/25\/les-u17-soffrent-le-derby-contre-nice\/\",\"name\":\"Les U17 s\u2019offrent le derby contre Nice - La Diagonale\",\"isPartOf\":{\"@id\":\"https:\/\/www.ladiagonale.net\/#website\"},\"datePublished\":\"2022-09-25T16:29:00+00:00\",\"dateModified\":\"2022-09-26T08:40:22+00:00\",\"author\":{\"@id\":\"https:\/\/www.ladiagonale.net\/#\/schema\/person\/79ff1e7b0853ed01b2aa26e64ad300bf\"},\"breadcrumb\":{\"@id\":\"https:\/\/www.ladiagonale.net\/index.php\/2022\/09\/25\/les-u17-soffrent-le-derby-contre-nice\/#breadcrumb\"},\"inLanguage\":\"fr-FR\",\"potentialAction\":[{\"@type\":\"ReadAction\",\"target\":[\"https:\/\/www.ladiagonale.net\/index.php\/2022\/09\/25\/les-u17-soffrent-le-derby-contre-nice\/\"]}]},{\"@type\":\"BreadcrumbList\",\"@id\":\"https:\/\/www.ladiagonale.net\/index.php\/2022\/09\/25\/les-u17-soffrent-le-derby-contre-nice\/#breadcrumb\",\"itemListElement\":[{\"@type\":\"ListItem\",\"position\":1,\"name\":\"Accueil\",\"item\":\"https:\/\/www.ladiagonale.net\/\"},{\"@type\":\"ListItem\",\"position\":2,\"name\":\"Les U17 s\u2019offrent le derby contre Nice\"}]},{\"@type\":\"WebSite\",\"@id\":\"https:\/\/www.ladiagonale.net\/#website\",\"url\":\"https:\/\/www.ladiagonale.net\/\",\"name\":\"La Diagonale\",\"description\":\"Le site des supporters de l&#039;AS Monaco FC\",\"potentialAction\":[{\"@type\":\"SearchAction\",\"target\":{\"@type\":\"EntryPoint\",\"urlTemplate\":\"https:\/\/www.ladiagonale.net\/?s={search_term_string}\"},\"query-input\":\"required name=search_term_string\"}],\"inLanguage\":\"fr-FR\"},{\"@type\":\"Person\",\"@id\":\"https:\/\/www.ladiagonale.net\/#\/schema\/person\/79ff1e7b0853ed01b2aa26e64ad300bf\",\"name\":\"Damien Dellerba\",\"image\":{\"@type\":\"ImageObject\",\"inLanguage\":\"fr-FR\",\"@id\":\"https:\/\/www.ladiagonale.net\/#\/schema\/person\/image\/\",\"url\":\"https:\/\/secure.gravatar.com\/avatar\/c7850e06d3ff63cdbaee88b7fc16e2f0?s=96&d=mm&r=g\",\"contentUrl\":\"https:\/\/secure.gravatar.com\/avatar\/c7850e06d3ff63cdbaee88b7fc16e2f0?s=96&d=mm&r=g\",\"caption\":\"Damien Dellerba\"},\"url\":\"https:\/\/www.ladiagonale.net\/index.php\/author\/damien\/\"}]}<\/script>\n<!-- \/ Yoast SEO plugin. -->","yoast_head_json":{"title":"Les U17 s\u2019offrent le derby contre Nice - La Diagonale","robots":{"index":"index","follow":"follow","max-snippet":"max-snippet:-1","max-image-preview":"max-image-preview:large","max-video-preview":"max-video-preview:-1"},"canonical":"https:\/\/www.ladiagonale.net\/index.php\/2022\/09\/25\/les-u17-soffrent-le-derby-contre-nice\/","og_locale":"fr_FR","og_type":"article","og_title":"Les U17 s\u2019offrent le derby contre Nice - La Diagonale","og_description":"Apr\u00e8s les U19, brillants vainqueurs la veille face \u00e0 Marseille, les U17 ont eux aussi remport\u00e9 un succ\u00e8s de prestige face \u00e0 l\u2019OGC Nice (4-3). Tincres, Camara, Dendani et Dodo sont les quatre buteurs du jour pour les Rouge et Blanc. La rencontre avait pourtant mal d\u00e9but\u00e9, puisque les hommes de Manu Dos Santos \u00e9taient [...]","og_url":"https:\/\/www.ladiagonale.net\/index.php\/2022\/09\/25\/les-u17-soffrent-le-derby-contre-nice\/","og_site_name":"La Diagonale","article_published_time":"2022-09-25T16:29:00+00:00","article_modified_time":"2022-09-26T08:40:22+00:00","author":"Damien Dellerba","twitter_card":"summary_large_image","twitter_misc":{"\u00c9crit par":"Damien Dellerba","Dur\u00e9e de lecture estim\u00e9e":"1 minute"},"schema":{"@context":"https:\/\/schema.org","@graph":[{"@type":"WebPage","@id":"https:\/\/www.ladiagonale.net\/index.php\/2022\/09\/25\/les-u17-soffrent-le-derby-contre-nice\/","url":"https:\/\/www.ladiagonale.net\/index.php\/2022\/09\/25\/les-u17-soffrent-le-derby-contre-nice\/","name":"Les U17 s\u2019offrent le derby contre Nice - La Diagonale","isPartOf":{"@id":"https:\/\/www.ladiagonale.net\/#website"},"datePublished":"2022-09-25T16:29:00+00:00","dateModified":"2022-09-26T08:40:22+00:00","author":{"@id":"https:\/\/www.ladiagonale.net\/#\/schema\/person\/79ff1e7b0853ed01b2aa26e64ad300bf"},"breadcrumb":{"@id":"https:\/\/www.ladiagonale.net\/index.php\/2022\/09\/25\/les-u17-soffrent-le-derby-contre-nice\/#breadcrumb"},"inLanguage":"fr-FR","potentialAction":[{"@type":"ReadAction","target":["https:\/\/www.ladiagonale.net\/index.php\/2022\/09\/25\/les-u17-soffrent-le-derby-contre-nice\/"]}]},{"@type":"BreadcrumbList","@id":"https:\/\/www.ladiagonale.net\/index.php\/2022\/09\/25\/les-u17-soffrent-le-derby-contre-nice\/#breadcrumb","itemListElement":[{"@type":"ListItem","position":1,"name":"Accueil","item":"https:\/\/www.ladiagonale.net\/"},{"@type":"ListItem","position":2,"name":"Les U17 s\u2019offrent le derby contre Nice"}]},{"@type":"WebSite","@id":"https:\/\/www.ladiagonale.net\/#website","url":"https:\/\/www.ladiagonale.net\/","name":"La Diagonale","description":"Le site des supporters de l&#039;AS Monaco FC","potentialAction":[{"@type":"SearchAction","target":{"@type":"EntryPoint","urlTemplate":"https:\/\/www.ladiagonale.net\/?s={search_term_string}"},"query-input":"required name=search_term_string"}],"inLanguage":"fr-FR"},{"@type":"Person","@id":"https:\/\/www.ladiagonale.net\/#\/schema\/person\/79ff1e7b0853ed01b2aa26e64ad300bf","name":"Damien Dellerba","image":{"@type":"ImageObject","inLanguage":"fr-FR","@id":"https:\/\/www.ladiagonale.net\/#\/schema\/person\/image\/","url":"https:\/\/secure.gravatar.com\/avatar\/c7850e06d3ff63cdbaee88b7fc16e2f0?s=96&d=mm&r=g","contentUrl":"https:\/\/secure.gravatar.com\/avatar\/c7850e06d3ff63cdbaee88b7fc16e2f0?s=96&d=mm&r=g","caption":"Damien Dellerba"},"url":"https:\/\/www.ladiagonale.net\/index.php\/author\/damien\/"}]}},"_links":{"self":[{"href":"https:\/\/www.ladiagonale.net\/index.php\/wp-json\/wp\/v2\/posts\/4600"}],"collection":[{"href":"https:\/\/www.ladiagonale.net\/index.php\/wp-json\/wp\/v2\/posts"}],"about":[{"href":"https:\/\/www.ladiagonale.net\/index.php\/wp-json\/wp\/v2\/types\/post"}],"author":[{"embeddable":true,"href":"https:\/\/www.ladiagonale.net\/index.php\/wp-json\/wp\/v2\/users\/2"}],"replies":[{"embeddable":true,"href":"https:\/\/www.ladiagonale.net\/index.php\/wp-json\/wp\/v2\/comments?post=4600"}],"version-history":[{"count":1,"href":"https:\/\/www.ladiagonale.net\/index.php\/wp-json\/wp\/v2\/posts\/4600\/revisions"}],"predecessor-version":[{"id":4601,"href":"https:\/\/www.ladiagonale.net\/index.php\/wp-json\/wp\/v2\/posts\/4600\/revisions\/4601"}],"wp:attachment":[{"href":"https:\/\/www.ladiagonale.net\/index.php\/wp-json\/wp\/v2\/media?parent=4600"}],"wp:term":[{"taxonomy":"category","embeddable":true,"href":"https:\/\/www.ladiagonale.net\/index.php\/wp-json\/wp\/v2\/categories?post=4600"},{"taxonomy":"post_tag","embeddable":true,"href":"https:\/\/www.ladiagonale.net\/index.php\/wp-json\/wp\/v2\/tags?post=4600"}],"curies":[{"name":"wp","href":"https:\/\/api.w.org\/{rel}","templated":true}]}}