{"id":4603,"date":"2022-09-25T18:41:00","date_gmt":"2022-09-25T16:41:00","guid":{"rendered":"https:\/\/www.ladiagonale.net\/?p=4603"},"modified":"2022-09-26T10:42:15","modified_gmt":"2022-09-26T08:42:15","slug":"badiashile-je-ne-veux-pas-aller-plus-vite","status":"publish","type":"post","link":"https:\/\/www.ladiagonale.net\/index.php\/2022\/09\/25\/badiashile-je-ne-veux-pas-aller-plus-vite\/","title":{"rendered":"Badiashile : \u00ab\u00a0Je ne veux pas aller plus vite\u00a0\u00bb"},"content":{"rendered":"\n\n\n<p><em>L\u2019\u00c9quipe<\/em> a consacr\u00e9 une page \u00e0 Beno\u00eet Badiashile, qui pourrait \u00eatre de nouveau titularis\u00e9 ce dimanche par Didier Deschamps, \u00e0 l\u2019occasion de la rencontre face au Danemark. Le d\u00e9fenseur central, qui a longtemps \u00e9t\u00e9 cit\u00e9 comme un joueur sur le d\u00e9part lors du mercato, a reconnu qu\u2019il avait pr\u00e9f\u00e9r\u00e9 faire les choses dans le bon ordre : \u00ab&nbsp;<em>\u00catre humble et respectueux ne veut pas dire ne pas \u00eatre ambitieux<\/em>&nbsp;\u00bb, a-t-il confi\u00e9.<\/p>\n\n\n\n<p>Par rapport au respect qu\u2019il porte \u00e0 l\u2019AS Monaco, son club formateur, ainsi que sa volont\u00e9 de progresser \u00e9tape par \u00e9tape, Badiashile estime que les choses arriveront quand elle doivent arriver : \u00ab&nbsp;<em>Je sais \u00eatre patient. Je suis dans un grand club, je joue et je ne veux pas aller plus vite. Si les choses doivent se faire, elles se feront, comme pour la Coupe du monde. Il ne faut pas se mettre la pression avec un d\u00e9part. (\u2026) Si j&rsquo;\u00e9tais parti plus t\u00f4t, est-ce que j&rsquo;aurais pu travailler aussi bien que \u00e7a ces derniers mois&nbsp;?<\/em>&nbsp;\u00bb<\/p>\n\n\n\n<p>\u00c0 l\u2019instar de son <a href=\"https:\/\/www.ladiagonale.net\/news-2106-disasi-confirme-les-contacts-avec-le-psg\">comp\u00e8re en d\u00e9fense<\/a>, Axel Disasi, Badiashile s\u2019affirme de plus en plus sur et en dehors du terrain :&nbsp;\u00ab&nbsp;<em>Quand j&rsquo;ai commenc\u00e9 en professionnel avec Monaco, j&rsquo;\u00e9tais tr\u00e8s discret. Peut-\u00eatre trop. On avait un vestiaire avec de tr\u00e8s grands joueurs, mais je pense que j&rsquo;aurais pu montrer plus de personnalit\u00e9 d\u00e8s le d\u00e9but. C&rsquo;est tr\u00e8s important d&rsquo;en avoir \u00e0 mon poste. Ma progression aurait \u00e9t\u00e9 plus rapide. Parce qu&rsquo;au-del\u00e0 des prises de parole, je pensais trop sur le terrain, donc je faisais des erreurs. \u00catre un patron permet de rester tout le temps dans le match et d&rsquo;\u00eatre plus concentr\u00e9.<\/em>&nbsp;\u00bb<\/p>\n","protected":false},"excerpt":{"rendered":"<p>L\u2019\u00c9quipe a consacr\u00e9 une page \u00e0 Beno\u00eet Badiashile, qui pourrait \u00eatre de nouveau titularis\u00e9 ce dimanche par Didier Deschamps, \u00e0 l\u2019occasion de la rencontre face au Danemark. Le d\u00e9fenseur central, qui a longtemps \u00e9t\u00e9 cit\u00e9 comme un joueur sur le d\u00e9part lors du mercato, a reconnu qu\u2019il avait pr\u00e9f\u00e9r\u00e9 faire les choses dans le bon [&#8230;]\n","protected":false},"author":2,"featured_media":0,"comment_status":"open","ping_status":"open","sticky":false,"template":"","format":"standard","meta":[],"categories":[6],"tags":[84,83,116],"yoast_head":"<!-- This site is optimized with the Yoast SEO plugin v19.8 - https:\/\/yoast.com\/wordpress\/plugins\/seo\/ -->\n<title>Badiashile : \u00ab\u00a0Je ne veux pas aller plus vite\u00a0\u00bb - La Diagonale<\/title>\n<meta name=\"robots\" content=\"index, follow, max-snippet:-1, max-image-preview:large, max-video-preview:-1\" \/>\n<link rel=\"canonical\" href=\"https:\/\/www.ladiagonale.net\/index.php\/2022\/09\/25\/badiashile-je-ne-veux-pas-aller-plus-vite\/\" \/>\n<meta property=\"og:locale\" content=\"fr_FR\" \/>\n<meta property=\"og:type\" content=\"article\" \/>\n<meta property=\"og:title\" content=\"Badiashile : \u00ab\u00a0Je ne veux pas aller plus vite\u00a0\u00bb - La Diagonale\" \/>\n<meta property=\"og:description\" content=\"L\u2019\u00c9quipe a consacr\u00e9 une page \u00e0 Beno\u00eet Badiashile, qui pourrait \u00eatre de nouveau titularis\u00e9 ce dimanche par Didier Deschamps, \u00e0 l\u2019occasion de la rencontre face au Danemark. Le d\u00e9fenseur central, qui a longtemps \u00e9t\u00e9 cit\u00e9 comme un joueur sur le d\u00e9part lors du mercato, a reconnu qu\u2019il avait pr\u00e9f\u00e9r\u00e9 faire les choses dans le bon [...]\" \/>\n<meta property=\"og:url\" content=\"https:\/\/www.ladiagonale.net\/index.php\/2022\/09\/25\/badiashile-je-ne-veux-pas-aller-plus-vite\/\" \/>\n<meta property=\"og:site_name\" content=\"La Diagonale\" \/>\n<meta property=\"article:published_time\" content=\"2022-09-25T16:41:00+00:00\" \/>\n<meta property=\"article:modified_time\" content=\"2022-09-26T08:42:15+00:00\" \/>\n<meta name=\"author\" content=\"Damien Dellerba\" \/>\n<meta name=\"twitter:card\" content=\"summary_large_image\" \/>\n<meta name=\"twitter:label1\" content=\"\u00c9crit par\" \/>\n\t<meta name=\"twitter:data1\" content=\"Damien Dellerba\" \/>\n\t<meta name=\"twitter:label2\" content=\"Dur\u00e9e de lecture estim\u00e9e\" \/>\n\t<meta name=\"twitter:data2\" content=\"1 minute\" \/>\n<script type=\"application\/ld+json\" class=\"yoast-schema-graph\">{\"@context\":\"https:\/\/schema.org\",\"@graph\":[{\"@type\":\"WebPage\",\"@id\":\"https:\/\/www.ladiagonale.net\/index.php\/2022\/09\/25\/badiashile-je-ne-veux-pas-aller-plus-vite\/\",\"url\":\"https:\/\/www.ladiagonale.net\/index.php\/2022\/09\/25\/badiashile-je-ne-veux-pas-aller-plus-vite\/\",\"name\":\"Badiashile : \u00ab\u00a0Je ne veux pas aller plus vite\u00a0\u00bb - La Diagonale\",\"isPartOf\":{\"@id\":\"https:\/\/www.ladiagonale.net\/#website\"},\"datePublished\":\"2022-09-25T16:41:00+00:00\",\"dateModified\":\"2022-09-26T08:42:15+00:00\",\"author\":{\"@id\":\"https:\/\/www.ladiagonale.net\/#\/schema\/person\/79ff1e7b0853ed01b2aa26e64ad300bf\"},\"breadcrumb\":{\"@id\":\"https:\/\/www.ladiagonale.net\/index.php\/2022\/09\/25\/badiashile-je-ne-veux-pas-aller-plus-vite\/#breadcrumb\"},\"inLanguage\":\"fr-FR\",\"potentialAction\":[{\"@type\":\"ReadAction\",\"target\":[\"https:\/\/www.ladiagonale.net\/index.php\/2022\/09\/25\/badiashile-je-ne-veux-pas-aller-plus-vite\/\"]}]},{\"@type\":\"BreadcrumbList\",\"@id\":\"https:\/\/www.ladiagonale.net\/index.php\/2022\/09\/25\/badiashile-je-ne-veux-pas-aller-plus-vite\/#breadcrumb\",\"itemListElement\":[{\"@type\":\"ListItem\",\"position\":1,\"name\":\"Accueil\",\"item\":\"https:\/\/www.ladiagonale.net\/\"},{\"@type\":\"ListItem\",\"position\":2,\"name\":\"Badiashile : \u00ab\u00a0Je ne veux pas aller plus vite\u00a0\u00bb\"}]},{\"@type\":\"WebSite\",\"@id\":\"https:\/\/www.ladiagonale.net\/#website\",\"url\":\"https:\/\/www.ladiagonale.net\/\",\"name\":\"La Diagonale\",\"description\":\"Le site des supporters de l&#039;AS Monaco FC\",\"potentialAction\":[{\"@type\":\"SearchAction\",\"target\":{\"@type\":\"EntryPoint\",\"urlTemplate\":\"https:\/\/www.ladiagonale.net\/?s={search_term_string}\"},\"query-input\":\"required name=search_term_string\"}],\"inLanguage\":\"fr-FR\"},{\"@type\":\"Person\",\"@id\":\"https:\/\/www.ladiagonale.net\/#\/schema\/person\/79ff1e7b0853ed01b2aa26e64ad300bf\",\"name\":\"Damien Dellerba\",\"image\":{\"@type\":\"ImageObject\",\"inLanguage\":\"fr-FR\",\"@id\":\"https:\/\/www.ladiagonale.net\/#\/schema\/person\/image\/\",\"url\":\"https:\/\/secure.gravatar.com\/avatar\/c7850e06d3ff63cdbaee88b7fc16e2f0?s=96&d=mm&r=g\",\"contentUrl\":\"https:\/\/secure.gravatar.com\/avatar\/c7850e06d3ff63cdbaee88b7fc16e2f0?s=96&d=mm&r=g\",\"caption\":\"Damien Dellerba\"},\"url\":\"https:\/\/www.ladiagonale.net\/index.php\/author\/damien\/\"}]}<\/script>\n<!-- \/ Yoast SEO plugin. -->","yoast_head_json":{"title":"Badiashile : \u00ab\u00a0Je ne veux pas aller plus vite\u00a0\u00bb - La Diagonale","robots":{"index":"index","follow":"follow","max-snippet":"max-snippet:-1","max-image-preview":"max-image-preview:large","max-video-preview":"max-video-preview:-1"},"canonical":"https:\/\/www.ladiagonale.net\/index.php\/2022\/09\/25\/badiashile-je-ne-veux-pas-aller-plus-vite\/","og_locale":"fr_FR","og_type":"article","og_title":"Badiashile : \u00ab\u00a0Je ne veux pas aller plus vite\u00a0\u00bb - La Diagonale","og_description":"L\u2019\u00c9quipe a consacr\u00e9 une page \u00e0 Beno\u00eet Badiashile, qui pourrait \u00eatre de nouveau titularis\u00e9 ce dimanche par Didier Deschamps, \u00e0 l\u2019occasion de la rencontre face au Danemark. Le d\u00e9fenseur central, qui a longtemps \u00e9t\u00e9 cit\u00e9 comme un joueur sur le d\u00e9part lors du mercato, a reconnu qu\u2019il avait pr\u00e9f\u00e9r\u00e9 faire les choses dans le bon [...]","og_url":"https:\/\/www.ladiagonale.net\/index.php\/2022\/09\/25\/badiashile-je-ne-veux-pas-aller-plus-vite\/","og_site_name":"La Diagonale","article_published_time":"2022-09-25T16:41:00+00:00","article_modified_time":"2022-09-26T08:42:15+00:00","author":"Damien Dellerba","twitter_card":"summary_large_image","twitter_misc":{"\u00c9crit par":"Damien Dellerba","Dur\u00e9e de lecture estim\u00e9e":"1 minute"},"schema":{"@context":"https:\/\/schema.org","@graph":[{"@type":"WebPage","@id":"https:\/\/www.ladiagonale.net\/index.php\/2022\/09\/25\/badiashile-je-ne-veux-pas-aller-plus-vite\/","url":"https:\/\/www.ladiagonale.net\/index.php\/2022\/09\/25\/badiashile-je-ne-veux-pas-aller-plus-vite\/","name":"Badiashile : \u00ab\u00a0Je ne veux pas aller plus vite\u00a0\u00bb - La Diagonale","isPartOf":{"@id":"https:\/\/www.ladiagonale.net\/#website"},"datePublished":"2022-09-25T16:41:00+00:00","dateModified":"2022-09-26T08:42:15+00:00","author":{"@id":"https:\/\/www.ladiagonale.net\/#\/schema\/person\/79ff1e7b0853ed01b2aa26e64ad300bf"},"breadcrumb":{"@id":"https:\/\/www.ladiagonale.net\/index.php\/2022\/09\/25\/badiashile-je-ne-veux-pas-aller-plus-vite\/#breadcrumb"},"inLanguage":"fr-FR","potentialAction":[{"@type":"ReadAction","target":["https:\/\/www.ladiagonale.net\/index.php\/2022\/09\/25\/badiashile-je-ne-veux-pas-aller-plus-vite\/"]}]},{"@type":"BreadcrumbList","@id":"https:\/\/www.ladiagonale.net\/index.php\/2022\/09\/25\/badiashile-je-ne-veux-pas-aller-plus-vite\/#breadcrumb","itemListElement":[{"@type":"ListItem","position":1,"name":"Accueil","item":"https:\/\/www.ladiagonale.net\/"},{"@type":"ListItem","position":2,"name":"Badiashile : \u00ab\u00a0Je ne veux pas aller plus vite\u00a0\u00bb"}]},{"@type":"WebSite","@id":"https:\/\/www.ladiagonale.net\/#website","url":"https:\/\/www.ladiagonale.net\/","name":"La Diagonale","description":"Le site des supporters de l&#039;AS Monaco FC","potentialAction":[{"@type":"SearchAction","target":{"@type":"EntryPoint","urlTemplate":"https:\/\/www.ladiagonale.net\/?s={search_term_string}"},"query-input":"required name=search_term_string"}],"inLanguage":"fr-FR"},{"@type":"Person","@id":"https:\/\/www.ladiagonale.net\/#\/schema\/person\/79ff1e7b0853ed01b2aa26e64ad300bf","name":"Damien Dellerba","image":{"@type":"ImageObject","inLanguage":"fr-FR","@id":"https:\/\/www.ladiagonale.net\/#\/schema\/person\/image\/","url":"https:\/\/secure.gravatar.com\/avatar\/c7850e06d3ff63cdbaee88b7fc16e2f0?s=96&d=mm&r=g","contentUrl":"https:\/\/secure.gravatar.com\/avatar\/c7850e06d3ff63cdbaee88b7fc16e2f0?s=96&d=mm&r=g","caption":"Damien Dellerba"},"url":"https:\/\/www.ladiagonale.net\/index.php\/author\/damien\/"}]}},"_links":{"self":[{"href":"https:\/\/www.ladiagonale.net\/index.php\/wp-json\/wp\/v2\/posts\/4603"}],"collection":[{"href":"https:\/\/www.ladiagonale.net\/index.php\/wp-json\/wp\/v2\/posts"}],"about":[{"href":"https:\/\/www.ladiagonale.net\/index.php\/wp-json\/wp\/v2\/types\/post"}],"author":[{"embeddable":true,"href":"https:\/\/www.ladiagonale.net\/index.php\/wp-json\/wp\/v2\/users\/2"}],"replies":[{"embeddable":true,"href":"https:\/\/www.ladiagonale.net\/index.php\/wp-json\/wp\/v2\/comments?post=4603"}],"version-history":[{"count":1,"href":"https:\/\/www.ladiagonale.net\/index.php\/wp-json\/wp\/v2\/posts\/4603\/revisions"}],"predecessor-version":[{"id":4604,"href":"https:\/\/www.ladiagonale.net\/index.php\/wp-json\/wp\/v2\/posts\/4603\/revisions\/4604"}],"wp:attachment":[{"href":"https:\/\/www.ladiagonale.net\/index.php\/wp-json\/wp\/v2\/media?parent=4603"}],"wp:term":[{"taxonomy":"category","embeddable":true,"href":"https:\/\/www.ladiagonale.net\/index.php\/wp-json\/wp\/v2\/categories?post=4603"},{"taxonomy":"post_tag","embeddable":true,"href":"https:\/\/www.ladiagonale.net\/index.php\/wp-json\/wp\/v2\/tags?post=4603"}],"curies":[{"name":"wp","href":"https:\/\/api.w.org\/{rel}","templated":true}]}}