{"id":4605,"date":"2022-09-26T01:39:00","date_gmt":"2022-09-25T23:39:00","guid":{"rendered":"https:\/\/www.ladiagonale.net\/?p=4605"},"modified":"2022-09-26T10:43:35","modified_gmt":"2022-09-26T08:43:35","slug":"la-france-sincline-malgre-badiashile-et-fofana","status":"publish","type":"post","link":"https:\/\/www.ladiagonale.net\/index.php\/2022\/09\/26\/la-france-sincline-malgre-badiashile-et-fofana\/","title":{"rendered":"La France s\u2019incline malgr\u00e9 Badiashile et Fofana"},"content":{"rendered":"\n\n\n<p>Face au Danemark, l&rsquo;\u00c9quipe de France a conc\u00e9d\u00e9 un nouveau revers (2-0), le troisi\u00e8me sur les six matchs de poule qu&rsquo;elle a disput\u00e9s. Beno\u00eet Badiashile \u00e9tait titulaire pour cette rencontre et s&rsquo;est r\u00e9v\u00e9l\u00e9 comme l&rsquo;un des meilleurs Bleus de cette rencontre. Pr\u00e9sent dans les duels, il n&rsquo;a pas \u00e9t\u00e9 mis en difficult\u00e9 comme ses comp\u00e8res de la d\u00e9fense, m\u00eame s&rsquo;il n&rsquo;a pas impressionn\u00e9 comme lors de sa premi\u00e8re s\u00e9lection jeudi, face \u00e0 l&rsquo;Autriche.<\/p>\n\n\n\n<p>Youssouf Fofana est rentr\u00e9 \u00e0 la mi-temps, pour remplacer Eduardo Camavinga, auteur d&rsquo;une mi-temps m\u00e9diocre. Le milieu de terrain de l&rsquo;AS Monaco s&rsquo;est lui aussi montr\u00e9 en dessous de sa performance de jeudi contre l&rsquo;Autriche, m\u00eame s&rsquo;il a montr\u00e9 de la g\u00e9n\u00e9rosit\u00e9 et a tent\u00e9 de lancer quelques offensives.<\/p>\n\n\n\n<p>Cette d\u00e9faite de l&rsquo;\u00c9quipe de France n&rsquo;a pas d&rsquo;impact sur la place des tricolores dans cette Ligue des nations, puisque l&rsquo;Autriche a \u00e9galement perdu contre la Croatie (1-3). Les Bleus ach\u00e8vent donc leur phase de poules \u00e0 la troisi\u00e8me place et \u00e9vitent une rel\u00e9gation peu glorieuse. M\u00eame si, \u00e0 deux mois de la Coupe du monde, les inqui\u00e9tudes sont bien pr\u00e9sentes.<\/p>\n","protected":false},"excerpt":{"rendered":"<p>Face au Danemark, l&rsquo;\u00c9quipe de France a conc\u00e9d\u00e9 un nouveau revers (2-0), le troisi\u00e8me sur les six matchs de poule qu&rsquo;elle a disput\u00e9s. Beno\u00eet Badiashile \u00e9tait titulaire pour cette rencontre et s&rsquo;est r\u00e9v\u00e9l\u00e9 comme l&rsquo;un des meilleurs Bleus de cette rencontre. Pr\u00e9sent dans les duels, il n&rsquo;a pas \u00e9t\u00e9 mis en difficult\u00e9 comme ses comp\u00e8res [&#8230;]\n","protected":false},"author":2,"featured_media":0,"comment_status":"open","ping_status":"open","sticky":false,"template":"","format":"standard","meta":[],"categories":[6],"tags":[84,85,83,116],"yoast_head":"<!-- This site is optimized with the Yoast SEO plugin v19.8 - https:\/\/yoast.com\/wordpress\/plugins\/seo\/ -->\n<title>La France s\u2019incline malgr\u00e9 Badiashile et Fofana - La Diagonale<\/title>\n<meta name=\"robots\" content=\"index, follow, max-snippet:-1, max-image-preview:large, max-video-preview:-1\" \/>\n<link rel=\"canonical\" href=\"https:\/\/www.ladiagonale.net\/index.php\/2022\/09\/26\/la-france-sincline-malgre-badiashile-et-fofana\/\" \/>\n<meta property=\"og:locale\" content=\"fr_FR\" \/>\n<meta property=\"og:type\" content=\"article\" \/>\n<meta property=\"og:title\" content=\"La France s\u2019incline malgr\u00e9 Badiashile et Fofana - La Diagonale\" \/>\n<meta property=\"og:description\" content=\"Face au Danemark, l&rsquo;\u00c9quipe de France a conc\u00e9d\u00e9 un nouveau revers (2-0), le troisi\u00e8me sur les six matchs de poule qu&rsquo;elle a disput\u00e9s. Beno\u00eet Badiashile \u00e9tait titulaire pour cette rencontre et s&rsquo;est r\u00e9v\u00e9l\u00e9 comme l&rsquo;un des meilleurs Bleus de cette rencontre. Pr\u00e9sent dans les duels, il n&rsquo;a pas \u00e9t\u00e9 mis en difficult\u00e9 comme ses comp\u00e8res [...]\" \/>\n<meta property=\"og:url\" content=\"https:\/\/www.ladiagonale.net\/index.php\/2022\/09\/26\/la-france-sincline-malgre-badiashile-et-fofana\/\" \/>\n<meta property=\"og:site_name\" content=\"La Diagonale\" \/>\n<meta property=\"article:published_time\" content=\"2022-09-25T23:39:00+00:00\" \/>\n<meta property=\"article:modified_time\" content=\"2022-09-26T08:43:35+00:00\" \/>\n<meta name=\"author\" content=\"Damien Dellerba\" \/>\n<meta name=\"twitter:card\" content=\"summary_large_image\" \/>\n<meta name=\"twitter:label1\" content=\"\u00c9crit par\" \/>\n\t<meta name=\"twitter:data1\" content=\"Damien Dellerba\" \/>\n\t<meta name=\"twitter:label2\" content=\"Dur\u00e9e de lecture estim\u00e9e\" \/>\n\t<meta name=\"twitter:data2\" content=\"1 minute\" \/>\n<script type=\"application\/ld+json\" class=\"yoast-schema-graph\">{\"@context\":\"https:\/\/schema.org\",\"@graph\":[{\"@type\":\"WebPage\",\"@id\":\"https:\/\/www.ladiagonale.net\/index.php\/2022\/09\/26\/la-france-sincline-malgre-badiashile-et-fofana\/\",\"url\":\"https:\/\/www.ladiagonale.net\/index.php\/2022\/09\/26\/la-france-sincline-malgre-badiashile-et-fofana\/\",\"name\":\"La France s\u2019incline malgr\u00e9 Badiashile et Fofana - La Diagonale\",\"isPartOf\":{\"@id\":\"https:\/\/www.ladiagonale.net\/#website\"},\"datePublished\":\"2022-09-25T23:39:00+00:00\",\"dateModified\":\"2022-09-26T08:43:35+00:00\",\"author\":{\"@id\":\"https:\/\/www.ladiagonale.net\/#\/schema\/person\/79ff1e7b0853ed01b2aa26e64ad300bf\"},\"breadcrumb\":{\"@id\":\"https:\/\/www.ladiagonale.net\/index.php\/2022\/09\/26\/la-france-sincline-malgre-badiashile-et-fofana\/#breadcrumb\"},\"inLanguage\":\"fr-FR\",\"potentialAction\":[{\"@type\":\"ReadAction\",\"target\":[\"https:\/\/www.ladiagonale.net\/index.php\/2022\/09\/26\/la-france-sincline-malgre-badiashile-et-fofana\/\"]}]},{\"@type\":\"BreadcrumbList\",\"@id\":\"https:\/\/www.ladiagonale.net\/index.php\/2022\/09\/26\/la-france-sincline-malgre-badiashile-et-fofana\/#breadcrumb\",\"itemListElement\":[{\"@type\":\"ListItem\",\"position\":1,\"name\":\"Accueil\",\"item\":\"https:\/\/www.ladiagonale.net\/\"},{\"@type\":\"ListItem\",\"position\":2,\"name\":\"La France s\u2019incline malgr\u00e9 Badiashile et Fofana\"}]},{\"@type\":\"WebSite\",\"@id\":\"https:\/\/www.ladiagonale.net\/#website\",\"url\":\"https:\/\/www.ladiagonale.net\/\",\"name\":\"La Diagonale\",\"description\":\"Le site des supporters de l&#039;AS Monaco FC\",\"potentialAction\":[{\"@type\":\"SearchAction\",\"target\":{\"@type\":\"EntryPoint\",\"urlTemplate\":\"https:\/\/www.ladiagonale.net\/?s={search_term_string}\"},\"query-input\":\"required name=search_term_string\"}],\"inLanguage\":\"fr-FR\"},{\"@type\":\"Person\",\"@id\":\"https:\/\/www.ladiagonale.net\/#\/schema\/person\/79ff1e7b0853ed01b2aa26e64ad300bf\",\"name\":\"Damien Dellerba\",\"image\":{\"@type\":\"ImageObject\",\"inLanguage\":\"fr-FR\",\"@id\":\"https:\/\/www.ladiagonale.net\/#\/schema\/person\/image\/\",\"url\":\"https:\/\/secure.gravatar.com\/avatar\/c7850e06d3ff63cdbaee88b7fc16e2f0?s=96&d=mm&r=g\",\"contentUrl\":\"https:\/\/secure.gravatar.com\/avatar\/c7850e06d3ff63cdbaee88b7fc16e2f0?s=96&d=mm&r=g\",\"caption\":\"Damien Dellerba\"},\"url\":\"https:\/\/www.ladiagonale.net\/index.php\/author\/damien\/\"}]}<\/script>\n<!-- \/ Yoast SEO plugin. -->","yoast_head_json":{"title":"La France s\u2019incline malgr\u00e9 Badiashile et Fofana - La Diagonale","robots":{"index":"index","follow":"follow","max-snippet":"max-snippet:-1","max-image-preview":"max-image-preview:large","max-video-preview":"max-video-preview:-1"},"canonical":"https:\/\/www.ladiagonale.net\/index.php\/2022\/09\/26\/la-france-sincline-malgre-badiashile-et-fofana\/","og_locale":"fr_FR","og_type":"article","og_title":"La France s\u2019incline malgr\u00e9 Badiashile et Fofana - La Diagonale","og_description":"Face au Danemark, l&rsquo;\u00c9quipe de France a conc\u00e9d\u00e9 un nouveau revers (2-0), le troisi\u00e8me sur les six matchs de poule qu&rsquo;elle a disput\u00e9s. Beno\u00eet Badiashile \u00e9tait titulaire pour cette rencontre et s&rsquo;est r\u00e9v\u00e9l\u00e9 comme l&rsquo;un des meilleurs Bleus de cette rencontre. Pr\u00e9sent dans les duels, il n&rsquo;a pas \u00e9t\u00e9 mis en difficult\u00e9 comme ses comp\u00e8res [...]","og_url":"https:\/\/www.ladiagonale.net\/index.php\/2022\/09\/26\/la-france-sincline-malgre-badiashile-et-fofana\/","og_site_name":"La Diagonale","article_published_time":"2022-09-25T23:39:00+00:00","article_modified_time":"2022-09-26T08:43:35+00:00","author":"Damien Dellerba","twitter_card":"summary_large_image","twitter_misc":{"\u00c9crit par":"Damien Dellerba","Dur\u00e9e de lecture estim\u00e9e":"1 minute"},"schema":{"@context":"https:\/\/schema.org","@graph":[{"@type":"WebPage","@id":"https:\/\/www.ladiagonale.net\/index.php\/2022\/09\/26\/la-france-sincline-malgre-badiashile-et-fofana\/","url":"https:\/\/www.ladiagonale.net\/index.php\/2022\/09\/26\/la-france-sincline-malgre-badiashile-et-fofana\/","name":"La France s\u2019incline malgr\u00e9 Badiashile et Fofana - La Diagonale","isPartOf":{"@id":"https:\/\/www.ladiagonale.net\/#website"},"datePublished":"2022-09-25T23:39:00+00:00","dateModified":"2022-09-26T08:43:35+00:00","author":{"@id":"https:\/\/www.ladiagonale.net\/#\/schema\/person\/79ff1e7b0853ed01b2aa26e64ad300bf"},"breadcrumb":{"@id":"https:\/\/www.ladiagonale.net\/index.php\/2022\/09\/26\/la-france-sincline-malgre-badiashile-et-fofana\/#breadcrumb"},"inLanguage":"fr-FR","potentialAction":[{"@type":"ReadAction","target":["https:\/\/www.ladiagonale.net\/index.php\/2022\/09\/26\/la-france-sincline-malgre-badiashile-et-fofana\/"]}]},{"@type":"BreadcrumbList","@id":"https:\/\/www.ladiagonale.net\/index.php\/2022\/09\/26\/la-france-sincline-malgre-badiashile-et-fofana\/#breadcrumb","itemListElement":[{"@type":"ListItem","position":1,"name":"Accueil","item":"https:\/\/www.ladiagonale.net\/"},{"@type":"ListItem","position":2,"name":"La France s\u2019incline malgr\u00e9 Badiashile et Fofana"}]},{"@type":"WebSite","@id":"https:\/\/www.ladiagonale.net\/#website","url":"https:\/\/www.ladiagonale.net\/","name":"La Diagonale","description":"Le site des supporters de l&#039;AS Monaco FC","potentialAction":[{"@type":"SearchAction","target":{"@type":"EntryPoint","urlTemplate":"https:\/\/www.ladiagonale.net\/?s={search_term_string}"},"query-input":"required name=search_term_string"}],"inLanguage":"fr-FR"},{"@type":"Person","@id":"https:\/\/www.ladiagonale.net\/#\/schema\/person\/79ff1e7b0853ed01b2aa26e64ad300bf","name":"Damien Dellerba","image":{"@type":"ImageObject","inLanguage":"fr-FR","@id":"https:\/\/www.ladiagonale.net\/#\/schema\/person\/image\/","url":"https:\/\/secure.gravatar.com\/avatar\/c7850e06d3ff63cdbaee88b7fc16e2f0?s=96&d=mm&r=g","contentUrl":"https:\/\/secure.gravatar.com\/avatar\/c7850e06d3ff63cdbaee88b7fc16e2f0?s=96&d=mm&r=g","caption":"Damien Dellerba"},"url":"https:\/\/www.ladiagonale.net\/index.php\/author\/damien\/"}]}},"_links":{"self":[{"href":"https:\/\/www.ladiagonale.net\/index.php\/wp-json\/wp\/v2\/posts\/4605"}],"collection":[{"href":"https:\/\/www.ladiagonale.net\/index.php\/wp-json\/wp\/v2\/posts"}],"about":[{"href":"https:\/\/www.ladiagonale.net\/index.php\/wp-json\/wp\/v2\/types\/post"}],"author":[{"embeddable":true,"href":"https:\/\/www.ladiagonale.net\/index.php\/wp-json\/wp\/v2\/users\/2"}],"replies":[{"embeddable":true,"href":"https:\/\/www.ladiagonale.net\/index.php\/wp-json\/wp\/v2\/comments?post=4605"}],"version-history":[{"count":1,"href":"https:\/\/www.ladiagonale.net\/index.php\/wp-json\/wp\/v2\/posts\/4605\/revisions"}],"predecessor-version":[{"id":4606,"href":"https:\/\/www.ladiagonale.net\/index.php\/wp-json\/wp\/v2\/posts\/4605\/revisions\/4606"}],"wp:attachment":[{"href":"https:\/\/www.ladiagonale.net\/index.php\/wp-json\/wp\/v2\/media?parent=4605"}],"wp:term":[{"taxonomy":"category","embeddable":true,"href":"https:\/\/www.ladiagonale.net\/index.php\/wp-json\/wp\/v2\/categories?post=4605"},{"taxonomy":"post_tag","embeddable":true,"href":"https:\/\/www.ladiagonale.net\/index.php\/wp-json\/wp\/v2\/tags?post=4605"}],"curies":[{"name":"wp","href":"https:\/\/api.w.org\/{rel}","templated":true}]}}