{"id":4649,"date":"2022-09-27T03:23:15","date_gmt":"2022-09-27T01:23:15","guid":{"rendered":"https:\/\/www.ladiagonale.net\/?p=4649"},"modified":"2022-09-27T14:09:21","modified_gmt":"2022-09-27T12:09:21","slug":"stade-vetuste-sieges-rouges-et-blancs-le-gouvernement-repond","status":"publish","type":"post","link":"https:\/\/www.ladiagonale.net\/index.php\/2022\/09\/27\/stade-vetuste-sieges-rouges-et-blancs-le-gouvernement-repond\/","title":{"rendered":"Stade v\u00e9tuste, si\u00e8ges rouges et blancs : le Gouvernement r\u00e9pond"},"content":{"rendered":"\n\n\n<p>Dans un dossier de quatre pages consacr\u00e9 \u00e0 la modernisation du stade Louis-II, <em>Nice-Matin<\/em> a \u00e9voqu\u00e9 les plaintes des supporters, et en particulier des Ultras Monaco 1994, qui avaient publi\u00e9 un communiqu\u00e9 au mois d\u2019ao\u00fbt visant directement le Gouvernement \u00e0 propos de la v\u00e9tust\u00e9 de l\u2019enceinte sportive. Celui-ci a tenu \u00e0 y r\u00e9pondre et estime que le terme employ\u00e9 est \u00ab&nbsp;<em>quelque peu excessif<\/em>&nbsp;\u00bb. Le Gouvernement souligne une usure normale des infrastructures au regard de son utilisation intensive, \u00ab&nbsp;<em>tous les jours de l\u2019ann\u00e9e de 7 heures \u00e0 23 heures<\/em>&nbsp;\u00bb depuis 40 ans.<\/p>\n\n\n\n<p>Dans sa r\u00e9ponse, le Gouvernement pr\u00e9f\u00e8re insister sur les travaux qui ont d\u00e9j\u00e0 \u00e9t\u00e9 men\u00e9s, notamment sur l\u2019aire de jeu : \u00ab&nbsp;<em>La pelouse et son syst\u00e8me de drainage ont totalement \u00e9t\u00e9 r\u00e9fectionn\u00e9s. \u00c0 cette occasion, un syst\u00e8me de chauffage enterr\u00e9 a \u00e9galement \u00e9t\u00e9 mis en place, afin de disposer d\u2019\u00e9quipement de derni\u00e8re g\u00e9n\u00e9ration garantissant un terrain digne des plus grands clubs europ\u00e9ens.<\/em>&nbsp;\u00bb.<\/p>\n\n\n\n<p>L\u2019\u00c9tat se f\u00e9licite de voir que le Louis-II n\u2019a plus \u00e0 souffrir d\u2019une mauvaise r\u00e9putation li\u00e9e \u00e0 une pelouse catastrophique comme cela a \u00e9t\u00e9 le cas par le pass\u00e9, avant d\u2019\u00e9voquer d\u2019autres \u00e9quipements ayant d\u00e9j\u00e0 \u00e9t\u00e9 modernis\u00e9s, comme les installations d\u2019\u00e9clairage. Quant \u00e0 l\u2019accueil des publics, la construction de loges VIP en tribunes Premi\u00e8re est \u00e9galement mentionn\u00e9e par le Gouvernement. En revanche, pas un mot sur la question des buvettes.<\/p>\n\n\n\n<h3 class=\"has-text-color\" style=\"color:#c00501\"><strong>Bient\u00f4t des si\u00e8ges rouges et blanc ?<\/strong><\/h3>\n\n\n\n<p>Un autre grief qui revient r\u00e9guli\u00e8rement du c\u00f4t\u00e9 des supporters concerne la couleur des si\u00e8ges, puisque beaucoup estiment que le jaune a fait son temps. <em>Nice-Matin<\/em> cite Sylvie Bertrand, la directrice du stade, qui disait en 2020 qu\u2019il s\u2019agissait-l\u00e0 d\u2019une \u00ab&nbsp;<em>unit\u00e9 de couleur souhait\u00e9e par le prince Rainier III<\/em>&nbsp;\u00bb et qu\u2019un changement n\u00e9cessiterait certainement l\u2019aval du prince r\u00e9gnant actuel, \u00e0 savoir le prince Albert II.<\/p>\n\n\n\n<p>Mais du c\u00f4t\u00e9 du gouvernement, il ne semble pas y avoir d\u2019hostilit\u00e9 \u00e0 ce que cela puisse changer : \u00ab&nbsp;<em>La question des si\u00e8ges sera r\u00e9gl\u00e9e dans le cadre des travaux de r\u00e9novation des tribunes, le remplacement des assises devant \u00eatre trait\u00e9e en lien avec celle des ouvrages le supportant<\/em>, peut-on lire. <em>Dans l\u2019intervalle, plusieurs solutions sont envisageables, dont celles des housses, mais ces \u00e9quipements ont un coup non-n\u00e9gligeable et une utilisation raisonn\u00e9e des cr\u00e9dits fait \u00e9galement partie de la feuille de route du gouvernement.<\/em>&nbsp;\u00bb<\/p>\n\n\n\n<h3 class=\"has-text-color\" style=\"color:#c00501\">Un chantier colossal<\/h3>\n\n\n\n<p>La modernisation du stade Louis-II, dont le co\u00fbt est \u00e9valu\u00e9 \u00e0 335 millions d\u2019euros, devrait s\u2019\u00e9tendre encore sur une dizaine d\u2019ann\u00e9es, notamment en raison de l\u2019utilisation intense de l\u2019enceinte par les sections football et basket, qui complexifie la planification du chantier, selon Patrice Cellario, conseiller et Ministre de l\u2019Int\u00e9rieur : \u00ab&nbsp;Tout doit \u00eatre minutieusement pens\u00e9, programm\u00e9 puis orchestr\u00e9 pour une mise en \u0153uvre<em> sans accroc.<\/em>&nbsp;\u00bb<\/p>\n\n\n\n<p>Les chantiers suivants seront d\u2019ailleurs plus pointus que ceux d\u00e9j\u00e0 achev\u00e9s : \u00ab&nbsp;<em>Pour l\u2019instant, les travaux mis en \u0153uvre n\u2019ont pas eu d\u2019incidence significative au niveau structurel de l\u2019ouvrage (\u2026) La suite de l\u2019op\u00e9ration s\u2019av\u00e8re maintenant beaucoup plus d\u00e9licate car les aspects structurels vont \u00eatre sollicit\u00e9s.<\/em>&nbsp;\u00bb Les \u00e9tudes permettant son \u00e9valuation s\u2019\u00e9tendront sur les deux prochaines ann\u00e9es \u00ab&nbsp;<em>au moins<\/em>&nbsp;\u00bb.<\/p>\n","protected":false},"excerpt":{"rendered":"<p>Dans un dossier de quatre pages consacr\u00e9 \u00e0 la modernisation du stade Louis-II, Nice-Matin a \u00e9voqu\u00e9 les plaintes des supporters, et en particulier des Ultras Monaco 1994, qui avaient publi\u00e9 un communiqu\u00e9 au mois d\u2019ao\u00fbt visant directement le Gouvernement \u00e0 propos de la v\u00e9tust\u00e9 de l\u2019enceinte sportive. Celui-ci a tenu \u00e0 y r\u00e9pondre et estime [&#8230;]\n","protected":false},"author":2,"featured_media":4650,"comment_status":"open","ping_status":"open","sticky":false,"template":"","format":"standard","meta":[],"categories":[5,6],"tags":[154,155,152,153],"yoast_head":"<!-- This site is optimized with the Yoast SEO plugin v19.8 - https:\/\/yoast.com\/wordpress\/plugins\/seo\/ -->\n<title>Stade v\u00e9tuste, si\u00e8ges rouges et blancs : le Gouvernement r\u00e9pond - La Diagonale<\/title>\n<meta name=\"robots\" content=\"index, follow, max-snippet:-1, max-image-preview:large, max-video-preview:-1\" \/>\n<link rel=\"canonical\" href=\"https:\/\/www.ladiagonale.net\/index.php\/2022\/09\/27\/stade-vetuste-sieges-rouges-et-blancs-le-gouvernement-repond\/\" \/>\n<meta property=\"og:locale\" content=\"fr_FR\" \/>\n<meta property=\"og:type\" content=\"article\" \/>\n<meta property=\"og:title\" content=\"Stade v\u00e9tuste, si\u00e8ges rouges et blancs : le Gouvernement r\u00e9pond - La Diagonale\" \/>\n<meta property=\"og:description\" content=\"Dans un dossier de quatre pages consacr\u00e9 \u00e0 la modernisation du stade Louis-II, Nice-Matin a \u00e9voqu\u00e9 les plaintes des supporters, et en particulier des Ultras Monaco 1994, qui avaient publi\u00e9 un communiqu\u00e9 au mois d\u2019ao\u00fbt visant directement le Gouvernement \u00e0 propos de la v\u00e9tust\u00e9 de l\u2019enceinte sportive. Celui-ci a tenu \u00e0 y r\u00e9pondre et estime [...]\" \/>\n<meta property=\"og:url\" content=\"https:\/\/www.ladiagonale.net\/index.php\/2022\/09\/27\/stade-vetuste-sieges-rouges-et-blancs-le-gouvernement-repond\/\" \/>\n<meta property=\"og:site_name\" content=\"La Diagonale\" \/>\n<meta property=\"article:published_time\" content=\"2022-09-27T01:23:15+00:00\" \/>\n<meta property=\"article:modified_time\" content=\"2022-09-27T12:09:21+00:00\" \/>\n<meta property=\"og:image\" content=\"https:\/\/www.ladiagonale.net\/wp-content\/uploads\/2022\/09\/ligue1.png\" \/>\n\t<meta property=\"og:image:width\" content=\"1160\" \/>\n\t<meta property=\"og:image:height\" content=\"650\" \/>\n\t<meta property=\"og:image:type\" content=\"image\/png\" \/>\n<meta name=\"author\" content=\"Damien Dellerba\" \/>\n<meta name=\"twitter:card\" content=\"summary_large_image\" \/>\n<meta name=\"twitter:label1\" content=\"\u00c9crit par\" \/>\n\t<meta name=\"twitter:data1\" content=\"Damien Dellerba\" \/>\n\t<meta name=\"twitter:label2\" content=\"Dur\u00e9e de lecture estim\u00e9e\" \/>\n\t<meta name=\"twitter:data2\" content=\"3 minutes\" \/>\n<script type=\"application\/ld+json\" class=\"yoast-schema-graph\">{\"@context\":\"https:\/\/schema.org\",\"@graph\":[{\"@type\":\"WebPage\",\"@id\":\"https:\/\/www.ladiagonale.net\/index.php\/2022\/09\/27\/stade-vetuste-sieges-rouges-et-blancs-le-gouvernement-repond\/\",\"url\":\"https:\/\/www.ladiagonale.net\/index.php\/2022\/09\/27\/stade-vetuste-sieges-rouges-et-blancs-le-gouvernement-repond\/\",\"name\":\"Stade v\u00e9tuste, si\u00e8ges rouges et blancs : le Gouvernement r\u00e9pond - La Diagonale\",\"isPartOf\":{\"@id\":\"https:\/\/www.ladiagonale.net\/#website\"},\"datePublished\":\"2022-09-27T01:23:15+00:00\",\"dateModified\":\"2022-09-27T12:09:21+00:00\",\"author\":{\"@id\":\"https:\/\/www.ladiagonale.net\/#\/schema\/person\/79ff1e7b0853ed01b2aa26e64ad300bf\"},\"breadcrumb\":{\"@id\":\"https:\/\/www.ladiagonale.net\/index.php\/2022\/09\/27\/stade-vetuste-sieges-rouges-et-blancs-le-gouvernement-repond\/#breadcrumb\"},\"inLanguage\":\"fr-FR\",\"potentialAction\":[{\"@type\":\"ReadAction\",\"target\":[\"https:\/\/www.ladiagonale.net\/index.php\/2022\/09\/27\/stade-vetuste-sieges-rouges-et-blancs-le-gouvernement-repond\/\"]}]},{\"@type\":\"BreadcrumbList\",\"@id\":\"https:\/\/www.ladiagonale.net\/index.php\/2022\/09\/27\/stade-vetuste-sieges-rouges-et-blancs-le-gouvernement-repond\/#breadcrumb\",\"itemListElement\":[{\"@type\":\"ListItem\",\"position\":1,\"name\":\"Accueil\",\"item\":\"https:\/\/www.ladiagonale.net\/\"},{\"@type\":\"ListItem\",\"position\":2,\"name\":\"Stade v\u00e9tuste, si\u00e8ges rouges et blancs : le Gouvernement r\u00e9pond\"}]},{\"@type\":\"WebSite\",\"@id\":\"https:\/\/www.ladiagonale.net\/#website\",\"url\":\"https:\/\/www.ladiagonale.net\/\",\"name\":\"La Diagonale\",\"description\":\"Le site des supporters de l&#039;AS Monaco FC\",\"potentialAction\":[{\"@type\":\"SearchAction\",\"target\":{\"@type\":\"EntryPoint\",\"urlTemplate\":\"https:\/\/www.ladiagonale.net\/?s={search_term_string}\"},\"query-input\":\"required name=search_term_string\"}],\"inLanguage\":\"fr-FR\"},{\"@type\":\"Person\",\"@id\":\"https:\/\/www.ladiagonale.net\/#\/schema\/person\/79ff1e7b0853ed01b2aa26e64ad300bf\",\"name\":\"Damien Dellerba\",\"image\":{\"@type\":\"ImageObject\",\"inLanguage\":\"fr-FR\",\"@id\":\"https:\/\/www.ladiagonale.net\/#\/schema\/person\/image\/\",\"url\":\"https:\/\/secure.gravatar.com\/avatar\/c7850e06d3ff63cdbaee88b7fc16e2f0?s=96&d=mm&r=g\",\"contentUrl\":\"https:\/\/secure.gravatar.com\/avatar\/c7850e06d3ff63cdbaee88b7fc16e2f0?s=96&d=mm&r=g\",\"caption\":\"Damien Dellerba\"},\"url\":\"https:\/\/www.ladiagonale.net\/index.php\/author\/damien\/\"}]}<\/script>\n<!-- \/ Yoast SEO plugin. -->","yoast_head_json":{"title":"Stade v\u00e9tuste, si\u00e8ges rouges et blancs : le Gouvernement r\u00e9pond - La Diagonale","robots":{"index":"index","follow":"follow","max-snippet":"max-snippet:-1","max-image-preview":"max-image-preview:large","max-video-preview":"max-video-preview:-1"},"canonical":"https:\/\/www.ladiagonale.net\/index.php\/2022\/09\/27\/stade-vetuste-sieges-rouges-et-blancs-le-gouvernement-repond\/","og_locale":"fr_FR","og_type":"article","og_title":"Stade v\u00e9tuste, si\u00e8ges rouges et blancs : le Gouvernement r\u00e9pond - La Diagonale","og_description":"Dans un dossier de quatre pages consacr\u00e9 \u00e0 la modernisation du stade Louis-II, Nice-Matin a \u00e9voqu\u00e9 les plaintes des supporters, et en particulier des Ultras Monaco 1994, qui avaient publi\u00e9 un communiqu\u00e9 au mois d\u2019ao\u00fbt visant directement le Gouvernement \u00e0 propos de la v\u00e9tust\u00e9 de l\u2019enceinte sportive. Celui-ci a tenu \u00e0 y r\u00e9pondre et estime [...]","og_url":"https:\/\/www.ladiagonale.net\/index.php\/2022\/09\/27\/stade-vetuste-sieges-rouges-et-blancs-le-gouvernement-repond\/","og_site_name":"La Diagonale","article_published_time":"2022-09-27T01:23:15+00:00","article_modified_time":"2022-09-27T12:09:21+00:00","og_image":[{"width":1160,"height":650,"url":"https:\/\/www.ladiagonale.net\/wp-content\/uploads\/2022\/09\/ligue1.png","type":"image\/png"}],"author":"Damien Dellerba","twitter_card":"summary_large_image","twitter_misc":{"\u00c9crit par":"Damien Dellerba","Dur\u00e9e de lecture estim\u00e9e":"3 minutes"},"schema":{"@context":"https:\/\/schema.org","@graph":[{"@type":"WebPage","@id":"https:\/\/www.ladiagonale.net\/index.php\/2022\/09\/27\/stade-vetuste-sieges-rouges-et-blancs-le-gouvernement-repond\/","url":"https:\/\/www.ladiagonale.net\/index.php\/2022\/09\/27\/stade-vetuste-sieges-rouges-et-blancs-le-gouvernement-repond\/","name":"Stade v\u00e9tuste, si\u00e8ges rouges et blancs : le Gouvernement r\u00e9pond - La Diagonale","isPartOf":{"@id":"https:\/\/www.ladiagonale.net\/#website"},"datePublished":"2022-09-27T01:23:15+00:00","dateModified":"2022-09-27T12:09:21+00:00","author":{"@id":"https:\/\/www.ladiagonale.net\/#\/schema\/person\/79ff1e7b0853ed01b2aa26e64ad300bf"},"breadcrumb":{"@id":"https:\/\/www.ladiagonale.net\/index.php\/2022\/09\/27\/stade-vetuste-sieges-rouges-et-blancs-le-gouvernement-repond\/#breadcrumb"},"inLanguage":"fr-FR","potentialAction":[{"@type":"ReadAction","target":["https:\/\/www.ladiagonale.net\/index.php\/2022\/09\/27\/stade-vetuste-sieges-rouges-et-blancs-le-gouvernement-repond\/"]}]},{"@type":"BreadcrumbList","@id":"https:\/\/www.ladiagonale.net\/index.php\/2022\/09\/27\/stade-vetuste-sieges-rouges-et-blancs-le-gouvernement-repond\/#breadcrumb","itemListElement":[{"@type":"ListItem","position":1,"name":"Accueil","item":"https:\/\/www.ladiagonale.net\/"},{"@type":"ListItem","position":2,"name":"Stade v\u00e9tuste, si\u00e8ges rouges et blancs : le Gouvernement r\u00e9pond"}]},{"@type":"WebSite","@id":"https:\/\/www.ladiagonale.net\/#website","url":"https:\/\/www.ladiagonale.net\/","name":"La Diagonale","description":"Le site des supporters de l&#039;AS Monaco FC","potentialAction":[{"@type":"SearchAction","target":{"@type":"EntryPoint","urlTemplate":"https:\/\/www.ladiagonale.net\/?s={search_term_string}"},"query-input":"required name=search_term_string"}],"inLanguage":"fr-FR"},{"@type":"Person","@id":"https:\/\/www.ladiagonale.net\/#\/schema\/person\/79ff1e7b0853ed01b2aa26e64ad300bf","name":"Damien Dellerba","image":{"@type":"ImageObject","inLanguage":"fr-FR","@id":"https:\/\/www.ladiagonale.net\/#\/schema\/person\/image\/","url":"https:\/\/secure.gravatar.com\/avatar\/c7850e06d3ff63cdbaee88b7fc16e2f0?s=96&d=mm&r=g","contentUrl":"https:\/\/secure.gravatar.com\/avatar\/c7850e06d3ff63cdbaee88b7fc16e2f0?s=96&d=mm&r=g","caption":"Damien Dellerba"},"url":"https:\/\/www.ladiagonale.net\/index.php\/author\/damien\/"}]}},"_links":{"self":[{"href":"https:\/\/www.ladiagonale.net\/index.php\/wp-json\/wp\/v2\/posts\/4649"}],"collection":[{"href":"https:\/\/www.ladiagonale.net\/index.php\/wp-json\/wp\/v2\/posts"}],"about":[{"href":"https:\/\/www.ladiagonale.net\/index.php\/wp-json\/wp\/v2\/types\/post"}],"author":[{"embeddable":true,"href":"https:\/\/www.ladiagonale.net\/index.php\/wp-json\/wp\/v2\/users\/2"}],"replies":[{"embeddable":true,"href":"https:\/\/www.ladiagonale.net\/index.php\/wp-json\/wp\/v2\/comments?post=4649"}],"version-history":[{"count":4,"href":"https:\/\/www.ladiagonale.net\/index.php\/wp-json\/wp\/v2\/posts\/4649\/revisions"}],"predecessor-version":[{"id":4660,"href":"https:\/\/www.ladiagonale.net\/index.php\/wp-json\/wp\/v2\/posts\/4649\/revisions\/4660"}],"wp:featuredmedia":[{"embeddable":true,"href":"https:\/\/www.ladiagonale.net\/index.php\/wp-json\/wp\/v2\/media\/4650"}],"wp:attachment":[{"href":"https:\/\/www.ladiagonale.net\/index.php\/wp-json\/wp\/v2\/media?parent=4649"}],"wp:term":[{"taxonomy":"category","embeddable":true,"href":"https:\/\/www.ladiagonale.net\/index.php\/wp-json\/wp\/v2\/categories?post=4649"},{"taxonomy":"post_tag","embeddable":true,"href":"https:\/\/www.ladiagonale.net\/index.php\/wp-json\/wp\/v2\/tags?post=4649"}],"curies":[{"name":"wp","href":"https:\/\/api.w.org\/{rel}","templated":true}]}}