{"id":4778,"date":"2022-09-28T18:00:00","date_gmt":"2022-09-28T16:00:00","guid":{"rendered":"https:\/\/www.ladiagonale.net\/?p=4778"},"modified":"2022-09-29T19:38:16","modified_gmt":"2022-09-29T17:38:16","slug":"les-u17-trop-forts-pour-le-gazelec","status":"publish","type":"post","link":"https:\/\/www.ladiagonale.net\/index.php\/2022\/09\/28\/les-u17-trop-forts-pour-le-gazelec\/","title":{"rendered":"Les U17 trop forts pour le Gaz\u00e9lec"},"content":{"rendered":"\n\n\n<p>Avant la 6e journ\u00e9e de championnat, il y a&#8230; la 7e journ\u00e9e, tout du moins pour l&rsquo;AS Monaco, qui recevait le Gaz\u00e9lec Ajaccio au Centre de performance de La Turbie ce mercredi. Les jeunes pousses mon\u00e9gasques n&rsquo;ont pas fait de d\u00e9tail et se sont impos\u00e9s haut la main (4-1). Dendani et Sinat\u00e9 ont tous deux inscrit un doubl\u00e9.<\/p>\n\n\n\n<p>Les Mon\u00e9gasques ont marqu\u00e9 apr\u00e8s la premi\u00e8re demi-heure de jeu par Nacim Dendani (35e), qui a ensuite fait le break avant la mi-temps (45e). En fin de match, Dan Sinat\u00e9 a enfonc\u00e9 le clou (79e) mais le Gaz\u00e9lec a imm\u00e9diatement r\u00e9pondu par Bouhadjar (79e), avant que Sinat\u00e9 ne parach\u00e8ve le succ\u00e8s as\u00e9miste (87e).<\/p>\n\n\n\n<p>Au classement, les hommes de Manu Dos Santos prennent la t\u00eate de la poule D du championnat national U17, gr\u00e2ce \u00e0 ce quatri\u00e8me succ\u00e8s de rang. Ils totalisent 15 points, soit deux de plus que Saint-\u00c9tienne, mais avant un match de plus. Samedi, ils iront d\u00e9fier Castelnau-Le Cr\u00e8s, l&rsquo;actuel troisi\u00e8me.<\/p>\n\n\n\n<p><strong>Composition :<\/strong> Schulz &#8211; Coudour, Sinat\u00e9, Camara, Mokabakila &#8211; Bamba, Silvente (Cabral, 73e), Tour\u00e9 &#8211; Dendani (M. Sylla, 80e), Tincres (Dodo, 67e), Carvalho (Moulangou, 76e).<\/p>\n","protected":false},"excerpt":{"rendered":"<p>Avant la 6e journ\u00e9e de championnat, il y a&#8230; la 7e journ\u00e9e, tout du moins pour l&rsquo;AS Monaco, qui recevait le Gaz\u00e9lec Ajaccio au Centre de performance de La Turbie ce mercredi. Les jeunes pousses mon\u00e9gasques n&rsquo;ont pas fait de d\u00e9tail et se sont impos\u00e9s haut la main (4-1). Dendani et Sinat\u00e9 ont tous deux [&#8230;]\n","protected":false},"author":2,"featured_media":0,"comment_status":"open","ping_status":"open","sticky":false,"template":"","format":"standard","meta":[],"categories":[6],"tags":[76,132,169,130],"yoast_head":"<!-- This site is optimized with the Yoast SEO plugin v19.8 - https:\/\/yoast.com\/wordpress\/plugins\/seo\/ -->\n<title>Les U17 trop forts pour le Gaz\u00e9lec - La Diagonale<\/title>\n<meta name=\"robots\" content=\"index, follow, max-snippet:-1, max-image-preview:large, max-video-preview:-1\" \/>\n<link rel=\"canonical\" href=\"https:\/\/www.ladiagonale.net\/index.php\/2022\/09\/28\/les-u17-trop-forts-pour-le-gazelec\/\" \/>\n<meta property=\"og:locale\" content=\"fr_FR\" \/>\n<meta property=\"og:type\" content=\"article\" \/>\n<meta property=\"og:title\" content=\"Les U17 trop forts pour le Gaz\u00e9lec - La Diagonale\" \/>\n<meta property=\"og:description\" content=\"Avant la 6e journ\u00e9e de championnat, il y a&#8230; la 7e journ\u00e9e, tout du moins pour l&rsquo;AS Monaco, qui recevait le Gaz\u00e9lec Ajaccio au Centre de performance de La Turbie ce mercredi. Les jeunes pousses mon\u00e9gasques n&rsquo;ont pas fait de d\u00e9tail et se sont impos\u00e9s haut la main (4-1). Dendani et Sinat\u00e9 ont tous deux [...]\" \/>\n<meta property=\"og:url\" content=\"https:\/\/www.ladiagonale.net\/index.php\/2022\/09\/28\/les-u17-trop-forts-pour-le-gazelec\/\" \/>\n<meta property=\"og:site_name\" content=\"La Diagonale\" \/>\n<meta property=\"article:published_time\" content=\"2022-09-28T16:00:00+00:00\" \/>\n<meta property=\"article:modified_time\" content=\"2022-09-29T17:38:16+00:00\" \/>\n<meta name=\"author\" content=\"Damien Dellerba\" \/>\n<meta name=\"twitter:card\" content=\"summary_large_image\" \/>\n<meta name=\"twitter:label1\" content=\"\u00c9crit par\" \/>\n\t<meta name=\"twitter:data1\" content=\"Damien Dellerba\" \/>\n\t<meta name=\"twitter:label2\" content=\"Dur\u00e9e de lecture estim\u00e9e\" \/>\n\t<meta name=\"twitter:data2\" content=\"1 minute\" \/>\n<script type=\"application\/ld+json\" class=\"yoast-schema-graph\">{\"@context\":\"https:\/\/schema.org\",\"@graph\":[{\"@type\":\"WebPage\",\"@id\":\"https:\/\/www.ladiagonale.net\/index.php\/2022\/09\/28\/les-u17-trop-forts-pour-le-gazelec\/\",\"url\":\"https:\/\/www.ladiagonale.net\/index.php\/2022\/09\/28\/les-u17-trop-forts-pour-le-gazelec\/\",\"name\":\"Les U17 trop forts pour le Gaz\u00e9lec - La Diagonale\",\"isPartOf\":{\"@id\":\"https:\/\/www.ladiagonale.net\/#website\"},\"datePublished\":\"2022-09-28T16:00:00+00:00\",\"dateModified\":\"2022-09-29T17:38:16+00:00\",\"author\":{\"@id\":\"https:\/\/www.ladiagonale.net\/#\/schema\/person\/79ff1e7b0853ed01b2aa26e64ad300bf\"},\"breadcrumb\":{\"@id\":\"https:\/\/www.ladiagonale.net\/index.php\/2022\/09\/28\/les-u17-trop-forts-pour-le-gazelec\/#breadcrumb\"},\"inLanguage\":\"fr-FR\",\"potentialAction\":[{\"@type\":\"ReadAction\",\"target\":[\"https:\/\/www.ladiagonale.net\/index.php\/2022\/09\/28\/les-u17-trop-forts-pour-le-gazelec\/\"]}]},{\"@type\":\"BreadcrumbList\",\"@id\":\"https:\/\/www.ladiagonale.net\/index.php\/2022\/09\/28\/les-u17-trop-forts-pour-le-gazelec\/#breadcrumb\",\"itemListElement\":[{\"@type\":\"ListItem\",\"position\":1,\"name\":\"Accueil\",\"item\":\"https:\/\/www.ladiagonale.net\/\"},{\"@type\":\"ListItem\",\"position\":2,\"name\":\"Les U17 trop forts pour le Gaz\u00e9lec\"}]},{\"@type\":\"WebSite\",\"@id\":\"https:\/\/www.ladiagonale.net\/#website\",\"url\":\"https:\/\/www.ladiagonale.net\/\",\"name\":\"La Diagonale\",\"description\":\"Le site des supporters de l&#039;AS Monaco FC\",\"potentialAction\":[{\"@type\":\"SearchAction\",\"target\":{\"@type\":\"EntryPoint\",\"urlTemplate\":\"https:\/\/www.ladiagonale.net\/?s={search_term_string}\"},\"query-input\":\"required name=search_term_string\"}],\"inLanguage\":\"fr-FR\"},{\"@type\":\"Person\",\"@id\":\"https:\/\/www.ladiagonale.net\/#\/schema\/person\/79ff1e7b0853ed01b2aa26e64ad300bf\",\"name\":\"Damien Dellerba\",\"image\":{\"@type\":\"ImageObject\",\"inLanguage\":\"fr-FR\",\"@id\":\"https:\/\/www.ladiagonale.net\/#\/schema\/person\/image\/\",\"url\":\"https:\/\/secure.gravatar.com\/avatar\/c7850e06d3ff63cdbaee88b7fc16e2f0?s=96&d=mm&r=g\",\"contentUrl\":\"https:\/\/secure.gravatar.com\/avatar\/c7850e06d3ff63cdbaee88b7fc16e2f0?s=96&d=mm&r=g\",\"caption\":\"Damien Dellerba\"},\"url\":\"https:\/\/www.ladiagonale.net\/index.php\/author\/damien\/\"}]}<\/script>\n<!-- \/ Yoast SEO plugin. -->","yoast_head_json":{"title":"Les U17 trop forts pour le Gaz\u00e9lec - La Diagonale","robots":{"index":"index","follow":"follow","max-snippet":"max-snippet:-1","max-image-preview":"max-image-preview:large","max-video-preview":"max-video-preview:-1"},"canonical":"https:\/\/www.ladiagonale.net\/index.php\/2022\/09\/28\/les-u17-trop-forts-pour-le-gazelec\/","og_locale":"fr_FR","og_type":"article","og_title":"Les U17 trop forts pour le Gaz\u00e9lec - La Diagonale","og_description":"Avant la 6e journ\u00e9e de championnat, il y a&#8230; la 7e journ\u00e9e, tout du moins pour l&rsquo;AS Monaco, qui recevait le Gaz\u00e9lec Ajaccio au Centre de performance de La Turbie ce mercredi. Les jeunes pousses mon\u00e9gasques n&rsquo;ont pas fait de d\u00e9tail et se sont impos\u00e9s haut la main (4-1). Dendani et Sinat\u00e9 ont tous deux [...]","og_url":"https:\/\/www.ladiagonale.net\/index.php\/2022\/09\/28\/les-u17-trop-forts-pour-le-gazelec\/","og_site_name":"La Diagonale","article_published_time":"2022-09-28T16:00:00+00:00","article_modified_time":"2022-09-29T17:38:16+00:00","author":"Damien Dellerba","twitter_card":"summary_large_image","twitter_misc":{"\u00c9crit par":"Damien Dellerba","Dur\u00e9e de lecture estim\u00e9e":"1 minute"},"schema":{"@context":"https:\/\/schema.org","@graph":[{"@type":"WebPage","@id":"https:\/\/www.ladiagonale.net\/index.php\/2022\/09\/28\/les-u17-trop-forts-pour-le-gazelec\/","url":"https:\/\/www.ladiagonale.net\/index.php\/2022\/09\/28\/les-u17-trop-forts-pour-le-gazelec\/","name":"Les U17 trop forts pour le Gaz\u00e9lec - La Diagonale","isPartOf":{"@id":"https:\/\/www.ladiagonale.net\/#website"},"datePublished":"2022-09-28T16:00:00+00:00","dateModified":"2022-09-29T17:38:16+00:00","author":{"@id":"https:\/\/www.ladiagonale.net\/#\/schema\/person\/79ff1e7b0853ed01b2aa26e64ad300bf"},"breadcrumb":{"@id":"https:\/\/www.ladiagonale.net\/index.php\/2022\/09\/28\/les-u17-trop-forts-pour-le-gazelec\/#breadcrumb"},"inLanguage":"fr-FR","potentialAction":[{"@type":"ReadAction","target":["https:\/\/www.ladiagonale.net\/index.php\/2022\/09\/28\/les-u17-trop-forts-pour-le-gazelec\/"]}]},{"@type":"BreadcrumbList","@id":"https:\/\/www.ladiagonale.net\/index.php\/2022\/09\/28\/les-u17-trop-forts-pour-le-gazelec\/#breadcrumb","itemListElement":[{"@type":"ListItem","position":1,"name":"Accueil","item":"https:\/\/www.ladiagonale.net\/"},{"@type":"ListItem","position":2,"name":"Les U17 trop forts pour le Gaz\u00e9lec"}]},{"@type":"WebSite","@id":"https:\/\/www.ladiagonale.net\/#website","url":"https:\/\/www.ladiagonale.net\/","name":"La Diagonale","description":"Le site des supporters de l&#039;AS Monaco FC","potentialAction":[{"@type":"SearchAction","target":{"@type":"EntryPoint","urlTemplate":"https:\/\/www.ladiagonale.net\/?s={search_term_string}"},"query-input":"required name=search_term_string"}],"inLanguage":"fr-FR"},{"@type":"Person","@id":"https:\/\/www.ladiagonale.net\/#\/schema\/person\/79ff1e7b0853ed01b2aa26e64ad300bf","name":"Damien Dellerba","image":{"@type":"ImageObject","inLanguage":"fr-FR","@id":"https:\/\/www.ladiagonale.net\/#\/schema\/person\/image\/","url":"https:\/\/secure.gravatar.com\/avatar\/c7850e06d3ff63cdbaee88b7fc16e2f0?s=96&d=mm&r=g","contentUrl":"https:\/\/secure.gravatar.com\/avatar\/c7850e06d3ff63cdbaee88b7fc16e2f0?s=96&d=mm&r=g","caption":"Damien Dellerba"},"url":"https:\/\/www.ladiagonale.net\/index.php\/author\/damien\/"}]}},"_links":{"self":[{"href":"https:\/\/www.ladiagonale.net\/index.php\/wp-json\/wp\/v2\/posts\/4778"}],"collection":[{"href":"https:\/\/www.ladiagonale.net\/index.php\/wp-json\/wp\/v2\/posts"}],"about":[{"href":"https:\/\/www.ladiagonale.net\/index.php\/wp-json\/wp\/v2\/types\/post"}],"author":[{"embeddable":true,"href":"https:\/\/www.ladiagonale.net\/index.php\/wp-json\/wp\/v2\/users\/2"}],"replies":[{"embeddable":true,"href":"https:\/\/www.ladiagonale.net\/index.php\/wp-json\/wp\/v2\/comments?post=4778"}],"version-history":[{"count":1,"href":"https:\/\/www.ladiagonale.net\/index.php\/wp-json\/wp\/v2\/posts\/4778\/revisions"}],"predecessor-version":[{"id":4779,"href":"https:\/\/www.ladiagonale.net\/index.php\/wp-json\/wp\/v2\/posts\/4778\/revisions\/4779"}],"wp:attachment":[{"href":"https:\/\/www.ladiagonale.net\/index.php\/wp-json\/wp\/v2\/media?parent=4778"}],"wp:term":[{"taxonomy":"category","embeddable":true,"href":"https:\/\/www.ladiagonale.net\/index.php\/wp-json\/wp\/v2\/categories?post=4778"},{"taxonomy":"post_tag","embeddable":true,"href":"https:\/\/www.ladiagonale.net\/index.php\/wp-json\/wp\/v2\/tags?post=4778"}],"curies":[{"name":"wp","href":"https:\/\/api.w.org\/{rel}","templated":true}]}}