{"id":4787,"date":"2022-09-29T16:29:00","date_gmt":"2022-09-29T14:29:00","guid":{"rendered":"https:\/\/www.ladiagonale.net\/?p=4787"},"modified":"2022-09-29T19:48:01","modified_gmt":"2022-09-29T17:48:01","slug":"officiel-maripan-prolonge-avec-lasm","status":"publish","type":"post","link":"https:\/\/www.ladiagonale.net\/index.php\/2022\/09\/29\/officiel-maripan-prolonge-avec-lasm\/","title":{"rendered":"Officiel : Maripan prolonge avec l&rsquo;ASM"},"content":{"rendered":"\n\n\n<p>Sous contrat avec l&rsquo;AS Monaco jusqu&rsquo;en juin 2024, Guillermo Maripan (27 ans) a \u00e9tendu son bail d&rsquo;une ann\u00e9e, jusqu&rsquo;en 2025. Le club a annonc\u00e9 la nouvelle sur son site officiel ce jeudi. L&rsquo;international chilien, actuellement bless\u00e9, \u00e9tait arriv\u00e9 en Principaut\u00e9 \u00e0 l&rsquo;\u00e9t\u00e9 2019. R\u00e9cemment, il a atteint la barre des 100 matchs avec la maillot \u00e0 la Diagonale. C&rsquo;\u00e9tait lors de la 7e journ\u00e9e de Ligue 1 contre Lyon.<\/p>\n\n\n\n<p>\u00ab <em>Je suis tr\u00e8s heureux de poursuivre l\u2019aventure \u00e0 l\u2019AS Monaco et je remercie le Club pour ce geste de confiance \u00e0 mon \u00e9gard<\/em> \u00bb, a comment\u00e9 le d\u00e9fenseur central. \u00ab <em>Depuis mon arriv\u00e9e ici, j\u2019ai eu la chance de pouvoir m\u2019\u00e9panouir dans un environnement id\u00e9al. Je suis motiv\u00e9 \u00e0 l\u2019id\u00e9e de poursuivre sur notre lanc\u00e9e des deux derni\u00e8res saisons et de continuer \u00e0 grandir en tant qu\u2019\u00e9quipe.<\/em> \u00bb<\/p>\n\n\n\n<p>De son c\u00f4t\u00e9, Paul Mitchell a lou\u00e9 les qualit\u00e9s de guerrier de Maripan : \u00ab <em>Guillermo est un joueur qui, depuis son arriv\u00e9e au Club, n\u2019a cess\u00e9 de progresser. C\u2019est un battant, un joueur de caract\u00e8re avec un r\u00f4le important au sein de notre dispositif d\u00e9fensif. Le voir s\u2019inscrire dans la dur\u00e9e avec nous est un signe de son ambition et de sa volont\u00e9 de poursuivre sur cette voie. Nous sommes heureux de pouvoir compter sur lui dans la dur\u00e9e.<\/em> \u00bb<\/p>\n","protected":false},"excerpt":{"rendered":"<p>Sous contrat avec l&rsquo;AS Monaco jusqu&rsquo;en juin 2024, Guillermo Maripan (27 ans) a \u00e9tendu son bail d&rsquo;une ann\u00e9e, jusqu&rsquo;en 2025. Le club a annonc\u00e9 la nouvelle sur son site officiel ce jeudi. L&rsquo;international chilien, actuellement bless\u00e9, \u00e9tait arriv\u00e9 en Principaut\u00e9 \u00e0 l&rsquo;\u00e9t\u00e9 2019. R\u00e9cemment, il a atteint la barre des 100 matchs avec la maillot [&#8230;]\n","protected":false},"author":2,"featured_media":0,"comment_status":"open","ping_status":"open","sticky":false,"template":"","format":"standard","meta":[],"categories":[4,6],"tags":[183,186],"yoast_head":"<!-- This site is optimized with the Yoast SEO plugin v19.8 - https:\/\/yoast.com\/wordpress\/plugins\/seo\/ -->\n<title>Officiel : Maripan prolonge avec l&#039;ASM - La Diagonale<\/title>\n<meta name=\"robots\" content=\"index, follow, max-snippet:-1, max-image-preview:large, max-video-preview:-1\" \/>\n<link rel=\"canonical\" href=\"https:\/\/www.ladiagonale.net\/index.php\/2022\/09\/29\/officiel-maripan-prolonge-avec-lasm\/\" \/>\n<meta property=\"og:locale\" content=\"fr_FR\" \/>\n<meta property=\"og:type\" content=\"article\" \/>\n<meta property=\"og:title\" content=\"Officiel : Maripan prolonge avec l&#039;ASM - La Diagonale\" \/>\n<meta property=\"og:description\" content=\"Sous contrat avec l&rsquo;AS Monaco jusqu&rsquo;en juin 2024, Guillermo Maripan (27 ans) a \u00e9tendu son bail d&rsquo;une ann\u00e9e, jusqu&rsquo;en 2025. Le club a annonc\u00e9 la nouvelle sur son site officiel ce jeudi. L&rsquo;international chilien, actuellement bless\u00e9, \u00e9tait arriv\u00e9 en Principaut\u00e9 \u00e0 l&rsquo;\u00e9t\u00e9 2019. R\u00e9cemment, il a atteint la barre des 100 matchs avec la maillot [...]\" \/>\n<meta property=\"og:url\" content=\"https:\/\/www.ladiagonale.net\/index.php\/2022\/09\/29\/officiel-maripan-prolonge-avec-lasm\/\" \/>\n<meta property=\"og:site_name\" content=\"La Diagonale\" \/>\n<meta property=\"article:published_time\" content=\"2022-09-29T14:29:00+00:00\" \/>\n<meta property=\"article:modified_time\" content=\"2022-09-29T17:48:01+00:00\" \/>\n<meta name=\"author\" content=\"Damien Dellerba\" \/>\n<meta name=\"twitter:card\" content=\"summary_large_image\" \/>\n<meta name=\"twitter:label1\" content=\"\u00c9crit par\" \/>\n\t<meta name=\"twitter:data1\" content=\"Damien Dellerba\" \/>\n\t<meta name=\"twitter:label2\" content=\"Dur\u00e9e de lecture estim\u00e9e\" \/>\n\t<meta name=\"twitter:data2\" content=\"1 minute\" \/>\n<script type=\"application\/ld+json\" class=\"yoast-schema-graph\">{\"@context\":\"https:\/\/schema.org\",\"@graph\":[{\"@type\":\"WebPage\",\"@id\":\"https:\/\/www.ladiagonale.net\/index.php\/2022\/09\/29\/officiel-maripan-prolonge-avec-lasm\/\",\"url\":\"https:\/\/www.ladiagonale.net\/index.php\/2022\/09\/29\/officiel-maripan-prolonge-avec-lasm\/\",\"name\":\"Officiel : Maripan prolonge avec l'ASM - La Diagonale\",\"isPartOf\":{\"@id\":\"https:\/\/www.ladiagonale.net\/#website\"},\"datePublished\":\"2022-09-29T14:29:00+00:00\",\"dateModified\":\"2022-09-29T17:48:01+00:00\",\"author\":{\"@id\":\"https:\/\/www.ladiagonale.net\/#\/schema\/person\/79ff1e7b0853ed01b2aa26e64ad300bf\"},\"breadcrumb\":{\"@id\":\"https:\/\/www.ladiagonale.net\/index.php\/2022\/09\/29\/officiel-maripan-prolonge-avec-lasm\/#breadcrumb\"},\"inLanguage\":\"fr-FR\",\"potentialAction\":[{\"@type\":\"ReadAction\",\"target\":[\"https:\/\/www.ladiagonale.net\/index.php\/2022\/09\/29\/officiel-maripan-prolonge-avec-lasm\/\"]}]},{\"@type\":\"BreadcrumbList\",\"@id\":\"https:\/\/www.ladiagonale.net\/index.php\/2022\/09\/29\/officiel-maripan-prolonge-avec-lasm\/#breadcrumb\",\"itemListElement\":[{\"@type\":\"ListItem\",\"position\":1,\"name\":\"Accueil\",\"item\":\"https:\/\/www.ladiagonale.net\/\"},{\"@type\":\"ListItem\",\"position\":2,\"name\":\"Officiel : Maripan prolonge avec l&rsquo;ASM\"}]},{\"@type\":\"WebSite\",\"@id\":\"https:\/\/www.ladiagonale.net\/#website\",\"url\":\"https:\/\/www.ladiagonale.net\/\",\"name\":\"La Diagonale\",\"description\":\"Le site des supporters de l&#039;AS Monaco FC\",\"potentialAction\":[{\"@type\":\"SearchAction\",\"target\":{\"@type\":\"EntryPoint\",\"urlTemplate\":\"https:\/\/www.ladiagonale.net\/?s={search_term_string}\"},\"query-input\":\"required name=search_term_string\"}],\"inLanguage\":\"fr-FR\"},{\"@type\":\"Person\",\"@id\":\"https:\/\/www.ladiagonale.net\/#\/schema\/person\/79ff1e7b0853ed01b2aa26e64ad300bf\",\"name\":\"Damien Dellerba\",\"image\":{\"@type\":\"ImageObject\",\"inLanguage\":\"fr-FR\",\"@id\":\"https:\/\/www.ladiagonale.net\/#\/schema\/person\/image\/\",\"url\":\"https:\/\/secure.gravatar.com\/avatar\/c7850e06d3ff63cdbaee88b7fc16e2f0?s=96&d=mm&r=g\",\"contentUrl\":\"https:\/\/secure.gravatar.com\/avatar\/c7850e06d3ff63cdbaee88b7fc16e2f0?s=96&d=mm&r=g\",\"caption\":\"Damien Dellerba\"},\"url\":\"https:\/\/www.ladiagonale.net\/index.php\/author\/damien\/\"}]}<\/script>\n<!-- \/ Yoast SEO plugin. -->","yoast_head_json":{"title":"Officiel : Maripan prolonge avec l'ASM - La Diagonale","robots":{"index":"index","follow":"follow","max-snippet":"max-snippet:-1","max-image-preview":"max-image-preview:large","max-video-preview":"max-video-preview:-1"},"canonical":"https:\/\/www.ladiagonale.net\/index.php\/2022\/09\/29\/officiel-maripan-prolonge-avec-lasm\/","og_locale":"fr_FR","og_type":"article","og_title":"Officiel : Maripan prolonge avec l'ASM - La Diagonale","og_description":"Sous contrat avec l&rsquo;AS Monaco jusqu&rsquo;en juin 2024, Guillermo Maripan (27 ans) a \u00e9tendu son bail d&rsquo;une ann\u00e9e, jusqu&rsquo;en 2025. Le club a annonc\u00e9 la nouvelle sur son site officiel ce jeudi. L&rsquo;international chilien, actuellement bless\u00e9, \u00e9tait arriv\u00e9 en Principaut\u00e9 \u00e0 l&rsquo;\u00e9t\u00e9 2019. R\u00e9cemment, il a atteint la barre des 100 matchs avec la maillot [...]","og_url":"https:\/\/www.ladiagonale.net\/index.php\/2022\/09\/29\/officiel-maripan-prolonge-avec-lasm\/","og_site_name":"La Diagonale","article_published_time":"2022-09-29T14:29:00+00:00","article_modified_time":"2022-09-29T17:48:01+00:00","author":"Damien Dellerba","twitter_card":"summary_large_image","twitter_misc":{"\u00c9crit par":"Damien Dellerba","Dur\u00e9e de lecture estim\u00e9e":"1 minute"},"schema":{"@context":"https:\/\/schema.org","@graph":[{"@type":"WebPage","@id":"https:\/\/www.ladiagonale.net\/index.php\/2022\/09\/29\/officiel-maripan-prolonge-avec-lasm\/","url":"https:\/\/www.ladiagonale.net\/index.php\/2022\/09\/29\/officiel-maripan-prolonge-avec-lasm\/","name":"Officiel : Maripan prolonge avec l'ASM - La Diagonale","isPartOf":{"@id":"https:\/\/www.ladiagonale.net\/#website"},"datePublished":"2022-09-29T14:29:00+00:00","dateModified":"2022-09-29T17:48:01+00:00","author":{"@id":"https:\/\/www.ladiagonale.net\/#\/schema\/person\/79ff1e7b0853ed01b2aa26e64ad300bf"},"breadcrumb":{"@id":"https:\/\/www.ladiagonale.net\/index.php\/2022\/09\/29\/officiel-maripan-prolonge-avec-lasm\/#breadcrumb"},"inLanguage":"fr-FR","potentialAction":[{"@type":"ReadAction","target":["https:\/\/www.ladiagonale.net\/index.php\/2022\/09\/29\/officiel-maripan-prolonge-avec-lasm\/"]}]},{"@type":"BreadcrumbList","@id":"https:\/\/www.ladiagonale.net\/index.php\/2022\/09\/29\/officiel-maripan-prolonge-avec-lasm\/#breadcrumb","itemListElement":[{"@type":"ListItem","position":1,"name":"Accueil","item":"https:\/\/www.ladiagonale.net\/"},{"@type":"ListItem","position":2,"name":"Officiel : Maripan prolonge avec l&rsquo;ASM"}]},{"@type":"WebSite","@id":"https:\/\/www.ladiagonale.net\/#website","url":"https:\/\/www.ladiagonale.net\/","name":"La Diagonale","description":"Le site des supporters de l&#039;AS Monaco FC","potentialAction":[{"@type":"SearchAction","target":{"@type":"EntryPoint","urlTemplate":"https:\/\/www.ladiagonale.net\/?s={search_term_string}"},"query-input":"required name=search_term_string"}],"inLanguage":"fr-FR"},{"@type":"Person","@id":"https:\/\/www.ladiagonale.net\/#\/schema\/person\/79ff1e7b0853ed01b2aa26e64ad300bf","name":"Damien Dellerba","image":{"@type":"ImageObject","inLanguage":"fr-FR","@id":"https:\/\/www.ladiagonale.net\/#\/schema\/person\/image\/","url":"https:\/\/secure.gravatar.com\/avatar\/c7850e06d3ff63cdbaee88b7fc16e2f0?s=96&d=mm&r=g","contentUrl":"https:\/\/secure.gravatar.com\/avatar\/c7850e06d3ff63cdbaee88b7fc16e2f0?s=96&d=mm&r=g","caption":"Damien Dellerba"},"url":"https:\/\/www.ladiagonale.net\/index.php\/author\/damien\/"}]}},"_links":{"self":[{"href":"https:\/\/www.ladiagonale.net\/index.php\/wp-json\/wp\/v2\/posts\/4787"}],"collection":[{"href":"https:\/\/www.ladiagonale.net\/index.php\/wp-json\/wp\/v2\/posts"}],"about":[{"href":"https:\/\/www.ladiagonale.net\/index.php\/wp-json\/wp\/v2\/types\/post"}],"author":[{"embeddable":true,"href":"https:\/\/www.ladiagonale.net\/index.php\/wp-json\/wp\/v2\/users\/2"}],"replies":[{"embeddable":true,"href":"https:\/\/www.ladiagonale.net\/index.php\/wp-json\/wp\/v2\/comments?post=4787"}],"version-history":[{"count":1,"href":"https:\/\/www.ladiagonale.net\/index.php\/wp-json\/wp\/v2\/posts\/4787\/revisions"}],"predecessor-version":[{"id":4788,"href":"https:\/\/www.ladiagonale.net\/index.php\/wp-json\/wp\/v2\/posts\/4787\/revisions\/4788"}],"wp:attachment":[{"href":"https:\/\/www.ladiagonale.net\/index.php\/wp-json\/wp\/v2\/media?parent=4787"}],"wp:term":[{"taxonomy":"category","embeddable":true,"href":"https:\/\/www.ladiagonale.net\/index.php\/wp-json\/wp\/v2\/categories?post=4787"},{"taxonomy":"post_tag","embeddable":true,"href":"https:\/\/www.ladiagonale.net\/index.php\/wp-json\/wp\/v2\/tags?post=4787"}],"curies":[{"name":"wp","href":"https:\/\/api.w.org\/{rel}","templated":true}]}}