{"id":4789,"date":"2022-09-29T17:00:00","date_gmt":"2022-09-29T15:00:00","guid":{"rendered":"https:\/\/www.ladiagonale.net\/?p=4789"},"modified":"2022-09-29T19:49:41","modified_gmt":"2022-09-29T17:49:41","slug":"deux-nouvelles-psychologues-dans-le-staff","status":"publish","type":"post","link":"https:\/\/www.ladiagonale.net\/index.php\/2022\/09\/29\/deux-nouvelles-psychologues-dans-le-staff\/","title":{"rendered":"Deux nouvelles psychologues dans le staff"},"content":{"rendered":"\n\n\n<p>Outre l&rsquo;officialisation de la prolongation de Guillermo Maripan (<a href=\"https:\/\/www.ladiagonale.net\/news-2132-officiel-maripan-prolonge-avec-lasm\">lire par ailleurs<\/a>), l&rsquo;AS Monaco a \u00e9galement annonc\u00e9 l&rsquo;arriv\u00e9e de deux nouvelles docteurs en psychologie du sport, Emilie Thienot et Sophie Huguet. Elles int\u00e8greront la cellule de performance que dirige James Bunce. Selon le communiqu\u00e9 du club, elles accompagneront l&rsquo;effectif professionnel au quotidien mais r\u00e9pondront ponctuellement \u00e0 des besoins pour l&rsquo;Academy.<\/p>\n\n\n\n<p>Le Directeur de la performance, James Bunce, a comment\u00e9 leur arriv\u00e9e : \u00ab <em>Optimiser le bien-\u00eatre, la pr\u00e9paration mentale et la gestion des \u00e9motions sont des \u00e9l\u00e9ments essentiels de la performance au sein du football professionnel. Dans ce contexte, nous sommes ravis d\u2019accueillir \u00c9milie et Sophie, qui ont chacune d\u00e9velopp\u00e9 une grande exp\u00e9rience dans le sport professionnel dans ce domaine tout au long de leur carri\u00e8re. Leur arriv\u00e9e permet \u00e0 l\u2019AS Monaco de renforcer et d\u00e9velopper cet aspect au sein du d\u00e9partement performance et d\u2019aller encore plus loin dans l\u2019accompagnement des joueurs sur et en dehors du terrain.<\/em> \u00bb<\/p>\n","protected":false},"excerpt":{"rendered":"<p>Outre l&rsquo;officialisation de la prolongation de Guillermo Maripan (lire par ailleurs), l&rsquo;AS Monaco a \u00e9galement annonc\u00e9 l&rsquo;arriv\u00e9e de deux nouvelles docteurs en psychologie du sport, Emilie Thienot et Sophie Huguet. Elles int\u00e8greront la cellule de performance que dirige James Bunce. Selon le communiqu\u00e9 du club, elles accompagneront l&rsquo;effectif professionnel au quotidien mais r\u00e9pondront ponctuellement \u00e0 [&#8230;]\n","protected":false},"author":2,"featured_media":0,"comment_status":"open","ping_status":"open","sticky":false,"template":"","format":"standard","meta":[],"categories":[4,6],"tags":[139,188,138,189,187],"yoast_head":"<!-- This site is optimized with the Yoast SEO plugin v19.8 - https:\/\/yoast.com\/wordpress\/plugins\/seo\/ -->\n<title>Deux nouvelles psychologues dans le staff - La Diagonale<\/title>\n<meta name=\"robots\" content=\"index, follow, max-snippet:-1, max-image-preview:large, max-video-preview:-1\" \/>\n<link rel=\"canonical\" href=\"https:\/\/www.ladiagonale.net\/index.php\/2022\/09\/29\/deux-nouvelles-psychologues-dans-le-staff\/\" \/>\n<meta property=\"og:locale\" content=\"fr_FR\" \/>\n<meta property=\"og:type\" content=\"article\" \/>\n<meta property=\"og:title\" content=\"Deux nouvelles psychologues dans le staff - La Diagonale\" \/>\n<meta property=\"og:description\" content=\"Outre l&rsquo;officialisation de la prolongation de Guillermo Maripan (lire par ailleurs), l&rsquo;AS Monaco a \u00e9galement annonc\u00e9 l&rsquo;arriv\u00e9e de deux nouvelles docteurs en psychologie du sport, Emilie Thienot et Sophie Huguet. Elles int\u00e8greront la cellule de performance que dirige James Bunce. Selon le communiqu\u00e9 du club, elles accompagneront l&rsquo;effectif professionnel au quotidien mais r\u00e9pondront ponctuellement \u00e0 [...]\" \/>\n<meta property=\"og:url\" content=\"https:\/\/www.ladiagonale.net\/index.php\/2022\/09\/29\/deux-nouvelles-psychologues-dans-le-staff\/\" \/>\n<meta property=\"og:site_name\" content=\"La Diagonale\" \/>\n<meta property=\"article:published_time\" content=\"2022-09-29T15:00:00+00:00\" \/>\n<meta property=\"article:modified_time\" content=\"2022-09-29T17:49:41+00:00\" \/>\n<meta name=\"author\" content=\"Damien Dellerba\" \/>\n<meta name=\"twitter:card\" content=\"summary_large_image\" \/>\n<meta name=\"twitter:label1\" content=\"\u00c9crit par\" \/>\n\t<meta name=\"twitter:data1\" content=\"Damien Dellerba\" \/>\n\t<meta name=\"twitter:label2\" content=\"Dur\u00e9e de lecture estim\u00e9e\" \/>\n\t<meta name=\"twitter:data2\" content=\"1 minute\" \/>\n<script type=\"application\/ld+json\" class=\"yoast-schema-graph\">{\"@context\":\"https:\/\/schema.org\",\"@graph\":[{\"@type\":\"WebPage\",\"@id\":\"https:\/\/www.ladiagonale.net\/index.php\/2022\/09\/29\/deux-nouvelles-psychologues-dans-le-staff\/\",\"url\":\"https:\/\/www.ladiagonale.net\/index.php\/2022\/09\/29\/deux-nouvelles-psychologues-dans-le-staff\/\",\"name\":\"Deux nouvelles psychologues dans le staff - La Diagonale\",\"isPartOf\":{\"@id\":\"https:\/\/www.ladiagonale.net\/#website\"},\"datePublished\":\"2022-09-29T15:00:00+00:00\",\"dateModified\":\"2022-09-29T17:49:41+00:00\",\"author\":{\"@id\":\"https:\/\/www.ladiagonale.net\/#\/schema\/person\/79ff1e7b0853ed01b2aa26e64ad300bf\"},\"breadcrumb\":{\"@id\":\"https:\/\/www.ladiagonale.net\/index.php\/2022\/09\/29\/deux-nouvelles-psychologues-dans-le-staff\/#breadcrumb\"},\"inLanguage\":\"fr-FR\",\"potentialAction\":[{\"@type\":\"ReadAction\",\"target\":[\"https:\/\/www.ladiagonale.net\/index.php\/2022\/09\/29\/deux-nouvelles-psychologues-dans-le-staff\/\"]}]},{\"@type\":\"BreadcrumbList\",\"@id\":\"https:\/\/www.ladiagonale.net\/index.php\/2022\/09\/29\/deux-nouvelles-psychologues-dans-le-staff\/#breadcrumb\",\"itemListElement\":[{\"@type\":\"ListItem\",\"position\":1,\"name\":\"Accueil\",\"item\":\"https:\/\/www.ladiagonale.net\/\"},{\"@type\":\"ListItem\",\"position\":2,\"name\":\"Deux nouvelles psychologues dans le staff\"}]},{\"@type\":\"WebSite\",\"@id\":\"https:\/\/www.ladiagonale.net\/#website\",\"url\":\"https:\/\/www.ladiagonale.net\/\",\"name\":\"La Diagonale\",\"description\":\"Le site des supporters de l&#039;AS Monaco FC\",\"potentialAction\":[{\"@type\":\"SearchAction\",\"target\":{\"@type\":\"EntryPoint\",\"urlTemplate\":\"https:\/\/www.ladiagonale.net\/?s={search_term_string}\"},\"query-input\":\"required name=search_term_string\"}],\"inLanguage\":\"fr-FR\"},{\"@type\":\"Person\",\"@id\":\"https:\/\/www.ladiagonale.net\/#\/schema\/person\/79ff1e7b0853ed01b2aa26e64ad300bf\",\"name\":\"Damien Dellerba\",\"image\":{\"@type\":\"ImageObject\",\"inLanguage\":\"fr-FR\",\"@id\":\"https:\/\/www.ladiagonale.net\/#\/schema\/person\/image\/\",\"url\":\"https:\/\/secure.gravatar.com\/avatar\/c7850e06d3ff63cdbaee88b7fc16e2f0?s=96&d=mm&r=g\",\"contentUrl\":\"https:\/\/secure.gravatar.com\/avatar\/c7850e06d3ff63cdbaee88b7fc16e2f0?s=96&d=mm&r=g\",\"caption\":\"Damien Dellerba\"},\"url\":\"https:\/\/www.ladiagonale.net\/index.php\/author\/damien\/\"}]}<\/script>\n<!-- \/ Yoast SEO plugin. -->","yoast_head_json":{"title":"Deux nouvelles psychologues dans le staff - La Diagonale","robots":{"index":"index","follow":"follow","max-snippet":"max-snippet:-1","max-image-preview":"max-image-preview:large","max-video-preview":"max-video-preview:-1"},"canonical":"https:\/\/www.ladiagonale.net\/index.php\/2022\/09\/29\/deux-nouvelles-psychologues-dans-le-staff\/","og_locale":"fr_FR","og_type":"article","og_title":"Deux nouvelles psychologues dans le staff - La Diagonale","og_description":"Outre l&rsquo;officialisation de la prolongation de Guillermo Maripan (lire par ailleurs), l&rsquo;AS Monaco a \u00e9galement annonc\u00e9 l&rsquo;arriv\u00e9e de deux nouvelles docteurs en psychologie du sport, Emilie Thienot et Sophie Huguet. Elles int\u00e8greront la cellule de performance que dirige James Bunce. Selon le communiqu\u00e9 du club, elles accompagneront l&rsquo;effectif professionnel au quotidien mais r\u00e9pondront ponctuellement \u00e0 [...]","og_url":"https:\/\/www.ladiagonale.net\/index.php\/2022\/09\/29\/deux-nouvelles-psychologues-dans-le-staff\/","og_site_name":"La Diagonale","article_published_time":"2022-09-29T15:00:00+00:00","article_modified_time":"2022-09-29T17:49:41+00:00","author":"Damien Dellerba","twitter_card":"summary_large_image","twitter_misc":{"\u00c9crit par":"Damien Dellerba","Dur\u00e9e de lecture estim\u00e9e":"1 minute"},"schema":{"@context":"https:\/\/schema.org","@graph":[{"@type":"WebPage","@id":"https:\/\/www.ladiagonale.net\/index.php\/2022\/09\/29\/deux-nouvelles-psychologues-dans-le-staff\/","url":"https:\/\/www.ladiagonale.net\/index.php\/2022\/09\/29\/deux-nouvelles-psychologues-dans-le-staff\/","name":"Deux nouvelles psychologues dans le staff - La Diagonale","isPartOf":{"@id":"https:\/\/www.ladiagonale.net\/#website"},"datePublished":"2022-09-29T15:00:00+00:00","dateModified":"2022-09-29T17:49:41+00:00","author":{"@id":"https:\/\/www.ladiagonale.net\/#\/schema\/person\/79ff1e7b0853ed01b2aa26e64ad300bf"},"breadcrumb":{"@id":"https:\/\/www.ladiagonale.net\/index.php\/2022\/09\/29\/deux-nouvelles-psychologues-dans-le-staff\/#breadcrumb"},"inLanguage":"fr-FR","potentialAction":[{"@type":"ReadAction","target":["https:\/\/www.ladiagonale.net\/index.php\/2022\/09\/29\/deux-nouvelles-psychologues-dans-le-staff\/"]}]},{"@type":"BreadcrumbList","@id":"https:\/\/www.ladiagonale.net\/index.php\/2022\/09\/29\/deux-nouvelles-psychologues-dans-le-staff\/#breadcrumb","itemListElement":[{"@type":"ListItem","position":1,"name":"Accueil","item":"https:\/\/www.ladiagonale.net\/"},{"@type":"ListItem","position":2,"name":"Deux nouvelles psychologues dans le staff"}]},{"@type":"WebSite","@id":"https:\/\/www.ladiagonale.net\/#website","url":"https:\/\/www.ladiagonale.net\/","name":"La Diagonale","description":"Le site des supporters de l&#039;AS Monaco FC","potentialAction":[{"@type":"SearchAction","target":{"@type":"EntryPoint","urlTemplate":"https:\/\/www.ladiagonale.net\/?s={search_term_string}"},"query-input":"required name=search_term_string"}],"inLanguage":"fr-FR"},{"@type":"Person","@id":"https:\/\/www.ladiagonale.net\/#\/schema\/person\/79ff1e7b0853ed01b2aa26e64ad300bf","name":"Damien Dellerba","image":{"@type":"ImageObject","inLanguage":"fr-FR","@id":"https:\/\/www.ladiagonale.net\/#\/schema\/person\/image\/","url":"https:\/\/secure.gravatar.com\/avatar\/c7850e06d3ff63cdbaee88b7fc16e2f0?s=96&d=mm&r=g","contentUrl":"https:\/\/secure.gravatar.com\/avatar\/c7850e06d3ff63cdbaee88b7fc16e2f0?s=96&d=mm&r=g","caption":"Damien Dellerba"},"url":"https:\/\/www.ladiagonale.net\/index.php\/author\/damien\/"}]}},"_links":{"self":[{"href":"https:\/\/www.ladiagonale.net\/index.php\/wp-json\/wp\/v2\/posts\/4789"}],"collection":[{"href":"https:\/\/www.ladiagonale.net\/index.php\/wp-json\/wp\/v2\/posts"}],"about":[{"href":"https:\/\/www.ladiagonale.net\/index.php\/wp-json\/wp\/v2\/types\/post"}],"author":[{"embeddable":true,"href":"https:\/\/www.ladiagonale.net\/index.php\/wp-json\/wp\/v2\/users\/2"}],"replies":[{"embeddable":true,"href":"https:\/\/www.ladiagonale.net\/index.php\/wp-json\/wp\/v2\/comments?post=4789"}],"version-history":[{"count":1,"href":"https:\/\/www.ladiagonale.net\/index.php\/wp-json\/wp\/v2\/posts\/4789\/revisions"}],"predecessor-version":[{"id":4790,"href":"https:\/\/www.ladiagonale.net\/index.php\/wp-json\/wp\/v2\/posts\/4789\/revisions\/4790"}],"wp:attachment":[{"href":"https:\/\/www.ladiagonale.net\/index.php\/wp-json\/wp\/v2\/media?parent=4789"}],"wp:term":[{"taxonomy":"category","embeddable":true,"href":"https:\/\/www.ladiagonale.net\/index.php\/wp-json\/wp\/v2\/categories?post=4789"},{"taxonomy":"post_tag","embeddable":true,"href":"https:\/\/www.ladiagonale.net\/index.php\/wp-json\/wp\/v2\/tags?post=4789"}],"curies":[{"name":"wp","href":"https:\/\/api.w.org\/{rel}","templated":true}]}}