{"id":4832,"date":"2022-09-30T12:04:00","date_gmt":"2022-09-30T10:04:00","guid":{"rendered":"https:\/\/www.ladiagonale.net\/?p=4832"},"modified":"2022-10-04T00:13:47","modified_gmt":"2022-10-03T22:13:47","slug":"mitchell-evasif-sur-une-prolongation-de-ben-yedder","status":"publish","type":"post","link":"https:\/\/www.ladiagonale.net\/index.php\/2022\/09\/30\/mitchell-evasif-sur-une-prolongation-de-ben-yedder\/","title":{"rendered":"Mitchell \u00e9vasif sur une prolongation de Ben Yedder"},"content":{"rendered":"\n\n\n<p>Le cas de Wissam Ben Yedder fait couler beaucoup d\u2019encre depuis le d\u00e9but de saison. Entre son manque de performance depuis la reprise, sa frustration affich\u00e9e \u00e0 Nice et sa non-s\u00e9lection en \u00c9quipe de France, les signaux ne sont pas au vert pour le capitaine as\u00e9miste. Et la question de sa prolongation, lui qui arrive en fin de contrat en juin 2024, ne semble pas encore sur la table, \u00e0 en croire Paul Mitchell : \u00ab&nbsp;<em>Wissam Ben Yedder est un joueur qu\u2019on respecte beaucoup. Il arrive \u00e0 une certaine \u00e9tape de sa carri\u00e8re. Il a peut-\u00eatre d\u2019autres ambitions. On est ouvert \u00e0 la discussion. Il faudra que cela fonctionne pour toutes les parties. De mani\u00e8re g\u00e9n\u00e9rale, on est un club ambitieux, on aura toujours la volont\u00e9 de garder nos meilleurs joueurs. Le dialogue est permanent.<\/em>&nbsp;\u00bb<\/p>\n\n\n\n<p>Pour autant, le Directeur sportif de l\u2019AS Monaco est confiant sur le fait que Ben Yedder saura \u00e9lever son niveau pour la suite de la saison : \u00ab&nbsp;<em>Wissam a faim de buts, il ne pense qu\u2019\u00e0 \u00e7a. Quand vous le voyez \u00e0 l\u2019entra\u00eenement, son talent, son \u00e9nergie, son r\u00e9alisme ne l\u2019ont pas quitt\u00e9. Il a 32 ans, il faut le g\u00e9rer prudemment. Son \u00e9tat d\u2019esprit est bon. Vous l\u2019avez vu \u00e0 l\u2019inauguration du Centre de Performance juste apr\u00e8s le match contre Nice, au Tour Kids aussi. Il \u00e9tait avenant, heureux d\u2019\u00eatre l\u00e0. La porte en \u00e9quipe de France n\u2019est pas ferm\u00e9e. On le conna\u00eet, il peut \u00eatre gagn\u00e9 par la frustration, la col\u00e8re quand il ne marque pas.<\/em>&nbsp;\u00bb<\/p>\n\n\n\n<p>Puis de rappeler que Ben Yedder semble toujours d\u00e9marrer doucement ses saisons, tel un diesel :&nbsp;\u00ab&nbsp;<em>Il y a deux saisons, il \u00e9tait quasiment dans la m\u00eame situation et il avait suffi d\u2019un seul but pour le faire d\u00e9coller.<\/em>&nbsp;\u00bb Pour appuyer son propos, Mitchell a compar\u00e9 Ben Yedder \u00e0 Harry Kane : \u00ab&nbsp;<em>Quand j\u2019\u00e9tais \u00e0 Tottenham, Harry Kane ne marquait jamais un but en ao\u00fbt. Tout le monde ne parlait que de \u00e7a. Je peux vous dire que dans le caract\u00e8re, ce n\u2019\u00e9tait pas le m\u00eame joueur avant et apr\u00e8s son premier but. C\u2019est la marque des grands buteurs, et Wissam en fait partie.<\/em>&nbsp;\u00bb<\/p>\n","protected":false},"excerpt":{"rendered":"<p>Le cas de Wissam Ben Yedder fait couler beaucoup d\u2019encre depuis le d\u00e9but de saison. Entre son manque de performance depuis la reprise, sa frustration affich\u00e9e \u00e0 Nice et sa non-s\u00e9lection en \u00c9quipe de France, les signaux ne sont pas au vert pour le capitaine as\u00e9miste. Et la question de sa prolongation, lui qui arrive [&#8230;]\n","protected":false},"author":2,"featured_media":0,"comment_status":"open","ping_status":"open","sticky":false,"template":"","format":"standard","meta":[],"categories":[6],"tags":[192,175],"yoast_head":"<!-- This site is optimized with the Yoast SEO plugin v19.8 - https:\/\/yoast.com\/wordpress\/plugins\/seo\/ -->\n<title>Mitchell \u00e9vasif sur une prolongation de Ben Yedder - La Diagonale<\/title>\n<meta name=\"robots\" content=\"index, follow, max-snippet:-1, max-image-preview:large, max-video-preview:-1\" \/>\n<link rel=\"canonical\" href=\"https:\/\/www.ladiagonale.net\/index.php\/2022\/09\/30\/mitchell-evasif-sur-une-prolongation-de-ben-yedder\/\" \/>\n<meta property=\"og:locale\" content=\"fr_FR\" \/>\n<meta property=\"og:type\" content=\"article\" \/>\n<meta property=\"og:title\" content=\"Mitchell \u00e9vasif sur une prolongation de Ben Yedder - La Diagonale\" \/>\n<meta property=\"og:description\" content=\"Le cas de Wissam Ben Yedder fait couler beaucoup d\u2019encre depuis le d\u00e9but de saison. Entre son manque de performance depuis la reprise, sa frustration affich\u00e9e \u00e0 Nice et sa non-s\u00e9lection en \u00c9quipe de France, les signaux ne sont pas au vert pour le capitaine as\u00e9miste. Et la question de sa prolongation, lui qui arrive [...]\" \/>\n<meta property=\"og:url\" content=\"https:\/\/www.ladiagonale.net\/index.php\/2022\/09\/30\/mitchell-evasif-sur-une-prolongation-de-ben-yedder\/\" \/>\n<meta property=\"og:site_name\" content=\"La Diagonale\" \/>\n<meta property=\"article:published_time\" content=\"2022-09-30T10:04:00+00:00\" \/>\n<meta property=\"article:modified_time\" content=\"2022-10-03T22:13:47+00:00\" \/>\n<meta name=\"author\" content=\"Damien Dellerba\" \/>\n<meta name=\"twitter:card\" content=\"summary_large_image\" \/>\n<meta name=\"twitter:label1\" content=\"\u00c9crit par\" \/>\n\t<meta name=\"twitter:data1\" content=\"Damien Dellerba\" \/>\n\t<meta name=\"twitter:label2\" content=\"Dur\u00e9e de lecture estim\u00e9e\" \/>\n\t<meta name=\"twitter:data2\" content=\"2 minutes\" \/>\n<script type=\"application\/ld+json\" class=\"yoast-schema-graph\">{\"@context\":\"https:\/\/schema.org\",\"@graph\":[{\"@type\":\"WebPage\",\"@id\":\"https:\/\/www.ladiagonale.net\/index.php\/2022\/09\/30\/mitchell-evasif-sur-une-prolongation-de-ben-yedder\/\",\"url\":\"https:\/\/www.ladiagonale.net\/index.php\/2022\/09\/30\/mitchell-evasif-sur-une-prolongation-de-ben-yedder\/\",\"name\":\"Mitchell \u00e9vasif sur une prolongation de Ben Yedder - La Diagonale\",\"isPartOf\":{\"@id\":\"https:\/\/www.ladiagonale.net\/#website\"},\"datePublished\":\"2022-09-30T10:04:00+00:00\",\"dateModified\":\"2022-10-03T22:13:47+00:00\",\"author\":{\"@id\":\"https:\/\/www.ladiagonale.net\/#\/schema\/person\/79ff1e7b0853ed01b2aa26e64ad300bf\"},\"breadcrumb\":{\"@id\":\"https:\/\/www.ladiagonale.net\/index.php\/2022\/09\/30\/mitchell-evasif-sur-une-prolongation-de-ben-yedder\/#breadcrumb\"},\"inLanguage\":\"fr-FR\",\"potentialAction\":[{\"@type\":\"ReadAction\",\"target\":[\"https:\/\/www.ladiagonale.net\/index.php\/2022\/09\/30\/mitchell-evasif-sur-une-prolongation-de-ben-yedder\/\"]}]},{\"@type\":\"BreadcrumbList\",\"@id\":\"https:\/\/www.ladiagonale.net\/index.php\/2022\/09\/30\/mitchell-evasif-sur-une-prolongation-de-ben-yedder\/#breadcrumb\",\"itemListElement\":[{\"@type\":\"ListItem\",\"position\":1,\"name\":\"Accueil\",\"item\":\"https:\/\/www.ladiagonale.net\/\"},{\"@type\":\"ListItem\",\"position\":2,\"name\":\"Mitchell \u00e9vasif sur une prolongation de Ben Yedder\"}]},{\"@type\":\"WebSite\",\"@id\":\"https:\/\/www.ladiagonale.net\/#website\",\"url\":\"https:\/\/www.ladiagonale.net\/\",\"name\":\"La Diagonale\",\"description\":\"Le site des supporters de l&#039;AS Monaco FC\",\"potentialAction\":[{\"@type\":\"SearchAction\",\"target\":{\"@type\":\"EntryPoint\",\"urlTemplate\":\"https:\/\/www.ladiagonale.net\/?s={search_term_string}\"},\"query-input\":\"required name=search_term_string\"}],\"inLanguage\":\"fr-FR\"},{\"@type\":\"Person\",\"@id\":\"https:\/\/www.ladiagonale.net\/#\/schema\/person\/79ff1e7b0853ed01b2aa26e64ad300bf\",\"name\":\"Damien Dellerba\",\"image\":{\"@type\":\"ImageObject\",\"inLanguage\":\"fr-FR\",\"@id\":\"https:\/\/www.ladiagonale.net\/#\/schema\/person\/image\/\",\"url\":\"https:\/\/secure.gravatar.com\/avatar\/c7850e06d3ff63cdbaee88b7fc16e2f0?s=96&d=mm&r=g\",\"contentUrl\":\"https:\/\/secure.gravatar.com\/avatar\/c7850e06d3ff63cdbaee88b7fc16e2f0?s=96&d=mm&r=g\",\"caption\":\"Damien Dellerba\"},\"url\":\"https:\/\/www.ladiagonale.net\/index.php\/author\/damien\/\"}]}<\/script>\n<!-- \/ Yoast SEO plugin. -->","yoast_head_json":{"title":"Mitchell \u00e9vasif sur une prolongation de Ben Yedder - La Diagonale","robots":{"index":"index","follow":"follow","max-snippet":"max-snippet:-1","max-image-preview":"max-image-preview:large","max-video-preview":"max-video-preview:-1"},"canonical":"https:\/\/www.ladiagonale.net\/index.php\/2022\/09\/30\/mitchell-evasif-sur-une-prolongation-de-ben-yedder\/","og_locale":"fr_FR","og_type":"article","og_title":"Mitchell \u00e9vasif sur une prolongation de Ben Yedder - La Diagonale","og_description":"Le cas de Wissam Ben Yedder fait couler beaucoup d\u2019encre depuis le d\u00e9but de saison. Entre son manque de performance depuis la reprise, sa frustration affich\u00e9e \u00e0 Nice et sa non-s\u00e9lection en \u00c9quipe de France, les signaux ne sont pas au vert pour le capitaine as\u00e9miste. Et la question de sa prolongation, lui qui arrive [...]","og_url":"https:\/\/www.ladiagonale.net\/index.php\/2022\/09\/30\/mitchell-evasif-sur-une-prolongation-de-ben-yedder\/","og_site_name":"La Diagonale","article_published_time":"2022-09-30T10:04:00+00:00","article_modified_time":"2022-10-03T22:13:47+00:00","author":"Damien Dellerba","twitter_card":"summary_large_image","twitter_misc":{"\u00c9crit par":"Damien Dellerba","Dur\u00e9e de lecture estim\u00e9e":"2 minutes"},"schema":{"@context":"https:\/\/schema.org","@graph":[{"@type":"WebPage","@id":"https:\/\/www.ladiagonale.net\/index.php\/2022\/09\/30\/mitchell-evasif-sur-une-prolongation-de-ben-yedder\/","url":"https:\/\/www.ladiagonale.net\/index.php\/2022\/09\/30\/mitchell-evasif-sur-une-prolongation-de-ben-yedder\/","name":"Mitchell \u00e9vasif sur une prolongation de Ben Yedder - La Diagonale","isPartOf":{"@id":"https:\/\/www.ladiagonale.net\/#website"},"datePublished":"2022-09-30T10:04:00+00:00","dateModified":"2022-10-03T22:13:47+00:00","author":{"@id":"https:\/\/www.ladiagonale.net\/#\/schema\/person\/79ff1e7b0853ed01b2aa26e64ad300bf"},"breadcrumb":{"@id":"https:\/\/www.ladiagonale.net\/index.php\/2022\/09\/30\/mitchell-evasif-sur-une-prolongation-de-ben-yedder\/#breadcrumb"},"inLanguage":"fr-FR","potentialAction":[{"@type":"ReadAction","target":["https:\/\/www.ladiagonale.net\/index.php\/2022\/09\/30\/mitchell-evasif-sur-une-prolongation-de-ben-yedder\/"]}]},{"@type":"BreadcrumbList","@id":"https:\/\/www.ladiagonale.net\/index.php\/2022\/09\/30\/mitchell-evasif-sur-une-prolongation-de-ben-yedder\/#breadcrumb","itemListElement":[{"@type":"ListItem","position":1,"name":"Accueil","item":"https:\/\/www.ladiagonale.net\/"},{"@type":"ListItem","position":2,"name":"Mitchell \u00e9vasif sur une prolongation de Ben Yedder"}]},{"@type":"WebSite","@id":"https:\/\/www.ladiagonale.net\/#website","url":"https:\/\/www.ladiagonale.net\/","name":"La Diagonale","description":"Le site des supporters de l&#039;AS Monaco FC","potentialAction":[{"@type":"SearchAction","target":{"@type":"EntryPoint","urlTemplate":"https:\/\/www.ladiagonale.net\/?s={search_term_string}"},"query-input":"required name=search_term_string"}],"inLanguage":"fr-FR"},{"@type":"Person","@id":"https:\/\/www.ladiagonale.net\/#\/schema\/person\/79ff1e7b0853ed01b2aa26e64ad300bf","name":"Damien Dellerba","image":{"@type":"ImageObject","inLanguage":"fr-FR","@id":"https:\/\/www.ladiagonale.net\/#\/schema\/person\/image\/","url":"https:\/\/secure.gravatar.com\/avatar\/c7850e06d3ff63cdbaee88b7fc16e2f0?s=96&d=mm&r=g","contentUrl":"https:\/\/secure.gravatar.com\/avatar\/c7850e06d3ff63cdbaee88b7fc16e2f0?s=96&d=mm&r=g","caption":"Damien Dellerba"},"url":"https:\/\/www.ladiagonale.net\/index.php\/author\/damien\/"}]}},"_links":{"self":[{"href":"https:\/\/www.ladiagonale.net\/index.php\/wp-json\/wp\/v2\/posts\/4832"}],"collection":[{"href":"https:\/\/www.ladiagonale.net\/index.php\/wp-json\/wp\/v2\/posts"}],"about":[{"href":"https:\/\/www.ladiagonale.net\/index.php\/wp-json\/wp\/v2\/types\/post"}],"author":[{"embeddable":true,"href":"https:\/\/www.ladiagonale.net\/index.php\/wp-json\/wp\/v2\/users\/2"}],"replies":[{"embeddable":true,"href":"https:\/\/www.ladiagonale.net\/index.php\/wp-json\/wp\/v2\/comments?post=4832"}],"version-history":[{"count":1,"href":"https:\/\/www.ladiagonale.net\/index.php\/wp-json\/wp\/v2\/posts\/4832\/revisions"}],"predecessor-version":[{"id":4833,"href":"https:\/\/www.ladiagonale.net\/index.php\/wp-json\/wp\/v2\/posts\/4832\/revisions\/4833"}],"wp:attachment":[{"href":"https:\/\/www.ladiagonale.net\/index.php\/wp-json\/wp\/v2\/media?parent=4832"}],"wp:term":[{"taxonomy":"category","embeddable":true,"href":"https:\/\/www.ladiagonale.net\/index.php\/wp-json\/wp\/v2\/categories?post=4832"},{"taxonomy":"post_tag","embeddable":true,"href":"https:\/\/www.ladiagonale.net\/index.php\/wp-json\/wp\/v2\/tags?post=4832"}],"curies":[{"name":"wp","href":"https:\/\/api.w.org\/{rel}","templated":true}]}}