{"id":4847,"date":"2022-10-01T03:20:00","date_gmt":"2022-10-01T01:20:00","guid":{"rendered":"https:\/\/www.ladiagonale.net\/?p=4847"},"modified":"2022-10-04T00:26:37","modified_gmt":"2022-10-03T22:26:37","slug":"travaux-entrainements-ce-quil-faut-retenir-de-la-rencontre-abonnes","status":"publish","type":"post","link":"https:\/\/www.ladiagonale.net\/index.php\/2022\/10\/01\/travaux-entrainements-ce-quil-faut-retenir-de-la-rencontre-abonnes\/","title":{"rendered":"Travaux, entra\u00eenements,\u2026 : ce qu\u2019il faut retenir de la rencontre abonn\u00e9s"},"content":{"rendered":"\n\n\n<p>Ce vendredi a eu lieu la rencontre abonn\u00e9s, organis\u00e9e au <em>Meridien Beach Plaza<\/em>. Pr\u00e8s de 250 personnes s\u2019y sont press\u00e9es afin de rencontrer Jean-Emmanuel de Witt, le Directeur g\u00e9n\u00e9ral de l\u2019AS Monaco, Paul Mitchell, le directeur sportif et Philippe Clement, l\u2019entra\u00eeneur. Divers sujets ont \u00e9t\u00e9 abord\u00e9s, au gr\u00e9 des questions de l\u2019assembl\u00e9e. <em>La Diagonale<\/em> fait le point sur les principales informations qu\u2019il faut retenir de l\u2019\u00e9v\u00e8nement.<\/p>\n\n\n\n<p><strong>Travaux du stade Louis-II : il faudra s\u2019armer de patience<\/strong><\/p>\n\n\n\n<p>Le chantier du stade Louis-II n\u2019en est qu\u2019\u00e0 ses pr\u00e9mices et pourrait bien s\u2019\u00e9tendre sur une dizaine d\u2019ann\u00e9es, comme cela avait \u00e9t\u00e9 rapport\u00e9 dans le dossier de <em>Nice-Matin<\/em> (<a href=\"https:\/\/www.ladiagonale.net\/news-2122-stade-vetuste-sieges-rouges-et-blancs-le-gouvernement-repond\">lire par ailleurs<\/a>) et Jean-Emmanuel de Witt l\u2019a confirm\u00e9. Toutefois, le Directeur g\u00e9n\u00e9ral de l\u2019AS Monaco a rassur\u00e9 sur la volont\u00e9 de la Principaut\u00e9 de proc\u00e9der \u00e0 de lourds investissements : \u00ab&nbsp;<em>Je sens une vraie envie du Gouvernement de faire du stade une r\u00e9f\u00e9rence europ\u00e9enne.<\/em>&nbsp;\u00bb<\/p>\n\n\n\n<p>Si les travaux structurels seront \u00e9tal\u00e9s dans le temps, des travaux de moindre envergure peuvent toujours \u00eatre envisag\u00e9s, notamment sur des points devenus sensibles : \u00ab&nbsp;<em>Si les travaux ne commencent pas tout de suite, \u00e7a ne veut pas dire qu\u2019on ne peut rien faire<\/em>, a-t-il comment\u00e9. <em>Il y a des travaux de signal\u00e9tique, de buvettes, qui peuvent \u00eatre faits avant.<\/em>&nbsp;\u00bb<\/p>\n\n\n\n<p><strong>Un Centre de Performance qui fait envie<\/strong><\/p>\n\n\n\n<p>Pour pr\u00e8s de 55 millions d\u2019euros, l\u2019AS Monaco s\u2019est dot\u00e9 d\u2019un centre d\u2019entra\u00eenement dernier cri. Tout est mis \u00e0 disposition pour les joueurs afin d\u2019optimiser la performance et pour Paul Mitchell, les joueurs ne peuvent pas avoir d\u2019excuses au manque de performance. Du reste, \u00ab&nbsp;<em>toutes les \u00e9quipes devraient avoir un centre de cette qualit\u00e9<\/em>&nbsp;\u00bb, a-t-il affirm\u00e9, et selon lui, celles qui ont d\u00e9j\u00e0 rendu visite \u00e0 l\u2019ASM en ont \u00e9t\u00e9 vertes de jalousie.<\/p>\n\n\n\n<p>Plus important, le Centre de Performance semble \u00eatre devenu un outil de s\u00e9duction pour convaincre les joueurs, comme en a t\u00e9moign\u00e9 Philippe Clement : \u00ab&nbsp;<em>Durant le mercato, on n\u2019est pas les seuls \u00e0 chercher de bons joueurs. Les installations sont un v\u00e9ritable atout pour attirer un joueur. Embolo et Camara ont \u00e9t\u00e9 impressionn\u00e9s.<\/em>&nbsp;\u00bb<\/p>\n\n\n\n<p><strong>Du public \u00e0 La Turbie : une ouverture en douceur<\/strong><\/p>\n\n\n\n<p>Le Centre de Performance de La Turbie a \u00e9t\u00e9 r\u00e9cemment inaugur\u00e9 en grande pompe mais assez tardivement par rapport \u00e0 la livraison du b\u00e2timent et \u00e0 son d\u00e9but d\u2019utilisation par le groupe professionnel. La raison ? La finalisation de la construction d\u2019une tribune permettant l\u2019accueil du public pour certaines s\u00e9ances d\u2019entra\u00eenement.<\/p>\n\n\n\n<p>\u00ab&nbsp;<em>Oui c\u2019est l\u2019objectif du club. On a construit une tribune, c\u2019est pour vous accueillir, c\u2019est aussi un peu chez vous<\/em>&nbsp;\u00bb, a confi\u00e9 Jean-Emmanuel de Witt. Avant d\u2019ajouter que les \u00e9quipes de jeunes seraient \u00e9galement ravies de voir de nombreux supporters assister \u00e0 leurs matchs au Centre de Performance.<\/p>\n\n\n\n<p><strong>Monaco s\u2019investit avec la LFP<\/strong><\/p>\n\n\n\n<p>L\u2019AS Monaco, via son vice-pr\u00e9sident Oleg Petrov, est membre du conseil d\u2019administration de Ligue de football professionnel et y est active : \u00ab&nbsp;<em>Nous sommes partie prenante de toutes les d\u00e9cisions prises par la Ligue. On fait beaucoup, Philppe (Clement) est impliqu\u00e9, je le suis. On n\u2019obtient pas tout, certaines fois il y a de la frustration, mais on est pr\u00e9sents.<\/em>&nbsp;\u00bb<\/p>\n\n\n\n<p><strong>Mercato : Diop voulait partir<\/strong><\/p>\n\n\n\n<p>Le mercato a vu le d\u00e9part de Sofiane Diop pour l\u2019OGC Nice, ce qui n\u2019a pas forc\u00e9ment plu \u00e0 certains supporters. En conf\u00e9rence de presse, Philippe Clement avait expliqu\u00e9 que ce d\u00e9part \u00e9tait le choix de Diop, ce qu\u2019il a tenu \u00e0 redire : \u00ab&nbsp;<em>On voulait le garder dans la s\u00e9lection. Il y a beaucoup de concurrence. Sofiane voulait partir, il l\u2019a dit \u00e0 Paul et \u00e0 moi. On peut se battre mais un club voulait mettre beaucoup d\u2019argent et Akliouche n\u2019aurait pas eu autant de temps si Sofiane \u00e9tait rest\u00e9.<\/em>&nbsp;\u00bb<\/p>\n\n\n\n<p>Diop \u00e9tait d\u00e9\u00e7u de son faible temps de jeu l\u2019an dernier : \u00ab&nbsp;<em>En fin de saison, je n\u2019ai pas fait beaucoup de rotation. On ne jouait pas souvent et ce n\u2019\u00e9tait pas le moment de faire des changements. Sofiane \u00e9tait d\u00e9\u00e7u. Le contact est toujours bon. Quand il a sign\u00e9 \u00e0 Nice, il m\u2019a appel\u00e9 pour me dire que c\u2019\u00e9tait bien pour lui. Des fois, on n\u2019est pas seulement un entra\u00eeneur mais un \u00eatre humain aussi<\/em>&nbsp;\u00bb<\/p>\n\n\n\n<p>Et Paul Mitchell d\u2019embrayer : \u00ab&nbsp;<em>L\u2019important, c\u2019est que les joueurs veuillent jouer pour le club. Vous vouliez des joueurs motiv\u00e9s qui mouillent le maillot, donc \u00e0 partir du moment o\u00f9 un joueur insiste pour partir, il ne faut pas le retenir.<\/em>&nbsp;\u00bb<\/p>\n","protected":false},"excerpt":{"rendered":"<p>Ce vendredi a eu lieu la rencontre abonn\u00e9s, organis\u00e9e au Meridien Beach Plaza. Pr\u00e8s de 250 personnes s\u2019y sont press\u00e9es afin de rencontrer Jean-Emmanuel de Witt, le Directeur g\u00e9n\u00e9ral de l\u2019AS Monaco, Paul Mitchell, le directeur sportif et Philippe Clement, l\u2019entra\u00eeneur. Divers sujets ont \u00e9t\u00e9 abord\u00e9s, au gr\u00e9 des questions de l\u2019assembl\u00e9e. La Diagonale fait [&#8230;]\n","protected":false},"author":2,"featured_media":0,"comment_status":"open","ping_status":"open","sticky":false,"template":"","format":"standard","meta":[],"categories":[6],"tags":[199,192,191,200,201,152,153],"yoast_head":"<!-- This site is optimized with the Yoast SEO plugin v19.8 - https:\/\/yoast.com\/wordpress\/plugins\/seo\/ -->\n<title>Travaux, entra\u00eenements,\u2026 : ce qu\u2019il faut retenir de la rencontre abonn\u00e9s - La Diagonale<\/title>\n<meta name=\"robots\" content=\"index, follow, max-snippet:-1, max-image-preview:large, max-video-preview:-1\" \/>\n<link rel=\"canonical\" href=\"https:\/\/www.ladiagonale.net\/index.php\/2022\/10\/01\/travaux-entrainements-ce-quil-faut-retenir-de-la-rencontre-abonnes\/\" \/>\n<meta property=\"og:locale\" content=\"fr_FR\" \/>\n<meta property=\"og:type\" content=\"article\" \/>\n<meta property=\"og:title\" content=\"Travaux, entra\u00eenements,\u2026 : ce qu\u2019il faut retenir de la rencontre abonn\u00e9s - La Diagonale\" \/>\n<meta property=\"og:description\" content=\"Ce vendredi a eu lieu la rencontre abonn\u00e9s, organis\u00e9e au Meridien Beach Plaza. Pr\u00e8s de 250 personnes s\u2019y sont press\u00e9es afin de rencontrer Jean-Emmanuel de Witt, le Directeur g\u00e9n\u00e9ral de l\u2019AS Monaco, Paul Mitchell, le directeur sportif et Philippe Clement, l\u2019entra\u00eeneur. Divers sujets ont \u00e9t\u00e9 abord\u00e9s, au gr\u00e9 des questions de l\u2019assembl\u00e9e. La Diagonale fait [...]\" \/>\n<meta property=\"og:url\" content=\"https:\/\/www.ladiagonale.net\/index.php\/2022\/10\/01\/travaux-entrainements-ce-quil-faut-retenir-de-la-rencontre-abonnes\/\" \/>\n<meta property=\"og:site_name\" content=\"La Diagonale\" \/>\n<meta property=\"article:published_time\" content=\"2022-10-01T01:20:00+00:00\" \/>\n<meta property=\"article:modified_time\" content=\"2022-10-03T22:26:37+00:00\" \/>\n<meta name=\"author\" content=\"Damien Dellerba\" \/>\n<meta name=\"twitter:card\" content=\"summary_large_image\" \/>\n<meta name=\"twitter:label1\" content=\"\u00c9crit par\" \/>\n\t<meta name=\"twitter:data1\" content=\"Damien Dellerba\" \/>\n\t<meta name=\"twitter:label2\" content=\"Dur\u00e9e de lecture estim\u00e9e\" \/>\n\t<meta name=\"twitter:data2\" content=\"4 minutes\" \/>\n<script type=\"application\/ld+json\" class=\"yoast-schema-graph\">{\"@context\":\"https:\/\/schema.org\",\"@graph\":[{\"@type\":\"WebPage\",\"@id\":\"https:\/\/www.ladiagonale.net\/index.php\/2022\/10\/01\/travaux-entrainements-ce-quil-faut-retenir-de-la-rencontre-abonnes\/\",\"url\":\"https:\/\/www.ladiagonale.net\/index.php\/2022\/10\/01\/travaux-entrainements-ce-quil-faut-retenir-de-la-rencontre-abonnes\/\",\"name\":\"Travaux, entra\u00eenements,\u2026 : ce qu\u2019il faut retenir de la rencontre abonn\u00e9s - La Diagonale\",\"isPartOf\":{\"@id\":\"https:\/\/www.ladiagonale.net\/#website\"},\"datePublished\":\"2022-10-01T01:20:00+00:00\",\"dateModified\":\"2022-10-03T22:26:37+00:00\",\"author\":{\"@id\":\"https:\/\/www.ladiagonale.net\/#\/schema\/person\/79ff1e7b0853ed01b2aa26e64ad300bf\"},\"breadcrumb\":{\"@id\":\"https:\/\/www.ladiagonale.net\/index.php\/2022\/10\/01\/travaux-entrainements-ce-quil-faut-retenir-de-la-rencontre-abonnes\/#breadcrumb\"},\"inLanguage\":\"fr-FR\",\"potentialAction\":[{\"@type\":\"ReadAction\",\"target\":[\"https:\/\/www.ladiagonale.net\/index.php\/2022\/10\/01\/travaux-entrainements-ce-quil-faut-retenir-de-la-rencontre-abonnes\/\"]}]},{\"@type\":\"BreadcrumbList\",\"@id\":\"https:\/\/www.ladiagonale.net\/index.php\/2022\/10\/01\/travaux-entrainements-ce-quil-faut-retenir-de-la-rencontre-abonnes\/#breadcrumb\",\"itemListElement\":[{\"@type\":\"ListItem\",\"position\":1,\"name\":\"Accueil\",\"item\":\"https:\/\/www.ladiagonale.net\/\"},{\"@type\":\"ListItem\",\"position\":2,\"name\":\"Travaux, entra\u00eenements,\u2026 : ce qu\u2019il faut retenir de la rencontre abonn\u00e9s\"}]},{\"@type\":\"WebSite\",\"@id\":\"https:\/\/www.ladiagonale.net\/#website\",\"url\":\"https:\/\/www.ladiagonale.net\/\",\"name\":\"La Diagonale\",\"description\":\"Le site des supporters de l&#039;AS Monaco FC\",\"potentialAction\":[{\"@type\":\"SearchAction\",\"target\":{\"@type\":\"EntryPoint\",\"urlTemplate\":\"https:\/\/www.ladiagonale.net\/?s={search_term_string}\"},\"query-input\":\"required name=search_term_string\"}],\"inLanguage\":\"fr-FR\"},{\"@type\":\"Person\",\"@id\":\"https:\/\/www.ladiagonale.net\/#\/schema\/person\/79ff1e7b0853ed01b2aa26e64ad300bf\",\"name\":\"Damien Dellerba\",\"image\":{\"@type\":\"ImageObject\",\"inLanguage\":\"fr-FR\",\"@id\":\"https:\/\/www.ladiagonale.net\/#\/schema\/person\/image\/\",\"url\":\"https:\/\/secure.gravatar.com\/avatar\/c7850e06d3ff63cdbaee88b7fc16e2f0?s=96&d=mm&r=g\",\"contentUrl\":\"https:\/\/secure.gravatar.com\/avatar\/c7850e06d3ff63cdbaee88b7fc16e2f0?s=96&d=mm&r=g\",\"caption\":\"Damien Dellerba\"},\"url\":\"https:\/\/www.ladiagonale.net\/index.php\/author\/damien\/\"}]}<\/script>\n<!-- \/ Yoast SEO plugin. -->","yoast_head_json":{"title":"Travaux, entra\u00eenements,\u2026 : ce qu\u2019il faut retenir de la rencontre abonn\u00e9s - La Diagonale","robots":{"index":"index","follow":"follow","max-snippet":"max-snippet:-1","max-image-preview":"max-image-preview:large","max-video-preview":"max-video-preview:-1"},"canonical":"https:\/\/www.ladiagonale.net\/index.php\/2022\/10\/01\/travaux-entrainements-ce-quil-faut-retenir-de-la-rencontre-abonnes\/","og_locale":"fr_FR","og_type":"article","og_title":"Travaux, entra\u00eenements,\u2026 : ce qu\u2019il faut retenir de la rencontre abonn\u00e9s - La Diagonale","og_description":"Ce vendredi a eu lieu la rencontre abonn\u00e9s, organis\u00e9e au Meridien Beach Plaza. Pr\u00e8s de 250 personnes s\u2019y sont press\u00e9es afin de rencontrer Jean-Emmanuel de Witt, le Directeur g\u00e9n\u00e9ral de l\u2019AS Monaco, Paul Mitchell, le directeur sportif et Philippe Clement, l\u2019entra\u00eeneur. Divers sujets ont \u00e9t\u00e9 abord\u00e9s, au gr\u00e9 des questions de l\u2019assembl\u00e9e. La Diagonale fait [...]","og_url":"https:\/\/www.ladiagonale.net\/index.php\/2022\/10\/01\/travaux-entrainements-ce-quil-faut-retenir-de-la-rencontre-abonnes\/","og_site_name":"La Diagonale","article_published_time":"2022-10-01T01:20:00+00:00","article_modified_time":"2022-10-03T22:26:37+00:00","author":"Damien Dellerba","twitter_card":"summary_large_image","twitter_misc":{"\u00c9crit par":"Damien Dellerba","Dur\u00e9e de lecture estim\u00e9e":"4 minutes"},"schema":{"@context":"https:\/\/schema.org","@graph":[{"@type":"WebPage","@id":"https:\/\/www.ladiagonale.net\/index.php\/2022\/10\/01\/travaux-entrainements-ce-quil-faut-retenir-de-la-rencontre-abonnes\/","url":"https:\/\/www.ladiagonale.net\/index.php\/2022\/10\/01\/travaux-entrainements-ce-quil-faut-retenir-de-la-rencontre-abonnes\/","name":"Travaux, entra\u00eenements,\u2026 : ce qu\u2019il faut retenir de la rencontre abonn\u00e9s - La Diagonale","isPartOf":{"@id":"https:\/\/www.ladiagonale.net\/#website"},"datePublished":"2022-10-01T01:20:00+00:00","dateModified":"2022-10-03T22:26:37+00:00","author":{"@id":"https:\/\/www.ladiagonale.net\/#\/schema\/person\/79ff1e7b0853ed01b2aa26e64ad300bf"},"breadcrumb":{"@id":"https:\/\/www.ladiagonale.net\/index.php\/2022\/10\/01\/travaux-entrainements-ce-quil-faut-retenir-de-la-rencontre-abonnes\/#breadcrumb"},"inLanguage":"fr-FR","potentialAction":[{"@type":"ReadAction","target":["https:\/\/www.ladiagonale.net\/index.php\/2022\/10\/01\/travaux-entrainements-ce-quil-faut-retenir-de-la-rencontre-abonnes\/"]}]},{"@type":"BreadcrumbList","@id":"https:\/\/www.ladiagonale.net\/index.php\/2022\/10\/01\/travaux-entrainements-ce-quil-faut-retenir-de-la-rencontre-abonnes\/#breadcrumb","itemListElement":[{"@type":"ListItem","position":1,"name":"Accueil","item":"https:\/\/www.ladiagonale.net\/"},{"@type":"ListItem","position":2,"name":"Travaux, entra\u00eenements,\u2026 : ce qu\u2019il faut retenir de la rencontre abonn\u00e9s"}]},{"@type":"WebSite","@id":"https:\/\/www.ladiagonale.net\/#website","url":"https:\/\/www.ladiagonale.net\/","name":"La Diagonale","description":"Le site des supporters de l&#039;AS Monaco FC","potentialAction":[{"@type":"SearchAction","target":{"@type":"EntryPoint","urlTemplate":"https:\/\/www.ladiagonale.net\/?s={search_term_string}"},"query-input":"required name=search_term_string"}],"inLanguage":"fr-FR"},{"@type":"Person","@id":"https:\/\/www.ladiagonale.net\/#\/schema\/person\/79ff1e7b0853ed01b2aa26e64ad300bf","name":"Damien Dellerba","image":{"@type":"ImageObject","inLanguage":"fr-FR","@id":"https:\/\/www.ladiagonale.net\/#\/schema\/person\/image\/","url":"https:\/\/secure.gravatar.com\/avatar\/c7850e06d3ff63cdbaee88b7fc16e2f0?s=96&d=mm&r=g","contentUrl":"https:\/\/secure.gravatar.com\/avatar\/c7850e06d3ff63cdbaee88b7fc16e2f0?s=96&d=mm&r=g","caption":"Damien Dellerba"},"url":"https:\/\/www.ladiagonale.net\/index.php\/author\/damien\/"}]}},"_links":{"self":[{"href":"https:\/\/www.ladiagonale.net\/index.php\/wp-json\/wp\/v2\/posts\/4847"}],"collection":[{"href":"https:\/\/www.ladiagonale.net\/index.php\/wp-json\/wp\/v2\/posts"}],"about":[{"href":"https:\/\/www.ladiagonale.net\/index.php\/wp-json\/wp\/v2\/types\/post"}],"author":[{"embeddable":true,"href":"https:\/\/www.ladiagonale.net\/index.php\/wp-json\/wp\/v2\/users\/2"}],"replies":[{"embeddable":true,"href":"https:\/\/www.ladiagonale.net\/index.php\/wp-json\/wp\/v2\/comments?post=4847"}],"version-history":[{"count":1,"href":"https:\/\/www.ladiagonale.net\/index.php\/wp-json\/wp\/v2\/posts\/4847\/revisions"}],"predecessor-version":[{"id":4848,"href":"https:\/\/www.ladiagonale.net\/index.php\/wp-json\/wp\/v2\/posts\/4847\/revisions\/4848"}],"wp:attachment":[{"href":"https:\/\/www.ladiagonale.net\/index.php\/wp-json\/wp\/v2\/media?parent=4847"}],"wp:term":[{"taxonomy":"category","embeddable":true,"href":"https:\/\/www.ladiagonale.net\/index.php\/wp-json\/wp\/v2\/categories?post=4847"},{"taxonomy":"post_tag","embeddable":true,"href":"https:\/\/www.ladiagonale.net\/index.php\/wp-json\/wp\/v2\/tags?post=4847"}],"curies":[{"name":"wp","href":"https:\/\/api.w.org\/{rel}","templated":true}]}}