{"id":4858,"date":"2022-10-02T00:50:00","date_gmt":"2022-10-01T22:50:00","guid":{"rendered":"https:\/\/www.ladiagonale.net\/?p=4858"},"modified":"2022-10-04T01:08:45","modified_gmt":"2022-10-03T23:08:45","slug":"les-u17-ne-sarretent-plus-2","status":"publish","type":"post","link":"https:\/\/www.ladiagonale.net\/index.php\/2022\/10\/02\/les-u17-ne-sarretent-plus-2\/","title":{"rendered":"Les U17 ne s\u2019arr\u00eatent plus"},"content":{"rendered":"\n\n\n<p>Quelques jours seulement apr\u00e8s avoir battu le Gaz\u00e9lec Ajaccio (<a href=\"https:\/\/www.ladiagonale.net\/news-2127-les-u17-trop-forts-pour-le-gazelec\">lire par ailleurs<\/a>), les U17 de Manu Dos Santos ont battu le troisi\u00e8me du classement, Castelnau-Le Cr\u00e8s (2-3). Un cinqui\u00e8me succ\u00e8s de rang acquis gr\u00e2ce \u00e0 un doubl\u00e9 de Nacim Dendani et une r\u00e9alisation de Joan Tincres. Les deux \u00e9quipes ont toutefois termin\u00e9 la rencontre \u00e0 dix.<\/p>\n\n\n\n<p>Les jeunes Rouge et Blanc ont tout de m\u00eame r\u00e9ussi \u00e0 se faire peur en fin de match, apr\u00e8s avoir men\u00e9 de trois buts. En premi\u00e8re p\u00e9riode, Nacim Dendani a ouvert le score (32e) et fait le break seulement quelques minutes plus tard (38e). L\u2019attaquant mon\u00e9gasque a sign\u00e9 ses neuvi\u00e8me et dixi\u00e8me buts de la saison et son quatri\u00e8me doubl\u00e9 en sept rencontres de championnat.<\/p>\n\n\n\n<p>Juste avant la pause, Castelnau s\u2019est retrouv\u00e9 \u00e0 10 mais Diagana a \u00e9galement \u00e9t\u00e9 expuls\u00e9 du c\u00f4t\u00e9 de Monaco, ne permettant pas \u00e0 l&rsquo;ASM de profiter de sa sup\u00e9riorit\u00e9 num\u00e9rique (46e). \u00c0 l\u2019heure de jeu, Tincres a inscrit le troisi\u00e8me but des As\u00e9mistes. Un but important puisqu\u2019en fin de rencontre, les Languedociens r\u00e9duiront la marque (75e, 90e), occasionnant une petite frayeur aux Mon\u00e9gasques.<\/p>\n\n\n\n<p>Au classement, Monaco conforte sa premi\u00e8re place, cinq points devant l\u2019AS Saint-\u00c9tienne. Mais l\u2019ASM a surtout jou\u00e9 deux matchs de plus que les St\u00e9phanois. Si les <em>Verts<\/em> venaient \u00e0 remporter leurs deux prochaines confrontations, ils repasseraient ainsi devant les jeunes pousses mon\u00e9gasques.<\/p>\n\n\n\n<p><strong>Composition :<\/strong> Schulz &#8211; Coudour, Karsenty, Moumen (Silvente, 57e) &#8211; R\u00e9mion, Cabral, Diagana, Bamba, Tour\u00e9 &#8211; Dendani (L. Sylla, 70e), Tincres (Dodo, 87e).<\/p>\n","protected":false},"excerpt":{"rendered":"<p>Quelques jours seulement apr\u00e8s avoir battu le Gaz\u00e9lec Ajaccio (lire par ailleurs), les U17 de Manu Dos Santos ont battu le troisi\u00e8me du classement, Castelnau-Le Cr\u00e8s (2-3). Un cinqui\u00e8me succ\u00e8s de rang acquis gr\u00e2ce \u00e0 un doubl\u00e9 de Nacim Dendani et une r\u00e9alisation de Joan Tincres. Les deux \u00e9quipes ont toutefois termin\u00e9 la rencontre \u00e0 [&#8230;]\n","protected":false},"author":2,"featured_media":0,"comment_status":"open","ping_status":"open","sticky":false,"template":"","format":"standard","meta":[],"categories":[6],"tags":[205,204,130],"yoast_head":"<!-- This site is optimized with the Yoast SEO plugin v19.8 - https:\/\/yoast.com\/wordpress\/plugins\/seo\/ -->\n<title>Les U17 ne s\u2019arr\u00eatent plus - La Diagonale<\/title>\n<meta name=\"robots\" content=\"index, follow, max-snippet:-1, max-image-preview:large, max-video-preview:-1\" \/>\n<link rel=\"canonical\" href=\"https:\/\/www.ladiagonale.net\/index.php\/2022\/10\/02\/les-u17-ne-sarretent-plus-2\/\" \/>\n<meta property=\"og:locale\" content=\"fr_FR\" \/>\n<meta property=\"og:type\" content=\"article\" \/>\n<meta property=\"og:title\" content=\"Les U17 ne s\u2019arr\u00eatent plus - La Diagonale\" \/>\n<meta property=\"og:description\" content=\"Quelques jours seulement apr\u00e8s avoir battu le Gaz\u00e9lec Ajaccio (lire par ailleurs), les U17 de Manu Dos Santos ont battu le troisi\u00e8me du classement, Castelnau-Le Cr\u00e8s (2-3). Un cinqui\u00e8me succ\u00e8s de rang acquis gr\u00e2ce \u00e0 un doubl\u00e9 de Nacim Dendani et une r\u00e9alisation de Joan Tincres. Les deux \u00e9quipes ont toutefois termin\u00e9 la rencontre \u00e0 [...]\" \/>\n<meta property=\"og:url\" content=\"https:\/\/www.ladiagonale.net\/index.php\/2022\/10\/02\/les-u17-ne-sarretent-plus-2\/\" \/>\n<meta property=\"og:site_name\" content=\"La Diagonale\" \/>\n<meta property=\"article:published_time\" content=\"2022-10-01T22:50:00+00:00\" \/>\n<meta property=\"article:modified_time\" content=\"2022-10-03T23:08:45+00:00\" \/>\n<meta name=\"author\" content=\"Damien Dellerba\" \/>\n<meta name=\"twitter:card\" content=\"summary_large_image\" \/>\n<meta name=\"twitter:label1\" content=\"\u00c9crit par\" \/>\n\t<meta name=\"twitter:data1\" content=\"Damien Dellerba\" \/>\n\t<meta name=\"twitter:label2\" content=\"Dur\u00e9e de lecture estim\u00e9e\" \/>\n\t<meta name=\"twitter:data2\" content=\"1 minute\" \/>\n<script type=\"application\/ld+json\" class=\"yoast-schema-graph\">{\"@context\":\"https:\/\/schema.org\",\"@graph\":[{\"@type\":\"WebPage\",\"@id\":\"https:\/\/www.ladiagonale.net\/index.php\/2022\/10\/02\/les-u17-ne-sarretent-plus-2\/\",\"url\":\"https:\/\/www.ladiagonale.net\/index.php\/2022\/10\/02\/les-u17-ne-sarretent-plus-2\/\",\"name\":\"Les U17 ne s\u2019arr\u00eatent plus - La Diagonale\",\"isPartOf\":{\"@id\":\"https:\/\/www.ladiagonale.net\/#website\"},\"datePublished\":\"2022-10-01T22:50:00+00:00\",\"dateModified\":\"2022-10-03T23:08:45+00:00\",\"author\":{\"@id\":\"https:\/\/www.ladiagonale.net\/#\/schema\/person\/79ff1e7b0853ed01b2aa26e64ad300bf\"},\"breadcrumb\":{\"@id\":\"https:\/\/www.ladiagonale.net\/index.php\/2022\/10\/02\/les-u17-ne-sarretent-plus-2\/#breadcrumb\"},\"inLanguage\":\"fr-FR\",\"potentialAction\":[{\"@type\":\"ReadAction\",\"target\":[\"https:\/\/www.ladiagonale.net\/index.php\/2022\/10\/02\/les-u17-ne-sarretent-plus-2\/\"]}]},{\"@type\":\"BreadcrumbList\",\"@id\":\"https:\/\/www.ladiagonale.net\/index.php\/2022\/10\/02\/les-u17-ne-sarretent-plus-2\/#breadcrumb\",\"itemListElement\":[{\"@type\":\"ListItem\",\"position\":1,\"name\":\"Accueil\",\"item\":\"https:\/\/www.ladiagonale.net\/\"},{\"@type\":\"ListItem\",\"position\":2,\"name\":\"Les U17 ne s\u2019arr\u00eatent plus\"}]},{\"@type\":\"WebSite\",\"@id\":\"https:\/\/www.ladiagonale.net\/#website\",\"url\":\"https:\/\/www.ladiagonale.net\/\",\"name\":\"La Diagonale\",\"description\":\"Le site des supporters de l&#039;AS Monaco FC\",\"potentialAction\":[{\"@type\":\"SearchAction\",\"target\":{\"@type\":\"EntryPoint\",\"urlTemplate\":\"https:\/\/www.ladiagonale.net\/?s={search_term_string}\"},\"query-input\":\"required name=search_term_string\"}],\"inLanguage\":\"fr-FR\"},{\"@type\":\"Person\",\"@id\":\"https:\/\/www.ladiagonale.net\/#\/schema\/person\/79ff1e7b0853ed01b2aa26e64ad300bf\",\"name\":\"Damien Dellerba\",\"image\":{\"@type\":\"ImageObject\",\"inLanguage\":\"fr-FR\",\"@id\":\"https:\/\/www.ladiagonale.net\/#\/schema\/person\/image\/\",\"url\":\"https:\/\/secure.gravatar.com\/avatar\/c7850e06d3ff63cdbaee88b7fc16e2f0?s=96&d=mm&r=g\",\"contentUrl\":\"https:\/\/secure.gravatar.com\/avatar\/c7850e06d3ff63cdbaee88b7fc16e2f0?s=96&d=mm&r=g\",\"caption\":\"Damien Dellerba\"},\"url\":\"https:\/\/www.ladiagonale.net\/index.php\/author\/damien\/\"}]}<\/script>\n<!-- \/ Yoast SEO plugin. -->","yoast_head_json":{"title":"Les U17 ne s\u2019arr\u00eatent plus - La Diagonale","robots":{"index":"index","follow":"follow","max-snippet":"max-snippet:-1","max-image-preview":"max-image-preview:large","max-video-preview":"max-video-preview:-1"},"canonical":"https:\/\/www.ladiagonale.net\/index.php\/2022\/10\/02\/les-u17-ne-sarretent-plus-2\/","og_locale":"fr_FR","og_type":"article","og_title":"Les U17 ne s\u2019arr\u00eatent plus - La Diagonale","og_description":"Quelques jours seulement apr\u00e8s avoir battu le Gaz\u00e9lec Ajaccio (lire par ailleurs), les U17 de Manu Dos Santos ont battu le troisi\u00e8me du classement, Castelnau-Le Cr\u00e8s (2-3). Un cinqui\u00e8me succ\u00e8s de rang acquis gr\u00e2ce \u00e0 un doubl\u00e9 de Nacim Dendani et une r\u00e9alisation de Joan Tincres. Les deux \u00e9quipes ont toutefois termin\u00e9 la rencontre \u00e0 [...]","og_url":"https:\/\/www.ladiagonale.net\/index.php\/2022\/10\/02\/les-u17-ne-sarretent-plus-2\/","og_site_name":"La Diagonale","article_published_time":"2022-10-01T22:50:00+00:00","article_modified_time":"2022-10-03T23:08:45+00:00","author":"Damien Dellerba","twitter_card":"summary_large_image","twitter_misc":{"\u00c9crit par":"Damien Dellerba","Dur\u00e9e de lecture estim\u00e9e":"1 minute"},"schema":{"@context":"https:\/\/schema.org","@graph":[{"@type":"WebPage","@id":"https:\/\/www.ladiagonale.net\/index.php\/2022\/10\/02\/les-u17-ne-sarretent-plus-2\/","url":"https:\/\/www.ladiagonale.net\/index.php\/2022\/10\/02\/les-u17-ne-sarretent-plus-2\/","name":"Les U17 ne s\u2019arr\u00eatent plus - La Diagonale","isPartOf":{"@id":"https:\/\/www.ladiagonale.net\/#website"},"datePublished":"2022-10-01T22:50:00+00:00","dateModified":"2022-10-03T23:08:45+00:00","author":{"@id":"https:\/\/www.ladiagonale.net\/#\/schema\/person\/79ff1e7b0853ed01b2aa26e64ad300bf"},"breadcrumb":{"@id":"https:\/\/www.ladiagonale.net\/index.php\/2022\/10\/02\/les-u17-ne-sarretent-plus-2\/#breadcrumb"},"inLanguage":"fr-FR","potentialAction":[{"@type":"ReadAction","target":["https:\/\/www.ladiagonale.net\/index.php\/2022\/10\/02\/les-u17-ne-sarretent-plus-2\/"]}]},{"@type":"BreadcrumbList","@id":"https:\/\/www.ladiagonale.net\/index.php\/2022\/10\/02\/les-u17-ne-sarretent-plus-2\/#breadcrumb","itemListElement":[{"@type":"ListItem","position":1,"name":"Accueil","item":"https:\/\/www.ladiagonale.net\/"},{"@type":"ListItem","position":2,"name":"Les U17 ne s\u2019arr\u00eatent plus"}]},{"@type":"WebSite","@id":"https:\/\/www.ladiagonale.net\/#website","url":"https:\/\/www.ladiagonale.net\/","name":"La Diagonale","description":"Le site des supporters de l&#039;AS Monaco FC","potentialAction":[{"@type":"SearchAction","target":{"@type":"EntryPoint","urlTemplate":"https:\/\/www.ladiagonale.net\/?s={search_term_string}"},"query-input":"required name=search_term_string"}],"inLanguage":"fr-FR"},{"@type":"Person","@id":"https:\/\/www.ladiagonale.net\/#\/schema\/person\/79ff1e7b0853ed01b2aa26e64ad300bf","name":"Damien Dellerba","image":{"@type":"ImageObject","inLanguage":"fr-FR","@id":"https:\/\/www.ladiagonale.net\/#\/schema\/person\/image\/","url":"https:\/\/secure.gravatar.com\/avatar\/c7850e06d3ff63cdbaee88b7fc16e2f0?s=96&d=mm&r=g","contentUrl":"https:\/\/secure.gravatar.com\/avatar\/c7850e06d3ff63cdbaee88b7fc16e2f0?s=96&d=mm&r=g","caption":"Damien Dellerba"},"url":"https:\/\/www.ladiagonale.net\/index.php\/author\/damien\/"}]}},"_links":{"self":[{"href":"https:\/\/www.ladiagonale.net\/index.php\/wp-json\/wp\/v2\/posts\/4858"}],"collection":[{"href":"https:\/\/www.ladiagonale.net\/index.php\/wp-json\/wp\/v2\/posts"}],"about":[{"href":"https:\/\/www.ladiagonale.net\/index.php\/wp-json\/wp\/v2\/types\/post"}],"author":[{"embeddable":true,"href":"https:\/\/www.ladiagonale.net\/index.php\/wp-json\/wp\/v2\/users\/2"}],"replies":[{"embeddable":true,"href":"https:\/\/www.ladiagonale.net\/index.php\/wp-json\/wp\/v2\/comments?post=4858"}],"version-history":[{"count":1,"href":"https:\/\/www.ladiagonale.net\/index.php\/wp-json\/wp\/v2\/posts\/4858\/revisions"}],"predecessor-version":[{"id":4859,"href":"https:\/\/www.ladiagonale.net\/index.php\/wp-json\/wp\/v2\/posts\/4858\/revisions\/4859"}],"wp:attachment":[{"href":"https:\/\/www.ladiagonale.net\/index.php\/wp-json\/wp\/v2\/media?parent=4858"}],"wp:term":[{"taxonomy":"category","embeddable":true,"href":"https:\/\/www.ladiagonale.net\/index.php\/wp-json\/wp\/v2\/categories?post=4858"},{"taxonomy":"post_tag","embeddable":true,"href":"https:\/\/www.ladiagonale.net\/index.php\/wp-json\/wp\/v2\/tags?post=4858"}],"curies":[{"name":"wp","href":"https:\/\/api.w.org\/{rel}","templated":true}]}}