{"id":4912,"date":"2022-10-03T01:54:00","date_gmt":"2022-10-02T23:54:00","guid":{"rendered":"https:\/\/www.ladiagonale.net\/?p=4912"},"modified":"2022-10-05T12:16:07","modified_gmt":"2022-10-05T10:16:07","slug":"lequipe-type-monaco-bien-represente","status":"publish","type":"post","link":"https:\/\/www.ladiagonale.net\/index.php\/2022\/10\/03\/lequipe-type-monaco-bien-represente\/","title":{"rendered":"L\u2019\u00c9quipe-type : Monaco bien repr\u00e9sent\u00e9"},"content":{"rendered":"\n\n\n<p>Apr\u00e8s un beau succ\u00e8s mon\u00e9gasque contre Nantes, il semblait \u00e9vident de retrouver des joueurs as\u00e9mistes dans le onze-type de la 9e journ\u00e9e de Ligue 1 du quotidien <em>L\u2019\u00c9quipe<\/em>. \u00c0 tout seigneur, tout honneur, Wissam Ben Yedder, auteur du coup du chapeau, a re\u00e7u l\u2019excellente note de 9\/10. L\u2019attaquant a pris sa chance d\u00e8s qu\u2019il le pouvait et a \u00e9t\u00e9 pr\u00e9cieux dans le jeu, avec notamment 85% de passes r\u00e9ussies.<\/p>\n\n\n\n<p>Il est accompagn\u00e9 d\u2019Aleksandr Golovin (8\/10), qui est impliqu\u00e9 dans le trois premiers buts mon\u00e9gasques. Le Russe a \u00e9t\u00e9 d\u00e9terminant dans cette rencontre avec une passe d\u00e9cisive, six duels gagn\u00e9s et trois ballons r\u00e9cup\u00e9r\u00e9s.<\/p>\n\n\n\n<p>Enfin, Philippe Clement est d\u00e9sign\u00e9 comme l\u2019entra\u00eeneur de la journ\u00e9e, avec une partition presque sans fausse note de la part de son \u00e9quipe.<\/p>\n\n\n\n<h3 id=\"l\u00e9quipe-de-la-9e-journ\u00e9e\"><a href=\"https:\/\/www.ladiagonale.net\/news-2170-lequipe-type-monaco-bien-represente#l%C3%A9quipe-de-la-9e-journ%C3%A9e\"><\/a><\/h3>\n\n\n\n<h3 id=\"l\u00e9quipe-de-la-9e-journ\u00e9e\">L\u2019\u00c9quipe de la 9e journ\u00e9e<\/h3>\n\n\n\n<p>Gardien : A. Lopes (8, Lyon)<br>D\u00e9fenseurs : Kalulu (7, Lorient), Mbemba (7, Marseille), Danso (8, Lens), Clauss (8, Marseille)<br>Milieux : Ounas (8, Lille), Le F\u00e9e (7, Lorient), Van Den Boomen (8, Toulouse), <strong>Golovin (8, Monaco)<\/strong><br>Attaquants : Kalimuendo (8, Rennes), <strong>Ben Yedder (9, Monaco)<\/strong><br>Entra\u00eeneur : <strong>Ph. Clement (8, Monaco)<\/strong><\/p>\n\n\n\n<h3 id=\"pr\u00e9sences-dans-l\u00e9quipe-type-par-journ\u00e9es\"><a href=\"https:\/\/www.ladiagonale.net\/news-2170-lequipe-type-monaco-bien-represente#pr%C3%A9sences-dans-l%C3%A9quipe-type-par-journ%C3%A9es\"><\/a><\/h3>\n\n\n\n<h3 id=\"pr\u00e9sences-dans-l\u00e9quipe-type-par-journ\u00e9es\">Pr\u00e9sences dans l&rsquo;\u00e9quipe-type par journ\u00e9e<\/h3>\n\n\n\n<ul><li>1ere journ\u00e9e : Axel Disasi<\/li><li>2e journ\u00e9e : Aleksandr Golovin<\/li><li>4e journ\u00e9e : Axel Disasi et Mohamed Camara<\/li><li>6e journ\u00e9e : Caio Henrique<\/li><li>7e journ\u00e9e : Guillermo Maripan<\/li><li>9e journ\u00e9e : Wissam Ben Yedder, Aleksandr Golovin, Philippe Clement<\/li><\/ul>\n\n\n\n<h3 id=\"nombre-de-pr\u00e9sences-dans-l\u00e9quipe-type\"><a href=\"https:\/\/www.ladiagonale.net\/news-2170-lequipe-type-monaco-bien-represente#nombre-de-pr%C3%A9sences-dans-l%C3%A9quipe-type\"><\/a><\/h3>\n\n\n\n<h3 id=\"nombre-de-pr\u00e9sences-dans-l\u00e9quipe-type\">Nombre de pr\u00e9sences dans l&rsquo;\u00e9quipe-type<\/h3>\n\n\n\n<ul><li>Axel Disasi et Aleksandr Golovin : 2<\/li><li>Wissam Ben Yedder, Mohamed Camara, Caio Henrique, Guillermo Maripan : 1<\/li><li>Philippe Clement : 1<\/li><\/ul>\n\n\n\n<p><strong>\u00c0 lire aussi<\/strong><\/p>\n\n\n\n<p><a href=\"https:\/\/www.ladiagonale.net\/news-2166-signe-ben-yedder\">Le compte-rendu de la rencontre<\/a><br><a href=\"https:\/\/www.ladiagonale.net\/news-2168-les-prestations-individuelles-les-trois-coups-de-ben-yedder\">Les prestations individuelles<\/a><br><a href=\"https:\/\/www.ladiagonale.net\/news-2169-asm-fcn-les-notes-de-la-presse\">Les notes de la presse<\/a><\/p>\n","protected":false},"excerpt":{"rendered":"<p>Apr\u00e8s un beau succ\u00e8s mon\u00e9gasque contre Nantes, il semblait \u00e9vident de retrouver des joueurs as\u00e9mistes dans le onze-type de la 9e journ\u00e9e de Ligue 1 du quotidien L\u2019\u00c9quipe. \u00c0 tout seigneur, tout honneur, Wissam Ben Yedder, auteur du coup du chapeau, a re\u00e7u l\u2019excellente note de 9\/10. L\u2019attaquant a pris sa chance d\u00e8s qu\u2019il le [&#8230;]\n","protected":false},"author":2,"featured_media":0,"comment_status":"open","ping_status":"open","sticky":false,"template":"","format":"standard","meta":[],"categories":[4,6],"tags":[184,218,94,158,191,175],"yoast_head":"<!-- This site is optimized with the Yoast SEO plugin v19.8 - https:\/\/yoast.com\/wordpress\/plugins\/seo\/ -->\n<title>L\u2019\u00c9quipe-type : Monaco bien repr\u00e9sent\u00e9 - La Diagonale<\/title>\n<meta name=\"robots\" content=\"index, follow, max-snippet:-1, max-image-preview:large, max-video-preview:-1\" \/>\n<link rel=\"canonical\" href=\"https:\/\/www.ladiagonale.net\/index.php\/2022\/10\/03\/lequipe-type-monaco-bien-represente\/\" \/>\n<meta property=\"og:locale\" content=\"fr_FR\" \/>\n<meta property=\"og:type\" content=\"article\" \/>\n<meta property=\"og:title\" content=\"L\u2019\u00c9quipe-type : Monaco bien repr\u00e9sent\u00e9 - La Diagonale\" \/>\n<meta property=\"og:description\" content=\"Apr\u00e8s un beau succ\u00e8s mon\u00e9gasque contre Nantes, il semblait \u00e9vident de retrouver des joueurs as\u00e9mistes dans le onze-type de la 9e journ\u00e9e de Ligue 1 du quotidien L\u2019\u00c9quipe. \u00c0 tout seigneur, tout honneur, Wissam Ben Yedder, auteur du coup du chapeau, a re\u00e7u l\u2019excellente note de 9\/10. L\u2019attaquant a pris sa chance d\u00e8s qu\u2019il le [...]\" \/>\n<meta property=\"og:url\" content=\"https:\/\/www.ladiagonale.net\/index.php\/2022\/10\/03\/lequipe-type-monaco-bien-represente\/\" \/>\n<meta property=\"og:site_name\" content=\"La Diagonale\" \/>\n<meta property=\"article:published_time\" content=\"2022-10-02T23:54:00+00:00\" \/>\n<meta property=\"article:modified_time\" content=\"2022-10-05T10:16:07+00:00\" \/>\n<meta name=\"author\" content=\"Damien Dellerba\" \/>\n<meta name=\"twitter:card\" content=\"summary_large_image\" \/>\n<meta name=\"twitter:label1\" content=\"\u00c9crit par\" \/>\n\t<meta name=\"twitter:data1\" content=\"Damien Dellerba\" \/>\n\t<meta name=\"twitter:label2\" content=\"Dur\u00e9e de lecture estim\u00e9e\" \/>\n\t<meta name=\"twitter:data2\" content=\"1 minute\" \/>\n<script type=\"application\/ld+json\" class=\"yoast-schema-graph\">{\"@context\":\"https:\/\/schema.org\",\"@graph\":[{\"@type\":\"WebPage\",\"@id\":\"https:\/\/www.ladiagonale.net\/index.php\/2022\/10\/03\/lequipe-type-monaco-bien-represente\/\",\"url\":\"https:\/\/www.ladiagonale.net\/index.php\/2022\/10\/03\/lequipe-type-monaco-bien-represente\/\",\"name\":\"L\u2019\u00c9quipe-type : Monaco bien repr\u00e9sent\u00e9 - La Diagonale\",\"isPartOf\":{\"@id\":\"https:\/\/www.ladiagonale.net\/#website\"},\"datePublished\":\"2022-10-02T23:54:00+00:00\",\"dateModified\":\"2022-10-05T10:16:07+00:00\",\"author\":{\"@id\":\"https:\/\/www.ladiagonale.net\/#\/schema\/person\/79ff1e7b0853ed01b2aa26e64ad300bf\"},\"breadcrumb\":{\"@id\":\"https:\/\/www.ladiagonale.net\/index.php\/2022\/10\/03\/lequipe-type-monaco-bien-represente\/#breadcrumb\"},\"inLanguage\":\"fr-FR\",\"potentialAction\":[{\"@type\":\"ReadAction\",\"target\":[\"https:\/\/www.ladiagonale.net\/index.php\/2022\/10\/03\/lequipe-type-monaco-bien-represente\/\"]}]},{\"@type\":\"BreadcrumbList\",\"@id\":\"https:\/\/www.ladiagonale.net\/index.php\/2022\/10\/03\/lequipe-type-monaco-bien-represente\/#breadcrumb\",\"itemListElement\":[{\"@type\":\"ListItem\",\"position\":1,\"name\":\"Accueil\",\"item\":\"https:\/\/www.ladiagonale.net\/\"},{\"@type\":\"ListItem\",\"position\":2,\"name\":\"L\u2019\u00c9quipe-type : Monaco bien repr\u00e9sent\u00e9\"}]},{\"@type\":\"WebSite\",\"@id\":\"https:\/\/www.ladiagonale.net\/#website\",\"url\":\"https:\/\/www.ladiagonale.net\/\",\"name\":\"La Diagonale\",\"description\":\"Le site des supporters de l&#039;AS Monaco FC\",\"potentialAction\":[{\"@type\":\"SearchAction\",\"target\":{\"@type\":\"EntryPoint\",\"urlTemplate\":\"https:\/\/www.ladiagonale.net\/?s={search_term_string}\"},\"query-input\":\"required name=search_term_string\"}],\"inLanguage\":\"fr-FR\"},{\"@type\":\"Person\",\"@id\":\"https:\/\/www.ladiagonale.net\/#\/schema\/person\/79ff1e7b0853ed01b2aa26e64ad300bf\",\"name\":\"Damien Dellerba\",\"image\":{\"@type\":\"ImageObject\",\"inLanguage\":\"fr-FR\",\"@id\":\"https:\/\/www.ladiagonale.net\/#\/schema\/person\/image\/\",\"url\":\"https:\/\/secure.gravatar.com\/avatar\/c7850e06d3ff63cdbaee88b7fc16e2f0?s=96&d=mm&r=g\",\"contentUrl\":\"https:\/\/secure.gravatar.com\/avatar\/c7850e06d3ff63cdbaee88b7fc16e2f0?s=96&d=mm&r=g\",\"caption\":\"Damien Dellerba\"},\"url\":\"https:\/\/www.ladiagonale.net\/index.php\/author\/damien\/\"}]}<\/script>\n<!-- \/ Yoast SEO plugin. -->","yoast_head_json":{"title":"L\u2019\u00c9quipe-type : Monaco bien repr\u00e9sent\u00e9 - La Diagonale","robots":{"index":"index","follow":"follow","max-snippet":"max-snippet:-1","max-image-preview":"max-image-preview:large","max-video-preview":"max-video-preview:-1"},"canonical":"https:\/\/www.ladiagonale.net\/index.php\/2022\/10\/03\/lequipe-type-monaco-bien-represente\/","og_locale":"fr_FR","og_type":"article","og_title":"L\u2019\u00c9quipe-type : Monaco bien repr\u00e9sent\u00e9 - La Diagonale","og_description":"Apr\u00e8s un beau succ\u00e8s mon\u00e9gasque contre Nantes, il semblait \u00e9vident de retrouver des joueurs as\u00e9mistes dans le onze-type de la 9e journ\u00e9e de Ligue 1 du quotidien L\u2019\u00c9quipe. \u00c0 tout seigneur, tout honneur, Wissam Ben Yedder, auteur du coup du chapeau, a re\u00e7u l\u2019excellente note de 9\/10. L\u2019attaquant a pris sa chance d\u00e8s qu\u2019il le [...]","og_url":"https:\/\/www.ladiagonale.net\/index.php\/2022\/10\/03\/lequipe-type-monaco-bien-represente\/","og_site_name":"La Diagonale","article_published_time":"2022-10-02T23:54:00+00:00","article_modified_time":"2022-10-05T10:16:07+00:00","author":"Damien Dellerba","twitter_card":"summary_large_image","twitter_misc":{"\u00c9crit par":"Damien Dellerba","Dur\u00e9e de lecture estim\u00e9e":"1 minute"},"schema":{"@context":"https:\/\/schema.org","@graph":[{"@type":"WebPage","@id":"https:\/\/www.ladiagonale.net\/index.php\/2022\/10\/03\/lequipe-type-monaco-bien-represente\/","url":"https:\/\/www.ladiagonale.net\/index.php\/2022\/10\/03\/lequipe-type-monaco-bien-represente\/","name":"L\u2019\u00c9quipe-type : Monaco bien repr\u00e9sent\u00e9 - La Diagonale","isPartOf":{"@id":"https:\/\/www.ladiagonale.net\/#website"},"datePublished":"2022-10-02T23:54:00+00:00","dateModified":"2022-10-05T10:16:07+00:00","author":{"@id":"https:\/\/www.ladiagonale.net\/#\/schema\/person\/79ff1e7b0853ed01b2aa26e64ad300bf"},"breadcrumb":{"@id":"https:\/\/www.ladiagonale.net\/index.php\/2022\/10\/03\/lequipe-type-monaco-bien-represente\/#breadcrumb"},"inLanguage":"fr-FR","potentialAction":[{"@type":"ReadAction","target":["https:\/\/www.ladiagonale.net\/index.php\/2022\/10\/03\/lequipe-type-monaco-bien-represente\/"]}]},{"@type":"BreadcrumbList","@id":"https:\/\/www.ladiagonale.net\/index.php\/2022\/10\/03\/lequipe-type-monaco-bien-represente\/#breadcrumb","itemListElement":[{"@type":"ListItem","position":1,"name":"Accueil","item":"https:\/\/www.ladiagonale.net\/"},{"@type":"ListItem","position":2,"name":"L\u2019\u00c9quipe-type : Monaco bien repr\u00e9sent\u00e9"}]},{"@type":"WebSite","@id":"https:\/\/www.ladiagonale.net\/#website","url":"https:\/\/www.ladiagonale.net\/","name":"La Diagonale","description":"Le site des supporters de l&#039;AS Monaco FC","potentialAction":[{"@type":"SearchAction","target":{"@type":"EntryPoint","urlTemplate":"https:\/\/www.ladiagonale.net\/?s={search_term_string}"},"query-input":"required name=search_term_string"}],"inLanguage":"fr-FR"},{"@type":"Person","@id":"https:\/\/www.ladiagonale.net\/#\/schema\/person\/79ff1e7b0853ed01b2aa26e64ad300bf","name":"Damien Dellerba","image":{"@type":"ImageObject","inLanguage":"fr-FR","@id":"https:\/\/www.ladiagonale.net\/#\/schema\/person\/image\/","url":"https:\/\/secure.gravatar.com\/avatar\/c7850e06d3ff63cdbaee88b7fc16e2f0?s=96&d=mm&r=g","contentUrl":"https:\/\/secure.gravatar.com\/avatar\/c7850e06d3ff63cdbaee88b7fc16e2f0?s=96&d=mm&r=g","caption":"Damien Dellerba"},"url":"https:\/\/www.ladiagonale.net\/index.php\/author\/damien\/"}]}},"_links":{"self":[{"href":"https:\/\/www.ladiagonale.net\/index.php\/wp-json\/wp\/v2\/posts\/4912"}],"collection":[{"href":"https:\/\/www.ladiagonale.net\/index.php\/wp-json\/wp\/v2\/posts"}],"about":[{"href":"https:\/\/www.ladiagonale.net\/index.php\/wp-json\/wp\/v2\/types\/post"}],"author":[{"embeddable":true,"href":"https:\/\/www.ladiagonale.net\/index.php\/wp-json\/wp\/v2\/users\/2"}],"replies":[{"embeddable":true,"href":"https:\/\/www.ladiagonale.net\/index.php\/wp-json\/wp\/v2\/comments?post=4912"}],"version-history":[{"count":1,"href":"https:\/\/www.ladiagonale.net\/index.php\/wp-json\/wp\/v2\/posts\/4912\/revisions"}],"predecessor-version":[{"id":4913,"href":"https:\/\/www.ladiagonale.net\/index.php\/wp-json\/wp\/v2\/posts\/4912\/revisions\/4913"}],"wp:attachment":[{"href":"https:\/\/www.ladiagonale.net\/index.php\/wp-json\/wp\/v2\/media?parent=4912"}],"wp:term":[{"taxonomy":"category","embeddable":true,"href":"https:\/\/www.ladiagonale.net\/index.php\/wp-json\/wp\/v2\/categories?post=4912"},{"taxonomy":"post_tag","embeddable":true,"href":"https:\/\/www.ladiagonale.net\/index.php\/wp-json\/wp\/v2\/tags?post=4912"}],"curies":[{"name":"wp","href":"https:\/\/api.w.org\/{rel}","templated":true}]}}