{"id":5106,"date":"2022-10-05T07:00:00","date_gmt":"2022-10-05T05:00:00","guid":{"rendered":"https:\/\/www.ladiagonale.net\/?p=5106"},"modified":"2022-10-05T21:05:45","modified_gmt":"2022-10-05T19:05:45","slug":"camara-je-ne-voulais-que-monaco","status":"publish","type":"post","link":"https:\/\/www.ladiagonale.net\/index.php\/2022\/10\/05\/camara-je-ne-voulais-que-monaco\/","title":{"rendered":"Camara : \u00ab\u00a0Je ne voulais que Monaco\u00a0\u00bb"},"content":{"rendered":"\n\n\n<p>Interview\u00e9 par C<em>ode Sport Monaco<\/em>, Mohamed Camara a longuement \u00e9voqu\u00e9 son parcours qui l\u2019a men\u00e9 jusqu\u2019en Principaut\u00e9, o\u00f9 il doit combler le vide laiss\u00e9 par Aur\u00e9lien Tchouam\u00e9ni, m\u00eame s\u2019il veut \u00e9viter les comparaisons :&nbsp;\u00ab&nbsp;<em>Je ne dois pas me comparer \u00e0 Tchouam\u00e9ni. C\u2019est un grand joueur, il a fait beaucoup de belles choses avec l\u2019AS Monaco, mais chacun sa carri\u00e8re. Je ferai tout mon possible pour aider le club. On va vivre de tr\u00e8s belles choses ensemble.&nbsp;\u00bb <\/em><\/p>\n\n\n\n<p>Le Malien explique qu\u2019il n\u2019a jamais h\u00e9sit\u00e9 sur sa destination et que rejoindre Monaco \u00e9tait son objectif : \u00ab&nbsp;<em>Plusieurs clubs \u00e9taient int\u00e9ress\u00e9s, mais je ne voulais que Monaco. J\u2019ai rapidement dit \u00e0 mon agent (Raquel Rosa) de ne pas discuter avec les autres \u00e9quipes et de se concentrer sur l\u2019ASM.<\/em>&nbsp;\u00bb Un int\u00e9r\u00eat qui date du d\u00e9but de l\u2019\u00e9t\u00e9 mais pourtant, Camara n\u2019est arriv\u00e9 qu\u2019en ao\u00fbt \u00e0 l\u2019ASM, ce qui semble contredire quelque peu la version de Paul Mitchell, qui expliquait que Camara n\u2019avait \u00e9t\u00e9 disponible que tardivement.<\/p>\n\n\n\n<p>\u00ab&nbsp;<em>En concertation avec le RB Salzbourg, nous avons d\u00e9cid\u00e9 de ne pas prendre de risques jusqu\u2019\u00e0 mon transfert<\/em>, a-t-il pr\u00e9cis\u00e9. <em>Je n\u2019ai jou\u00e9 aucun match cet \u00e9t\u00e9, le dernier datait de d\u00e9but juin avec la s\u00e9lection malienne mais je m\u2019entra\u00eenais fort. Je ne suis pas encore au top de ma forme. Cela ne saurait tarder<\/em>&nbsp;\u00bb, avant d\u2019ajouter que Monaco \u00e9tait \u00ab&nbsp;<em>l\u2019endroit id\u00e9al pour ma progression<\/em>&nbsp;\u00bb.<\/p>\n\n\n\n<blockquote class=\"wp-block-quote\"><p>\u00ab&nbsp;Je veux que mes adversaires respectent le club que je repr\u00e9sente&nbsp;\u00bb<\/p><\/blockquote>\n\n\n\n<p>\u00c0 peine arriv\u00e9, Camara s\u2019est impos\u00e9 en taulier au milieu de terrain et surtout dans le vestiaire. Un leadership naturel qui s\u2019est manifest\u00e9 partout o\u00f9 il est pass\u00e9 : \u00ab&nbsp;<em>J\u2019ai \u00e9t\u00e9 capitaine de la s\u00e9lection nationale U17 avec qui j\u2019ai gagn\u00e9 la CAN. Pareil avec les U20. (\u2026) \u00c0 Salzbourg, Jesse Marsch m\u2019a dit <\/em>: \u00ab\u00a0Mo, m\u00eame si tu ne portes pas le brassard, tu es notre capitaine.\u00a0\u00bb <em>\u00c7a m\u2019a donn\u00e9 encore plus envie de d\u00e9passer mes limites.<\/em>&nbsp;\u00bb<\/p>\n\n\n\n<p>Et \u00e0 Monaco, Camara ne se cache pas davantage :&nbsp;\u00ab&nbsp;<em>Je parle positivement avec mes co\u00e9quipiers, je les place sur le terrain. C\u2019est mon r\u00f4le. Je suis au bon endroit pour bien diriger l\u2019\u00e9quipe. Parfois, c\u2019est difficile, on est \u00e0 fleur de peau dans les moments couperets. Mais je comprends la frustration. Il faut rester positif et encourager, afin que la prochaine passe ou le prochain tir soit r\u00e9ussi.&nbsp;\u00bb <\/em><\/p>\n\n\n\n<p class=\"has-white-color has-text-color has-background\" style=\"background-color:#929292;font-size:16px\"><a href=\"https:\/\/www.ladiagonale.net\/index.php\/player\/mohamed-camara\/\">VOIR LA FICHE DE MOHAMED CAMARA<\/a><\/p>\n\n\n\n<p>D\u2019un naturel tr\u00e8s calme, Camara se d\u00e9crit lui-m\u00eame comme<em> \u00ab&nbsp;une b\u00eate qui ne se laisse pas faire&nbsp;\u00bb <\/em>lorsqu\u2019il entre sur le terrain : <em>\u00ab&nbsp;Je veux que mes adversaires respectent le club que je repr\u00e9sente. On ne peut pas toujours gagner, mais il faut en avoir la volont\u00e9. Pour cela, l\u2019\u00e9quipe doit \u00eatre unie, titulaires comme rempla\u00e7ants. Sans mes co\u00e9quipiers, je ne suis pas grand-chose. Ils vont m\u2019aider \u00e0 progresser. En retour, je mettrai toutes mes qualit\u00e9s au service de l\u2019\u00e9quipe. Je me d\u00e9voue \u00e0 faire briller ce blason.&nbsp;\u00bb <\/em><\/p>\n\n\n\n<p>Cela s\u2019est d\u2019ailleurs vu contre le Paris Saint-Germain (le 28 ao\u00fbt) o\u00f9 il a \u00e9t\u00e9 \u00e9lu homme du match : <em>\u00ab&nbsp;Lorsque tu joues contre des grands, tu dois montrer que tu l\u2019es aussi. C\u2019est ma mentalit\u00e9. Tu dois te faire respecter. Je n\u2019ai aucun complexe devant les trois que j\u2019ai nomm\u00e9s. La peur est la premi\u00e8re limite d\u2019un \u00eatre humain. Il s\u2019agissait de ma premi\u00e8re titularisation. Toute mon aventure \u00e0 l\u2019AS Monaco d\u00e9pendait de ce choc. Il fallait faire une bonne prestation.&nbsp;\u00bb <\/em><\/p>\n\n\n\n<h4 class=\"has-text-color\" style=\"color:#c00501\">Camara remercie les supporters mon\u00e9gasques<\/h4>\n\n\n\n<p>Une mentalit\u00e9 de gagnant qui ne peut que plaire \u00e0 des supporters qui veulent voir des joueurs se donner \u00e0 fond pour leur \u00e9quipe. Et ceux de Monaco semblent avoir d\u00e9j\u00e0 adopt\u00e9 Camara :&nbsp;\u00ab&nbsp;<em>\u00c7a me touche \u00e9norm\u00e9ment. La fa\u00e7on dont ils m\u2019aiment et me poussent\u2026 C\u2019est trop pour moi. L\u2019\u00e9motion est forte. Je ne peux que les remercier. Je ferai tout mon possible pour les rendre heureux.&nbsp;<\/em>\u00bb<em> <\/em><\/p>\n\n\n\n<p>M\u00eame si cela rel\u00e8ve <em>a priori<\/em> de l\u2019anecdote, le fait que certains supporters mon\u00e9gasques souhaitaient la venue de Camara pour remplacer Tchouam\u00e9ni \u00e9meut le milieu de terrain de l\u2019AS Monaco :&nbsp;\u00ab <em>J\u2019ai su que des fans avaient demand\u00e9 ma venue. \u00c7a m\u2019a fait plaisir. C\u2019\u00e9tait une source de motivation puisque signer \u00e0 Monaco \u00e9tait ma volont\u00e9. C\u2019est l\u2019un des plus grands clubs fran\u00e7ais.&nbsp;<\/em>\u00bb<\/p>\n","protected":false},"excerpt":{"rendered":"<p>Interview\u00e9 par Code Sport Monaco, Mohamed Camara a longuement \u00e9voqu\u00e9 son parcours qui l\u2019a men\u00e9 jusqu\u2019en Principaut\u00e9, o\u00f9 il doit combler le vide laiss\u00e9 par Aur\u00e9lien Tchouam\u00e9ni, m\u00eame s\u2019il veut \u00e9viter les comparaisons :&nbsp;\u00ab&nbsp;Je ne dois pas me comparer \u00e0 Tchouam\u00e9ni. C\u2019est un grand joueur, il a fait beaucoup de belles choses avec l\u2019AS Monaco, [&#8230;]\n","protected":false},"author":2,"featured_media":0,"comment_status":"open","ping_status":"open","sticky":false,"template":"","format":"standard","meta":[],"categories":[6],"tags":[185,143],"yoast_head":"<!-- This site is optimized with the Yoast SEO plugin v19.8 - https:\/\/yoast.com\/wordpress\/plugins\/seo\/ -->\n<title>Camara : \u00ab\u00a0Je ne voulais que Monaco\u00a0\u00bb - La Diagonale<\/title>\n<meta name=\"robots\" content=\"index, follow, max-snippet:-1, max-image-preview:large, max-video-preview:-1\" \/>\n<link rel=\"canonical\" href=\"https:\/\/www.ladiagonale.net\/index.php\/2022\/10\/05\/camara-je-ne-voulais-que-monaco\/\" \/>\n<meta property=\"og:locale\" content=\"fr_FR\" \/>\n<meta property=\"og:type\" content=\"article\" \/>\n<meta property=\"og:title\" content=\"Camara : \u00ab\u00a0Je ne voulais que Monaco\u00a0\u00bb - La Diagonale\" \/>\n<meta property=\"og:description\" content=\"Interview\u00e9 par Code Sport Monaco, Mohamed Camara a longuement \u00e9voqu\u00e9 son parcours qui l\u2019a men\u00e9 jusqu\u2019en Principaut\u00e9, o\u00f9 il doit combler le vide laiss\u00e9 par Aur\u00e9lien Tchouam\u00e9ni, m\u00eame s\u2019il veut \u00e9viter les comparaisons :&nbsp;\u00ab&nbsp;Je ne dois pas me comparer \u00e0 Tchouam\u00e9ni. C\u2019est un grand joueur, il a fait beaucoup de belles choses avec l\u2019AS Monaco, [...]\" \/>\n<meta property=\"og:url\" content=\"https:\/\/www.ladiagonale.net\/index.php\/2022\/10\/05\/camara-je-ne-voulais-que-monaco\/\" \/>\n<meta property=\"og:site_name\" content=\"La Diagonale\" \/>\n<meta property=\"article:published_time\" content=\"2022-10-05T05:00:00+00:00\" \/>\n<meta property=\"article:modified_time\" content=\"2022-10-05T19:05:45+00:00\" \/>\n<meta name=\"author\" content=\"Damien Dellerba\" \/>\n<meta name=\"twitter:card\" content=\"summary_large_image\" \/>\n<meta name=\"twitter:label1\" content=\"\u00c9crit par\" \/>\n\t<meta name=\"twitter:data1\" content=\"Damien Dellerba\" \/>\n\t<meta name=\"twitter:label2\" content=\"Dur\u00e9e de lecture estim\u00e9e\" \/>\n\t<meta name=\"twitter:data2\" content=\"4 minutes\" \/>\n<script type=\"application\/ld+json\" class=\"yoast-schema-graph\">{\"@context\":\"https:\/\/schema.org\",\"@graph\":[{\"@type\":\"WebPage\",\"@id\":\"https:\/\/www.ladiagonale.net\/index.php\/2022\/10\/05\/camara-je-ne-voulais-que-monaco\/\",\"url\":\"https:\/\/www.ladiagonale.net\/index.php\/2022\/10\/05\/camara-je-ne-voulais-que-monaco\/\",\"name\":\"Camara : \u00ab\u00a0Je ne voulais que Monaco\u00a0\u00bb - La Diagonale\",\"isPartOf\":{\"@id\":\"https:\/\/www.ladiagonale.net\/#website\"},\"datePublished\":\"2022-10-05T05:00:00+00:00\",\"dateModified\":\"2022-10-05T19:05:45+00:00\",\"author\":{\"@id\":\"https:\/\/www.ladiagonale.net\/#\/schema\/person\/79ff1e7b0853ed01b2aa26e64ad300bf\"},\"breadcrumb\":{\"@id\":\"https:\/\/www.ladiagonale.net\/index.php\/2022\/10\/05\/camara-je-ne-voulais-que-monaco\/#breadcrumb\"},\"inLanguage\":\"fr-FR\",\"potentialAction\":[{\"@type\":\"ReadAction\",\"target\":[\"https:\/\/www.ladiagonale.net\/index.php\/2022\/10\/05\/camara-je-ne-voulais-que-monaco\/\"]}]},{\"@type\":\"BreadcrumbList\",\"@id\":\"https:\/\/www.ladiagonale.net\/index.php\/2022\/10\/05\/camara-je-ne-voulais-que-monaco\/#breadcrumb\",\"itemListElement\":[{\"@type\":\"ListItem\",\"position\":1,\"name\":\"Accueil\",\"item\":\"https:\/\/www.ladiagonale.net\/\"},{\"@type\":\"ListItem\",\"position\":2,\"name\":\"Camara : \u00ab\u00a0Je ne voulais que Monaco\u00a0\u00bb\"}]},{\"@type\":\"WebSite\",\"@id\":\"https:\/\/www.ladiagonale.net\/#website\",\"url\":\"https:\/\/www.ladiagonale.net\/\",\"name\":\"La Diagonale\",\"description\":\"Le site des supporters de l&#039;AS Monaco FC\",\"potentialAction\":[{\"@type\":\"SearchAction\",\"target\":{\"@type\":\"EntryPoint\",\"urlTemplate\":\"https:\/\/www.ladiagonale.net\/?s={search_term_string}\"},\"query-input\":\"required name=search_term_string\"}],\"inLanguage\":\"fr-FR\"},{\"@type\":\"Person\",\"@id\":\"https:\/\/www.ladiagonale.net\/#\/schema\/person\/79ff1e7b0853ed01b2aa26e64ad300bf\",\"name\":\"Damien Dellerba\",\"image\":{\"@type\":\"ImageObject\",\"inLanguage\":\"fr-FR\",\"@id\":\"https:\/\/www.ladiagonale.net\/#\/schema\/person\/image\/\",\"url\":\"https:\/\/secure.gravatar.com\/avatar\/c7850e06d3ff63cdbaee88b7fc16e2f0?s=96&d=mm&r=g\",\"contentUrl\":\"https:\/\/secure.gravatar.com\/avatar\/c7850e06d3ff63cdbaee88b7fc16e2f0?s=96&d=mm&r=g\",\"caption\":\"Damien Dellerba\"},\"url\":\"https:\/\/www.ladiagonale.net\/index.php\/author\/damien\/\"}]}<\/script>\n<!-- \/ Yoast SEO plugin. -->","yoast_head_json":{"title":"Camara : \u00ab\u00a0Je ne voulais que Monaco\u00a0\u00bb - La Diagonale","robots":{"index":"index","follow":"follow","max-snippet":"max-snippet:-1","max-image-preview":"max-image-preview:large","max-video-preview":"max-video-preview:-1"},"canonical":"https:\/\/www.ladiagonale.net\/index.php\/2022\/10\/05\/camara-je-ne-voulais-que-monaco\/","og_locale":"fr_FR","og_type":"article","og_title":"Camara : \u00ab\u00a0Je ne voulais que Monaco\u00a0\u00bb - La Diagonale","og_description":"Interview\u00e9 par Code Sport Monaco, Mohamed Camara a longuement \u00e9voqu\u00e9 son parcours qui l\u2019a men\u00e9 jusqu\u2019en Principaut\u00e9, o\u00f9 il doit combler le vide laiss\u00e9 par Aur\u00e9lien Tchouam\u00e9ni, m\u00eame s\u2019il veut \u00e9viter les comparaisons :&nbsp;\u00ab&nbsp;Je ne dois pas me comparer \u00e0 Tchouam\u00e9ni. C\u2019est un grand joueur, il a fait beaucoup de belles choses avec l\u2019AS Monaco, [...]","og_url":"https:\/\/www.ladiagonale.net\/index.php\/2022\/10\/05\/camara-je-ne-voulais-que-monaco\/","og_site_name":"La Diagonale","article_published_time":"2022-10-05T05:00:00+00:00","article_modified_time":"2022-10-05T19:05:45+00:00","author":"Damien Dellerba","twitter_card":"summary_large_image","twitter_misc":{"\u00c9crit par":"Damien Dellerba","Dur\u00e9e de lecture estim\u00e9e":"4 minutes"},"schema":{"@context":"https:\/\/schema.org","@graph":[{"@type":"WebPage","@id":"https:\/\/www.ladiagonale.net\/index.php\/2022\/10\/05\/camara-je-ne-voulais-que-monaco\/","url":"https:\/\/www.ladiagonale.net\/index.php\/2022\/10\/05\/camara-je-ne-voulais-que-monaco\/","name":"Camara : \u00ab\u00a0Je ne voulais que Monaco\u00a0\u00bb - La Diagonale","isPartOf":{"@id":"https:\/\/www.ladiagonale.net\/#website"},"datePublished":"2022-10-05T05:00:00+00:00","dateModified":"2022-10-05T19:05:45+00:00","author":{"@id":"https:\/\/www.ladiagonale.net\/#\/schema\/person\/79ff1e7b0853ed01b2aa26e64ad300bf"},"breadcrumb":{"@id":"https:\/\/www.ladiagonale.net\/index.php\/2022\/10\/05\/camara-je-ne-voulais-que-monaco\/#breadcrumb"},"inLanguage":"fr-FR","potentialAction":[{"@type":"ReadAction","target":["https:\/\/www.ladiagonale.net\/index.php\/2022\/10\/05\/camara-je-ne-voulais-que-monaco\/"]}]},{"@type":"BreadcrumbList","@id":"https:\/\/www.ladiagonale.net\/index.php\/2022\/10\/05\/camara-je-ne-voulais-que-monaco\/#breadcrumb","itemListElement":[{"@type":"ListItem","position":1,"name":"Accueil","item":"https:\/\/www.ladiagonale.net\/"},{"@type":"ListItem","position":2,"name":"Camara : \u00ab\u00a0Je ne voulais que Monaco\u00a0\u00bb"}]},{"@type":"WebSite","@id":"https:\/\/www.ladiagonale.net\/#website","url":"https:\/\/www.ladiagonale.net\/","name":"La Diagonale","description":"Le site des supporters de l&#039;AS Monaco FC","potentialAction":[{"@type":"SearchAction","target":{"@type":"EntryPoint","urlTemplate":"https:\/\/www.ladiagonale.net\/?s={search_term_string}"},"query-input":"required name=search_term_string"}],"inLanguage":"fr-FR"},{"@type":"Person","@id":"https:\/\/www.ladiagonale.net\/#\/schema\/person\/79ff1e7b0853ed01b2aa26e64ad300bf","name":"Damien Dellerba","image":{"@type":"ImageObject","inLanguage":"fr-FR","@id":"https:\/\/www.ladiagonale.net\/#\/schema\/person\/image\/","url":"https:\/\/secure.gravatar.com\/avatar\/c7850e06d3ff63cdbaee88b7fc16e2f0?s=96&d=mm&r=g","contentUrl":"https:\/\/secure.gravatar.com\/avatar\/c7850e06d3ff63cdbaee88b7fc16e2f0?s=96&d=mm&r=g","caption":"Damien Dellerba"},"url":"https:\/\/www.ladiagonale.net\/index.php\/author\/damien\/"}]}},"_links":{"self":[{"href":"https:\/\/www.ladiagonale.net\/index.php\/wp-json\/wp\/v2\/posts\/5106"}],"collection":[{"href":"https:\/\/www.ladiagonale.net\/index.php\/wp-json\/wp\/v2\/posts"}],"about":[{"href":"https:\/\/www.ladiagonale.net\/index.php\/wp-json\/wp\/v2\/types\/post"}],"author":[{"embeddable":true,"href":"https:\/\/www.ladiagonale.net\/index.php\/wp-json\/wp\/v2\/users\/2"}],"replies":[{"embeddable":true,"href":"https:\/\/www.ladiagonale.net\/index.php\/wp-json\/wp\/v2\/comments?post=5106"}],"version-history":[{"count":18,"href":"https:\/\/www.ladiagonale.net\/index.php\/wp-json\/wp\/v2\/posts\/5106\/revisions"}],"predecessor-version":[{"id":5169,"href":"https:\/\/www.ladiagonale.net\/index.php\/wp-json\/wp\/v2\/posts\/5106\/revisions\/5169"}],"wp:attachment":[{"href":"https:\/\/www.ladiagonale.net\/index.php\/wp-json\/wp\/v2\/media?parent=5106"}],"wp:term":[{"taxonomy":"category","embeddable":true,"href":"https:\/\/www.ladiagonale.net\/index.php\/wp-json\/wp\/v2\/categories?post=5106"},{"taxonomy":"post_tag","embeddable":true,"href":"https:\/\/www.ladiagonale.net\/index.php\/wp-json\/wp\/v2\/tags?post=5106"}],"curies":[{"name":"wp","href":"https:\/\/api.w.org\/{rel}","templated":true}]}}