{"id":5156,"date":"2022-10-05T19:02:37","date_gmt":"2022-10-05T17:02:37","guid":{"rendered":"https:\/\/www.ladiagonale.net\/?p=5156"},"modified":"2022-10-06T01:23:59","modified_gmt":"2022-10-05T23:23:59","slug":"golovin-a-change","status":"publish","type":"post","link":"https:\/\/www.ladiagonale.net\/index.php\/2022\/10\/05\/golovin-a-change\/","title":{"rendered":"Golovin a chang\u00e9 selon Clement"},"content":{"rendered":"\n\n\n<p>Arriv\u00e9 \u00e0 l\u2019\u00e9t\u00e9 2018, Aleksandr Golovin semble enfin franchir un palier avec l\u2019AS Monaco cette saison. Il parvient \u00e0 \u00e9voluer \u00e0 un niveau plus constant, et surtout, il n\u2019est plus d\u00e9rang\u00e9 par les blessures. Et selon Philippe Clement, ce n\u2019est pas vraiment d\u00fb au hasard&nbsp;: \u00ab&nbsp;<em>Il s\u2019est beaucoup am\u00e9lior\u00e9 par rapport aux premiers mois qui ont suivi mon arriv\u00e9e, mais aussi par rapport \u00e0 ce qu\u2019on m\u2019a dit de lui avant. Il fait plus de travail autour des entra\u00eenements.<\/em>&nbsp;\u00bb<\/p>\n\n\n\n<p>Une plus grande assiduit\u00e9 dans le travail physique semble donc r\u00e9ussir au Russe&nbsp;: \u00ab&nbsp;<em>Il a grandi physiquement. Musculairement, quand tu le vois, ce n&rsquo;est pas le m\u00eame joueur qu\u2019il y a six mois. Il peut mieux g\u00e9rer l\u2019enchainement et on verra les prochaines semaines et les prochains mois mais pour le moment \u00e7a se passe bien<\/em>&nbsp;\u00bb, m\u00eame si Clement a r\u00e9v\u00e9l\u00e9 ne pas prendre de risques et le faire sortir lorsqu\u2019il \u00e9tait \u00ab&nbsp;<em>fatigu\u00e9 \u00e0 l\u2019heure de jeu o\u00f9 apr\u00e8s 70 minutes.<\/em>&nbsp;\u00bb<\/p>\n","protected":false},"excerpt":{"rendered":"<p>Arriv\u00e9 \u00e0 l\u2019\u00e9t\u00e9 2018, Aleksandr Golovin semble enfin franchir un palier avec l\u2019AS Monaco cette saison. Il parvient \u00e0 \u00e9voluer \u00e0 un niveau plus constant, et surtout, il n\u2019est plus d\u00e9rang\u00e9 par les blessures. Et selon Philippe Clement, ce n\u2019est pas vraiment d\u00fb au hasard&nbsp;: \u00ab&nbsp;Il s\u2019est beaucoup am\u00e9lior\u00e9 par rapport aux premiers mois qui [&#8230;]\n","protected":false},"author":2,"featured_media":0,"comment_status":"open","ping_status":"open","sticky":false,"template":"","format":"standard","meta":[],"categories":[6],"tags":[184,86,191],"yoast_head":"<!-- This site is optimized with the Yoast SEO plugin v19.8 - https:\/\/yoast.com\/wordpress\/plugins\/seo\/ -->\n<title>Golovin a chang\u00e9 selon Clement - La Diagonale<\/title>\n<meta name=\"robots\" content=\"index, follow, max-snippet:-1, max-image-preview:large, max-video-preview:-1\" \/>\n<link rel=\"canonical\" href=\"https:\/\/www.ladiagonale.net\/index.php\/2022\/10\/05\/golovin-a-change\/\" \/>\n<meta property=\"og:locale\" content=\"fr_FR\" \/>\n<meta property=\"og:type\" content=\"article\" \/>\n<meta property=\"og:title\" content=\"Golovin a chang\u00e9 selon Clement - La Diagonale\" \/>\n<meta property=\"og:description\" content=\"Arriv\u00e9 \u00e0 l\u2019\u00e9t\u00e9 2018, Aleksandr Golovin semble enfin franchir un palier avec l\u2019AS Monaco cette saison. Il parvient \u00e0 \u00e9voluer \u00e0 un niveau plus constant, et surtout, il n\u2019est plus d\u00e9rang\u00e9 par les blessures. Et selon Philippe Clement, ce n\u2019est pas vraiment d\u00fb au hasard&nbsp;: \u00ab&nbsp;Il s\u2019est beaucoup am\u00e9lior\u00e9 par rapport aux premiers mois qui [...]\" \/>\n<meta property=\"og:url\" content=\"https:\/\/www.ladiagonale.net\/index.php\/2022\/10\/05\/golovin-a-change\/\" \/>\n<meta property=\"og:site_name\" content=\"La Diagonale\" \/>\n<meta property=\"article:published_time\" content=\"2022-10-05T17:02:37+00:00\" \/>\n<meta property=\"article:modified_time\" content=\"2022-10-05T23:23:59+00:00\" \/>\n<meta name=\"author\" content=\"Damien Dellerba\" \/>\n<meta name=\"twitter:card\" content=\"summary_large_image\" \/>\n<meta name=\"twitter:label1\" content=\"\u00c9crit par\" \/>\n\t<meta name=\"twitter:data1\" content=\"Damien Dellerba\" \/>\n\t<meta name=\"twitter:label2\" content=\"Dur\u00e9e de lecture estim\u00e9e\" \/>\n\t<meta name=\"twitter:data2\" content=\"1 minute\" \/>\n<script type=\"application\/ld+json\" class=\"yoast-schema-graph\">{\"@context\":\"https:\/\/schema.org\",\"@graph\":[{\"@type\":\"WebPage\",\"@id\":\"https:\/\/www.ladiagonale.net\/index.php\/2022\/10\/05\/golovin-a-change\/\",\"url\":\"https:\/\/www.ladiagonale.net\/index.php\/2022\/10\/05\/golovin-a-change\/\",\"name\":\"Golovin a chang\u00e9 selon Clement - La Diagonale\",\"isPartOf\":{\"@id\":\"https:\/\/www.ladiagonale.net\/#website\"},\"datePublished\":\"2022-10-05T17:02:37+00:00\",\"dateModified\":\"2022-10-05T23:23:59+00:00\",\"author\":{\"@id\":\"https:\/\/www.ladiagonale.net\/#\/schema\/person\/79ff1e7b0853ed01b2aa26e64ad300bf\"},\"breadcrumb\":{\"@id\":\"https:\/\/www.ladiagonale.net\/index.php\/2022\/10\/05\/golovin-a-change\/#breadcrumb\"},\"inLanguage\":\"fr-FR\",\"potentialAction\":[{\"@type\":\"ReadAction\",\"target\":[\"https:\/\/www.ladiagonale.net\/index.php\/2022\/10\/05\/golovin-a-change\/\"]}]},{\"@type\":\"BreadcrumbList\",\"@id\":\"https:\/\/www.ladiagonale.net\/index.php\/2022\/10\/05\/golovin-a-change\/#breadcrumb\",\"itemListElement\":[{\"@type\":\"ListItem\",\"position\":1,\"name\":\"Accueil\",\"item\":\"https:\/\/www.ladiagonale.net\/\"},{\"@type\":\"ListItem\",\"position\":2,\"name\":\"Golovin a chang\u00e9 selon Clement\"}]},{\"@type\":\"WebSite\",\"@id\":\"https:\/\/www.ladiagonale.net\/#website\",\"url\":\"https:\/\/www.ladiagonale.net\/\",\"name\":\"La Diagonale\",\"description\":\"Le site des supporters de l&#039;AS Monaco FC\",\"potentialAction\":[{\"@type\":\"SearchAction\",\"target\":{\"@type\":\"EntryPoint\",\"urlTemplate\":\"https:\/\/www.ladiagonale.net\/?s={search_term_string}\"},\"query-input\":\"required name=search_term_string\"}],\"inLanguage\":\"fr-FR\"},{\"@type\":\"Person\",\"@id\":\"https:\/\/www.ladiagonale.net\/#\/schema\/person\/79ff1e7b0853ed01b2aa26e64ad300bf\",\"name\":\"Damien Dellerba\",\"image\":{\"@type\":\"ImageObject\",\"inLanguage\":\"fr-FR\",\"@id\":\"https:\/\/www.ladiagonale.net\/#\/schema\/person\/image\/\",\"url\":\"https:\/\/secure.gravatar.com\/avatar\/c7850e06d3ff63cdbaee88b7fc16e2f0?s=96&d=mm&r=g\",\"contentUrl\":\"https:\/\/secure.gravatar.com\/avatar\/c7850e06d3ff63cdbaee88b7fc16e2f0?s=96&d=mm&r=g\",\"caption\":\"Damien Dellerba\"},\"url\":\"https:\/\/www.ladiagonale.net\/index.php\/author\/damien\/\"}]}<\/script>\n<!-- \/ Yoast SEO plugin. -->","yoast_head_json":{"title":"Golovin a chang\u00e9 selon Clement - La Diagonale","robots":{"index":"index","follow":"follow","max-snippet":"max-snippet:-1","max-image-preview":"max-image-preview:large","max-video-preview":"max-video-preview:-1"},"canonical":"https:\/\/www.ladiagonale.net\/index.php\/2022\/10\/05\/golovin-a-change\/","og_locale":"fr_FR","og_type":"article","og_title":"Golovin a chang\u00e9 selon Clement - La Diagonale","og_description":"Arriv\u00e9 \u00e0 l\u2019\u00e9t\u00e9 2018, Aleksandr Golovin semble enfin franchir un palier avec l\u2019AS Monaco cette saison. Il parvient \u00e0 \u00e9voluer \u00e0 un niveau plus constant, et surtout, il n\u2019est plus d\u00e9rang\u00e9 par les blessures. Et selon Philippe Clement, ce n\u2019est pas vraiment d\u00fb au hasard&nbsp;: \u00ab&nbsp;Il s\u2019est beaucoup am\u00e9lior\u00e9 par rapport aux premiers mois qui [...]","og_url":"https:\/\/www.ladiagonale.net\/index.php\/2022\/10\/05\/golovin-a-change\/","og_site_name":"La Diagonale","article_published_time":"2022-10-05T17:02:37+00:00","article_modified_time":"2022-10-05T23:23:59+00:00","author":"Damien Dellerba","twitter_card":"summary_large_image","twitter_misc":{"\u00c9crit par":"Damien Dellerba","Dur\u00e9e de lecture estim\u00e9e":"1 minute"},"schema":{"@context":"https:\/\/schema.org","@graph":[{"@type":"WebPage","@id":"https:\/\/www.ladiagonale.net\/index.php\/2022\/10\/05\/golovin-a-change\/","url":"https:\/\/www.ladiagonale.net\/index.php\/2022\/10\/05\/golovin-a-change\/","name":"Golovin a chang\u00e9 selon Clement - La Diagonale","isPartOf":{"@id":"https:\/\/www.ladiagonale.net\/#website"},"datePublished":"2022-10-05T17:02:37+00:00","dateModified":"2022-10-05T23:23:59+00:00","author":{"@id":"https:\/\/www.ladiagonale.net\/#\/schema\/person\/79ff1e7b0853ed01b2aa26e64ad300bf"},"breadcrumb":{"@id":"https:\/\/www.ladiagonale.net\/index.php\/2022\/10\/05\/golovin-a-change\/#breadcrumb"},"inLanguage":"fr-FR","potentialAction":[{"@type":"ReadAction","target":["https:\/\/www.ladiagonale.net\/index.php\/2022\/10\/05\/golovin-a-change\/"]}]},{"@type":"BreadcrumbList","@id":"https:\/\/www.ladiagonale.net\/index.php\/2022\/10\/05\/golovin-a-change\/#breadcrumb","itemListElement":[{"@type":"ListItem","position":1,"name":"Accueil","item":"https:\/\/www.ladiagonale.net\/"},{"@type":"ListItem","position":2,"name":"Golovin a chang\u00e9 selon Clement"}]},{"@type":"WebSite","@id":"https:\/\/www.ladiagonale.net\/#website","url":"https:\/\/www.ladiagonale.net\/","name":"La Diagonale","description":"Le site des supporters de l&#039;AS Monaco FC","potentialAction":[{"@type":"SearchAction","target":{"@type":"EntryPoint","urlTemplate":"https:\/\/www.ladiagonale.net\/?s={search_term_string}"},"query-input":"required name=search_term_string"}],"inLanguage":"fr-FR"},{"@type":"Person","@id":"https:\/\/www.ladiagonale.net\/#\/schema\/person\/79ff1e7b0853ed01b2aa26e64ad300bf","name":"Damien Dellerba","image":{"@type":"ImageObject","inLanguage":"fr-FR","@id":"https:\/\/www.ladiagonale.net\/#\/schema\/person\/image\/","url":"https:\/\/secure.gravatar.com\/avatar\/c7850e06d3ff63cdbaee88b7fc16e2f0?s=96&d=mm&r=g","contentUrl":"https:\/\/secure.gravatar.com\/avatar\/c7850e06d3ff63cdbaee88b7fc16e2f0?s=96&d=mm&r=g","caption":"Damien Dellerba"},"url":"https:\/\/www.ladiagonale.net\/index.php\/author\/damien\/"}]}},"_links":{"self":[{"href":"https:\/\/www.ladiagonale.net\/index.php\/wp-json\/wp\/v2\/posts\/5156"}],"collection":[{"href":"https:\/\/www.ladiagonale.net\/index.php\/wp-json\/wp\/v2\/posts"}],"about":[{"href":"https:\/\/www.ladiagonale.net\/index.php\/wp-json\/wp\/v2\/types\/post"}],"author":[{"embeddable":true,"href":"https:\/\/www.ladiagonale.net\/index.php\/wp-json\/wp\/v2\/users\/2"}],"replies":[{"embeddable":true,"href":"https:\/\/www.ladiagonale.net\/index.php\/wp-json\/wp\/v2\/comments?post=5156"}],"version-history":[{"count":4,"href":"https:\/\/www.ladiagonale.net\/index.php\/wp-json\/wp\/v2\/posts\/5156\/revisions"}],"predecessor-version":[{"id":5189,"href":"https:\/\/www.ladiagonale.net\/index.php\/wp-json\/wp\/v2\/posts\/5156\/revisions\/5189"}],"wp:attachment":[{"href":"https:\/\/www.ladiagonale.net\/index.php\/wp-json\/wp\/v2\/media?parent=5156"}],"wp:term":[{"taxonomy":"category","embeddable":true,"href":"https:\/\/www.ladiagonale.net\/index.php\/wp-json\/wp\/v2\/categories?post=5156"},{"taxonomy":"post_tag","embeddable":true,"href":"https:\/\/www.ladiagonale.net\/index.php\/wp-json\/wp\/v2\/tags?post=5156"}],"curies":[{"name":"wp","href":"https:\/\/api.w.org\/{rel}","templated":true}]}}