{"id":5162,"date":"2022-10-05T19:43:27","date_gmt":"2022-10-05T17:43:27","guid":{"rendered":"https:\/\/www.ladiagonale.net\/?p=5162"},"modified":"2022-10-06T00:45:09","modified_gmt":"2022-10-05T22:45:09","slug":"le-groupe-monegasque-babai-appele-par-clement","status":"publish","type":"post","link":"https:\/\/www.ladiagonale.net\/index.php\/2022\/10\/05\/le-groupe-monegasque-babai-appele-par-clement\/","title":{"rendered":"Le groupe mon\u00e9gasque : Baba\u00ef appel\u00e9 par Clement"},"content":{"rendered":"\n\n\n<p>Philippe Clement a convoqu\u00e9 un groupe de 24 joueurs pour la r\u00e9ception de Trabzonspor en Ligue Europa ce jeudi (18h45). Pour la premi\u00e8re fois de la saison, Nazim Baba\u00ef est convoqu\u00e9 par le coach mon\u00e9gasque, notamment en raison de l\u2019absence d\u2019Aguilar pour les prochaines semaines.<\/p>\n\n\n\n<p>Un seul joueur sera en tribune puisque l\u2019UEFA autorise la pr\u00e9sence de 23 joueurs sur la feuille de match.<\/p>\n\n\n\n<h4 class=\"has-white-color has-text-color has-background\" style=\"background-color:#929292\">LE GROUPE MON\u00c9GASQUE<\/h4>\n\n\n\n<p><strong>Gardiens :<\/strong> Didillon, Lienard, N\u00fcbel.<br><strong>D\u00e9fenseurs :<\/strong> Baba\u00ef, Badiashile, C. Henrique, Disasi, Jakobs, Maripan, Sarr, Vanderson.<br><strong>Milieux :<\/strong> Akliouche, Camara, Diatta, Fofana, G. Martins, Golovin, J. Lucas, Matazo, Minamino.<br><strong>Attaquants :<\/strong> Ben Yedder, Boadu, Embolo, Volland.<\/p>\n","protected":false},"excerpt":{"rendered":"<p>Philippe Clement a convoqu\u00e9 un groupe de 24 joueurs pour la r\u00e9ception de Trabzonspor en Ligue Europa ce jeudi (18h45). Pour la premi\u00e8re fois de la saison, Nazim Baba\u00ef est convoqu\u00e9 par le coach mon\u00e9gasque, notamment en raison de l\u2019absence d\u2019Aguilar pour les prochaines semaines. Un seul joueur sera en tribune puisque l\u2019UEFA autorise la [&#8230;]\n","protected":false},"author":2,"featured_media":0,"comment_status":"open","ping_status":"open","sticky":false,"template":"","format":"standard","meta":[],"categories":[4,6],"tags":[86,225,224,223,149],"yoast_head":"<!-- This site is optimized with the Yoast SEO plugin v19.8 - https:\/\/yoast.com\/wordpress\/plugins\/seo\/ -->\n<title>Le groupe mon\u00e9gasque : Baba\u00ef appel\u00e9 par Clement - La Diagonale<\/title>\n<meta name=\"robots\" content=\"index, follow, max-snippet:-1, max-image-preview:large, max-video-preview:-1\" \/>\n<link rel=\"canonical\" href=\"https:\/\/www.ladiagonale.net\/index.php\/2022\/10\/05\/le-groupe-monegasque-babai-appele-par-clement\/\" \/>\n<meta property=\"og:locale\" content=\"fr_FR\" \/>\n<meta property=\"og:type\" content=\"article\" \/>\n<meta property=\"og:title\" content=\"Le groupe mon\u00e9gasque : Baba\u00ef appel\u00e9 par Clement - La Diagonale\" \/>\n<meta property=\"og:description\" content=\"Philippe Clement a convoqu\u00e9 un groupe de 24 joueurs pour la r\u00e9ception de Trabzonspor en Ligue Europa ce jeudi (18h45). Pour la premi\u00e8re fois de la saison, Nazim Baba\u00ef est convoqu\u00e9 par le coach mon\u00e9gasque, notamment en raison de l\u2019absence d\u2019Aguilar pour les prochaines semaines. Un seul joueur sera en tribune puisque l\u2019UEFA autorise la [...]\" \/>\n<meta property=\"og:url\" content=\"https:\/\/www.ladiagonale.net\/index.php\/2022\/10\/05\/le-groupe-monegasque-babai-appele-par-clement\/\" \/>\n<meta property=\"og:site_name\" content=\"La Diagonale\" \/>\n<meta property=\"article:published_time\" content=\"2022-10-05T17:43:27+00:00\" \/>\n<meta property=\"article:modified_time\" content=\"2022-10-05T22:45:09+00:00\" \/>\n<meta name=\"author\" content=\"Damien Dellerba\" \/>\n<meta name=\"twitter:card\" content=\"summary_large_image\" \/>\n<meta name=\"twitter:label1\" content=\"\u00c9crit par\" \/>\n\t<meta name=\"twitter:data1\" content=\"Damien Dellerba\" \/>\n\t<meta name=\"twitter:label2\" content=\"Dur\u00e9e de lecture estim\u00e9e\" \/>\n\t<meta name=\"twitter:data2\" content=\"1 minute\" \/>\n<script type=\"application\/ld+json\" class=\"yoast-schema-graph\">{\"@context\":\"https:\/\/schema.org\",\"@graph\":[{\"@type\":\"WebPage\",\"@id\":\"https:\/\/www.ladiagonale.net\/index.php\/2022\/10\/05\/le-groupe-monegasque-babai-appele-par-clement\/\",\"url\":\"https:\/\/www.ladiagonale.net\/index.php\/2022\/10\/05\/le-groupe-monegasque-babai-appele-par-clement\/\",\"name\":\"Le groupe mon\u00e9gasque : Baba\u00ef appel\u00e9 par Clement - La Diagonale\",\"isPartOf\":{\"@id\":\"https:\/\/www.ladiagonale.net\/#website\"},\"datePublished\":\"2022-10-05T17:43:27+00:00\",\"dateModified\":\"2022-10-05T22:45:09+00:00\",\"author\":{\"@id\":\"https:\/\/www.ladiagonale.net\/#\/schema\/person\/79ff1e7b0853ed01b2aa26e64ad300bf\"},\"breadcrumb\":{\"@id\":\"https:\/\/www.ladiagonale.net\/index.php\/2022\/10\/05\/le-groupe-monegasque-babai-appele-par-clement\/#breadcrumb\"},\"inLanguage\":\"fr-FR\",\"potentialAction\":[{\"@type\":\"ReadAction\",\"target\":[\"https:\/\/www.ladiagonale.net\/index.php\/2022\/10\/05\/le-groupe-monegasque-babai-appele-par-clement\/\"]}]},{\"@type\":\"BreadcrumbList\",\"@id\":\"https:\/\/www.ladiagonale.net\/index.php\/2022\/10\/05\/le-groupe-monegasque-babai-appele-par-clement\/#breadcrumb\",\"itemListElement\":[{\"@type\":\"ListItem\",\"position\":1,\"name\":\"Accueil\",\"item\":\"https:\/\/www.ladiagonale.net\/\"},{\"@type\":\"ListItem\",\"position\":2,\"name\":\"Le groupe mon\u00e9gasque : Baba\u00ef appel\u00e9 par Clement\"}]},{\"@type\":\"WebSite\",\"@id\":\"https:\/\/www.ladiagonale.net\/#website\",\"url\":\"https:\/\/www.ladiagonale.net\/\",\"name\":\"La Diagonale\",\"description\":\"Le site des supporters de l&#039;AS Monaco FC\",\"potentialAction\":[{\"@type\":\"SearchAction\",\"target\":{\"@type\":\"EntryPoint\",\"urlTemplate\":\"https:\/\/www.ladiagonale.net\/?s={search_term_string}\"},\"query-input\":\"required name=search_term_string\"}],\"inLanguage\":\"fr-FR\"},{\"@type\":\"Person\",\"@id\":\"https:\/\/www.ladiagonale.net\/#\/schema\/person\/79ff1e7b0853ed01b2aa26e64ad300bf\",\"name\":\"Damien Dellerba\",\"image\":{\"@type\":\"ImageObject\",\"inLanguage\":\"fr-FR\",\"@id\":\"https:\/\/www.ladiagonale.net\/#\/schema\/person\/image\/\",\"url\":\"https:\/\/secure.gravatar.com\/avatar\/c7850e06d3ff63cdbaee88b7fc16e2f0?s=96&d=mm&r=g\",\"contentUrl\":\"https:\/\/secure.gravatar.com\/avatar\/c7850e06d3ff63cdbaee88b7fc16e2f0?s=96&d=mm&r=g\",\"caption\":\"Damien Dellerba\"},\"url\":\"https:\/\/www.ladiagonale.net\/index.php\/author\/damien\/\"}]}<\/script>\n<!-- \/ Yoast SEO plugin. -->","yoast_head_json":{"title":"Le groupe mon\u00e9gasque : Baba\u00ef appel\u00e9 par Clement - La Diagonale","robots":{"index":"index","follow":"follow","max-snippet":"max-snippet:-1","max-image-preview":"max-image-preview:large","max-video-preview":"max-video-preview:-1"},"canonical":"https:\/\/www.ladiagonale.net\/index.php\/2022\/10\/05\/le-groupe-monegasque-babai-appele-par-clement\/","og_locale":"fr_FR","og_type":"article","og_title":"Le groupe mon\u00e9gasque : Baba\u00ef appel\u00e9 par Clement - La Diagonale","og_description":"Philippe Clement a convoqu\u00e9 un groupe de 24 joueurs pour la r\u00e9ception de Trabzonspor en Ligue Europa ce jeudi (18h45). Pour la premi\u00e8re fois de la saison, Nazim Baba\u00ef est convoqu\u00e9 par le coach mon\u00e9gasque, notamment en raison de l\u2019absence d\u2019Aguilar pour les prochaines semaines. Un seul joueur sera en tribune puisque l\u2019UEFA autorise la [...]","og_url":"https:\/\/www.ladiagonale.net\/index.php\/2022\/10\/05\/le-groupe-monegasque-babai-appele-par-clement\/","og_site_name":"La Diagonale","article_published_time":"2022-10-05T17:43:27+00:00","article_modified_time":"2022-10-05T22:45:09+00:00","author":"Damien Dellerba","twitter_card":"summary_large_image","twitter_misc":{"\u00c9crit par":"Damien Dellerba","Dur\u00e9e de lecture estim\u00e9e":"1 minute"},"schema":{"@context":"https:\/\/schema.org","@graph":[{"@type":"WebPage","@id":"https:\/\/www.ladiagonale.net\/index.php\/2022\/10\/05\/le-groupe-monegasque-babai-appele-par-clement\/","url":"https:\/\/www.ladiagonale.net\/index.php\/2022\/10\/05\/le-groupe-monegasque-babai-appele-par-clement\/","name":"Le groupe mon\u00e9gasque : Baba\u00ef appel\u00e9 par Clement - La Diagonale","isPartOf":{"@id":"https:\/\/www.ladiagonale.net\/#website"},"datePublished":"2022-10-05T17:43:27+00:00","dateModified":"2022-10-05T22:45:09+00:00","author":{"@id":"https:\/\/www.ladiagonale.net\/#\/schema\/person\/79ff1e7b0853ed01b2aa26e64ad300bf"},"breadcrumb":{"@id":"https:\/\/www.ladiagonale.net\/index.php\/2022\/10\/05\/le-groupe-monegasque-babai-appele-par-clement\/#breadcrumb"},"inLanguage":"fr-FR","potentialAction":[{"@type":"ReadAction","target":["https:\/\/www.ladiagonale.net\/index.php\/2022\/10\/05\/le-groupe-monegasque-babai-appele-par-clement\/"]}]},{"@type":"BreadcrumbList","@id":"https:\/\/www.ladiagonale.net\/index.php\/2022\/10\/05\/le-groupe-monegasque-babai-appele-par-clement\/#breadcrumb","itemListElement":[{"@type":"ListItem","position":1,"name":"Accueil","item":"https:\/\/www.ladiagonale.net\/"},{"@type":"ListItem","position":2,"name":"Le groupe mon\u00e9gasque : Baba\u00ef appel\u00e9 par Clement"}]},{"@type":"WebSite","@id":"https:\/\/www.ladiagonale.net\/#website","url":"https:\/\/www.ladiagonale.net\/","name":"La Diagonale","description":"Le site des supporters de l&#039;AS Monaco FC","potentialAction":[{"@type":"SearchAction","target":{"@type":"EntryPoint","urlTemplate":"https:\/\/www.ladiagonale.net\/?s={search_term_string}"},"query-input":"required name=search_term_string"}],"inLanguage":"fr-FR"},{"@type":"Person","@id":"https:\/\/www.ladiagonale.net\/#\/schema\/person\/79ff1e7b0853ed01b2aa26e64ad300bf","name":"Damien Dellerba","image":{"@type":"ImageObject","inLanguage":"fr-FR","@id":"https:\/\/www.ladiagonale.net\/#\/schema\/person\/image\/","url":"https:\/\/secure.gravatar.com\/avatar\/c7850e06d3ff63cdbaee88b7fc16e2f0?s=96&d=mm&r=g","contentUrl":"https:\/\/secure.gravatar.com\/avatar\/c7850e06d3ff63cdbaee88b7fc16e2f0?s=96&d=mm&r=g","caption":"Damien Dellerba"},"url":"https:\/\/www.ladiagonale.net\/index.php\/author\/damien\/"}]}},"_links":{"self":[{"href":"https:\/\/www.ladiagonale.net\/index.php\/wp-json\/wp\/v2\/posts\/5162"}],"collection":[{"href":"https:\/\/www.ladiagonale.net\/index.php\/wp-json\/wp\/v2\/posts"}],"about":[{"href":"https:\/\/www.ladiagonale.net\/index.php\/wp-json\/wp\/v2\/types\/post"}],"author":[{"embeddable":true,"href":"https:\/\/www.ladiagonale.net\/index.php\/wp-json\/wp\/v2\/users\/2"}],"replies":[{"embeddable":true,"href":"https:\/\/www.ladiagonale.net\/index.php\/wp-json\/wp\/v2\/comments?post=5162"}],"version-history":[{"count":4,"href":"https:\/\/www.ladiagonale.net\/index.php\/wp-json\/wp\/v2\/posts\/5162\/revisions"}],"predecessor-version":[{"id":5187,"href":"https:\/\/www.ladiagonale.net\/index.php\/wp-json\/wp\/v2\/posts\/5162\/revisions\/5187"}],"wp:attachment":[{"href":"https:\/\/www.ladiagonale.net\/index.php\/wp-json\/wp\/v2\/media?parent=5162"}],"wp:term":[{"taxonomy":"category","embeddable":true,"href":"https:\/\/www.ladiagonale.net\/index.php\/wp-json\/wp\/v2\/categories?post=5162"},{"taxonomy":"post_tag","embeddable":true,"href":"https:\/\/www.ladiagonale.net\/index.php\/wp-json\/wp\/v2\/tags?post=5162"}],"curies":[{"name":"wp","href":"https:\/\/api.w.org\/{rel}","templated":true}]}}