{"id":5575,"date":"2022-10-13T23:24:06","date_gmt":"2022-10-13T21:24:06","guid":{"rendered":"https:\/\/www.ladiagonale.net\/?p=5575"},"modified":"2022-10-14T00:13:51","modified_gmt":"2022-10-13T22:13:51","slug":"disasi-le-coach-nous-avait-mis-en-garde","status":"publish","type":"post","link":"https:\/\/www.ladiagonale.net\/index.php\/2022\/10\/13\/disasi-le-coach-nous-avait-mis-en-garde\/","title":{"rendered":"Disasi : \u00ab\u00a0Le coach nous avait mis en garde\u00a0\u00bb"},"content":{"rendered":"\n\n\n<p>Interrog\u00e9 \u00e0 chaud au micro de <em>Canal+<\/em>, Axel Disasi a reconnu que Monaco avait sans doute \u00e9t\u00e9 trop confiant dans cette rencontre : \u00ab\u00a0<em>Le premier but est malchanceux. Et apr\u00e8s, c\u2019est un manque de tout, d\u2019agressivit\u00e9, de concentration. On prend des buts \u00e9vitables, on se fait punir, c\u2019est \u00e7a la coupe d\u2019Europe. Le coach nous avait mis en garde contre un exc\u00e8s de confiance et on est tomb\u00e9s dedans. On \u00e9tait sur une bonne s\u00e9rie et on est venus ici en en faisant moins que sur les autres matchs et on l\u2019a pay\u00e9 cash.<\/em>\u00ab\u00a0<\/p>\n\n\n\n<p>Le d\u00e9fenseur central regrette la finalit\u00e9 de la rencontre apr\u00e8s une bonne premi\u00e8re p\u00e9riode et esp\u00e8re que Monaco rebondira vite en Ligue 1, contre Clermont : \u00ab\u00a0<em>Sur cette premi\u00e8re mi-temps, on \u00e9tait bien avec plusieurs situations. Et il y a ce but qu\u2019on peut \u00e9viter mais c\u2019est le football. Petit \u00e0 petit, on se laisse tomber, on sombre dans le match et \u00e0 l\u2019arriv\u00e9e \u00e7a donne ce r\u00e9sultat tr\u00e8s lourd. Il faut rester concentr\u00e9 maintenant, remettre les ingr\u00e9dients qu&rsquo;on a mis sur les derniers matchs et r\u00e9enclencher la dynamique d\u00e8s dimanche<\/em>.\u00a0\u00bb<\/p>\n","protected":false},"excerpt":{"rendered":"<p>Interrog\u00e9 \u00e0 chaud au micro de Canal+, Axel Disasi a reconnu que Monaco avait sans doute \u00e9t\u00e9 trop confiant dans cette rencontre : \u00ab\u00a0Le premier but est malchanceux. Et apr\u00e8s, c\u2019est un manque de tout, d\u2019agressivit\u00e9, de concentration. On prend des buts \u00e9vitables, on se fait punir, c\u2019est \u00e7a la coupe d\u2019Europe. Le coach nous [&#8230;]\n","protected":false},"author":2,"featured_media":0,"comment_status":"open","ping_status":"open","sticky":false,"template":"","format":"standard","meta":[],"categories":[6],"tags":[86,224,242],"yoast_head":"<!-- This site is optimized with the Yoast SEO plugin v19.8 - https:\/\/yoast.com\/wordpress\/plugins\/seo\/ -->\n<title>Disasi : &quot;Le coach nous avait mis en garde&quot; - La Diagonale<\/title>\n<meta name=\"robots\" content=\"index, follow, max-snippet:-1, max-image-preview:large, max-video-preview:-1\" \/>\n<link rel=\"canonical\" href=\"https:\/\/www.ladiagonale.net\/index.php\/2022\/10\/13\/disasi-le-coach-nous-avait-mis-en-garde\/\" \/>\n<meta property=\"og:locale\" content=\"fr_FR\" \/>\n<meta property=\"og:type\" content=\"article\" \/>\n<meta property=\"og:title\" content=\"Disasi : &quot;Le coach nous avait mis en garde&quot; - La Diagonale\" \/>\n<meta property=\"og:description\" content=\"Interrog\u00e9 \u00e0 chaud au micro de Canal+, Axel Disasi a reconnu que Monaco avait sans doute \u00e9t\u00e9 trop confiant dans cette rencontre : \u00ab\u00a0Le premier but est malchanceux. Et apr\u00e8s, c\u2019est un manque de tout, d\u2019agressivit\u00e9, de concentration. On prend des buts \u00e9vitables, on se fait punir, c\u2019est \u00e7a la coupe d\u2019Europe. Le coach nous [...]\" \/>\n<meta property=\"og:url\" content=\"https:\/\/www.ladiagonale.net\/index.php\/2022\/10\/13\/disasi-le-coach-nous-avait-mis-en-garde\/\" \/>\n<meta property=\"og:site_name\" content=\"La Diagonale\" \/>\n<meta property=\"article:published_time\" content=\"2022-10-13T21:24:06+00:00\" \/>\n<meta property=\"article:modified_time\" content=\"2022-10-13T22:13:51+00:00\" \/>\n<meta name=\"author\" content=\"Damien Dellerba\" \/>\n<meta name=\"twitter:card\" content=\"summary_large_image\" \/>\n<meta name=\"twitter:label1\" content=\"\u00c9crit par\" \/>\n\t<meta name=\"twitter:data1\" content=\"Damien Dellerba\" \/>\n\t<meta name=\"twitter:label2\" content=\"Dur\u00e9e de lecture estim\u00e9e\" \/>\n\t<meta name=\"twitter:data2\" content=\"1 minute\" \/>\n<script type=\"application\/ld+json\" class=\"yoast-schema-graph\">{\"@context\":\"https:\/\/schema.org\",\"@graph\":[{\"@type\":\"WebPage\",\"@id\":\"https:\/\/www.ladiagonale.net\/index.php\/2022\/10\/13\/disasi-le-coach-nous-avait-mis-en-garde\/\",\"url\":\"https:\/\/www.ladiagonale.net\/index.php\/2022\/10\/13\/disasi-le-coach-nous-avait-mis-en-garde\/\",\"name\":\"Disasi : \\\"Le coach nous avait mis en garde\\\" - La Diagonale\",\"isPartOf\":{\"@id\":\"https:\/\/www.ladiagonale.net\/#website\"},\"datePublished\":\"2022-10-13T21:24:06+00:00\",\"dateModified\":\"2022-10-13T22:13:51+00:00\",\"author\":{\"@id\":\"https:\/\/www.ladiagonale.net\/#\/schema\/person\/79ff1e7b0853ed01b2aa26e64ad300bf\"},\"breadcrumb\":{\"@id\":\"https:\/\/www.ladiagonale.net\/index.php\/2022\/10\/13\/disasi-le-coach-nous-avait-mis-en-garde\/#breadcrumb\"},\"inLanguage\":\"fr-FR\",\"potentialAction\":[{\"@type\":\"ReadAction\",\"target\":[\"https:\/\/www.ladiagonale.net\/index.php\/2022\/10\/13\/disasi-le-coach-nous-avait-mis-en-garde\/\"]}]},{\"@type\":\"BreadcrumbList\",\"@id\":\"https:\/\/www.ladiagonale.net\/index.php\/2022\/10\/13\/disasi-le-coach-nous-avait-mis-en-garde\/#breadcrumb\",\"itemListElement\":[{\"@type\":\"ListItem\",\"position\":1,\"name\":\"Accueil\",\"item\":\"https:\/\/www.ladiagonale.net\/\"},{\"@type\":\"ListItem\",\"position\":2,\"name\":\"Disasi : \u00ab\u00a0Le coach nous avait mis en garde\u00a0\u00bb\"}]},{\"@type\":\"WebSite\",\"@id\":\"https:\/\/www.ladiagonale.net\/#website\",\"url\":\"https:\/\/www.ladiagonale.net\/\",\"name\":\"La Diagonale\",\"description\":\"Le site des supporters de l&#039;AS Monaco FC\",\"potentialAction\":[{\"@type\":\"SearchAction\",\"target\":{\"@type\":\"EntryPoint\",\"urlTemplate\":\"https:\/\/www.ladiagonale.net\/?s={search_term_string}\"},\"query-input\":\"required name=search_term_string\"}],\"inLanguage\":\"fr-FR\"},{\"@type\":\"Person\",\"@id\":\"https:\/\/www.ladiagonale.net\/#\/schema\/person\/79ff1e7b0853ed01b2aa26e64ad300bf\",\"name\":\"Damien Dellerba\",\"image\":{\"@type\":\"ImageObject\",\"inLanguage\":\"fr-FR\",\"@id\":\"https:\/\/www.ladiagonale.net\/#\/schema\/person\/image\/\",\"url\":\"https:\/\/secure.gravatar.com\/avatar\/c7850e06d3ff63cdbaee88b7fc16e2f0?s=96&d=mm&r=g\",\"contentUrl\":\"https:\/\/secure.gravatar.com\/avatar\/c7850e06d3ff63cdbaee88b7fc16e2f0?s=96&d=mm&r=g\",\"caption\":\"Damien Dellerba\"},\"url\":\"https:\/\/www.ladiagonale.net\/index.php\/author\/damien\/\"}]}<\/script>\n<!-- \/ Yoast SEO plugin. -->","yoast_head_json":{"title":"Disasi : \"Le coach nous avait mis en garde\" - La Diagonale","robots":{"index":"index","follow":"follow","max-snippet":"max-snippet:-1","max-image-preview":"max-image-preview:large","max-video-preview":"max-video-preview:-1"},"canonical":"https:\/\/www.ladiagonale.net\/index.php\/2022\/10\/13\/disasi-le-coach-nous-avait-mis-en-garde\/","og_locale":"fr_FR","og_type":"article","og_title":"Disasi : \"Le coach nous avait mis en garde\" - La Diagonale","og_description":"Interrog\u00e9 \u00e0 chaud au micro de Canal+, Axel Disasi a reconnu que Monaco avait sans doute \u00e9t\u00e9 trop confiant dans cette rencontre : \u00ab\u00a0Le premier but est malchanceux. Et apr\u00e8s, c\u2019est un manque de tout, d\u2019agressivit\u00e9, de concentration. On prend des buts \u00e9vitables, on se fait punir, c\u2019est \u00e7a la coupe d\u2019Europe. Le coach nous [...]","og_url":"https:\/\/www.ladiagonale.net\/index.php\/2022\/10\/13\/disasi-le-coach-nous-avait-mis-en-garde\/","og_site_name":"La Diagonale","article_published_time":"2022-10-13T21:24:06+00:00","article_modified_time":"2022-10-13T22:13:51+00:00","author":"Damien Dellerba","twitter_card":"summary_large_image","twitter_misc":{"\u00c9crit par":"Damien Dellerba","Dur\u00e9e de lecture estim\u00e9e":"1 minute"},"schema":{"@context":"https:\/\/schema.org","@graph":[{"@type":"WebPage","@id":"https:\/\/www.ladiagonale.net\/index.php\/2022\/10\/13\/disasi-le-coach-nous-avait-mis-en-garde\/","url":"https:\/\/www.ladiagonale.net\/index.php\/2022\/10\/13\/disasi-le-coach-nous-avait-mis-en-garde\/","name":"Disasi : \"Le coach nous avait mis en garde\" - La Diagonale","isPartOf":{"@id":"https:\/\/www.ladiagonale.net\/#website"},"datePublished":"2022-10-13T21:24:06+00:00","dateModified":"2022-10-13T22:13:51+00:00","author":{"@id":"https:\/\/www.ladiagonale.net\/#\/schema\/person\/79ff1e7b0853ed01b2aa26e64ad300bf"},"breadcrumb":{"@id":"https:\/\/www.ladiagonale.net\/index.php\/2022\/10\/13\/disasi-le-coach-nous-avait-mis-en-garde\/#breadcrumb"},"inLanguage":"fr-FR","potentialAction":[{"@type":"ReadAction","target":["https:\/\/www.ladiagonale.net\/index.php\/2022\/10\/13\/disasi-le-coach-nous-avait-mis-en-garde\/"]}]},{"@type":"BreadcrumbList","@id":"https:\/\/www.ladiagonale.net\/index.php\/2022\/10\/13\/disasi-le-coach-nous-avait-mis-en-garde\/#breadcrumb","itemListElement":[{"@type":"ListItem","position":1,"name":"Accueil","item":"https:\/\/www.ladiagonale.net\/"},{"@type":"ListItem","position":2,"name":"Disasi : \u00ab\u00a0Le coach nous avait mis en garde\u00a0\u00bb"}]},{"@type":"WebSite","@id":"https:\/\/www.ladiagonale.net\/#website","url":"https:\/\/www.ladiagonale.net\/","name":"La Diagonale","description":"Le site des supporters de l&#039;AS Monaco FC","potentialAction":[{"@type":"SearchAction","target":{"@type":"EntryPoint","urlTemplate":"https:\/\/www.ladiagonale.net\/?s={search_term_string}"},"query-input":"required name=search_term_string"}],"inLanguage":"fr-FR"},{"@type":"Person","@id":"https:\/\/www.ladiagonale.net\/#\/schema\/person\/79ff1e7b0853ed01b2aa26e64ad300bf","name":"Damien Dellerba","image":{"@type":"ImageObject","inLanguage":"fr-FR","@id":"https:\/\/www.ladiagonale.net\/#\/schema\/person\/image\/","url":"https:\/\/secure.gravatar.com\/avatar\/c7850e06d3ff63cdbaee88b7fc16e2f0?s=96&d=mm&r=g","contentUrl":"https:\/\/secure.gravatar.com\/avatar\/c7850e06d3ff63cdbaee88b7fc16e2f0?s=96&d=mm&r=g","caption":"Damien Dellerba"},"url":"https:\/\/www.ladiagonale.net\/index.php\/author\/damien\/"}]}},"_links":{"self":[{"href":"https:\/\/www.ladiagonale.net\/index.php\/wp-json\/wp\/v2\/posts\/5575"}],"collection":[{"href":"https:\/\/www.ladiagonale.net\/index.php\/wp-json\/wp\/v2\/posts"}],"about":[{"href":"https:\/\/www.ladiagonale.net\/index.php\/wp-json\/wp\/v2\/types\/post"}],"author":[{"embeddable":true,"href":"https:\/\/www.ladiagonale.net\/index.php\/wp-json\/wp\/v2\/users\/2"}],"replies":[{"embeddable":true,"href":"https:\/\/www.ladiagonale.net\/index.php\/wp-json\/wp\/v2\/comments?post=5575"}],"version-history":[{"count":1,"href":"https:\/\/www.ladiagonale.net\/index.php\/wp-json\/wp\/v2\/posts\/5575\/revisions"}],"predecessor-version":[{"id":5576,"href":"https:\/\/www.ladiagonale.net\/index.php\/wp-json\/wp\/v2\/posts\/5575\/revisions\/5576"}],"wp:attachment":[{"href":"https:\/\/www.ladiagonale.net\/index.php\/wp-json\/wp\/v2\/media?parent=5575"}],"wp:term":[{"taxonomy":"category","embeddable":true,"href":"https:\/\/www.ladiagonale.net\/index.php\/wp-json\/wp\/v2\/categories?post=5575"},{"taxonomy":"post_tag","embeddable":true,"href":"https:\/\/www.ladiagonale.net\/index.php\/wp-json\/wp\/v2\/tags?post=5575"}],"curies":[{"name":"wp","href":"https:\/\/api.w.org\/{rel}","templated":true}]}}