{"id":5700,"date":"2022-10-16T22:42:54","date_gmt":"2022-10-16T20:42:54","guid":{"rendered":"https:\/\/www.ladiagonale.net\/?p=5700"},"modified":"2022-10-16T22:42:57","modified_gmt":"2022-10-16T20:42:57","slug":"clement-ben-yedder-sest-comporte-en-capitaine","status":"publish","type":"post","link":"https:\/\/www.ladiagonale.net\/index.php\/2022\/10\/16\/clement-ben-yedder-sest-comporte-en-capitaine\/","title":{"rendered":"Clement : \u00ab\u00a0Ben Yedder s\u2019est comport\u00e9 en capitaine\u00a0\u00bb"},"content":{"rendered":"\n\n\n<p>Monaco a conc\u00e9d\u00e9 un match nul en inf\u00e9riorit\u00e9 num\u00e9rique contre Clermont. Une expulsion rapide de Mohamed Camara qui a pouss\u00e9 Clement \u00e0 faire sortir Ben Yedder et Minamino : \u00ab\u00a0<em>Ces changements sont tactiques. Wissam (Ben Yedder) n&rsquo;\u00e9tait pas agac\u00e9, il \u00e9tait d\u00e9\u00e7u du carton rouge. Il comprend pourquoi on a fait le remplacement. Il a \u00e9t\u00e9 positif sur le banc et s&rsquo;est comport\u00e9 en capitaine.<\/em>\u00a0\u00bb<\/p>\n\n\n\n<p>Le technicien as\u00e9miste a d\u00e9taill\u00e9 les raisons qui l\u2019ont pouss\u00e9 \u00e0 faire deux changements plut\u00f4t qu\u2019un seul : \u00ab\u00a0<em>On s&rsquo;est r\u00e9organis\u00e9 en 4-4-1, avec un attaquant qui peut jouer seul contre deux ou trois d\u00e9fenseurs. \u00c0 droite un joueur comme Diatta, avec de la puissance dans les duels et la possibilit\u00e9 de faire des transitions rapides.<\/em>\u00a0\u00bb<\/p>\n\n\n\n<p>Philippe Clement pense que le terrain et la nouvelle pelouse install\u00e9e apr\u00e8s Nantes a eu une incidence sur la faute de Camara, lui-m\u00eame victime d&rsquo;une glissade : \u00ab\u00a0<em>Ce rouge, c&rsquo;est de la malchance. Ce n&rsquo;est pas un duel. Les deux joueurs (Camara et Khaoui) courent. L&rsquo;\u00e9tat de notre pelouse fait que Mo a gliss\u00e9.<\/em>\u00a0\u00bb<\/p>\n\n\n\n<p>Clement a n\u00e9anmoins avou\u00e9 \u00eatre \u00ab\u00a0<em>tr\u00e8s fier<\/em>\u00a0\u00bb de ses joueurs et de leur r\u00e9action : \u00ab\u00a0<em>Peu d&rsquo;\u00e9quipes jouant 70 minutes \u00e0 dix contre onze parviennent \u00e0 gagner des points. Les joueurs ont re\u00e7u un coup \u00e0 Trabzon (0-4), avec, en plus, la fatigue d&rsquo;un match et d&rsquo;un long d\u00e9placement. En ce moment, tous les sc\u00e9narios n\u00e9gatifs sont dans les t\u00eates.<\/em>\u00a0\u00bb<\/p>\n","protected":false},"excerpt":{"rendered":"<p>Monaco a conc\u00e9d\u00e9 un match nul en inf\u00e9riorit\u00e9 num\u00e9rique contre Clermont. Une expulsion rapide de Mohamed Camara qui a pouss\u00e9 Clement \u00e0 faire sortir Ben Yedder et Minamino : \u00ab\u00a0Ces changements sont tactiques. Wissam (Ben Yedder) n&rsquo;\u00e9tait pas agac\u00e9, il \u00e9tait d\u00e9\u00e7u du carton rouge. Il comprend pourquoi on a fait le remplacement. Il a [&#8230;]\n","protected":false},"author":2,"featured_media":0,"comment_status":"open","ping_status":"open","sticky":false,"template":"","format":"standard","meta":[],"categories":[6],"tags":[86,94,243,191],"yoast_head":"<!-- This site is optimized with the Yoast SEO plugin v19.8 - https:\/\/yoast.com\/wordpress\/plugins\/seo\/ -->\n<title>Clement : \u00ab\u00a0Ben Yedder s\u2019est comport\u00e9 en capitaine\u00a0\u00bb - La Diagonale<\/title>\n<meta name=\"robots\" content=\"index, follow, max-snippet:-1, max-image-preview:large, max-video-preview:-1\" \/>\n<link rel=\"canonical\" href=\"https:\/\/www.ladiagonale.net\/index.php\/2022\/10\/16\/clement-ben-yedder-sest-comporte-en-capitaine\/\" \/>\n<meta property=\"og:locale\" content=\"fr_FR\" \/>\n<meta property=\"og:type\" content=\"article\" \/>\n<meta property=\"og:title\" content=\"Clement : \u00ab\u00a0Ben Yedder s\u2019est comport\u00e9 en capitaine\u00a0\u00bb - La Diagonale\" \/>\n<meta property=\"og:description\" content=\"Monaco a conc\u00e9d\u00e9 un match nul en inf\u00e9riorit\u00e9 num\u00e9rique contre Clermont. Une expulsion rapide de Mohamed Camara qui a pouss\u00e9 Clement \u00e0 faire sortir Ben Yedder et Minamino : \u00ab\u00a0Ces changements sont tactiques. Wissam (Ben Yedder) n&rsquo;\u00e9tait pas agac\u00e9, il \u00e9tait d\u00e9\u00e7u du carton rouge. Il comprend pourquoi on a fait le remplacement. Il a [...]\" \/>\n<meta property=\"og:url\" content=\"https:\/\/www.ladiagonale.net\/index.php\/2022\/10\/16\/clement-ben-yedder-sest-comporte-en-capitaine\/\" \/>\n<meta property=\"og:site_name\" content=\"La Diagonale\" \/>\n<meta property=\"article:published_time\" content=\"2022-10-16T20:42:54+00:00\" \/>\n<meta property=\"article:modified_time\" content=\"2022-10-16T20:42:57+00:00\" \/>\n<meta name=\"author\" content=\"Damien Dellerba\" \/>\n<meta name=\"twitter:card\" content=\"summary_large_image\" \/>\n<meta name=\"twitter:label1\" content=\"\u00c9crit par\" \/>\n\t<meta name=\"twitter:data1\" content=\"Damien Dellerba\" \/>\n\t<meta name=\"twitter:label2\" content=\"Dur\u00e9e de lecture estim\u00e9e\" \/>\n\t<meta name=\"twitter:data2\" content=\"2 minutes\" \/>\n<script type=\"application\/ld+json\" class=\"yoast-schema-graph\">{\"@context\":\"https:\/\/schema.org\",\"@graph\":[{\"@type\":\"WebPage\",\"@id\":\"https:\/\/www.ladiagonale.net\/index.php\/2022\/10\/16\/clement-ben-yedder-sest-comporte-en-capitaine\/\",\"url\":\"https:\/\/www.ladiagonale.net\/index.php\/2022\/10\/16\/clement-ben-yedder-sest-comporte-en-capitaine\/\",\"name\":\"Clement : \u00ab\u00a0Ben Yedder s\u2019est comport\u00e9 en capitaine\u00a0\u00bb - La Diagonale\",\"isPartOf\":{\"@id\":\"https:\/\/www.ladiagonale.net\/#website\"},\"datePublished\":\"2022-10-16T20:42:54+00:00\",\"dateModified\":\"2022-10-16T20:42:57+00:00\",\"author\":{\"@id\":\"https:\/\/www.ladiagonale.net\/#\/schema\/person\/79ff1e7b0853ed01b2aa26e64ad300bf\"},\"breadcrumb\":{\"@id\":\"https:\/\/www.ladiagonale.net\/index.php\/2022\/10\/16\/clement-ben-yedder-sest-comporte-en-capitaine\/#breadcrumb\"},\"inLanguage\":\"fr-FR\",\"potentialAction\":[{\"@type\":\"ReadAction\",\"target\":[\"https:\/\/www.ladiagonale.net\/index.php\/2022\/10\/16\/clement-ben-yedder-sest-comporte-en-capitaine\/\"]}]},{\"@type\":\"BreadcrumbList\",\"@id\":\"https:\/\/www.ladiagonale.net\/index.php\/2022\/10\/16\/clement-ben-yedder-sest-comporte-en-capitaine\/#breadcrumb\",\"itemListElement\":[{\"@type\":\"ListItem\",\"position\":1,\"name\":\"Accueil\",\"item\":\"https:\/\/www.ladiagonale.net\/\"},{\"@type\":\"ListItem\",\"position\":2,\"name\":\"Clement : \u00ab\u00a0Ben Yedder s\u2019est comport\u00e9 en capitaine\u00a0\u00bb\"}]},{\"@type\":\"WebSite\",\"@id\":\"https:\/\/www.ladiagonale.net\/#website\",\"url\":\"https:\/\/www.ladiagonale.net\/\",\"name\":\"La Diagonale\",\"description\":\"Le site des supporters de l&#039;AS Monaco FC\",\"potentialAction\":[{\"@type\":\"SearchAction\",\"target\":{\"@type\":\"EntryPoint\",\"urlTemplate\":\"https:\/\/www.ladiagonale.net\/?s={search_term_string}\"},\"query-input\":\"required name=search_term_string\"}],\"inLanguage\":\"fr-FR\"},{\"@type\":\"Person\",\"@id\":\"https:\/\/www.ladiagonale.net\/#\/schema\/person\/79ff1e7b0853ed01b2aa26e64ad300bf\",\"name\":\"Damien Dellerba\",\"image\":{\"@type\":\"ImageObject\",\"inLanguage\":\"fr-FR\",\"@id\":\"https:\/\/www.ladiagonale.net\/#\/schema\/person\/image\/\",\"url\":\"https:\/\/secure.gravatar.com\/avatar\/c7850e06d3ff63cdbaee88b7fc16e2f0?s=96&d=mm&r=g\",\"contentUrl\":\"https:\/\/secure.gravatar.com\/avatar\/c7850e06d3ff63cdbaee88b7fc16e2f0?s=96&d=mm&r=g\",\"caption\":\"Damien Dellerba\"},\"url\":\"https:\/\/www.ladiagonale.net\/index.php\/author\/damien\/\"}]}<\/script>\n<!-- \/ Yoast SEO plugin. -->","yoast_head_json":{"title":"Clement : \u00ab\u00a0Ben Yedder s\u2019est comport\u00e9 en capitaine\u00a0\u00bb - La Diagonale","robots":{"index":"index","follow":"follow","max-snippet":"max-snippet:-1","max-image-preview":"max-image-preview:large","max-video-preview":"max-video-preview:-1"},"canonical":"https:\/\/www.ladiagonale.net\/index.php\/2022\/10\/16\/clement-ben-yedder-sest-comporte-en-capitaine\/","og_locale":"fr_FR","og_type":"article","og_title":"Clement : \u00ab\u00a0Ben Yedder s\u2019est comport\u00e9 en capitaine\u00a0\u00bb - La Diagonale","og_description":"Monaco a conc\u00e9d\u00e9 un match nul en inf\u00e9riorit\u00e9 num\u00e9rique contre Clermont. Une expulsion rapide de Mohamed Camara qui a pouss\u00e9 Clement \u00e0 faire sortir Ben Yedder et Minamino : \u00ab\u00a0Ces changements sont tactiques. Wissam (Ben Yedder) n&rsquo;\u00e9tait pas agac\u00e9, il \u00e9tait d\u00e9\u00e7u du carton rouge. Il comprend pourquoi on a fait le remplacement. Il a [...]","og_url":"https:\/\/www.ladiagonale.net\/index.php\/2022\/10\/16\/clement-ben-yedder-sest-comporte-en-capitaine\/","og_site_name":"La Diagonale","article_published_time":"2022-10-16T20:42:54+00:00","article_modified_time":"2022-10-16T20:42:57+00:00","author":"Damien Dellerba","twitter_card":"summary_large_image","twitter_misc":{"\u00c9crit par":"Damien Dellerba","Dur\u00e9e de lecture estim\u00e9e":"2 minutes"},"schema":{"@context":"https:\/\/schema.org","@graph":[{"@type":"WebPage","@id":"https:\/\/www.ladiagonale.net\/index.php\/2022\/10\/16\/clement-ben-yedder-sest-comporte-en-capitaine\/","url":"https:\/\/www.ladiagonale.net\/index.php\/2022\/10\/16\/clement-ben-yedder-sest-comporte-en-capitaine\/","name":"Clement : \u00ab\u00a0Ben Yedder s\u2019est comport\u00e9 en capitaine\u00a0\u00bb - La Diagonale","isPartOf":{"@id":"https:\/\/www.ladiagonale.net\/#website"},"datePublished":"2022-10-16T20:42:54+00:00","dateModified":"2022-10-16T20:42:57+00:00","author":{"@id":"https:\/\/www.ladiagonale.net\/#\/schema\/person\/79ff1e7b0853ed01b2aa26e64ad300bf"},"breadcrumb":{"@id":"https:\/\/www.ladiagonale.net\/index.php\/2022\/10\/16\/clement-ben-yedder-sest-comporte-en-capitaine\/#breadcrumb"},"inLanguage":"fr-FR","potentialAction":[{"@type":"ReadAction","target":["https:\/\/www.ladiagonale.net\/index.php\/2022\/10\/16\/clement-ben-yedder-sest-comporte-en-capitaine\/"]}]},{"@type":"BreadcrumbList","@id":"https:\/\/www.ladiagonale.net\/index.php\/2022\/10\/16\/clement-ben-yedder-sest-comporte-en-capitaine\/#breadcrumb","itemListElement":[{"@type":"ListItem","position":1,"name":"Accueil","item":"https:\/\/www.ladiagonale.net\/"},{"@type":"ListItem","position":2,"name":"Clement : \u00ab\u00a0Ben Yedder s\u2019est comport\u00e9 en capitaine\u00a0\u00bb"}]},{"@type":"WebSite","@id":"https:\/\/www.ladiagonale.net\/#website","url":"https:\/\/www.ladiagonale.net\/","name":"La Diagonale","description":"Le site des supporters de l&#039;AS Monaco FC","potentialAction":[{"@type":"SearchAction","target":{"@type":"EntryPoint","urlTemplate":"https:\/\/www.ladiagonale.net\/?s={search_term_string}"},"query-input":"required name=search_term_string"}],"inLanguage":"fr-FR"},{"@type":"Person","@id":"https:\/\/www.ladiagonale.net\/#\/schema\/person\/79ff1e7b0853ed01b2aa26e64ad300bf","name":"Damien Dellerba","image":{"@type":"ImageObject","inLanguage":"fr-FR","@id":"https:\/\/www.ladiagonale.net\/#\/schema\/person\/image\/","url":"https:\/\/secure.gravatar.com\/avatar\/c7850e06d3ff63cdbaee88b7fc16e2f0?s=96&d=mm&r=g","contentUrl":"https:\/\/secure.gravatar.com\/avatar\/c7850e06d3ff63cdbaee88b7fc16e2f0?s=96&d=mm&r=g","caption":"Damien Dellerba"},"url":"https:\/\/www.ladiagonale.net\/index.php\/author\/damien\/"}]}},"_links":{"self":[{"href":"https:\/\/www.ladiagonale.net\/index.php\/wp-json\/wp\/v2\/posts\/5700"}],"collection":[{"href":"https:\/\/www.ladiagonale.net\/index.php\/wp-json\/wp\/v2\/posts"}],"about":[{"href":"https:\/\/www.ladiagonale.net\/index.php\/wp-json\/wp\/v2\/types\/post"}],"author":[{"embeddable":true,"href":"https:\/\/www.ladiagonale.net\/index.php\/wp-json\/wp\/v2\/users\/2"}],"replies":[{"embeddable":true,"href":"https:\/\/www.ladiagonale.net\/index.php\/wp-json\/wp\/v2\/comments?post=5700"}],"version-history":[{"count":1,"href":"https:\/\/www.ladiagonale.net\/index.php\/wp-json\/wp\/v2\/posts\/5700\/revisions"}],"predecessor-version":[{"id":5701,"href":"https:\/\/www.ladiagonale.net\/index.php\/wp-json\/wp\/v2\/posts\/5700\/revisions\/5701"}],"wp:attachment":[{"href":"https:\/\/www.ladiagonale.net\/index.php\/wp-json\/wp\/v2\/media?parent=5700"}],"wp:term":[{"taxonomy":"category","embeddable":true,"href":"https:\/\/www.ladiagonale.net\/index.php\/wp-json\/wp\/v2\/categories?post=5700"},{"taxonomy":"post_tag","embeddable":true,"href":"https:\/\/www.ladiagonale.net\/index.php\/wp-json\/wp\/v2\/tags?post=5700"}],"curies":[{"name":"wp","href":"https:\/\/api.w.org\/{rel}","templated":true}]}}