{"id":5706,"date":"2022-10-16T23:45:05","date_gmt":"2022-10-16T21:45:05","guid":{"rendered":"https:\/\/www.ladiagonale.net\/?p=5706"},"modified":"2022-10-16T23:49:38","modified_gmt":"2022-10-16T21:49:38","slug":"le-verre-a-moitie-vide","status":"publish","type":"post","link":"https:\/\/www.ladiagonale.net\/index.php\/2022\/10\/16\/le-verre-a-moitie-vide\/","title":{"rendered":"Le verre \u00e0 moiti\u00e9 vide"},"content":{"rendered":"\n\n\n<p><strong>Contre Clermont, Monaco n&rsquo;a pas pu faire mieux qu&rsquo;un r\u00e9sultat nul (1-1) \u00e0 l&rsquo;occasion de la 11e journ\u00e9e de Ligue 1. En inf\u00e9riorit\u00e9 num\u00e9rique, l&rsquo;ASM n&rsquo;a pas su conserver l&rsquo;avantage qu&rsquo;elle avait obtenu gr\u00e2ce \u00e0 Embolo.<\/strong><\/p>\n\n\n\n<p class=\"has-white-color has-text-color has-background\" style=\"background-color:#929292\">Voir <a href=\"https:\/\/www.ladiagonale.net\/index.php\/event\/monaco-clermont\/\">la feuille de match<\/a><\/p>\n\n\n\n<p>On pourrait parler de contre-performance au moment d&rsquo;aborder le match nul de l&rsquo;AS Monaco sur sa pelouse contre Clermont. Les hommes de Philippe Clement pourront toujours invoquer des faits de jeu contraire, mais en r\u00e9alit\u00e9, c&rsquo;est bien apr\u00e8s l&rsquo;expulsion de Mohamed Camara, auteur d&rsquo;une semelle sur Khaoui (17<sup>e<\/sup>), que l&rsquo;ASM a affich\u00e9 son meilleur visage et elle a m\u00eame ouvert le score gr\u00e2ce \u00e0 Breel Embolo (1-0, 31e). L&rsquo;international suisse a marqu\u00e9 en deux temps sur un p\u00e9nalty qu&rsquo;il avait lui-m\u00eame obtenu. Monaco a pris les devants mais n&rsquo;a pas \u00e9t\u00e9 capable de pr\u00e9server le score, ni m\u00eame de l&rsquo;accentuer. En fin de premi\u00e8re mi-temps, Cham a trouv\u00e9 le poteau sur une situation tr\u00e8s chaude dans la surface o\u00f9 N\u00fcbel a d\u00fb s&#8217;employer \u00e0 deux reprises (34<sup>e<\/sup>)<\/p>\n\n\n\n<p>Les Clermontois sont rapidement revenus dans la partie en seconde p\u00e9riode avec une r\u00e9alisation de Andric (1-1, 53e), qui a pu reprendre un ballon repouss\u00e9 par N\u00fcbel apr\u00e8s une frappe de Khaoui. Les changements op\u00e9r\u00e9s par Philippe Clement, pour consolider son assise d\u00e9fensive en faisant entrer Matazo \u00e0 la place de Ben Yedder et Diatta \u00e0 la place de Minamino (21<sup>e<\/sup>) ne se sont donc pas av\u00e9r\u00e9s payants. L&rsquo;ASM n&rsquo;a fait que subir en seconde p\u00e9riode et n&rsquo;a jamais r\u00e9ussi \u00e0 se montrer dangereuse. Des tentatives de Diatta (55e) et Jakobs (84e) ont jalonn\u00e9 ce deuxi\u00e8me acte mais c&rsquo;est \u00e0 peu pr\u00e8s tout, alors que les Clermontois ont monopolis\u00e9 le ballon mais ont \u00e9t\u00e9 tr\u00e8s peu adroits devant la cage gard\u00e9e par N\u00fcbel.<\/p>\n\n\n\n<p>C&rsquo;est une semaine d\u00e9cevante qui s&rsquo;ach\u00e8ve pour l&rsquo;ASM, alors que cette derni\u00e8re esp\u00e9rait se relever de la lourde claque re\u00e7ue jeudi contre Trabzonspor en Ligue Europa. Certes, elle porte sa s\u00e9rie d&rsquo;invincibilit\u00e9 en Ligue 1 \u00e0 six matchs mais ce nul contre Clermont n&rsquo;est pas vraiment satisfaisant, d&rsquo;autant plus qu&rsquo;il pousse Monaco hors du top 5 au classement. Dans le contenu, Monaco ne semblait pas dans un grand jour, m\u00eame \u00e0 onze contre onze, avec une animation offensive approximative et balbutiante. Il y aura des choses \u00e0 corriger avant de se d\u00e9placer \u00e0 Lille, qui se trouve d\u00e9sormais sur les talons du club de la Principaut\u00e9, et Clement disposera d&rsquo;une semaine compl\u00e8te pour travailler et corriger le tir. Semaine qui permettra aux organismes de souffler, puisque le coach Belge ne fait quasiment pas tourner son onze depuis le retour de la tr\u00eave.<\/p>\n\n\n\n<p class=\"has-white-color has-text-color has-background\" style=\"background-color:#929292\">Voir <a href=\"https:\/\/www.ladiagonale.net\/index.php\/classements\/\">le classement de Ligue 1<\/a><\/p>\n\n\n\n<p>Photo : <em>AS Monaco<\/em><\/p>\n","protected":false},"excerpt":{"rendered":"<p>Contre Clermont, Monaco n&rsquo;a pas pu faire mieux qu&rsquo;un r\u00e9sultat nul (1-1) \u00e0 l&rsquo;occasion de la 11e journ\u00e9e de Ligue 1. En inf\u00e9riorit\u00e9 num\u00e9rique, l&rsquo;ASM n&rsquo;a pas su conserver l&rsquo;avantage qu&rsquo;elle avait obtenu gr\u00e2ce \u00e0 Embolo. Voir la feuille de match On pourrait parler de contre-performance au moment d&rsquo;aborder le match nul de l&rsquo;AS Monaco [&#8230;]\n","protected":false},"author":2,"featured_media":5707,"comment_status":"open","ping_status":"open","sticky":false,"template":"","format":"standard","meta":[],"categories":[5,6],"tags":[86,233,94,243],"yoast_head":"<!-- This site is optimized with the Yoast SEO plugin v19.8 - https:\/\/yoast.com\/wordpress\/plugins\/seo\/ -->\n<title>Le verre \u00e0 moiti\u00e9 vide - La Diagonale<\/title>\n<meta name=\"robots\" content=\"index, follow, max-snippet:-1, max-image-preview:large, max-video-preview:-1\" \/>\n<link rel=\"canonical\" href=\"https:\/\/www.ladiagonale.net\/index.php\/2022\/10\/16\/le-verre-a-moitie-vide\/\" \/>\n<meta property=\"og:locale\" content=\"fr_FR\" \/>\n<meta property=\"og:type\" content=\"article\" \/>\n<meta property=\"og:title\" content=\"Le verre \u00e0 moiti\u00e9 vide - La Diagonale\" \/>\n<meta property=\"og:description\" content=\"Contre Clermont, Monaco n&rsquo;a pas pu faire mieux qu&rsquo;un r\u00e9sultat nul (1-1) \u00e0 l&rsquo;occasion de la 11e journ\u00e9e de Ligue 1. En inf\u00e9riorit\u00e9 num\u00e9rique, l&rsquo;ASM n&rsquo;a pas su conserver l&rsquo;avantage qu&rsquo;elle avait obtenu gr\u00e2ce \u00e0 Embolo. Voir la feuille de match On pourrait parler de contre-performance au moment d&rsquo;aborder le match nul de l&rsquo;AS Monaco [...]\" \/>\n<meta property=\"og:url\" content=\"https:\/\/www.ladiagonale.net\/index.php\/2022\/10\/16\/le-verre-a-moitie-vide\/\" \/>\n<meta property=\"og:site_name\" content=\"La Diagonale\" \/>\n<meta property=\"article:published_time\" content=\"2022-10-16T21:45:05+00:00\" \/>\n<meta property=\"article:modified_time\" content=\"2022-10-16T21:49:38+00:00\" \/>\n<meta property=\"og:image\" content=\"https:\/\/www.ladiagonale.net\/wp-content\/uploads\/2022\/10\/media-2200700-1875570-1160x650-1.jpg\" \/>\n\t<meta property=\"og:image:width\" content=\"1160\" \/>\n\t<meta property=\"og:image:height\" content=\"650\" \/>\n\t<meta property=\"og:image:type\" content=\"image\/jpeg\" \/>\n<meta name=\"author\" content=\"Damien Dellerba\" \/>\n<meta name=\"twitter:card\" content=\"summary_large_image\" \/>\n<meta name=\"twitter:label1\" content=\"\u00c9crit par\" \/>\n\t<meta name=\"twitter:data1\" content=\"Damien Dellerba\" \/>\n\t<meta name=\"twitter:label2\" content=\"Dur\u00e9e de lecture estim\u00e9e\" \/>\n\t<meta name=\"twitter:data2\" content=\"3 minutes\" \/>\n<script type=\"application\/ld+json\" class=\"yoast-schema-graph\">{\"@context\":\"https:\/\/schema.org\",\"@graph\":[{\"@type\":\"WebPage\",\"@id\":\"https:\/\/www.ladiagonale.net\/index.php\/2022\/10\/16\/le-verre-a-moitie-vide\/\",\"url\":\"https:\/\/www.ladiagonale.net\/index.php\/2022\/10\/16\/le-verre-a-moitie-vide\/\",\"name\":\"Le verre \u00e0 moiti\u00e9 vide - La Diagonale\",\"isPartOf\":{\"@id\":\"https:\/\/www.ladiagonale.net\/#website\"},\"datePublished\":\"2022-10-16T21:45:05+00:00\",\"dateModified\":\"2022-10-16T21:49:38+00:00\",\"author\":{\"@id\":\"https:\/\/www.ladiagonale.net\/#\/schema\/person\/79ff1e7b0853ed01b2aa26e64ad300bf\"},\"breadcrumb\":{\"@id\":\"https:\/\/www.ladiagonale.net\/index.php\/2022\/10\/16\/le-verre-a-moitie-vide\/#breadcrumb\"},\"inLanguage\":\"fr-FR\",\"potentialAction\":[{\"@type\":\"ReadAction\",\"target\":[\"https:\/\/www.ladiagonale.net\/index.php\/2022\/10\/16\/le-verre-a-moitie-vide\/\"]}]},{\"@type\":\"BreadcrumbList\",\"@id\":\"https:\/\/www.ladiagonale.net\/index.php\/2022\/10\/16\/le-verre-a-moitie-vide\/#breadcrumb\",\"itemListElement\":[{\"@type\":\"ListItem\",\"position\":1,\"name\":\"Accueil\",\"item\":\"https:\/\/www.ladiagonale.net\/\"},{\"@type\":\"ListItem\",\"position\":2,\"name\":\"Le verre \u00e0 moiti\u00e9 vide\"}]},{\"@type\":\"WebSite\",\"@id\":\"https:\/\/www.ladiagonale.net\/#website\",\"url\":\"https:\/\/www.ladiagonale.net\/\",\"name\":\"La Diagonale\",\"description\":\"Le site des supporters de l&#039;AS Monaco FC\",\"potentialAction\":[{\"@type\":\"SearchAction\",\"target\":{\"@type\":\"EntryPoint\",\"urlTemplate\":\"https:\/\/www.ladiagonale.net\/?s={search_term_string}\"},\"query-input\":\"required name=search_term_string\"}],\"inLanguage\":\"fr-FR\"},{\"@type\":\"Person\",\"@id\":\"https:\/\/www.ladiagonale.net\/#\/schema\/person\/79ff1e7b0853ed01b2aa26e64ad300bf\",\"name\":\"Damien Dellerba\",\"image\":{\"@type\":\"ImageObject\",\"inLanguage\":\"fr-FR\",\"@id\":\"https:\/\/www.ladiagonale.net\/#\/schema\/person\/image\/\",\"url\":\"https:\/\/secure.gravatar.com\/avatar\/c7850e06d3ff63cdbaee88b7fc16e2f0?s=96&d=mm&r=g\",\"contentUrl\":\"https:\/\/secure.gravatar.com\/avatar\/c7850e06d3ff63cdbaee88b7fc16e2f0?s=96&d=mm&r=g\",\"caption\":\"Damien Dellerba\"},\"url\":\"https:\/\/www.ladiagonale.net\/index.php\/author\/damien\/\"}]}<\/script>\n<!-- \/ Yoast SEO plugin. -->","yoast_head_json":{"title":"Le verre \u00e0 moiti\u00e9 vide - La Diagonale","robots":{"index":"index","follow":"follow","max-snippet":"max-snippet:-1","max-image-preview":"max-image-preview:large","max-video-preview":"max-video-preview:-1"},"canonical":"https:\/\/www.ladiagonale.net\/index.php\/2022\/10\/16\/le-verre-a-moitie-vide\/","og_locale":"fr_FR","og_type":"article","og_title":"Le verre \u00e0 moiti\u00e9 vide - La Diagonale","og_description":"Contre Clermont, Monaco n&rsquo;a pas pu faire mieux qu&rsquo;un r\u00e9sultat nul (1-1) \u00e0 l&rsquo;occasion de la 11e journ\u00e9e de Ligue 1. En inf\u00e9riorit\u00e9 num\u00e9rique, l&rsquo;ASM n&rsquo;a pas su conserver l&rsquo;avantage qu&rsquo;elle avait obtenu gr\u00e2ce \u00e0 Embolo. Voir la feuille de match On pourrait parler de contre-performance au moment d&rsquo;aborder le match nul de l&rsquo;AS Monaco [...]","og_url":"https:\/\/www.ladiagonale.net\/index.php\/2022\/10\/16\/le-verre-a-moitie-vide\/","og_site_name":"La Diagonale","article_published_time":"2022-10-16T21:45:05+00:00","article_modified_time":"2022-10-16T21:49:38+00:00","og_image":[{"width":1160,"height":650,"url":"https:\/\/www.ladiagonale.net\/wp-content\/uploads\/2022\/10\/media-2200700-1875570-1160x650-1.jpg","type":"image\/jpeg"}],"author":"Damien Dellerba","twitter_card":"summary_large_image","twitter_misc":{"\u00c9crit par":"Damien Dellerba","Dur\u00e9e de lecture estim\u00e9e":"3 minutes"},"schema":{"@context":"https:\/\/schema.org","@graph":[{"@type":"WebPage","@id":"https:\/\/www.ladiagonale.net\/index.php\/2022\/10\/16\/le-verre-a-moitie-vide\/","url":"https:\/\/www.ladiagonale.net\/index.php\/2022\/10\/16\/le-verre-a-moitie-vide\/","name":"Le verre \u00e0 moiti\u00e9 vide - La Diagonale","isPartOf":{"@id":"https:\/\/www.ladiagonale.net\/#website"},"datePublished":"2022-10-16T21:45:05+00:00","dateModified":"2022-10-16T21:49:38+00:00","author":{"@id":"https:\/\/www.ladiagonale.net\/#\/schema\/person\/79ff1e7b0853ed01b2aa26e64ad300bf"},"breadcrumb":{"@id":"https:\/\/www.ladiagonale.net\/index.php\/2022\/10\/16\/le-verre-a-moitie-vide\/#breadcrumb"},"inLanguage":"fr-FR","potentialAction":[{"@type":"ReadAction","target":["https:\/\/www.ladiagonale.net\/index.php\/2022\/10\/16\/le-verre-a-moitie-vide\/"]}]},{"@type":"BreadcrumbList","@id":"https:\/\/www.ladiagonale.net\/index.php\/2022\/10\/16\/le-verre-a-moitie-vide\/#breadcrumb","itemListElement":[{"@type":"ListItem","position":1,"name":"Accueil","item":"https:\/\/www.ladiagonale.net\/"},{"@type":"ListItem","position":2,"name":"Le verre \u00e0 moiti\u00e9 vide"}]},{"@type":"WebSite","@id":"https:\/\/www.ladiagonale.net\/#website","url":"https:\/\/www.ladiagonale.net\/","name":"La Diagonale","description":"Le site des supporters de l&#039;AS Monaco FC","potentialAction":[{"@type":"SearchAction","target":{"@type":"EntryPoint","urlTemplate":"https:\/\/www.ladiagonale.net\/?s={search_term_string}"},"query-input":"required name=search_term_string"}],"inLanguage":"fr-FR"},{"@type":"Person","@id":"https:\/\/www.ladiagonale.net\/#\/schema\/person\/79ff1e7b0853ed01b2aa26e64ad300bf","name":"Damien Dellerba","image":{"@type":"ImageObject","inLanguage":"fr-FR","@id":"https:\/\/www.ladiagonale.net\/#\/schema\/person\/image\/","url":"https:\/\/secure.gravatar.com\/avatar\/c7850e06d3ff63cdbaee88b7fc16e2f0?s=96&d=mm&r=g","contentUrl":"https:\/\/secure.gravatar.com\/avatar\/c7850e06d3ff63cdbaee88b7fc16e2f0?s=96&d=mm&r=g","caption":"Damien Dellerba"},"url":"https:\/\/www.ladiagonale.net\/index.php\/author\/damien\/"}]}},"_links":{"self":[{"href":"https:\/\/www.ladiagonale.net\/index.php\/wp-json\/wp\/v2\/posts\/5706"}],"collection":[{"href":"https:\/\/www.ladiagonale.net\/index.php\/wp-json\/wp\/v2\/posts"}],"about":[{"href":"https:\/\/www.ladiagonale.net\/index.php\/wp-json\/wp\/v2\/types\/post"}],"author":[{"embeddable":true,"href":"https:\/\/www.ladiagonale.net\/index.php\/wp-json\/wp\/v2\/users\/2"}],"replies":[{"embeddable":true,"href":"https:\/\/www.ladiagonale.net\/index.php\/wp-json\/wp\/v2\/comments?post=5706"}],"version-history":[{"count":8,"href":"https:\/\/www.ladiagonale.net\/index.php\/wp-json\/wp\/v2\/posts\/5706\/revisions"}],"predecessor-version":[{"id":5716,"href":"https:\/\/www.ladiagonale.net\/index.php\/wp-json\/wp\/v2\/posts\/5706\/revisions\/5716"}],"wp:featuredmedia":[{"embeddable":true,"href":"https:\/\/www.ladiagonale.net\/index.php\/wp-json\/wp\/v2\/media\/5707"}],"wp:attachment":[{"href":"https:\/\/www.ladiagonale.net\/index.php\/wp-json\/wp\/v2\/media?parent=5706"}],"wp:term":[{"taxonomy":"category","embeddable":true,"href":"https:\/\/www.ladiagonale.net\/index.php\/wp-json\/wp\/v2\/categories?post=5706"},{"taxonomy":"post_tag","embeddable":true,"href":"https:\/\/www.ladiagonale.net\/index.php\/wp-json\/wp\/v2\/tags?post=5706"}],"curies":[{"name":"wp","href":"https:\/\/api.w.org\/{rel}","templated":true}]}}