{"id":5728,"date":"2022-10-17T01:57:03","date_gmt":"2022-10-16T23:57:03","guid":{"rendered":"https:\/\/www.ladiagonale.net\/?p=5728"},"modified":"2022-10-17T01:58:11","modified_gmt":"2022-10-16T23:58:11","slug":"les-notes-de-la-presse-vanderson-et-nubel-au-dessus","status":"publish","type":"post","link":"https:\/\/www.ladiagonale.net\/index.php\/2022\/10\/17\/les-notes-de-la-presse-vanderson-et-nubel-au-dessus\/","title":{"rendered":"Les notes de la presse : Vanderson et N\u00fcbel au-dessus"},"content":{"rendered":"\n\n\n<p>Les notes distribu\u00e9es par les deux quotidiens que sont L&rsquo;\u00c9quipe et Nice-Matin refl\u00e8tent bien la rencontre tr\u00e8s moyenne qui s&rsquo;est disput\u00e9e entre Monaco et Clermont. Vanderson et N\u00fcbel sortent du lot (6\/10) tandis que Matazo n&rsquo;a pas convaincu (4\/10). <\/p>\n\n\n\n<p>\u00c0 noter que trois joueurs (Camara, Minamino et Ben Yedder) n&rsquo;ont pas \u00e9t\u00e9 not\u00e9s, puisqu&rsquo;ils n&rsquo;ont pas jou\u00e9 45 minutes minimum.<\/p>\n\n\n\n<p><strong>Les notes de <em>L&rsquo;\u00c9quipe<\/em> :<\/strong> N\u00fcbel (6) &#8211; Vanderson (6), Disasi (5), Maripan (5), C. Henrique (5) &#8211; Minamino (non not\u00e9) puis Diatta (4), Camara (non not\u00e9), Fofana (4), Golovin (4), Embolo (5), Ben Yedder (non not\u00e9) puis Matazo (4).<\/p>\n\n\n\n<p>Entra\u00eeneur : Ph. Clement (5).<\/p>\n\n\n\n<p><strong>Les notes de <em>Nice-Matin<\/em> :<\/strong> N\u00fcbel (6) &#8211; Vanderson (6), Disasi (6), Maripan (5), C. Henrique (5) &#8211; Minamino (non not\u00e9) puis Diatta (5), Camara (non not\u00e9), Fofana (5), Golovin (4), Embolo (6), Ben Yedder (non not\u00e9) puis Matazo (4).<\/p>\n\n\n\n<p>Entra\u00eeneur : Ph. Clement (4).<\/p>\n","protected":false},"excerpt":{"rendered":"<p>Les notes distribu\u00e9es par les deux quotidiens que sont L&rsquo;\u00c9quipe et Nice-Matin refl\u00e8tent bien la rencontre tr\u00e8s moyenne qui s&rsquo;est disput\u00e9e entre Monaco et Clermont. Vanderson et N\u00fcbel sortent du lot (6\/10) tandis que Matazo n&rsquo;a pas convaincu (4\/10). \u00c0 noter que trois joueurs (Camara, Minamino et Ben Yedder) n&rsquo;ont pas \u00e9t\u00e9 not\u00e9s, puisqu&rsquo;ils n&rsquo;ont [&#8230;]\n","protected":false},"author":2,"featured_media":0,"comment_status":"open","ping_status":"open","sticky":false,"template":"","format":"standard","meta":[],"categories":[6],"tags":[86,94,243],"yoast_head":"<!-- This site is optimized with the Yoast SEO plugin v19.8 - https:\/\/yoast.com\/wordpress\/plugins\/seo\/ -->\n<title>Les notes de la presse : Vanderson et N\u00fcbel au-dessus - La Diagonale<\/title>\n<meta name=\"robots\" content=\"index, follow, max-snippet:-1, max-image-preview:large, max-video-preview:-1\" \/>\n<link rel=\"canonical\" href=\"https:\/\/www.ladiagonale.net\/index.php\/2022\/10\/17\/les-notes-de-la-presse-vanderson-et-nubel-au-dessus\/\" \/>\n<meta property=\"og:locale\" content=\"fr_FR\" \/>\n<meta property=\"og:type\" content=\"article\" \/>\n<meta property=\"og:title\" content=\"Les notes de la presse : Vanderson et N\u00fcbel au-dessus - La Diagonale\" \/>\n<meta property=\"og:description\" content=\"Les notes distribu\u00e9es par les deux quotidiens que sont L&rsquo;\u00c9quipe et Nice-Matin refl\u00e8tent bien la rencontre tr\u00e8s moyenne qui s&rsquo;est disput\u00e9e entre Monaco et Clermont. Vanderson et N\u00fcbel sortent du lot (6\/10) tandis que Matazo n&rsquo;a pas convaincu (4\/10). \u00c0 noter que trois joueurs (Camara, Minamino et Ben Yedder) n&rsquo;ont pas \u00e9t\u00e9 not\u00e9s, puisqu&rsquo;ils n&rsquo;ont [...]\" \/>\n<meta property=\"og:url\" content=\"https:\/\/www.ladiagonale.net\/index.php\/2022\/10\/17\/les-notes-de-la-presse-vanderson-et-nubel-au-dessus\/\" \/>\n<meta property=\"og:site_name\" content=\"La Diagonale\" \/>\n<meta property=\"article:published_time\" content=\"2022-10-16T23:57:03+00:00\" \/>\n<meta property=\"article:modified_time\" content=\"2022-10-16T23:58:11+00:00\" \/>\n<meta name=\"author\" content=\"Damien Dellerba\" \/>\n<meta name=\"twitter:card\" content=\"summary_large_image\" \/>\n<meta name=\"twitter:label1\" content=\"\u00c9crit par\" \/>\n\t<meta name=\"twitter:data1\" content=\"Damien Dellerba\" \/>\n\t<meta name=\"twitter:label2\" content=\"Dur\u00e9e de lecture estim\u00e9e\" \/>\n\t<meta name=\"twitter:data2\" content=\"1 minute\" \/>\n<script type=\"application\/ld+json\" class=\"yoast-schema-graph\">{\"@context\":\"https:\/\/schema.org\",\"@graph\":[{\"@type\":\"WebPage\",\"@id\":\"https:\/\/www.ladiagonale.net\/index.php\/2022\/10\/17\/les-notes-de-la-presse-vanderson-et-nubel-au-dessus\/\",\"url\":\"https:\/\/www.ladiagonale.net\/index.php\/2022\/10\/17\/les-notes-de-la-presse-vanderson-et-nubel-au-dessus\/\",\"name\":\"Les notes de la presse : Vanderson et N\u00fcbel au-dessus - La Diagonale\",\"isPartOf\":{\"@id\":\"https:\/\/www.ladiagonale.net\/#website\"},\"datePublished\":\"2022-10-16T23:57:03+00:00\",\"dateModified\":\"2022-10-16T23:58:11+00:00\",\"author\":{\"@id\":\"https:\/\/www.ladiagonale.net\/#\/schema\/person\/79ff1e7b0853ed01b2aa26e64ad300bf\"},\"breadcrumb\":{\"@id\":\"https:\/\/www.ladiagonale.net\/index.php\/2022\/10\/17\/les-notes-de-la-presse-vanderson-et-nubel-au-dessus\/#breadcrumb\"},\"inLanguage\":\"fr-FR\",\"potentialAction\":[{\"@type\":\"ReadAction\",\"target\":[\"https:\/\/www.ladiagonale.net\/index.php\/2022\/10\/17\/les-notes-de-la-presse-vanderson-et-nubel-au-dessus\/\"]}]},{\"@type\":\"BreadcrumbList\",\"@id\":\"https:\/\/www.ladiagonale.net\/index.php\/2022\/10\/17\/les-notes-de-la-presse-vanderson-et-nubel-au-dessus\/#breadcrumb\",\"itemListElement\":[{\"@type\":\"ListItem\",\"position\":1,\"name\":\"Accueil\",\"item\":\"https:\/\/www.ladiagonale.net\/\"},{\"@type\":\"ListItem\",\"position\":2,\"name\":\"Les notes de la presse : Vanderson et N\u00fcbel au-dessus\"}]},{\"@type\":\"WebSite\",\"@id\":\"https:\/\/www.ladiagonale.net\/#website\",\"url\":\"https:\/\/www.ladiagonale.net\/\",\"name\":\"La Diagonale\",\"description\":\"Le site des supporters de l&#039;AS Monaco FC\",\"potentialAction\":[{\"@type\":\"SearchAction\",\"target\":{\"@type\":\"EntryPoint\",\"urlTemplate\":\"https:\/\/www.ladiagonale.net\/?s={search_term_string}\"},\"query-input\":\"required name=search_term_string\"}],\"inLanguage\":\"fr-FR\"},{\"@type\":\"Person\",\"@id\":\"https:\/\/www.ladiagonale.net\/#\/schema\/person\/79ff1e7b0853ed01b2aa26e64ad300bf\",\"name\":\"Damien Dellerba\",\"image\":{\"@type\":\"ImageObject\",\"inLanguage\":\"fr-FR\",\"@id\":\"https:\/\/www.ladiagonale.net\/#\/schema\/person\/image\/\",\"url\":\"https:\/\/secure.gravatar.com\/avatar\/c7850e06d3ff63cdbaee88b7fc16e2f0?s=96&d=mm&r=g\",\"contentUrl\":\"https:\/\/secure.gravatar.com\/avatar\/c7850e06d3ff63cdbaee88b7fc16e2f0?s=96&d=mm&r=g\",\"caption\":\"Damien Dellerba\"},\"url\":\"https:\/\/www.ladiagonale.net\/index.php\/author\/damien\/\"}]}<\/script>\n<!-- \/ Yoast SEO plugin. -->","yoast_head_json":{"title":"Les notes de la presse : Vanderson et N\u00fcbel au-dessus - La Diagonale","robots":{"index":"index","follow":"follow","max-snippet":"max-snippet:-1","max-image-preview":"max-image-preview:large","max-video-preview":"max-video-preview:-1"},"canonical":"https:\/\/www.ladiagonale.net\/index.php\/2022\/10\/17\/les-notes-de-la-presse-vanderson-et-nubel-au-dessus\/","og_locale":"fr_FR","og_type":"article","og_title":"Les notes de la presse : Vanderson et N\u00fcbel au-dessus - La Diagonale","og_description":"Les notes distribu\u00e9es par les deux quotidiens que sont L&rsquo;\u00c9quipe et Nice-Matin refl\u00e8tent bien la rencontre tr\u00e8s moyenne qui s&rsquo;est disput\u00e9e entre Monaco et Clermont. Vanderson et N\u00fcbel sortent du lot (6\/10) tandis que Matazo n&rsquo;a pas convaincu (4\/10). \u00c0 noter que trois joueurs (Camara, Minamino et Ben Yedder) n&rsquo;ont pas \u00e9t\u00e9 not\u00e9s, puisqu&rsquo;ils n&rsquo;ont [...]","og_url":"https:\/\/www.ladiagonale.net\/index.php\/2022\/10\/17\/les-notes-de-la-presse-vanderson-et-nubel-au-dessus\/","og_site_name":"La Diagonale","article_published_time":"2022-10-16T23:57:03+00:00","article_modified_time":"2022-10-16T23:58:11+00:00","author":"Damien Dellerba","twitter_card":"summary_large_image","twitter_misc":{"\u00c9crit par":"Damien Dellerba","Dur\u00e9e de lecture estim\u00e9e":"1 minute"},"schema":{"@context":"https:\/\/schema.org","@graph":[{"@type":"WebPage","@id":"https:\/\/www.ladiagonale.net\/index.php\/2022\/10\/17\/les-notes-de-la-presse-vanderson-et-nubel-au-dessus\/","url":"https:\/\/www.ladiagonale.net\/index.php\/2022\/10\/17\/les-notes-de-la-presse-vanderson-et-nubel-au-dessus\/","name":"Les notes de la presse : Vanderson et N\u00fcbel au-dessus - La Diagonale","isPartOf":{"@id":"https:\/\/www.ladiagonale.net\/#website"},"datePublished":"2022-10-16T23:57:03+00:00","dateModified":"2022-10-16T23:58:11+00:00","author":{"@id":"https:\/\/www.ladiagonale.net\/#\/schema\/person\/79ff1e7b0853ed01b2aa26e64ad300bf"},"breadcrumb":{"@id":"https:\/\/www.ladiagonale.net\/index.php\/2022\/10\/17\/les-notes-de-la-presse-vanderson-et-nubel-au-dessus\/#breadcrumb"},"inLanguage":"fr-FR","potentialAction":[{"@type":"ReadAction","target":["https:\/\/www.ladiagonale.net\/index.php\/2022\/10\/17\/les-notes-de-la-presse-vanderson-et-nubel-au-dessus\/"]}]},{"@type":"BreadcrumbList","@id":"https:\/\/www.ladiagonale.net\/index.php\/2022\/10\/17\/les-notes-de-la-presse-vanderson-et-nubel-au-dessus\/#breadcrumb","itemListElement":[{"@type":"ListItem","position":1,"name":"Accueil","item":"https:\/\/www.ladiagonale.net\/"},{"@type":"ListItem","position":2,"name":"Les notes de la presse : Vanderson et N\u00fcbel au-dessus"}]},{"@type":"WebSite","@id":"https:\/\/www.ladiagonale.net\/#website","url":"https:\/\/www.ladiagonale.net\/","name":"La Diagonale","description":"Le site des supporters de l&#039;AS Monaco FC","potentialAction":[{"@type":"SearchAction","target":{"@type":"EntryPoint","urlTemplate":"https:\/\/www.ladiagonale.net\/?s={search_term_string}"},"query-input":"required name=search_term_string"}],"inLanguage":"fr-FR"},{"@type":"Person","@id":"https:\/\/www.ladiagonale.net\/#\/schema\/person\/79ff1e7b0853ed01b2aa26e64ad300bf","name":"Damien Dellerba","image":{"@type":"ImageObject","inLanguage":"fr-FR","@id":"https:\/\/www.ladiagonale.net\/#\/schema\/person\/image\/","url":"https:\/\/secure.gravatar.com\/avatar\/c7850e06d3ff63cdbaee88b7fc16e2f0?s=96&d=mm&r=g","contentUrl":"https:\/\/secure.gravatar.com\/avatar\/c7850e06d3ff63cdbaee88b7fc16e2f0?s=96&d=mm&r=g","caption":"Damien Dellerba"},"url":"https:\/\/www.ladiagonale.net\/index.php\/author\/damien\/"}]}},"_links":{"self":[{"href":"https:\/\/www.ladiagonale.net\/index.php\/wp-json\/wp\/v2\/posts\/5728"}],"collection":[{"href":"https:\/\/www.ladiagonale.net\/index.php\/wp-json\/wp\/v2\/posts"}],"about":[{"href":"https:\/\/www.ladiagonale.net\/index.php\/wp-json\/wp\/v2\/types\/post"}],"author":[{"embeddable":true,"href":"https:\/\/www.ladiagonale.net\/index.php\/wp-json\/wp\/v2\/users\/2"}],"replies":[{"embeddable":true,"href":"https:\/\/www.ladiagonale.net\/index.php\/wp-json\/wp\/v2\/comments?post=5728"}],"version-history":[{"count":3,"href":"https:\/\/www.ladiagonale.net\/index.php\/wp-json\/wp\/v2\/posts\/5728\/revisions"}],"predecessor-version":[{"id":5731,"href":"https:\/\/www.ladiagonale.net\/index.php\/wp-json\/wp\/v2\/posts\/5728\/revisions\/5731"}],"wp:attachment":[{"href":"https:\/\/www.ladiagonale.net\/index.php\/wp-json\/wp\/v2\/media?parent=5728"}],"wp:term":[{"taxonomy":"category","embeddable":true,"href":"https:\/\/www.ladiagonale.net\/index.php\/wp-json\/wp\/v2\/categories?post=5728"},{"taxonomy":"post_tag","embeddable":true,"href":"https:\/\/www.ladiagonale.net\/index.php\/wp-json\/wp\/v2\/tags?post=5728"}],"curies":[{"name":"wp","href":"https:\/\/api.w.org\/{rel}","templated":true}]}}