{"id":5732,"date":"2022-10-17T02:24:44","date_gmt":"2022-10-17T00:24:44","guid":{"rendered":"https:\/\/www.ladiagonale.net\/?p=5732"},"modified":"2022-10-17T16:47:10","modified_gmt":"2022-10-17T14:47:10","slug":"fofana-doit-se-contenter-dun-point","status":"publish","type":"post","link":"https:\/\/www.ladiagonale.net\/index.php\/2022\/10\/17\/fofana-doit-se-contenter-dun-point\/","title":{"rendered":"Fofana se contente d&rsquo;un point"},"content":{"rendered":"\n\n\n<p>\u00c0 l&rsquo;issue de la rencontre entre Monaco et Clermont (1-1), Youssouf Fofana \u00e9tait moyennement satisfait de ce r\u00e9sultat : \u00ab <em>C\u2019est un sentiment mitig\u00e9 car nous avons su faire de bonnes choses malgr\u00e9 le carton rouge. <a href=\"https:\/\/www.asmonaco.com\/en-inferiorite-numerique-las-monaco-concede-le-nul-face-a-clermont\/\" target=\"_blank\" rel=\"noreferrer noopener\">Nous \u00e9tions devant au score<\/a>, et avons aussi eu des occasions. Mais avec du recul, il faut savoir se contenter de ce point du nul.<\/em> \u00bb Le milieu de terrain estime que Monaco doit aussi pouvoir gagner en inf\u00e9riorit\u00e9 num\u00e9rique : \u00ab <em>Il est fr\u00e9quent que des \u00e9quipes parviennent \u00e0 gagner en inf\u00e9riorit\u00e9 num\u00e9rique, alors pourquoi pas nous ?<\/em> \u00bb<\/p>\n\n\n\n<p>Le num\u00e9ro 19 de l&rsquo;AS Monaco note n\u00e9anmoins la capacit\u00e9 \u00e0 r\u00e9agir de l&rsquo;\u00e9quipe, qui a \u00e9t\u00e9 capable d&rsquo;ouvrir le score en inf\u00e9riorit\u00e9 num\u00e9rique : \u00ab <em>Malgr\u00e9 l\u2019exclusion de Camara, nous avons continu\u00e9 \u00e0 nous projeter, certes d\u2019une mani\u00e8re diff\u00e9rente, mais nous avons montr\u00e9 que nous pouvons \u00eatre solides comme nous l\u2019avons d\u00e9j\u00e0 montr\u00e9 <a href=\"https:\/\/www.asmonaco.com\/au-courage-las-monaco-arrache-le-match-nul-contre-rennes\/\" target=\"_blank\" rel=\"noreferrer noopener\">face \u00e0 Rennes<\/a>, et \u00e7a envoie un message fort !<\/em> \u00bb Mais l&rsquo;ASM n&rsquo;a pas su conserver l&rsquo;avantage : \u00ab <em>C\u2019est une \u00e9quipe qui joue assez dur, et nous l\u2019avons vu d\u00e8s le d\u00e9but du match. <a href=\"https:\/\/www.asmonaco.com\/youssouf-fofana-mettre-en-oeuvre-nos-principes-de-jeu-contre-clermont\/\" target=\"_blank\" rel=\"noreferrer noopener\">J\u2019avais dit la veille<\/a> que cette rencontre allait \u00eatre un combat pour nous.<\/em> \u00bb<\/p>\n\n\n\n<p> D\u00e9sormais, le club de la Principaut\u00e9 doit se projeter sur la rencontre de Lille qui arrive dimanche prochain : \u00ab <em>Ce sera un match assez ouvert. Ils veulent revenir dans le haut du classement, et nous y rester. C\u2019est une bonne \u00e9quipe qui joue bien au ballon mais nous aussi. Nous irons avec nos qualit\u00e9s pour faire le match qu\u2019il faudra !<\/em> \u00bb Et Fofana pense que Monaco r\u00e9pondra pr\u00e9sent : \u00ab <em>L\u2019\u00e9quipe est de mieux en mieux physiquement, les organismes commencent \u00e0 s\u2019habituer \u00e0 notre calendrier.<\/em> \u00bb<\/p>\n\n\n\n<p>Source : <em>AS Monaco<\/em><\/p>\n","protected":false},"excerpt":{"rendered":"<p>\u00c0 l&rsquo;issue de la rencontre entre Monaco et Clermont (1-1), Youssouf Fofana \u00e9tait moyennement satisfait de ce r\u00e9sultat : \u00ab C\u2019est un sentiment mitig\u00e9 car nous avons su faire de bonnes choses malgr\u00e9 le carton rouge. Nous \u00e9tions devant au score, et avons aussi eu des occasions. Mais avec du recul, il faut savoir se [&#8230;]\n","protected":false},"author":2,"featured_media":0,"comment_status":"open","ping_status":"open","sticky":false,"template":"","format":"standard","meta":[],"categories":[6],"tags":[86,94,243,176],"yoast_head":"<!-- This site is optimized with the Yoast SEO plugin v19.8 - https:\/\/yoast.com\/wordpress\/plugins\/seo\/ -->\n<title>Fofana se contente d&#039;un point - La Diagonale<\/title>\n<meta name=\"robots\" content=\"index, follow, max-snippet:-1, max-image-preview:large, max-video-preview:-1\" \/>\n<link rel=\"canonical\" href=\"https:\/\/www.ladiagonale.net\/index.php\/2022\/10\/17\/fofana-doit-se-contenter-dun-point\/\" \/>\n<meta property=\"og:locale\" content=\"fr_FR\" \/>\n<meta property=\"og:type\" content=\"article\" \/>\n<meta property=\"og:title\" content=\"Fofana se contente d&#039;un point - La Diagonale\" \/>\n<meta property=\"og:description\" content=\"\u00c0 l&rsquo;issue de la rencontre entre Monaco et Clermont (1-1), Youssouf Fofana \u00e9tait moyennement satisfait de ce r\u00e9sultat : \u00ab C\u2019est un sentiment mitig\u00e9 car nous avons su faire de bonnes choses malgr\u00e9 le carton rouge. Nous \u00e9tions devant au score, et avons aussi eu des occasions. Mais avec du recul, il faut savoir se [...]\" \/>\n<meta property=\"og:url\" content=\"https:\/\/www.ladiagonale.net\/index.php\/2022\/10\/17\/fofana-doit-se-contenter-dun-point\/\" \/>\n<meta property=\"og:site_name\" content=\"La Diagonale\" \/>\n<meta property=\"article:published_time\" content=\"2022-10-17T00:24:44+00:00\" \/>\n<meta property=\"article:modified_time\" content=\"2022-10-17T14:47:10+00:00\" \/>\n<meta name=\"author\" content=\"Damien Dellerba\" \/>\n<meta name=\"twitter:card\" content=\"summary_large_image\" \/>\n<meta name=\"twitter:label1\" content=\"\u00c9crit par\" \/>\n\t<meta name=\"twitter:data1\" content=\"Damien Dellerba\" \/>\n\t<meta name=\"twitter:label2\" content=\"Dur\u00e9e de lecture estim\u00e9e\" \/>\n\t<meta name=\"twitter:data2\" content=\"2 minutes\" \/>\n<script type=\"application\/ld+json\" class=\"yoast-schema-graph\">{\"@context\":\"https:\/\/schema.org\",\"@graph\":[{\"@type\":\"WebPage\",\"@id\":\"https:\/\/www.ladiagonale.net\/index.php\/2022\/10\/17\/fofana-doit-se-contenter-dun-point\/\",\"url\":\"https:\/\/www.ladiagonale.net\/index.php\/2022\/10\/17\/fofana-doit-se-contenter-dun-point\/\",\"name\":\"Fofana se contente d'un point - La Diagonale\",\"isPartOf\":{\"@id\":\"https:\/\/www.ladiagonale.net\/#website\"},\"datePublished\":\"2022-10-17T00:24:44+00:00\",\"dateModified\":\"2022-10-17T14:47:10+00:00\",\"author\":{\"@id\":\"https:\/\/www.ladiagonale.net\/#\/schema\/person\/79ff1e7b0853ed01b2aa26e64ad300bf\"},\"breadcrumb\":{\"@id\":\"https:\/\/www.ladiagonale.net\/index.php\/2022\/10\/17\/fofana-doit-se-contenter-dun-point\/#breadcrumb\"},\"inLanguage\":\"fr-FR\",\"potentialAction\":[{\"@type\":\"ReadAction\",\"target\":[\"https:\/\/www.ladiagonale.net\/index.php\/2022\/10\/17\/fofana-doit-se-contenter-dun-point\/\"]}]},{\"@type\":\"BreadcrumbList\",\"@id\":\"https:\/\/www.ladiagonale.net\/index.php\/2022\/10\/17\/fofana-doit-se-contenter-dun-point\/#breadcrumb\",\"itemListElement\":[{\"@type\":\"ListItem\",\"position\":1,\"name\":\"Accueil\",\"item\":\"https:\/\/www.ladiagonale.net\/\"},{\"@type\":\"ListItem\",\"position\":2,\"name\":\"Fofana se contente d&rsquo;un point\"}]},{\"@type\":\"WebSite\",\"@id\":\"https:\/\/www.ladiagonale.net\/#website\",\"url\":\"https:\/\/www.ladiagonale.net\/\",\"name\":\"La Diagonale\",\"description\":\"Le site des supporters de l&#039;AS Monaco FC\",\"potentialAction\":[{\"@type\":\"SearchAction\",\"target\":{\"@type\":\"EntryPoint\",\"urlTemplate\":\"https:\/\/www.ladiagonale.net\/?s={search_term_string}\"},\"query-input\":\"required name=search_term_string\"}],\"inLanguage\":\"fr-FR\"},{\"@type\":\"Person\",\"@id\":\"https:\/\/www.ladiagonale.net\/#\/schema\/person\/79ff1e7b0853ed01b2aa26e64ad300bf\",\"name\":\"Damien Dellerba\",\"image\":{\"@type\":\"ImageObject\",\"inLanguage\":\"fr-FR\",\"@id\":\"https:\/\/www.ladiagonale.net\/#\/schema\/person\/image\/\",\"url\":\"https:\/\/secure.gravatar.com\/avatar\/c7850e06d3ff63cdbaee88b7fc16e2f0?s=96&d=mm&r=g\",\"contentUrl\":\"https:\/\/secure.gravatar.com\/avatar\/c7850e06d3ff63cdbaee88b7fc16e2f0?s=96&d=mm&r=g\",\"caption\":\"Damien Dellerba\"},\"url\":\"https:\/\/www.ladiagonale.net\/index.php\/author\/damien\/\"}]}<\/script>\n<!-- \/ Yoast SEO plugin. -->","yoast_head_json":{"title":"Fofana se contente d'un point - La Diagonale","robots":{"index":"index","follow":"follow","max-snippet":"max-snippet:-1","max-image-preview":"max-image-preview:large","max-video-preview":"max-video-preview:-1"},"canonical":"https:\/\/www.ladiagonale.net\/index.php\/2022\/10\/17\/fofana-doit-se-contenter-dun-point\/","og_locale":"fr_FR","og_type":"article","og_title":"Fofana se contente d'un point - La Diagonale","og_description":"\u00c0 l&rsquo;issue de la rencontre entre Monaco et Clermont (1-1), Youssouf Fofana \u00e9tait moyennement satisfait de ce r\u00e9sultat : \u00ab C\u2019est un sentiment mitig\u00e9 car nous avons su faire de bonnes choses malgr\u00e9 le carton rouge. Nous \u00e9tions devant au score, et avons aussi eu des occasions. Mais avec du recul, il faut savoir se [...]","og_url":"https:\/\/www.ladiagonale.net\/index.php\/2022\/10\/17\/fofana-doit-se-contenter-dun-point\/","og_site_name":"La Diagonale","article_published_time":"2022-10-17T00:24:44+00:00","article_modified_time":"2022-10-17T14:47:10+00:00","author":"Damien Dellerba","twitter_card":"summary_large_image","twitter_misc":{"\u00c9crit par":"Damien Dellerba","Dur\u00e9e de lecture estim\u00e9e":"2 minutes"},"schema":{"@context":"https:\/\/schema.org","@graph":[{"@type":"WebPage","@id":"https:\/\/www.ladiagonale.net\/index.php\/2022\/10\/17\/fofana-doit-se-contenter-dun-point\/","url":"https:\/\/www.ladiagonale.net\/index.php\/2022\/10\/17\/fofana-doit-se-contenter-dun-point\/","name":"Fofana se contente d'un point - La Diagonale","isPartOf":{"@id":"https:\/\/www.ladiagonale.net\/#website"},"datePublished":"2022-10-17T00:24:44+00:00","dateModified":"2022-10-17T14:47:10+00:00","author":{"@id":"https:\/\/www.ladiagonale.net\/#\/schema\/person\/79ff1e7b0853ed01b2aa26e64ad300bf"},"breadcrumb":{"@id":"https:\/\/www.ladiagonale.net\/index.php\/2022\/10\/17\/fofana-doit-se-contenter-dun-point\/#breadcrumb"},"inLanguage":"fr-FR","potentialAction":[{"@type":"ReadAction","target":["https:\/\/www.ladiagonale.net\/index.php\/2022\/10\/17\/fofana-doit-se-contenter-dun-point\/"]}]},{"@type":"BreadcrumbList","@id":"https:\/\/www.ladiagonale.net\/index.php\/2022\/10\/17\/fofana-doit-se-contenter-dun-point\/#breadcrumb","itemListElement":[{"@type":"ListItem","position":1,"name":"Accueil","item":"https:\/\/www.ladiagonale.net\/"},{"@type":"ListItem","position":2,"name":"Fofana se contente d&rsquo;un point"}]},{"@type":"WebSite","@id":"https:\/\/www.ladiagonale.net\/#website","url":"https:\/\/www.ladiagonale.net\/","name":"La Diagonale","description":"Le site des supporters de l&#039;AS Monaco FC","potentialAction":[{"@type":"SearchAction","target":{"@type":"EntryPoint","urlTemplate":"https:\/\/www.ladiagonale.net\/?s={search_term_string}"},"query-input":"required name=search_term_string"}],"inLanguage":"fr-FR"},{"@type":"Person","@id":"https:\/\/www.ladiagonale.net\/#\/schema\/person\/79ff1e7b0853ed01b2aa26e64ad300bf","name":"Damien Dellerba","image":{"@type":"ImageObject","inLanguage":"fr-FR","@id":"https:\/\/www.ladiagonale.net\/#\/schema\/person\/image\/","url":"https:\/\/secure.gravatar.com\/avatar\/c7850e06d3ff63cdbaee88b7fc16e2f0?s=96&d=mm&r=g","contentUrl":"https:\/\/secure.gravatar.com\/avatar\/c7850e06d3ff63cdbaee88b7fc16e2f0?s=96&d=mm&r=g","caption":"Damien Dellerba"},"url":"https:\/\/www.ladiagonale.net\/index.php\/author\/damien\/"}]}},"_links":{"self":[{"href":"https:\/\/www.ladiagonale.net\/index.php\/wp-json\/wp\/v2\/posts\/5732"}],"collection":[{"href":"https:\/\/www.ladiagonale.net\/index.php\/wp-json\/wp\/v2\/posts"}],"about":[{"href":"https:\/\/www.ladiagonale.net\/index.php\/wp-json\/wp\/v2\/types\/post"}],"author":[{"embeddable":true,"href":"https:\/\/www.ladiagonale.net\/index.php\/wp-json\/wp\/v2\/users\/2"}],"replies":[{"embeddable":true,"href":"https:\/\/www.ladiagonale.net\/index.php\/wp-json\/wp\/v2\/comments?post=5732"}],"version-history":[{"count":2,"href":"https:\/\/www.ladiagonale.net\/index.php\/wp-json\/wp\/v2\/posts\/5732\/revisions"}],"predecessor-version":[{"id":5748,"href":"https:\/\/www.ladiagonale.net\/index.php\/wp-json\/wp\/v2\/posts\/5732\/revisions\/5748"}],"wp:attachment":[{"href":"https:\/\/www.ladiagonale.net\/index.php\/wp-json\/wp\/v2\/media?parent=5732"}],"wp:term":[{"taxonomy":"category","embeddable":true,"href":"https:\/\/www.ladiagonale.net\/index.php\/wp-json\/wp\/v2\/categories?post=5732"},{"taxonomy":"post_tag","embeddable":true,"href":"https:\/\/www.ladiagonale.net\/index.php\/wp-json\/wp\/v2\/tags?post=5732"}],"curies":[{"name":"wp","href":"https:\/\/api.w.org\/{rel}","templated":true}]}}