{"id":5751,"date":"2022-10-18T23:01:15","date_gmt":"2022-10-18T21:01:15","guid":{"rendered":"https:\/\/www.ladiagonale.net\/?p=5751"},"modified":"2022-10-18T23:07:12","modified_gmt":"2022-10-18T21:07:12","slug":"monaco-et-le-ballon-dor","status":"publish","type":"post","link":"https:\/\/www.ladiagonale.net\/index.php\/2022\/10\/18\/monaco-et-le-ballon-dor\/","title":{"rendered":"Monaco et le Ballon d&rsquo;or"},"content":{"rendered":"\n\n\n<p><strong>Ce lundi, le Ballon d\u2019or 2022 a \u00e9t\u00e9 remport\u00e9 par l\u2019attaquant du Real Madrid, Karim Benzema. Au classement figurent \u00e9galement trois anciens joueurs de l\u2019AS Monaco. Kylian Mbapp\u00e9 (Paris SG), qui arrive en sixi\u00e8me position, est l\u2019ancien Rouge et Blanc le mieux class\u00e9 de cette \u00e9dition. Fabinho (Liverpool) et Bernardo Silva (Manchester City) se hissent respectivement en 14e et 22e positions.<\/strong><\/p>\n\n\n\n<p>Les apparitions de joueurs \u00e9voluant \u00e0 l\u2019AS Monaco dans le classement du Ballon d\u2019or sont plut\u00f4t exceptionnelles et aucun joueur ne l\u2019a jamais remport\u00e9 en jouant pour le club de la Principaut\u00e9. Mais si l\u2019on ouvre le spectre, on peut tout de m\u00eame d\u00e9nombrer 33 joueurs qui ont \u00e9t\u00e9 class\u00e9s au fil des ans, que ce soit avant, pendant ou apr\u00e8s leur passage sur le Rocher. Et m\u00eame un vainqueur, puisque George Weah a re\u00e7u cette distinction en 1995, lorsqu&rsquo;il \u00e9voluait au Milan AC. Retour sur ces Mon\u00e9gasques qui ont pu pr\u00e9tendre \u00e0 ce titre honorifique de meilleur joueur du monde.<\/p>\n\n\n\n<h4 class=\"has-vivid-red-color has-text-color\" style=\"font-style:normal;font-weight:500;text-transform:uppercase\">Amoros, le plus proche<\/h4>\n\n\n\n<p>Si les ann\u00e9es ont pu alt\u00e9rer le souvenir de Manuel Amoros avec le maillot \u00e0 la diagonale, c\u2019est l\u2019occasion de rappeler l\u2019excellent joueur qu\u2019il a \u00e9t\u00e9, tant \u00e0 Monaco qu\u2019en \u00c9quipe de France. En 1986, Amoros s\u2019impose comme l\u2019un des meilleurs joueurs du monde. La reconnaissance vient surtout de la Coupe du monde 1986, au Mexique, o\u00f9 il est \u00e9lu meilleur lat\u00e9ral et deuxi\u00e8me meilleur joueur derri\u00e8re l&rsquo;in\u00e9vitable Diego Maradona. Un niveau de performance qui lui permet d&rsquo;atteindre la 4<sup>e<\/sup> place au Ballon d&rsquo;or 1986. Aucun Mon\u00e9gasque ne fera mieux, m\u00eame s&rsquo;il faut souligner que les joueurs non-europ\u00e9ens n&rsquo;\u00e9taient pas inclus \u00e0 cette \u00e9poque.<\/p>\n\n\n\n<p><strong>Manuel Amoros au Ballon d\u2019or<\/strong><br><strong>1986 :<\/strong> 4<sup>e<\/sup> ex-\u00e6quo (Monaco)<br><strong>1987 :<\/strong> 12<sup>e<\/sup> ex-\u00e6quo (Monaco)<\/p>\n\n\n<div class=\"wp-block-image\">\n<figure class=\"aligncenter size-full is-resized\"><img loading=\"lazy\" src=\"https:\/\/www.ladiagonale.net\/wp-content\/uploads\/2022\/10\/d386317cb2245b8996ecb23a76ef3036.jpg\" alt=\"\" class=\"wp-image-5755\" width=\"518\" height=\"345\"\/><\/figure><\/div>\n\n\n<h4 class=\"has-vivid-red-color has-text-color\" style=\"font-style:normal;font-weight:500;text-transform:uppercase\">La touche anglaise<\/h4>\n\n\n\n<p>En 1987, Monaco se met \u00e0 l&rsquo;heure anglaise et enregistre les renforts de Mark Hateley et Glenn Hoddle. Deux gros coups r\u00e9alis\u00e9s par les dirigeants mon\u00e9gasques de l&rsquo;\u00e9poque puisque les deux joueurs sont r\u00e9cup\u00e9r\u00e9s au Milan AC et \u00e0 Tottenham et sont pr\u00e9c\u00e9d\u00e9s d&rsquo;une belle r\u00e9putation sur le continent. Pour leur premi\u00e8re saison, l&rsquo;ASM remportera le titre de champion de France 1987-1988. Mais des deux anglais, seul Glenn Hoddle fera v\u00e9ritablement chavirer la Principaut\u00e9, lui qui est consid\u00e9r\u00e9 par beaucoup aujourd&rsquo;hui encore comme le meilleur joueur ayant port\u00e9 le maillot rouge et blanc. <\/p>\n\n\n\n<p>Les deux seront class\u00e9s au Ballon d&rsquo;or 1987, mais paradoxalement, c&rsquo;est Mark Hateley qui finira devant son compatriote, en 14<sup>e<\/sup> position. Pour Glenn Hoddle, ce sera l&rsquo;unique fois de sa carri\u00e8re et il ne fera pas mieux qu&rsquo;une 30<sup>e<\/sup> place.<\/p>\n\n\n\n<p><strong>Marc Hateley au Ballon d\u2019or<\/strong><br><strong>1984 :<\/strong> 23<sup>e<\/sup> (Portsmouth\/Milan AC)<br><strong>1985 :<\/strong> 34<sup>e<\/sup> ex-\u00e6quo (Milan AC)<br><strong>1987 :<\/strong> 14<sup>e<\/sup> ex-\u00e6quo (1987, Milan AC\/Monaco)<\/p>\n\n\n\n<p><strong>Glenn Hoddle au Ballon d\u2019or<\/strong><br><strong>1987 :<\/strong> 30<sup>e<\/sup> ex-\u00e6quo (Tottenham\/Monaco)<\/p>\n\n\n<div class=\"wp-block-image\">\n<figure class=\"aligncenter size-full is-resized\"><img loading=\"lazy\" src=\"https:\/\/www.ladiagonale.net\/wp-content\/uploads\/2022\/10\/wengermins_Cropped.jpg\" alt=\"\" class=\"wp-image-5757\" width=\"620\" height=\"350\"\/><\/figure><\/div>\n\n\n<h4 class=\"has-vivid-red-color has-text-color\" style=\"font-style:normal;font-weight:500;text-transform:uppercase\">LES \u00c9TOILES BLEUES<\/h4>\n\n\n\n<p>\u00c0 l&rsquo;instar de Manu Amoros en 1986, l&rsquo;\u00c9quipe de France va aussi \u00eatre utile \u00e0 deux Mon\u00e9gasques pour int\u00e9grer la liste du Ballon d&rsquo;or. Le sacre des Bleus lors de la Coupe du monde 1998 va permettre \u00e0 Fabien Barthez d&rsquo;acqu\u00e9rir une dimension internationale, lui qui brille d\u00e9j\u00e0 avec Monaco en championnat et en Europe. Une cons\u00e9cration pour celui qui est consid\u00e9r\u00e9 comme l&rsquo;un des meilleurs gardiens du monde et qui se hisse au 14<sup>e<\/sup> rang du Ballon d&rsquo;or 1998. En 2000, il montera de deux crans, gr\u00e2ce \u00e0 son titre de champion de France et bien s\u00fbr l&rsquo;Euro 2000 avec les Bleus. Mais cette fois, il sera accompagn\u00e9 de David Trezeguet.<\/p>\n\n\n\n<p><strong>Fabien Barthez au Ballon d\u2019or<\/strong><br><strong>1998 :<\/strong> 14<sup>e<\/sup> (Monaco)<br><strong>2000 :<\/strong> 12<sup>e<\/sup> ex-\u00e6quo (Monaco\/Manchester United)<\/p>\n\n\n\n<p><strong>David Trezeguet au Ballon d\u2019or<\/strong><br><strong>2000 :<\/strong> 22e ex-\u00e6quo (Monaco\/Juventus)<br><strong>2001 :<\/strong> 12<sup>e<\/sup> (Juventus)<\/p>\n\n\n\n<h4 class=\"has-vivid-red-color has-text-color\" style=\"font-style:normal;font-weight:500;text-transform:uppercase\">L&rsquo;anomalie 2004 <\/h4>\n\n\n\n<p>La saison 2003-2004 de l&rsquo;AS Monaco est une saison \u00e0 part, jalonn\u00e9e des exploits que l&rsquo;on conna\u00eet en Ligue des Champions. Ceux-ci ouvriront la porte pour le Ballon d&rsquo;or 2004 \u00e0 Ludovic Giuly et \u00e0 Fernando Morientes pour la seule et unique fois de leur carri\u00e8re. Mais sans inscrire de nouvelles liges palmar\u00e8s, difficile de pouvoir s&rsquo;approcher de ce troph\u00e9e aux \u00e9clats dor\u00e9s. Morientes montera jusqu&rsquo;\u00e0 la 17<sup>e<\/sup> place tandis que Giuly sera class\u00e9 24<sup>e<\/sup>.<\/p>\n\n\n\n<p><strong>Fernando Morientes au Ballon d\u2019or<\/strong><br><strong>2004 :<\/strong> 17<sup>e<\/sup> ex-\u00e6quo (2004, Monaco\/Real Madrid)<\/p>\n\n\n\n<p><strong>Ludovic Giuly au Ballon d\u2019or<\/strong><br><strong>2004 :<\/strong> 24<sup>e<\/sup> ex-\u00e6quo (Monaco\/Barcelone)<\/p>\n\n\n\n<h4 class=\"has-vivid-red-color has-text-color\" style=\"font-style:normal;font-weight:500;text-transform:uppercase\">La r\u00e9demption de Falcao<\/h4>\n\n\n\n<p>Le <em>goleador<\/em> colombien s\u2019impose comme l\u2019un des tous meilleurs attaquants du monde au d\u00e9but des ann\u00e9es 2010. Des performances qui se traduisent dans le classement du Ballon d\u2019or 2012, o\u00f9 il grimpe jusqu\u2019au cinqui\u00e8me rang alors qu&rsquo;il \u00e9volue avec l&rsquo;Atl\u00e9tico Madrid. L&rsquo;ann\u00e9e suivante, et apr\u00e8s son transfert en Principaut\u00e9, il se classera 11<sup>e<\/sup>. Puis viennent les gal\u00e8res. Une grave blessure en janvier 2014 suivie de deux saisons en pr\u00eat en Angleterre o\u00f9 rien ne fonctionne. <\/p>\n\n\n\n<p>En 2016, Falcao revient \u00e0 Monaco pour se relancer et la pari va s\u2019av\u00e9rer payant. Le Colombien soul\u00e8ve le troph\u00e9e de la Ligue 1 le 17 mai 2017 et termine meilleur buteur du club cette saison-l\u00e0 (30 buts). Falcao embraye la saison 2017-2018 avec des stats folles, ce qui lui vaudra de retrouver une place dans la liste du Ballon d&rsquo;or en 2017. Il terminera seulement 24<sup>e<\/sup> mais l&rsquo;essentiel \u00e9tait ailleurs.<\/p>\n\n\n\n<p><strong>Radamel Falcao au Ballon d\u2019or<\/strong><br><strong>2012 :<\/strong> 5<sup>e<\/sup> (Atl\u00e9tico de Madrid)<br><strong>2013 :<\/strong> 11<sup>e<\/sup> (Atl\u00e9tico de Madrid\/Monaco)<br><strong>2017 :<\/strong> 24<sup>e<\/sup> (Monaco)<\/p>\n\n\n<div class=\"wp-block-image\">\n<figure class=\"aligncenter size-full is-resized\"><img loading=\"lazy\" src=\"https:\/\/www.ladiagonale.net\/wp-content\/uploads\/2022\/10\/1200-L-les-notes-falcao-parfum-d-europe.jpg\" alt=\"\" class=\"wp-image-5760\" width=\"600\" height=\"320\"\/><\/figure><\/div>\n\n\n<h4 class=\"has-vivid-red-color has-text-color\" style=\"font-style:normal;font-weight:500;text-transform:uppercase\">L&rsquo;\u00e9clair Mbapp\u00e9<\/h4>\n\n\n\n<p>Kylian Mbapp\u00e9 n&rsquo;a pas le temps. Le joueur form\u00e9 au club, lanc\u00e9 en Ligue 1 \u00e0 16 ans en d\u00e9cembre 2015 contre Caen, va exploser au cours de la saison 2016-2017. Il signe des performances remarqu\u00e9es et remarquables, notamment en Ligue des champions contre Manchester City et Dortmund et va remporter son premi\u00e8re championnat avec l&rsquo;ASM. \u00c0 l&rsquo;issue d&rsquo;une saison de tous les records, il int\u00e8gre l&rsquo;\u00c9quipe de France en m\u00eame temps qu&rsquo;il est transf\u00e9r\u00e9 au Paris Saint-Germain. Pour sa premi\u00e8re saison compl\u00e8te, il va frapper tr\u00e8s fort en se classant 7<sup>e<\/sup> du Ballon d&rsquo;or 2017.<\/p>\n\n\n\n<p><strong>Kylian Mbapp\u00e9 au Ballon d\u2019or<\/strong><br><strong>2017 :<\/strong> 7<sup>e<\/sup> (Monaco\/Paris SG),<br><strong>2018 :<\/strong> 4<sup>e<\/sup> (Paris SG)<br><strong>2019 :<\/strong> 6<sup>e<\/sup> (Paris SG)<br><strong>2021 :<\/strong> 9<sup>e<\/sup> (Paris SG)<br><strong>2022 :<\/strong> 6<sup>e<\/sup> (Paris SG)<\/p>\n\n\n\n<h4 class=\"has-vivid-red-color has-text-color\" style=\"font-style:normal;font-weight:500;text-transform:uppercase\">Les autres Mon\u00e9gasques au ballon d&rsquo;or<\/h4>\n\n\n\n<p>Enzo Scifo : 17e (1993, Torino\/Monaco)<br>J\u00fcrgen Klinsmann : 6e ex-\u00e6quo (1994, Monaco\/Tottenham)<br>Victor Ikpeba : 32e (1997, Monaco)<br>James Rodriguez : 8e (2014, Monaco\/Real Madrid)<\/p>\n\n\n\n<p><\/p>\n\n\n\n<p><\/p>\n","protected":false},"excerpt":{"rendered":"<p>Ce lundi, le Ballon d\u2019or 2022 a \u00e9t\u00e9 remport\u00e9 par l\u2019attaquant du Real Madrid, Karim Benzema. Au classement figurent \u00e9galement trois anciens joueurs de l\u2019AS Monaco. Kylian Mbapp\u00e9 (Paris SG), qui arrive en sixi\u00e8me position, est l\u2019ancien Rouge et Blanc le mieux class\u00e9 de cette \u00e9dition. Fabinho (Liverpool) et Bernardo Silva (Manchester City) se hissent [&#8230;]\n","protected":false},"author":2,"featured_media":5752,"comment_status":"open","ping_status":"open","sticky":false,"template":"","format":"standard","meta":[],"categories":[5,6],"tags":[86],"yoast_head":"<!-- This site is optimized with the Yoast SEO plugin v19.8 - https:\/\/yoast.com\/wordpress\/plugins\/seo\/ -->\n<title>Monaco et le Ballon d&#039;or - La Diagonale<\/title>\n<meta name=\"robots\" content=\"index, follow, max-snippet:-1, max-image-preview:large, max-video-preview:-1\" \/>\n<link rel=\"canonical\" href=\"https:\/\/www.ladiagonale.net\/index.php\/2022\/10\/18\/monaco-et-le-ballon-dor\/\" \/>\n<meta property=\"og:locale\" content=\"fr_FR\" \/>\n<meta property=\"og:type\" content=\"article\" \/>\n<meta property=\"og:title\" content=\"Monaco et le Ballon d&#039;or - La Diagonale\" \/>\n<meta property=\"og:description\" content=\"Ce lundi, le Ballon d\u2019or 2022 a \u00e9t\u00e9 remport\u00e9 par l\u2019attaquant du Real Madrid, Karim Benzema. Au classement figurent \u00e9galement trois anciens joueurs de l\u2019AS Monaco. Kylian Mbapp\u00e9 (Paris SG), qui arrive en sixi\u00e8me position, est l\u2019ancien Rouge et Blanc le mieux class\u00e9 de cette \u00e9dition. Fabinho (Liverpool) et Bernardo Silva (Manchester City) se hissent [...]\" \/>\n<meta property=\"og:url\" content=\"https:\/\/www.ladiagonale.net\/index.php\/2022\/10\/18\/monaco-et-le-ballon-dor\/\" \/>\n<meta property=\"og:site_name\" content=\"La Diagonale\" \/>\n<meta property=\"article:published_time\" content=\"2022-10-18T21:01:15+00:00\" \/>\n<meta property=\"article:modified_time\" content=\"2022-10-18T21:07:12+00:00\" \/>\n<meta property=\"og:image\" content=\"https:\/\/www.ladiagonale.net\/wp-content\/uploads\/2022\/10\/FIFABallondOrGala2012CNGXhs0F5Czx.jpg\" \/>\n\t<meta property=\"og:image:width\" content=\"1024\" \/>\n\t<meta property=\"og:image:height\" content=\"683\" \/>\n\t<meta property=\"og:image:type\" content=\"image\/jpeg\" \/>\n<meta name=\"author\" content=\"Damien Dellerba\" \/>\n<meta name=\"twitter:card\" content=\"summary_large_image\" \/>\n<meta name=\"twitter:label1\" content=\"\u00c9crit par\" \/>\n\t<meta name=\"twitter:data1\" content=\"Damien Dellerba\" \/>\n\t<meta name=\"twitter:label2\" content=\"Dur\u00e9e de lecture estim\u00e9e\" \/>\n\t<meta name=\"twitter:data2\" content=\"6 minutes\" \/>\n<script type=\"application\/ld+json\" class=\"yoast-schema-graph\">{\"@context\":\"https:\/\/schema.org\",\"@graph\":[{\"@type\":\"WebPage\",\"@id\":\"https:\/\/www.ladiagonale.net\/index.php\/2022\/10\/18\/monaco-et-le-ballon-dor\/\",\"url\":\"https:\/\/www.ladiagonale.net\/index.php\/2022\/10\/18\/monaco-et-le-ballon-dor\/\",\"name\":\"Monaco et le Ballon d'or - La Diagonale\",\"isPartOf\":{\"@id\":\"https:\/\/www.ladiagonale.net\/#website\"},\"datePublished\":\"2022-10-18T21:01:15+00:00\",\"dateModified\":\"2022-10-18T21:07:12+00:00\",\"author\":{\"@id\":\"https:\/\/www.ladiagonale.net\/#\/schema\/person\/79ff1e7b0853ed01b2aa26e64ad300bf\"},\"breadcrumb\":{\"@id\":\"https:\/\/www.ladiagonale.net\/index.php\/2022\/10\/18\/monaco-et-le-ballon-dor\/#breadcrumb\"},\"inLanguage\":\"fr-FR\",\"potentialAction\":[{\"@type\":\"ReadAction\",\"target\":[\"https:\/\/www.ladiagonale.net\/index.php\/2022\/10\/18\/monaco-et-le-ballon-dor\/\"]}]},{\"@type\":\"BreadcrumbList\",\"@id\":\"https:\/\/www.ladiagonale.net\/index.php\/2022\/10\/18\/monaco-et-le-ballon-dor\/#breadcrumb\",\"itemListElement\":[{\"@type\":\"ListItem\",\"position\":1,\"name\":\"Accueil\",\"item\":\"https:\/\/www.ladiagonale.net\/\"},{\"@type\":\"ListItem\",\"position\":2,\"name\":\"Monaco et le Ballon d&rsquo;or\"}]},{\"@type\":\"WebSite\",\"@id\":\"https:\/\/www.ladiagonale.net\/#website\",\"url\":\"https:\/\/www.ladiagonale.net\/\",\"name\":\"La Diagonale\",\"description\":\"Le site des supporters de l&#039;AS Monaco FC\",\"potentialAction\":[{\"@type\":\"SearchAction\",\"target\":{\"@type\":\"EntryPoint\",\"urlTemplate\":\"https:\/\/www.ladiagonale.net\/?s={search_term_string}\"},\"query-input\":\"required name=search_term_string\"}],\"inLanguage\":\"fr-FR\"},{\"@type\":\"Person\",\"@id\":\"https:\/\/www.ladiagonale.net\/#\/schema\/person\/79ff1e7b0853ed01b2aa26e64ad300bf\",\"name\":\"Damien Dellerba\",\"image\":{\"@type\":\"ImageObject\",\"inLanguage\":\"fr-FR\",\"@id\":\"https:\/\/www.ladiagonale.net\/#\/schema\/person\/image\/\",\"url\":\"https:\/\/secure.gravatar.com\/avatar\/c7850e06d3ff63cdbaee88b7fc16e2f0?s=96&d=mm&r=g\",\"contentUrl\":\"https:\/\/secure.gravatar.com\/avatar\/c7850e06d3ff63cdbaee88b7fc16e2f0?s=96&d=mm&r=g\",\"caption\":\"Damien Dellerba\"},\"url\":\"https:\/\/www.ladiagonale.net\/index.php\/author\/damien\/\"}]}<\/script>\n<!-- \/ Yoast SEO plugin. -->","yoast_head_json":{"title":"Monaco et le Ballon d'or - La Diagonale","robots":{"index":"index","follow":"follow","max-snippet":"max-snippet:-1","max-image-preview":"max-image-preview:large","max-video-preview":"max-video-preview:-1"},"canonical":"https:\/\/www.ladiagonale.net\/index.php\/2022\/10\/18\/monaco-et-le-ballon-dor\/","og_locale":"fr_FR","og_type":"article","og_title":"Monaco et le Ballon d'or - La Diagonale","og_description":"Ce lundi, le Ballon d\u2019or 2022 a \u00e9t\u00e9 remport\u00e9 par l\u2019attaquant du Real Madrid, Karim Benzema. Au classement figurent \u00e9galement trois anciens joueurs de l\u2019AS Monaco. Kylian Mbapp\u00e9 (Paris SG), qui arrive en sixi\u00e8me position, est l\u2019ancien Rouge et Blanc le mieux class\u00e9 de cette \u00e9dition. Fabinho (Liverpool) et Bernardo Silva (Manchester City) se hissent [...]","og_url":"https:\/\/www.ladiagonale.net\/index.php\/2022\/10\/18\/monaco-et-le-ballon-dor\/","og_site_name":"La Diagonale","article_published_time":"2022-10-18T21:01:15+00:00","article_modified_time":"2022-10-18T21:07:12+00:00","og_image":[{"width":1024,"height":683,"url":"https:\/\/www.ladiagonale.net\/wp-content\/uploads\/2022\/10\/FIFABallondOrGala2012CNGXhs0F5Czx.jpg","type":"image\/jpeg"}],"author":"Damien Dellerba","twitter_card":"summary_large_image","twitter_misc":{"\u00c9crit par":"Damien Dellerba","Dur\u00e9e de lecture estim\u00e9e":"6 minutes"},"schema":{"@context":"https:\/\/schema.org","@graph":[{"@type":"WebPage","@id":"https:\/\/www.ladiagonale.net\/index.php\/2022\/10\/18\/monaco-et-le-ballon-dor\/","url":"https:\/\/www.ladiagonale.net\/index.php\/2022\/10\/18\/monaco-et-le-ballon-dor\/","name":"Monaco et le Ballon d'or - La Diagonale","isPartOf":{"@id":"https:\/\/www.ladiagonale.net\/#website"},"datePublished":"2022-10-18T21:01:15+00:00","dateModified":"2022-10-18T21:07:12+00:00","author":{"@id":"https:\/\/www.ladiagonale.net\/#\/schema\/person\/79ff1e7b0853ed01b2aa26e64ad300bf"},"breadcrumb":{"@id":"https:\/\/www.ladiagonale.net\/index.php\/2022\/10\/18\/monaco-et-le-ballon-dor\/#breadcrumb"},"inLanguage":"fr-FR","potentialAction":[{"@type":"ReadAction","target":["https:\/\/www.ladiagonale.net\/index.php\/2022\/10\/18\/monaco-et-le-ballon-dor\/"]}]},{"@type":"BreadcrumbList","@id":"https:\/\/www.ladiagonale.net\/index.php\/2022\/10\/18\/monaco-et-le-ballon-dor\/#breadcrumb","itemListElement":[{"@type":"ListItem","position":1,"name":"Accueil","item":"https:\/\/www.ladiagonale.net\/"},{"@type":"ListItem","position":2,"name":"Monaco et le Ballon d&rsquo;or"}]},{"@type":"WebSite","@id":"https:\/\/www.ladiagonale.net\/#website","url":"https:\/\/www.ladiagonale.net\/","name":"La Diagonale","description":"Le site des supporters de l&#039;AS Monaco FC","potentialAction":[{"@type":"SearchAction","target":{"@type":"EntryPoint","urlTemplate":"https:\/\/www.ladiagonale.net\/?s={search_term_string}"},"query-input":"required name=search_term_string"}],"inLanguage":"fr-FR"},{"@type":"Person","@id":"https:\/\/www.ladiagonale.net\/#\/schema\/person\/79ff1e7b0853ed01b2aa26e64ad300bf","name":"Damien Dellerba","image":{"@type":"ImageObject","inLanguage":"fr-FR","@id":"https:\/\/www.ladiagonale.net\/#\/schema\/person\/image\/","url":"https:\/\/secure.gravatar.com\/avatar\/c7850e06d3ff63cdbaee88b7fc16e2f0?s=96&d=mm&r=g","contentUrl":"https:\/\/secure.gravatar.com\/avatar\/c7850e06d3ff63cdbaee88b7fc16e2f0?s=96&d=mm&r=g","caption":"Damien Dellerba"},"url":"https:\/\/www.ladiagonale.net\/index.php\/author\/damien\/"}]}},"_links":{"self":[{"href":"https:\/\/www.ladiagonale.net\/index.php\/wp-json\/wp\/v2\/posts\/5751"}],"collection":[{"href":"https:\/\/www.ladiagonale.net\/index.php\/wp-json\/wp\/v2\/posts"}],"about":[{"href":"https:\/\/www.ladiagonale.net\/index.php\/wp-json\/wp\/v2\/types\/post"}],"author":[{"embeddable":true,"href":"https:\/\/www.ladiagonale.net\/index.php\/wp-json\/wp\/v2\/users\/2"}],"replies":[{"embeddable":true,"href":"https:\/\/www.ladiagonale.net\/index.php\/wp-json\/wp\/v2\/comments?post=5751"}],"version-history":[{"count":10,"href":"https:\/\/www.ladiagonale.net\/index.php\/wp-json\/wp\/v2\/posts\/5751\/revisions"}],"predecessor-version":[{"id":5765,"href":"https:\/\/www.ladiagonale.net\/index.php\/wp-json\/wp\/v2\/posts\/5751\/revisions\/5765"}],"wp:featuredmedia":[{"embeddable":true,"href":"https:\/\/www.ladiagonale.net\/index.php\/wp-json\/wp\/v2\/media\/5752"}],"wp:attachment":[{"href":"https:\/\/www.ladiagonale.net\/index.php\/wp-json\/wp\/v2\/media?parent=5751"}],"wp:term":[{"taxonomy":"category","embeddable":true,"href":"https:\/\/www.ladiagonale.net\/index.php\/wp-json\/wp\/v2\/categories?post=5751"},{"taxonomy":"post_tag","embeddable":true,"href":"https:\/\/www.ladiagonale.net\/index.php\/wp-json\/wp\/v2\/tags?post=5751"}],"curies":[{"name":"wp","href":"https:\/\/api.w.org\/{rel}","templated":true}]}}