{"id":5766,"date":"2022-10-19T14:58:11","date_gmt":"2022-10-19T12:58:11","guid":{"rendered":"https:\/\/www.ladiagonale.net\/?p=5766"},"modified":"2022-10-21T19:03:56","modified_gmt":"2022-10-21T17:03:56","slug":"jakobs-mecontent-de-son-temps-de-jeu","status":"publish","type":"post","link":"https:\/\/www.ladiagonale.net\/index.php\/2022\/10\/19\/jakobs-mecontent-de-son-temps-de-jeu\/","title":{"rendered":"Jakobs m\u00e9content de son temps de jeu"},"content":{"rendered":"\n\n\n<p>Dans une interview accord\u00e9e au magazine allemand <em>Kicker<\/em>, Ismail Jakobs a \u00e9voqu\u00e9 son changement de nationalit\u00e9 sportive (il a \u00e9t\u00e9 appel\u00e9 avec le S\u00e9n\u00e9gal lors de la derni\u00e8re tr\u00eave internationale, ndlr) et esp\u00e8re disputer la Coupe du monde au Qatar le mois prochain. Mais le lat\u00e9ral gauche aimerait pouvoir se montrer davantage notamment avec l\u2019AS Monaco : \u00ab&nbsp;<em>Ce n\u2019est pas facile de jouer r\u00e9guli\u00e8rement \u00e0 Monaco et je ne suis pas content<\/em>&nbsp;\u00bb, a-t-il d\u00e9clar\u00e9.<\/p>\n\n\n\n<p>S\u2019il ne regrette pas d\u2019avoir quitt\u00e9 l\u2019Allemagne et son club de Cologne pour rejoindre la Principaut\u00e9, Jakobs est \u00e9videmment bien conscient que faire sa place ne serait pas facile, notamment \u00e0 cause des bonnes performances de Caio Henrique : \u00ab&nbsp;<em>Caio joue tr\u00e8s bien. Je dois aussi penser \u00e0 l&rsquo;\u00e9quipe, comprendre le coach. Tout ce que je peux faire, c&rsquo;est tout donner \u00e0 l&rsquo;entra\u00eenement et quand je joue. (\u2026) Monaco est un club de premier plan, une \u00e9quipe solide. Il \u00e9tait clair d\u00e8s le d\u00e9part que la concurrence serait rude. Mais le club et l&rsquo;entra\u00eeneur comptent sur moi.<\/em>&nbsp;\u00bb<\/p>\n\n\n\n<p>\u00c0 l\u2019heure actuelle, il ne peut que \u00ab\u00a0<em>accepter\u00a0ce r\u00f4le<\/em>\u00a0\u00bb de rempla\u00e7ant : \u00ab\u00a0<em>Les choses vont vite dans le football. Si Caio est absent ou change de club, je sais que le club me soutient, et c&rsquo;est ce qu&rsquo;on m&rsquo;a dit. Je n&rsquo;ai plus qu&rsquo;\u00e0 attendre ma chance. Monaco est un club qui d\u00e9veloppe des talents qui passent ensuite \u00e0 l&rsquo;\u00e9tape suivante. Je joue aussi parfois, \u00e7a tourne.<\/em>\u00a0\u00bb Mais l\u2019international s\u00e9n\u00e9galais veut s\u2019imposer \u00e0 Monaco : \u00ab\u00a0<em>Le chapitre mon\u00e9gasque n&rsquo;est pas termin\u00e9 pour moi, je veux \u00eatre le lat\u00e9ral gauche num\u00e9ro un ici<\/em>.\u00a0\u00bb M\u00eame s\u2019il confesse \u00eatre attir\u00e9 par l\u2019Angleterre :\u00a0\u00ab\u00a0<em>C&rsquo;est toujours un r\u00eave de jouer en Premier League.<\/em>\u00a0\u00bb<\/p>\n\n\n\n<p><\/p>\n","protected":false},"excerpt":{"rendered":"<p>Dans une interview accord\u00e9e au magazine allemand Kicker, Ismail Jakobs a \u00e9voqu\u00e9 son changement de nationalit\u00e9 sportive (il a \u00e9t\u00e9 appel\u00e9 avec le S\u00e9n\u00e9gal lors de la derni\u00e8re tr\u00eave internationale, ndlr) et esp\u00e8re disputer la Coupe du monde au Qatar le mois prochain. Mais le lat\u00e9ral gauche aimerait pouvoir se montrer davantage notamment avec l\u2019AS [&#8230;]\n","protected":false},"author":2,"featured_media":0,"comment_status":"open","ping_status":"open","sticky":false,"template":"","format":"standard","meta":[],"categories":[6],"tags":[86,162],"yoast_head":"<!-- This site is optimized with the Yoast SEO plugin v19.8 - https:\/\/yoast.com\/wordpress\/plugins\/seo\/ -->\n<title>Jakobs m\u00e9content de son temps de jeu - La Diagonale<\/title>\n<meta name=\"robots\" content=\"index, follow, max-snippet:-1, max-image-preview:large, max-video-preview:-1\" \/>\n<link rel=\"canonical\" href=\"https:\/\/www.ladiagonale.net\/index.php\/2022\/10\/19\/jakobs-mecontent-de-son-temps-de-jeu\/\" \/>\n<meta property=\"og:locale\" content=\"fr_FR\" \/>\n<meta property=\"og:type\" content=\"article\" \/>\n<meta property=\"og:title\" content=\"Jakobs m\u00e9content de son temps de jeu - La Diagonale\" \/>\n<meta property=\"og:description\" content=\"Dans une interview accord\u00e9e au magazine allemand Kicker, Ismail Jakobs a \u00e9voqu\u00e9 son changement de nationalit\u00e9 sportive (il a \u00e9t\u00e9 appel\u00e9 avec le S\u00e9n\u00e9gal lors de la derni\u00e8re tr\u00eave internationale, ndlr) et esp\u00e8re disputer la Coupe du monde au Qatar le mois prochain. Mais le lat\u00e9ral gauche aimerait pouvoir se montrer davantage notamment avec l\u2019AS [...]\" \/>\n<meta property=\"og:url\" content=\"https:\/\/www.ladiagonale.net\/index.php\/2022\/10\/19\/jakobs-mecontent-de-son-temps-de-jeu\/\" \/>\n<meta property=\"og:site_name\" content=\"La Diagonale\" \/>\n<meta property=\"article:published_time\" content=\"2022-10-19T12:58:11+00:00\" \/>\n<meta property=\"article:modified_time\" content=\"2022-10-21T17:03:56+00:00\" \/>\n<meta name=\"author\" content=\"Damien Dellerba\" \/>\n<meta name=\"twitter:card\" content=\"summary_large_image\" \/>\n<meta name=\"twitter:label1\" content=\"\u00c9crit par\" \/>\n\t<meta name=\"twitter:data1\" content=\"Damien Dellerba\" \/>\n\t<meta name=\"twitter:label2\" content=\"Dur\u00e9e de lecture estim\u00e9e\" \/>\n\t<meta name=\"twitter:data2\" content=\"2 minutes\" \/>\n<script type=\"application\/ld+json\" class=\"yoast-schema-graph\">{\"@context\":\"https:\/\/schema.org\",\"@graph\":[{\"@type\":\"WebPage\",\"@id\":\"https:\/\/www.ladiagonale.net\/index.php\/2022\/10\/19\/jakobs-mecontent-de-son-temps-de-jeu\/\",\"url\":\"https:\/\/www.ladiagonale.net\/index.php\/2022\/10\/19\/jakobs-mecontent-de-son-temps-de-jeu\/\",\"name\":\"Jakobs m\u00e9content de son temps de jeu - La Diagonale\",\"isPartOf\":{\"@id\":\"https:\/\/www.ladiagonale.net\/#website\"},\"datePublished\":\"2022-10-19T12:58:11+00:00\",\"dateModified\":\"2022-10-21T17:03:56+00:00\",\"author\":{\"@id\":\"https:\/\/www.ladiagonale.net\/#\/schema\/person\/79ff1e7b0853ed01b2aa26e64ad300bf\"},\"breadcrumb\":{\"@id\":\"https:\/\/www.ladiagonale.net\/index.php\/2022\/10\/19\/jakobs-mecontent-de-son-temps-de-jeu\/#breadcrumb\"},\"inLanguage\":\"fr-FR\",\"potentialAction\":[{\"@type\":\"ReadAction\",\"target\":[\"https:\/\/www.ladiagonale.net\/index.php\/2022\/10\/19\/jakobs-mecontent-de-son-temps-de-jeu\/\"]}]},{\"@type\":\"BreadcrumbList\",\"@id\":\"https:\/\/www.ladiagonale.net\/index.php\/2022\/10\/19\/jakobs-mecontent-de-son-temps-de-jeu\/#breadcrumb\",\"itemListElement\":[{\"@type\":\"ListItem\",\"position\":1,\"name\":\"Accueil\",\"item\":\"https:\/\/www.ladiagonale.net\/\"},{\"@type\":\"ListItem\",\"position\":2,\"name\":\"Jakobs m\u00e9content de son temps de jeu\"}]},{\"@type\":\"WebSite\",\"@id\":\"https:\/\/www.ladiagonale.net\/#website\",\"url\":\"https:\/\/www.ladiagonale.net\/\",\"name\":\"La Diagonale\",\"description\":\"Le site des supporters de l&#039;AS Monaco FC\",\"potentialAction\":[{\"@type\":\"SearchAction\",\"target\":{\"@type\":\"EntryPoint\",\"urlTemplate\":\"https:\/\/www.ladiagonale.net\/?s={search_term_string}\"},\"query-input\":\"required name=search_term_string\"}],\"inLanguage\":\"fr-FR\"},{\"@type\":\"Person\",\"@id\":\"https:\/\/www.ladiagonale.net\/#\/schema\/person\/79ff1e7b0853ed01b2aa26e64ad300bf\",\"name\":\"Damien Dellerba\",\"image\":{\"@type\":\"ImageObject\",\"inLanguage\":\"fr-FR\",\"@id\":\"https:\/\/www.ladiagonale.net\/#\/schema\/person\/image\/\",\"url\":\"https:\/\/secure.gravatar.com\/avatar\/c7850e06d3ff63cdbaee88b7fc16e2f0?s=96&d=mm&r=g\",\"contentUrl\":\"https:\/\/secure.gravatar.com\/avatar\/c7850e06d3ff63cdbaee88b7fc16e2f0?s=96&d=mm&r=g\",\"caption\":\"Damien Dellerba\"},\"url\":\"https:\/\/www.ladiagonale.net\/index.php\/author\/damien\/\"}]}<\/script>\n<!-- \/ Yoast SEO plugin. -->","yoast_head_json":{"title":"Jakobs m\u00e9content de son temps de jeu - La Diagonale","robots":{"index":"index","follow":"follow","max-snippet":"max-snippet:-1","max-image-preview":"max-image-preview:large","max-video-preview":"max-video-preview:-1"},"canonical":"https:\/\/www.ladiagonale.net\/index.php\/2022\/10\/19\/jakobs-mecontent-de-son-temps-de-jeu\/","og_locale":"fr_FR","og_type":"article","og_title":"Jakobs m\u00e9content de son temps de jeu - La Diagonale","og_description":"Dans une interview accord\u00e9e au magazine allemand Kicker, Ismail Jakobs a \u00e9voqu\u00e9 son changement de nationalit\u00e9 sportive (il a \u00e9t\u00e9 appel\u00e9 avec le S\u00e9n\u00e9gal lors de la derni\u00e8re tr\u00eave internationale, ndlr) et esp\u00e8re disputer la Coupe du monde au Qatar le mois prochain. Mais le lat\u00e9ral gauche aimerait pouvoir se montrer davantage notamment avec l\u2019AS [...]","og_url":"https:\/\/www.ladiagonale.net\/index.php\/2022\/10\/19\/jakobs-mecontent-de-son-temps-de-jeu\/","og_site_name":"La Diagonale","article_published_time":"2022-10-19T12:58:11+00:00","article_modified_time":"2022-10-21T17:03:56+00:00","author":"Damien Dellerba","twitter_card":"summary_large_image","twitter_misc":{"\u00c9crit par":"Damien Dellerba","Dur\u00e9e de lecture estim\u00e9e":"2 minutes"},"schema":{"@context":"https:\/\/schema.org","@graph":[{"@type":"WebPage","@id":"https:\/\/www.ladiagonale.net\/index.php\/2022\/10\/19\/jakobs-mecontent-de-son-temps-de-jeu\/","url":"https:\/\/www.ladiagonale.net\/index.php\/2022\/10\/19\/jakobs-mecontent-de-son-temps-de-jeu\/","name":"Jakobs m\u00e9content de son temps de jeu - La Diagonale","isPartOf":{"@id":"https:\/\/www.ladiagonale.net\/#website"},"datePublished":"2022-10-19T12:58:11+00:00","dateModified":"2022-10-21T17:03:56+00:00","author":{"@id":"https:\/\/www.ladiagonale.net\/#\/schema\/person\/79ff1e7b0853ed01b2aa26e64ad300bf"},"breadcrumb":{"@id":"https:\/\/www.ladiagonale.net\/index.php\/2022\/10\/19\/jakobs-mecontent-de-son-temps-de-jeu\/#breadcrumb"},"inLanguage":"fr-FR","potentialAction":[{"@type":"ReadAction","target":["https:\/\/www.ladiagonale.net\/index.php\/2022\/10\/19\/jakobs-mecontent-de-son-temps-de-jeu\/"]}]},{"@type":"BreadcrumbList","@id":"https:\/\/www.ladiagonale.net\/index.php\/2022\/10\/19\/jakobs-mecontent-de-son-temps-de-jeu\/#breadcrumb","itemListElement":[{"@type":"ListItem","position":1,"name":"Accueil","item":"https:\/\/www.ladiagonale.net\/"},{"@type":"ListItem","position":2,"name":"Jakobs m\u00e9content de son temps de jeu"}]},{"@type":"WebSite","@id":"https:\/\/www.ladiagonale.net\/#website","url":"https:\/\/www.ladiagonale.net\/","name":"La Diagonale","description":"Le site des supporters de l&#039;AS Monaco FC","potentialAction":[{"@type":"SearchAction","target":{"@type":"EntryPoint","urlTemplate":"https:\/\/www.ladiagonale.net\/?s={search_term_string}"},"query-input":"required name=search_term_string"}],"inLanguage":"fr-FR"},{"@type":"Person","@id":"https:\/\/www.ladiagonale.net\/#\/schema\/person\/79ff1e7b0853ed01b2aa26e64ad300bf","name":"Damien Dellerba","image":{"@type":"ImageObject","inLanguage":"fr-FR","@id":"https:\/\/www.ladiagonale.net\/#\/schema\/person\/image\/","url":"https:\/\/secure.gravatar.com\/avatar\/c7850e06d3ff63cdbaee88b7fc16e2f0?s=96&d=mm&r=g","contentUrl":"https:\/\/secure.gravatar.com\/avatar\/c7850e06d3ff63cdbaee88b7fc16e2f0?s=96&d=mm&r=g","caption":"Damien Dellerba"},"url":"https:\/\/www.ladiagonale.net\/index.php\/author\/damien\/"}]}},"_links":{"self":[{"href":"https:\/\/www.ladiagonale.net\/index.php\/wp-json\/wp\/v2\/posts\/5766"}],"collection":[{"href":"https:\/\/www.ladiagonale.net\/index.php\/wp-json\/wp\/v2\/posts"}],"about":[{"href":"https:\/\/www.ladiagonale.net\/index.php\/wp-json\/wp\/v2\/types\/post"}],"author":[{"embeddable":true,"href":"https:\/\/www.ladiagonale.net\/index.php\/wp-json\/wp\/v2\/users\/2"}],"replies":[{"embeddable":true,"href":"https:\/\/www.ladiagonale.net\/index.php\/wp-json\/wp\/v2\/comments?post=5766"}],"version-history":[{"count":5,"href":"https:\/\/www.ladiagonale.net\/index.php\/wp-json\/wp\/v2\/posts\/5766\/revisions"}],"predecessor-version":[{"id":5875,"href":"https:\/\/www.ladiagonale.net\/index.php\/wp-json\/wp\/v2\/posts\/5766\/revisions\/5875"}],"wp:attachment":[{"href":"https:\/\/www.ladiagonale.net\/index.php\/wp-json\/wp\/v2\/media?parent=5766"}],"wp:term":[{"taxonomy":"category","embeddable":true,"href":"https:\/\/www.ladiagonale.net\/index.php\/wp-json\/wp\/v2\/categories?post=5766"},{"taxonomy":"post_tag","embeddable":true,"href":"https:\/\/www.ladiagonale.net\/index.php\/wp-json\/wp\/v2\/tags?post=5766"}],"curies":[{"name":"wp","href":"https:\/\/api.w.org\/{rel}","templated":true}]}}