{"id":5770,"date":"2022-10-19T15:04:09","date_gmt":"2022-10-19T13:04:09","guid":{"rendered":"https:\/\/www.ladiagonale.net\/?p=5770"},"modified":"2025-02-20T15:35:22","modified_gmt":"2025-02-20T14:35:22","slug":"jakobs-la-durete-de-kovac-a-pose-des-problemes-a-certains","status":"publish","type":"post","link":"https:\/\/www.ladiagonale.net\/index.php\/2022\/10\/19\/jakobs-la-durete-de-kovac-a-pose-des-problemes-a-certains\/","title":{"rendered":"Jakobs : \u00ab\u00a0La duret\u00e9 de Kovac a pos\u00e9 des probl\u00e8mes\u00a0\u00e0 certains \u00bb"},"content":{"rendered":"\n\n\n<p>En janvier dernier, Jakobs a v\u00e9cu le limogeage de Niko Kovac et son remplacement par Philippe Clement. Un \u00e9pisode sur lequel il est revenu dans le magazine <em>Kicker<\/em> : \u00ab&nbsp;<em>J&rsquo;avais une bonne relation avec lui, Niko est un gars bon et honn\u00eate.&nbsp;\u00bb <\/em>Il a n\u00e9anmoins admis que le management \u00e2pre du Croate avait pu \u00eatre source de tensions dans le vestiaire.<em> \u00ab&nbsp;Cette duret\u00e9 allemande, la s\u00e9v\u00e9rit\u00e9, les cris, cela a pos\u00e9 des probl\u00e8mes \u00e0 certains<\/em> \u00bb,<em> <\/em>a-t-il r\u00e9v\u00e9l\u00e9<em>.<\/em><\/p>\n\n\n\n<p>La premi\u00e8re partie de saison laborieuse a aussi eu une cons\u00e9quence sur le renvoi de Kovac : \u00ab L<em>a Ligue des champions est l&rsquo;objectif clair. Si l&rsquo;objectif est menac\u00e9, les choses peuvent parfois se produire rapidement. C&rsquo;est alors simplement une situation que l&rsquo;on accepte.<\/em>\u00a0\u00bb <\/p>\n\n\n\n<p>En ao\u00fbt, Monaco a une nouvelle fois \u00e9chou\u00e9 \u00e0 retrouver la Ligue des Champions, avec Philippe Clement cette fois, mais le lat\u00e9ral gauche pr\u00e9cise que le calme reste pr\u00e9sent \u00e0 La Turbie et le management plus doux du Belge semble plus appr\u00e9ci\u00e9 : \u00ab&nbsp;<em>Ce n&rsquo;est pas un entra\u00eeneur bruyant, c&rsquo;est un gars sympa, il met beaucoup l&rsquo;accent sur la tactique.<\/em>&nbsp;\u00bb<\/p>\n","protected":false},"excerpt":{"rendered":"<p>En janvier dernier, Jakobs a v\u00e9cu le limogeage de Niko Kovac et son remplacement par Philippe Clement. Un \u00e9pisode sur lequel il est revenu dans le magazine Kicker : \u00ab&nbsp;J&rsquo;avais une bonne relation avec lui, Niko est un gars bon et honn\u00eate.&nbsp;\u00bb Il a n\u00e9anmoins admis que le management \u00e2pre du Croate avait pu \u00eatre [&#8230;]\n","protected":false},"author":2,"featured_media":0,"comment_status":"open","ping_status":"open","sticky":false,"template":"","format":"standard","meta":[],"categories":[6],"tags":[86,162,221,191],"yoast_head":"<!-- This site is optimized with the Yoast SEO plugin v19.8 - https:\/\/yoast.com\/wordpress\/plugins\/seo\/ -->\n<title>Jakobs : \u00ab\u00a0La duret\u00e9 de Kovac a pos\u00e9 des probl\u00e8mes\u00a0\u00e0 certains \u00bb - La Diagonale<\/title>\n<meta name=\"robots\" content=\"index, follow, max-snippet:-1, max-image-preview:large, max-video-preview:-1\" \/>\n<link rel=\"canonical\" href=\"https:\/\/www.ladiagonale.net\/index.php\/2022\/10\/19\/jakobs-la-durete-de-kovac-a-pose-des-problemes-a-certains\/\" \/>\n<meta property=\"og:locale\" content=\"fr_FR\" \/>\n<meta property=\"og:type\" content=\"article\" \/>\n<meta property=\"og:title\" content=\"Jakobs : \u00ab\u00a0La duret\u00e9 de Kovac a pos\u00e9 des probl\u00e8mes\u00a0\u00e0 certains \u00bb - La Diagonale\" \/>\n<meta property=\"og:description\" content=\"En janvier dernier, Jakobs a v\u00e9cu le limogeage de Niko Kovac et son remplacement par Philippe Clement. Un \u00e9pisode sur lequel il est revenu dans le magazine Kicker : \u00ab&nbsp;J&rsquo;avais une bonne relation avec lui, Niko est un gars bon et honn\u00eate.&nbsp;\u00bb Il a n\u00e9anmoins admis que le management \u00e2pre du Croate avait pu \u00eatre [...]\" \/>\n<meta property=\"og:url\" content=\"https:\/\/www.ladiagonale.net\/index.php\/2022\/10\/19\/jakobs-la-durete-de-kovac-a-pose-des-problemes-a-certains\/\" \/>\n<meta property=\"og:site_name\" content=\"La Diagonale\" \/>\n<meta property=\"article:published_time\" content=\"2022-10-19T13:04:09+00:00\" \/>\n<meta property=\"article:modified_time\" content=\"2025-02-20T14:35:22+00:00\" \/>\n<meta name=\"author\" content=\"Damien Dellerba\" \/>\n<meta name=\"twitter:card\" content=\"summary_large_image\" \/>\n<meta name=\"twitter:label1\" content=\"\u00c9crit par\" \/>\n\t<meta name=\"twitter:data1\" content=\"Damien Dellerba\" \/>\n\t<meta name=\"twitter:label2\" content=\"Dur\u00e9e de lecture estim\u00e9e\" \/>\n\t<meta name=\"twitter:data2\" content=\"1 minute\" \/>\n<script type=\"application\/ld+json\" class=\"yoast-schema-graph\">{\"@context\":\"https:\/\/schema.org\",\"@graph\":[{\"@type\":\"WebPage\",\"@id\":\"https:\/\/www.ladiagonale.net\/index.php\/2022\/10\/19\/jakobs-la-durete-de-kovac-a-pose-des-problemes-a-certains\/\",\"url\":\"https:\/\/www.ladiagonale.net\/index.php\/2022\/10\/19\/jakobs-la-durete-de-kovac-a-pose-des-problemes-a-certains\/\",\"name\":\"Jakobs : \u00ab\u00a0La duret\u00e9 de Kovac a pos\u00e9 des probl\u00e8mes\u00a0\u00e0 certains \u00bb - La Diagonale\",\"isPartOf\":{\"@id\":\"https:\/\/www.ladiagonale.net\/#website\"},\"datePublished\":\"2022-10-19T13:04:09+00:00\",\"dateModified\":\"2025-02-20T14:35:22+00:00\",\"author\":{\"@id\":\"https:\/\/www.ladiagonale.net\/#\/schema\/person\/79ff1e7b0853ed01b2aa26e64ad300bf\"},\"breadcrumb\":{\"@id\":\"https:\/\/www.ladiagonale.net\/index.php\/2022\/10\/19\/jakobs-la-durete-de-kovac-a-pose-des-problemes-a-certains\/#breadcrumb\"},\"inLanguage\":\"fr-FR\",\"potentialAction\":[{\"@type\":\"ReadAction\",\"target\":[\"https:\/\/www.ladiagonale.net\/index.php\/2022\/10\/19\/jakobs-la-durete-de-kovac-a-pose-des-problemes-a-certains\/\"]}]},{\"@type\":\"BreadcrumbList\",\"@id\":\"https:\/\/www.ladiagonale.net\/index.php\/2022\/10\/19\/jakobs-la-durete-de-kovac-a-pose-des-problemes-a-certains\/#breadcrumb\",\"itemListElement\":[{\"@type\":\"ListItem\",\"position\":1,\"name\":\"Accueil\",\"item\":\"https:\/\/www.ladiagonale.net\/\"},{\"@type\":\"ListItem\",\"position\":2,\"name\":\"Jakobs : \u00ab\u00a0La duret\u00e9 de Kovac a pos\u00e9 des probl\u00e8mes\u00a0\u00e0 certains \u00bb\"}]},{\"@type\":\"WebSite\",\"@id\":\"https:\/\/www.ladiagonale.net\/#website\",\"url\":\"https:\/\/www.ladiagonale.net\/\",\"name\":\"La Diagonale\",\"description\":\"Le site des supporters de l&#039;AS Monaco FC\",\"potentialAction\":[{\"@type\":\"SearchAction\",\"target\":{\"@type\":\"EntryPoint\",\"urlTemplate\":\"https:\/\/www.ladiagonale.net\/?s={search_term_string}\"},\"query-input\":\"required name=search_term_string\"}],\"inLanguage\":\"fr-FR\"},{\"@type\":\"Person\",\"@id\":\"https:\/\/www.ladiagonale.net\/#\/schema\/person\/79ff1e7b0853ed01b2aa26e64ad300bf\",\"name\":\"Damien Dellerba\",\"image\":{\"@type\":\"ImageObject\",\"inLanguage\":\"fr-FR\",\"@id\":\"https:\/\/www.ladiagonale.net\/#\/schema\/person\/image\/\",\"url\":\"https:\/\/secure.gravatar.com\/avatar\/c7850e06d3ff63cdbaee88b7fc16e2f0?s=96&d=mm&r=g\",\"contentUrl\":\"https:\/\/secure.gravatar.com\/avatar\/c7850e06d3ff63cdbaee88b7fc16e2f0?s=96&d=mm&r=g\",\"caption\":\"Damien Dellerba\"},\"url\":\"https:\/\/www.ladiagonale.net\/index.php\/author\/damien\/\"}]}<\/script>\n<!-- \/ Yoast SEO plugin. -->","yoast_head_json":{"title":"Jakobs : \u00ab\u00a0La duret\u00e9 de Kovac a pos\u00e9 des probl\u00e8mes\u00a0\u00e0 certains \u00bb - La Diagonale","robots":{"index":"index","follow":"follow","max-snippet":"max-snippet:-1","max-image-preview":"max-image-preview:large","max-video-preview":"max-video-preview:-1"},"canonical":"https:\/\/www.ladiagonale.net\/index.php\/2022\/10\/19\/jakobs-la-durete-de-kovac-a-pose-des-problemes-a-certains\/","og_locale":"fr_FR","og_type":"article","og_title":"Jakobs : \u00ab\u00a0La duret\u00e9 de Kovac a pos\u00e9 des probl\u00e8mes\u00a0\u00e0 certains \u00bb - La Diagonale","og_description":"En janvier dernier, Jakobs a v\u00e9cu le limogeage de Niko Kovac et son remplacement par Philippe Clement. Un \u00e9pisode sur lequel il est revenu dans le magazine Kicker : \u00ab&nbsp;J&rsquo;avais une bonne relation avec lui, Niko est un gars bon et honn\u00eate.&nbsp;\u00bb Il a n\u00e9anmoins admis que le management \u00e2pre du Croate avait pu \u00eatre [...]","og_url":"https:\/\/www.ladiagonale.net\/index.php\/2022\/10\/19\/jakobs-la-durete-de-kovac-a-pose-des-problemes-a-certains\/","og_site_name":"La Diagonale","article_published_time":"2022-10-19T13:04:09+00:00","article_modified_time":"2025-02-20T14:35:22+00:00","author":"Damien Dellerba","twitter_card":"summary_large_image","twitter_misc":{"\u00c9crit par":"Damien Dellerba","Dur\u00e9e de lecture estim\u00e9e":"1 minute"},"schema":{"@context":"https:\/\/schema.org","@graph":[{"@type":"WebPage","@id":"https:\/\/www.ladiagonale.net\/index.php\/2022\/10\/19\/jakobs-la-durete-de-kovac-a-pose-des-problemes-a-certains\/","url":"https:\/\/www.ladiagonale.net\/index.php\/2022\/10\/19\/jakobs-la-durete-de-kovac-a-pose-des-problemes-a-certains\/","name":"Jakobs : \u00ab\u00a0La duret\u00e9 de Kovac a pos\u00e9 des probl\u00e8mes\u00a0\u00e0 certains \u00bb - La Diagonale","isPartOf":{"@id":"https:\/\/www.ladiagonale.net\/#website"},"datePublished":"2022-10-19T13:04:09+00:00","dateModified":"2025-02-20T14:35:22+00:00","author":{"@id":"https:\/\/www.ladiagonale.net\/#\/schema\/person\/79ff1e7b0853ed01b2aa26e64ad300bf"},"breadcrumb":{"@id":"https:\/\/www.ladiagonale.net\/index.php\/2022\/10\/19\/jakobs-la-durete-de-kovac-a-pose-des-problemes-a-certains\/#breadcrumb"},"inLanguage":"fr-FR","potentialAction":[{"@type":"ReadAction","target":["https:\/\/www.ladiagonale.net\/index.php\/2022\/10\/19\/jakobs-la-durete-de-kovac-a-pose-des-problemes-a-certains\/"]}]},{"@type":"BreadcrumbList","@id":"https:\/\/www.ladiagonale.net\/index.php\/2022\/10\/19\/jakobs-la-durete-de-kovac-a-pose-des-problemes-a-certains\/#breadcrumb","itemListElement":[{"@type":"ListItem","position":1,"name":"Accueil","item":"https:\/\/www.ladiagonale.net\/"},{"@type":"ListItem","position":2,"name":"Jakobs : \u00ab\u00a0La duret\u00e9 de Kovac a pos\u00e9 des probl\u00e8mes\u00a0\u00e0 certains \u00bb"}]},{"@type":"WebSite","@id":"https:\/\/www.ladiagonale.net\/#website","url":"https:\/\/www.ladiagonale.net\/","name":"La Diagonale","description":"Le site des supporters de l&#039;AS Monaco FC","potentialAction":[{"@type":"SearchAction","target":{"@type":"EntryPoint","urlTemplate":"https:\/\/www.ladiagonale.net\/?s={search_term_string}"},"query-input":"required name=search_term_string"}],"inLanguage":"fr-FR"},{"@type":"Person","@id":"https:\/\/www.ladiagonale.net\/#\/schema\/person\/79ff1e7b0853ed01b2aa26e64ad300bf","name":"Damien Dellerba","image":{"@type":"ImageObject","inLanguage":"fr-FR","@id":"https:\/\/www.ladiagonale.net\/#\/schema\/person\/image\/","url":"https:\/\/secure.gravatar.com\/avatar\/c7850e06d3ff63cdbaee88b7fc16e2f0?s=96&d=mm&r=g","contentUrl":"https:\/\/secure.gravatar.com\/avatar\/c7850e06d3ff63cdbaee88b7fc16e2f0?s=96&d=mm&r=g","caption":"Damien Dellerba"},"url":"https:\/\/www.ladiagonale.net\/index.php\/author\/damien\/"}]}},"_links":{"self":[{"href":"https:\/\/www.ladiagonale.net\/index.php\/wp-json\/wp\/v2\/posts\/5770"}],"collection":[{"href":"https:\/\/www.ladiagonale.net\/index.php\/wp-json\/wp\/v2\/posts"}],"about":[{"href":"https:\/\/www.ladiagonale.net\/index.php\/wp-json\/wp\/v2\/types\/post"}],"author":[{"embeddable":true,"href":"https:\/\/www.ladiagonale.net\/index.php\/wp-json\/wp\/v2\/users\/2"}],"replies":[{"embeddable":true,"href":"https:\/\/www.ladiagonale.net\/index.php\/wp-json\/wp\/v2\/comments?post=5770"}],"version-history":[{"count":4,"href":"https:\/\/www.ladiagonale.net\/index.php\/wp-json\/wp\/v2\/posts\/5770\/revisions"}],"predecessor-version":[{"id":5874,"href":"https:\/\/www.ladiagonale.net\/index.php\/wp-json\/wp\/v2\/posts\/5770\/revisions\/5874"}],"wp:attachment":[{"href":"https:\/\/www.ladiagonale.net\/index.php\/wp-json\/wp\/v2\/media?parent=5770"}],"wp:term":[{"taxonomy":"category","embeddable":true,"href":"https:\/\/www.ladiagonale.net\/index.php\/wp-json\/wp\/v2\/categories?post=5770"},{"taxonomy":"post_tag","embeddable":true,"href":"https:\/\/www.ladiagonale.net\/index.php\/wp-json\/wp\/v2\/tags?post=5770"}],"curies":[{"name":"wp","href":"https:\/\/api.w.org\/{rel}","templated":true}]}}