{"id":5772,"date":"2022-10-20T20:00:00","date_gmt":"2022-10-20T18:00:00","guid":{"rendered":"https:\/\/www.ladiagonale.net\/?p=5772"},"modified":"2023-02-21T15:09:25","modified_gmt":"2023-02-21T14:09:25","slug":"carole-jaurais-pu-etre-vainqueur-de-la-ligue-des-champions","status":"publish","type":"post","link":"https:\/\/www.ladiagonale.net\/index.php\/2022\/10\/20\/carole-jaurais-pu-etre-vainqueur-de-la-ligue-des-champions\/","title":{"rendered":"Carole : \u00ab\u00a0J&rsquo;aurais pu \u00eatre vainqueur de la Ligue des champions\u00a0\u00bb"},"content":{"rendered":"\n\n\n<p><strong>Grand espoir de l&rsquo;AS Monaco au d\u00e9but des ann\u00e9es 2000, S\u00e9bastien Carole a eu la chance de disputer quelques matchs avec son club formateur sans toutefois pouvoir s&rsquo;y imposer. Dans un entretien r\u00e9alis\u00e9 par <a href=\"https:\/\/twitter.com\/AnciensDuRocher\">Les Anciens du Rocher<\/a> et publi\u00e9 en exclusivit\u00e9 sur La Diagonale, l&rsquo;ancien milieu de terrain revient sur sa carri\u00e8re et son parcours mon\u00e9gasque.<\/strong><\/p>\n\n\n\n<p><strong>Si tu devais retenir une chose de ton aventure en rouge et blanc, qu\u2019est-ce que \u00e7a serait&nbsp;?<\/strong><\/p>\n\n\n\n<p>Mon plus beau souvenir, il y en a plein\u2026 Celui dont je me souviendrai toujours, c\u2019est mon premier but en Ligue 1, contre Nantes (lors de la saison 2001-2002, d\u00e9faite 1-2, <em>ndlr<\/em>) sur un corner de J\u00e9r\u00f4me (Rothen), je crois. C\u2019est Shaba (Nonda) qui me dit : \u00ab <em>Ne va pas prendre le corner, reste \u00e0 la retomb\u00e9e<\/em> \u00bb et il a bien fait de me donner ce conseil puisque je marque d&rsquo;une demi-vol\u00e9e du pied gauche, puis je fais un petit signe \u00e0 ma femme dans les tribunes. \u00c7a restera un excellent souvenir, je me souviens de Rafa Marquez qui me prend dans ses bras. Les joueurs auront souvent tendance \u00e0 parler de leur premi\u00e8re apparition. Pour moi, c\u2019est le premier but qui est un peu sp\u00e9cial. J\u2019ai \u00ab&nbsp;kiff\u00e9&nbsp;\u00bb le moment. En plus c\u2019\u00e9tait au stade Louis-II donc que du bonheur devant les fans !<\/p>\n\n\n\n<p><strong>Tu as jou\u00e9 17 minutes lors de la campagne de Ligue des champions 2003-2004. C\u2019\u00e9tait lors de Monaco-AEK Ath\u00e8nes pour le dernier match de poule. \u00c0 ce moment-l\u00e0, tu t\u2019attendais \u00e0 ce que l\u2019\u00e9quipe fasse ce parcours&nbsp;?<\/strong><\/p>\n\n\n\n<p>C\u2019est une tr\u00e8s bonne question. Cette saison-l\u00e0, j\u2019\u00e9tais jeune. J\u2019ai eu la chance de faire partie d\u2019un groupe extraordinaire et d\u2019avoir pu m\u2019entra\u00eener tous les jours avec ces gars-l\u00e0. Avoir eu la chance de jouer, certes, que 17 minutes et avoir fait quelques bancs lors de cette campagne exceptionnelle, c\u2019est tout \u00e0 mon honneur. Je ne faisais que profiter. Apr\u00e8s, on va \u00eatre honn\u00eate et franchement, si tu parles \u00e0 n\u2019importe lequel d\u2019entre nous, en passant par le <em>cap\u2019<\/em> Ludo, personne ne s\u2019attend \u00e0 ce qu\u2019on fasse un truc comme \u00e7a. On prenait les matchs les uns apr\u00e8s les autres et sur la deuxi\u00e8me partie de saison, je \u00ab kiffais \u00bb les regarder.<\/p>\n\n\n<div class=\"wp-block-image\">\n<figure class=\"aligncenter size-full is-resized\"><img loading=\"lazy\" src=\"https:\/\/www.ladiagonale.net\/wp-content\/uploads\/2022\/10\/951.jpg\" alt=\"\" class=\"wp-image-5817\" width=\"203\" height=\"304\"\/><figcaption>Photo officielle de la saison 2003-2004<\/figcaption><\/figure><\/div>\n\n\n<p><strong>Tu regrettes d\u2019\u00eatre parti en cours de saison&nbsp;?<\/strong><\/p>\n\n\n\n<p>Un peu, malheureusement, parce que partir en pr\u00eat \u00e0 West Ham, ce n\u2019\u00e9tait pas une d\u00e9cision r\u00e9fl\u00e9chie et \u00e7a s\u2019est fait un peu \u00e0 la va-vite. Le plus gros regret, c\u2019est quand malheureusement Ludo Giuly se blesse. Comme j\u2019\u00e9tais sa doublure, j\u2019aurais pu prendre part \u00e0 beaucoup plus de matchs qu\u2019\u00e0 West Ham. Donc en effet, gros regret car \u00e7a a \u00e9t\u00e9 un truc exceptionnel que je n\u2019ai pas pu vivre jusqu\u2019\u00e0 la fin. Mais content pour le groupe qui m\u00e9ritait enti\u00e8rement ce parcours et d\u00e9go\u00fbt\u00e9 quand ils ont perdu en finale. Puisque je suppose que j\u2019aurais \u00e9t\u00e9 consid\u00e9r\u00e9 vainqueur de la Ligue des Champions malgr\u00e9 tout puisque j\u2019y ai particip\u00e9 (rire). Mais \u00e7a ne reste que du bonheur. Personne n\u2019y croyait en d\u00e9but de saison, pas m\u00eame nous.<\/p>\n\n\n\n<p><strong>Tu as finalement tr\u00e8s peu jou\u00e9 avec l\u2019AS Monaco\u2026<\/strong><\/p>\n\n\n\n<p>C\u2019est relatif. Les gens vont penser que je n\u2019ai pas fait longtemps \u00e0 Monaco car j\u2019ai sign\u00e9 pro trois ans, et la plupart du temps je l\u2019ai pass\u00e9 en pr\u00eat, \u00e0 West Ham et \u00e0 Ch\u00e2teauroux. Mais mine de rien j\u2019ai quand m\u00eame fait tout mon centre de formation, donc je suis rest\u00e9 10 ans au total \u00e0 Monaco. Pour moi c\u2019est ma famille, ma maison. Quand j\u2019y retourne, je suis toujours le bienvenu, il y a toujours Fr\u00e9d\u00e9ric Barilaro, qui \u00e9tait mon formateur \u00e0 l\u2019\u00e9poque. Je garde d\u2019excellents souvenirs de mon passage en centre et en tant que professionnel m\u00eame si c\u2019\u00e9tait de courte dur\u00e9e. Vraiment, j\u2019aime revenir d\u00e8s que je peux rendre visite aux connaissances qui sont encore ici. Je fais m\u00eame parfois visiter \u00e0 mon fils qui joue en Angleterre, \u00e7a lui fait un petit \u00ab kiff \u00bb.<\/p>\n\n\n\n<blockquote class=\"wp-block-quote is-style-default has-medium-font-size\"><p>Avec le recul, je me dis que si je l&rsquo;avais \u00e9cout\u00e9 un peu plus, j&rsquo;aurais fait une bien meilleure carri\u00e8re<\/p><cite><strong>S\u00e9bastien Carole, \u00e0 propos de Didier Deschamps<\/strong><\/cite><\/blockquote>\n\n\n\n<p><strong>Quelles \u00e9taient tes relations avec Didier Deschamps&nbsp;?<\/strong><\/p>\n\n\n\n<p>Didier Deschamps m\u2019a lanc\u00e9 officiellement, m\u00eame si Claude Puel m\u2019a fait conna\u00eetre des d\u00e9buts en amicaux avec les pros. Mais c\u2019est Didier qui m\u2019a lanc\u00e9. Il appr\u00e9ciait le joueur que j\u2019\u00e9tais, les qualit\u00e9s que j\u2019avais. C\u2019\u00e9tait r\u00e9ciproque, c\u2019est vraiment un entra\u00eeneur que j\u2019ai ador\u00e9. Aujourd\u2019hui, avec le recul et le fait que je me sois assagi, je me dis que si je l\u2019avais \u00e9cout\u00e9 un peu plus, pas grand-chose, peut-\u00eatre juste 10%, j\u2019aurais fait une bien meilleure carri\u00e8re. M\u00eame si j\u2019appr\u00e9cie tout ce que j\u2019ai fait, je pense qu\u2019en \u00e9coutant ses conseils \u00e0 l\u2019\u00e9poque, j\u2019aurais fait bien mieux que \u00e7a.<\/p>\n\n\n\n<p><strong>Tu pensais qu\u2019il ferait cette carri\u00e8re en tant que coach&nbsp;?<\/strong><\/p>\n\n\n\n<p>Si je pensais qu\u2019il aurait fait cette carri\u00e8re\u2026 Pour moi \u00e7a ne fait aucun doute. N\u2019importe qui ayant connu Didier Deschamps comme entra\u00eeneur pourra vous le dire. C\u2019\u00e9tait un jeune entra\u00eeneur quand il est arriv\u00e9 \u00e0 Monaco, mais m\u00eame moi avec mon jeune \u00e2ge, je pouvais voir le potentiel \u00e9norme, la p\u00e9dagogie qu\u2019il a, l\u2019approche qu\u2019il a par rapport au jeu, la passion du football\u2026 C\u2019est un monsieur qui vit le football. Donc pas du tout surpris de sa carri\u00e8re. Fier de lui, m\u00eame si je pense qu\u2019il se fout un peu de mon avis (<em>rires<\/em>).<\/p>\n\n\n\n<blockquote class=\"wp-block-quote\"><p>C\u2019est \u00e9norme ce qu\u2019ils ont fait depuis leur arriv\u00e9e. Et le constat il est l\u00e0 et il est clair. Ils font du bon travail.<\/p><cite><strong>\u00c0 propos de la reprise du club par Dmitry Rybolovlev<\/strong><\/cite><\/blockquote>\n\n\n\n<p><strong>Quel regard portes-tu sur l\u2019arriv\u00e9e des Russes \u00e0 Monaco&nbsp;?<\/strong><\/p>\n\n\n\n<p>Pour \u00eatre honn\u00eate, je n\u2019ai pas de r\u00e9elle opinion sur le sujet. Je ne me pr\u00e9occupe pas de ce qui est <em>background<\/em> des clubs de mani\u00e8re g\u00e9n\u00e9rale, surtout au niveau de l\u2019\u00e9tat de propri\u00e9t\u00e9 d\u2019un club. Pour ou contre, on n\u2019a pas \u00e0 l\u2019\u00eatre. Mais je pense que \u00e7a a permis d\u2019apporter des nouvelles perspectives au club, et surtout une philosophie, \u00e0 savoir&nbsp;: r\u00e9cup\u00e9rer des joueurs bon march\u00e9 \u00e0 la base d\u2019un scouting excellent, former des joueurs et vendre \u00e0 un prix \u00e9lev\u00e9. C\u2019est \u00e9norme ce qu\u2019ils ont fait depuis leur arriv\u00e9e. Et le constat il est l\u00e0 et il est clair. Ils font du bon travail.<\/p>\n\n\n\n<p><strong>Comment d\u00e9crirais-tu l\u2019AS Monaco d\u2019aujourd\u2019hui&nbsp;?<\/strong><\/p>\n\n\n\n<p>Monaco n\u2019est pas forc\u00e9ment un club fait pour rebondir, mais plut\u00f4t un club o\u00f9 tu peux te montrer et montrer tes qualit\u00e9s. Je pense que c\u2019est l\u2019endroit parfait pour un joueur avec un gros potentiel qui peut s\u2019\u00e9clater dans un club o\u00f9 il n\u2019y a pas forc\u00e9ment la m\u00eame pression qu\u2019ailleurs. En \u00e9tant sur le Rocher, tu peux t\u2019\u00e9panouir tranquillement. Je pense que les Russes ont permis d\u2019accentuer \u00e7a avec l\u2019ambition d\u2019aller rep\u00e9rer des jeunes talentueux pour ensuite revendre \u00e0 des grosses \u00e9curies. Les joueurs y gagnent aussi car ils passent par Monaco qui est un excellent et un grand club en France. C\u2019est un <em>win-win<\/em> comme on dit. Mais je n\u2019ai pas d\u2019avis tranch\u00e9 sur l\u2019arriv\u00e9e des Russes \u00e0 Monaco, franchement, je m\u2019en fous. Je suis content qu\u2019ils aient pu apporter ce que Monaco a aujourd\u2019hui.<\/p>\n\n\n<div class=\"wp-block-image\">\n<figure class=\"aligncenter size-full\"><img loading=\"lazy\" width=\"700\" height=\"367\" src=\"https:\/\/www.ladiagonale.net\/wp-content\/uploads\/2022\/10\/Seb-Carole-Leeds-United.jpg\" alt=\"\" class=\"wp-image-5818\"\/><figcaption>S\u00e9bastien Carole sous le maillot de Leeds<\/figcaption><\/figure><\/div>\n\n\n<p><strong>Tu as fait l\u2019essentiel de ta carri\u00e8re en Angleterre, c\u2019\u00e9tait une volont\u00e9 de ta part&nbsp;?<\/strong><\/p>\n\n\n\n<p>L\u2019Angleterre a toujours (<em>il insiste<\/em>) \u00e9t\u00e9 une destination que je kiffais et un des championnats dans lequel je voulais jouer. Alors certes, \u00e0 l\u2019\u00e9poque, c\u2019\u00e9tait la <em>Premier League<\/em> que je visais. Je suis arriv\u00e9 en Angleterre par une plus petite porte. \u00c7a s\u2019est fait de fil en aiguille, tout est parti de mon pr\u00eat rat\u00e9 \u00e0 West Ham o\u00f9 je me dis que je ne remettrais jamais plus les pieds en Angleterre. Puis je vois comment \u00e7a se passe \u00e0 Ch\u00e2teauroux et je me dis que finalement, l\u2019Angleterre c\u2019est pas si mal que \u00e7a.<\/p>\n\n\n\n<p><strong>Qu\u2019est-ce qu\u2019il se passe \u00e0 Ch\u00e2teauroux&nbsp;?<\/strong><\/p>\n\n\n\n<p>Quand vous avez un Zvunka comme entra\u00eeneur \u00e0 Ch\u00e2teauroux qui n\u2019aime pas le jeu ni le football, vous avez vite compris. Quand \u00e0 20 ans il te d\u00e9go\u00fbte presque du football\u2026 \u00c9videmment, je retourne \u00e0 Monaco o\u00f9 on me dit que si j\u2019ai une possibilit\u00e9 de d\u00e9part, je peux y aller, qu\u2019on ne me mettrait pas de b\u00e2ton dans les roues. C\u2019\u00e9tait cool de la part du club.<\/p>\n\n\n\n<blockquote class=\"wp-block-quote\"><p>Le football ici, ce n&rsquo;est pas une tradition, c\u2019est une religion.<\/p><cite><strong>\u00c0 propos du football anglais<\/strong><\/cite><\/blockquote>\n\n\n\n<p><strong>Tu rejoins donc Brighton, en Angleterre. Comment \u00e7a s\u2019est pass\u00e9&nbsp;?<\/strong><\/p>\n\n\n\n<p>L\u2019opportunit\u00e9 de rejoindre un petit club de seconde division s\u2019est pr\u00e9sent\u00e9e, je l\u2019ai saisie en me disant que j\u2019avais confiance en mes qualit\u00e9s, donc j\u2019ai sign\u00e9 \u00e0 Brighton, que personne ne connaissait. J\u2019y ai fait une excellente saison, j\u2019ai ador\u00e9. Les fans appr\u00e9ciaient mon football. Il y avait une grosse communaut\u00e9, une <em>fanbase<\/em> de tar\u00e9&nbsp;! Je pensais que c\u2019\u00e9tait le tremplin pour rejoindre la Premier League, notamment la saison suivante en signant \u00e0 Leeds United. \u00c7a ne s\u2019est pas pass\u00e9 comme pr\u00e9vu, mais ce sont les al\u00e9as du football. C\u2019est comme \u00e7a, on pense aller \u00e0 un endroit et on va autre part. Je voulais \u00e9voluer en Angleterre, mais \u00e0 haut niveau, pas forc\u00e9ment dans les divisions inf\u00e9rieures que j\u2019ai connues par la suite.<\/p>\n\n\n\n<p><strong>On sait que les supporters Anglais sont passionn\u00e9s<\/strong>&#8230;<\/p>\n\n\n\n<p>Le football ici, ce n&rsquo;est pas une tradition, c\u2019est une religion. Ici, c\u2019est incroyable l\u2019engouement. Tu peux te pr\u00e9senter dans un match de 5<sup>e<\/sup> division o\u00f9 le stade fait 10.000 places avec autant de fans. Il y aura peut-\u00eatre m\u00eame 2.000 debout en dehors du stade \u00e0 suivre l\u2019\u00e9volution du score. C\u2019est juste dingue. <\/p>\n\n\n\n<p><strong>Tu as une anecdote \u00e0 ce sujet&nbsp;?<\/strong><\/p>\n\n\n\n<p>J\u2019ai quitt\u00e9 Leeds en 2008, et je crois qu\u2019en 2012 ou 2013, donc quatre-cinq ans plus tard, des gens pensaient que j\u2019\u00e9tais bless\u00e9 et se demandaient quand est-ce que j\u2019allais revenir sur le terrain parce qu\u2019on avait besoin de moi. Honn\u00eatement, tu passes par un club et les gens te reconnaissent \u00e0 vie. J\u2019habite toujours dans les alentours de Leeds et parfois les gens me reconnaissent et m\u2019arr\u00eatent pour prendre de mes nouvelles. C\u2019est toujours sympa que des gens se souviennent de toi 12 ans apr\u00e8s ton passage. C\u2019est appr\u00e9ciable, on ne va pas se mentir. Je ne suis pas s\u00fbr qu\u2019on se souvienne de moi \u00e0 Monaco par exemple (<em>rires<\/em>).<\/p>\n\n\n\n<p><strong>Tu aurais aim\u00e9 d\u00e9couvrir d\u2019autres pays&nbsp;?<\/strong><\/p>\n\n\n\n<p>Je pense que mon jeu \u00e9tait peut-\u00eatre plus adapt\u00e9 \u00e0 l\u2019Espagne. J\u2019\u00e9tais un joueur tr\u00e8s technique, qui aimait le jeu \u00e0 base de passes courtes. Un peu dans le style du Barcelone de Pep (Guardiola), (Frank) Rijkaard ou de (Johan) Cruyff. Mon jeu \u00e9tait bas\u00e9 sur \u00e7a. J\u2019\u00e9tais assez dou\u00e9 techniquement et j\u2019appr\u00e9ciais ce jeu-l\u00e0. En Angleterre, c\u2019est le <em>kick and rush<\/em>, tout va \u00e0 deux mille \u00e0 l\u2019heure, c\u2019est un tempo de tar\u00e9, \u00e7a ne s\u2019arr\u00eate jamais. Moi, j\u2019aime prendre mon temps, regarder les choses, analyser, et progresser intelligemment sur le terrain pour aller marquer un but. Donc peut-\u00eatre que le jeu espagnol aurait pu \u00eatre int\u00e9ressant pour moi.<\/p>\n\n\n<div class=\"wp-block-image\">\n<figure class=\"aligncenter size-full is-resized\"><img loading=\"lazy\" src=\"https:\/\/www.ladiagonale.net\/wp-content\/uploads\/2022\/10\/seb-carole-et-son-fils.jpg\" alt=\"\" class=\"wp-image-5821\" width=\"525\" height=\"336\"\/><figcaption>S\u00e9bastien Carole (\u00e0 droite) pour la signature du premier contrat professionnel de son fils Keenan (au centre) avec Leeds.<\/figcaption><\/figure><\/div>\n\n\n<p><strong>Et aujourd\u2019hui, qu\u2019est-ce que tu fais&nbsp;?<\/strong><\/p>\n\n\n\n<p>Je suis toujours un peu dans le football. J\u2019ai essay\u00e9 de m\u2019occuper de joueurs, mais le milieu du foot est tellement d\u00e9testable que j\u2019ai pris du recul juste avant le Covid. Je ne vais pas rentrer dans les d\u00e9tails, mais les coulisses d\u2019un transfert ne me plaisent pas forc\u00e9ment. On arrive \u00e0 un niveau, ou c\u2019est surtout qui tu connais, avec un peu de corruption \u00ab&nbsp;gentille&nbsp;\u00bb. Je ne bl\u00e2me personne. Mais j\u2019ai pris du recul sur tout \u00e7a et je marche \u00e0 l\u2019opportunit\u00e9. J\u2019ai beaucoup de contacts en Angleterre, les gens qui veulent bosser avec moi ont mon num\u00e9ro. S\u2019ils ont besoin d\u2019assistance dans un dossier, je suis ravi de le faire\u2026Contre r\u00e9mun\u00e9ration&nbsp;(<em>rires<\/em>)&nbsp;! Mais mon travail aujourd\u2019hui, celui qui paye les factures et qui me permet de m\u2019\u00e9panouir en dehors du football, c\u2019est chef des op\u00e9rations pour une compagnie dans le transport priv\u00e9. \u00c7a se passe tr\u00e8s bien, c\u2019est une grosse boite internationale, mon poste est super int\u00e9ressant. J\u2019aime faire autre chose que du football, m\u00eame si je serai toujours impliqu\u00e9 car \u00e7a reste ma passion. Comme je l\u2019ai dit plus t\u00f4t, mon fils vient de signer pro \u00e0 Leeds United o\u00f9 j\u2019esp\u00e8re qu\u2019il pourra faire ce que je n\u2019ai pas pu accomplir. Je le suis de tr\u00e8s pr\u00e8s. Il prend beaucoup de mon temps, je le suis partout, je regarde tous ses matchs et je le conseille pour qu\u2019il puisse avoir la carri\u00e8re qu\u2019il m\u00e9rite.<\/p>\n\n\n\n<hr class=\"wp-block-separator has-alpha-channel-opacity\"\/>\n\n\n\n<h4 class=\"has-vivid-red-color has-text-color\" style=\"font-style:normal;font-weight:500;text-transform:uppercase\">s\u00e9bastien carole avec l&rsquo;as monaco<\/h4>\n\n\n\n<p>12 matchs &#8211; 1 but<\/p>\n\n\n\n<p>Premier match en pro : Olympique Lyonnais 1-0 Monaco (le 6 mars 2002)<\/p>\n\n\n\n<p>Premier but : Monaco 1-2 Nantes (le 16 mars 2002)<\/p>\n\n\n\n<p>Pr\u00eats \u00e0 West Ham (janvier 2004-juin 2004) et \u00e0 Ch\u00e2teauroux (2004-2005)<\/p>\n\n\n\n<p>D\u00e9part libre \u00e0 Brighton &amp; Hove Albion (juillet 2005)<\/p>\n","protected":false},"excerpt":{"rendered":"<p>Grand espoir de l&rsquo;AS Monaco au d\u00e9but des ann\u00e9es 2000, S\u00e9bastien Carole a eu la chance de disputer quelques matchs avec son club formateur sans toutefois pouvoir s&rsquo;y imposer. Dans un entretien r\u00e9alis\u00e9 par Les Anciens du Rocher et publi\u00e9 en exclusivit\u00e9 sur La Diagonale, l&rsquo;ancien milieu de terrain revient sur sa carri\u00e8re et son [&#8230;]\n","protected":false},"author":2,"featured_media":5774,"comment_status":"open","ping_status":"open","sticky":false,"template":"","format":"standard","meta":[],"categories":[5,6,420],"tags":[255,86,247,256],"yoast_head":"<!-- This site is optimized with the Yoast SEO plugin v19.8 - https:\/\/yoast.com\/wordpress\/plugins\/seo\/ -->\n<title>Carole : \u00ab\u00a0J&#039;aurais pu \u00eatre vainqueur de la Ligue des champions\u00a0\u00bb - La Diagonale<\/title>\n<meta name=\"robots\" content=\"index, follow, max-snippet:-1, max-image-preview:large, max-video-preview:-1\" \/>\n<link rel=\"canonical\" href=\"https:\/\/www.ladiagonale.net\/index.php\/2022\/10\/20\/carole-jaurais-pu-etre-vainqueur-de-la-ligue-des-champions\/\" \/>\n<meta property=\"og:locale\" content=\"fr_FR\" \/>\n<meta property=\"og:type\" content=\"article\" \/>\n<meta property=\"og:title\" content=\"Carole : \u00ab\u00a0J&#039;aurais pu \u00eatre vainqueur de la Ligue des champions\u00a0\u00bb - La Diagonale\" \/>\n<meta property=\"og:description\" content=\"Grand espoir de l&rsquo;AS Monaco au d\u00e9but des ann\u00e9es 2000, S\u00e9bastien Carole a eu la chance de disputer quelques matchs avec son club formateur sans toutefois pouvoir s&rsquo;y imposer. Dans un entretien r\u00e9alis\u00e9 par Les Anciens du Rocher et publi\u00e9 en exclusivit\u00e9 sur La Diagonale, l&rsquo;ancien milieu de terrain revient sur sa carri\u00e8re et son [...]\" \/>\n<meta property=\"og:url\" content=\"https:\/\/www.ladiagonale.net\/index.php\/2022\/10\/20\/carole-jaurais-pu-etre-vainqueur-de-la-ligue-des-champions\/\" \/>\n<meta property=\"og:site_name\" content=\"La Diagonale\" \/>\n<meta property=\"article:published_time\" content=\"2022-10-20T18:00:00+00:00\" \/>\n<meta property=\"article:modified_time\" content=\"2023-02-21T14:09:25+00:00\" \/>\n<meta property=\"og:image\" content=\"https:\/\/www.ladiagonale.net\/wp-content\/uploads\/2022\/10\/Seb-Carole-Monaco.jpg\" \/>\n\t<meta property=\"og:image:width\" content=\"700\" \/>\n\t<meta property=\"og:image:height\" content=\"448\" \/>\n\t<meta property=\"og:image:type\" content=\"image\/jpeg\" \/>\n<meta name=\"author\" content=\"Damien Dellerba\" \/>\n<meta name=\"twitter:card\" content=\"summary_large_image\" \/>\n<meta name=\"twitter:label1\" content=\"\u00c9crit par\" \/>\n\t<meta name=\"twitter:data1\" content=\"Damien Dellerba\" \/>\n\t<meta name=\"twitter:label2\" content=\"Dur\u00e9e de lecture estim\u00e9e\" \/>\n\t<meta name=\"twitter:data2\" content=\"12 minutes\" \/>\n<script type=\"application\/ld+json\" class=\"yoast-schema-graph\">{\"@context\":\"https:\/\/schema.org\",\"@graph\":[{\"@type\":\"WebPage\",\"@id\":\"https:\/\/www.ladiagonale.net\/index.php\/2022\/10\/20\/carole-jaurais-pu-etre-vainqueur-de-la-ligue-des-champions\/\",\"url\":\"https:\/\/www.ladiagonale.net\/index.php\/2022\/10\/20\/carole-jaurais-pu-etre-vainqueur-de-la-ligue-des-champions\/\",\"name\":\"Carole : \u00ab\u00a0J'aurais pu \u00eatre vainqueur de la Ligue des champions\u00a0\u00bb - La Diagonale\",\"isPartOf\":{\"@id\":\"https:\/\/www.ladiagonale.net\/#website\"},\"datePublished\":\"2022-10-20T18:00:00+00:00\",\"dateModified\":\"2023-02-21T14:09:25+00:00\",\"author\":{\"@id\":\"https:\/\/www.ladiagonale.net\/#\/schema\/person\/79ff1e7b0853ed01b2aa26e64ad300bf\"},\"breadcrumb\":{\"@id\":\"https:\/\/www.ladiagonale.net\/index.php\/2022\/10\/20\/carole-jaurais-pu-etre-vainqueur-de-la-ligue-des-champions\/#breadcrumb\"},\"inLanguage\":\"fr-FR\",\"potentialAction\":[{\"@type\":\"ReadAction\",\"target\":[\"https:\/\/www.ladiagonale.net\/index.php\/2022\/10\/20\/carole-jaurais-pu-etre-vainqueur-de-la-ligue-des-champions\/\"]}]},{\"@type\":\"BreadcrumbList\",\"@id\":\"https:\/\/www.ladiagonale.net\/index.php\/2022\/10\/20\/carole-jaurais-pu-etre-vainqueur-de-la-ligue-des-champions\/#breadcrumb\",\"itemListElement\":[{\"@type\":\"ListItem\",\"position\":1,\"name\":\"Accueil\",\"item\":\"https:\/\/www.ladiagonale.net\/\"},{\"@type\":\"ListItem\",\"position\":2,\"name\":\"Carole : \u00ab\u00a0J&rsquo;aurais pu \u00eatre vainqueur de la Ligue des champions\u00a0\u00bb\"}]},{\"@type\":\"WebSite\",\"@id\":\"https:\/\/www.ladiagonale.net\/#website\",\"url\":\"https:\/\/www.ladiagonale.net\/\",\"name\":\"La Diagonale\",\"description\":\"Le site des supporters de l&#039;AS Monaco FC\",\"potentialAction\":[{\"@type\":\"SearchAction\",\"target\":{\"@type\":\"EntryPoint\",\"urlTemplate\":\"https:\/\/www.ladiagonale.net\/?s={search_term_string}\"},\"query-input\":\"required name=search_term_string\"}],\"inLanguage\":\"fr-FR\"},{\"@type\":\"Person\",\"@id\":\"https:\/\/www.ladiagonale.net\/#\/schema\/person\/79ff1e7b0853ed01b2aa26e64ad300bf\",\"name\":\"Damien Dellerba\",\"image\":{\"@type\":\"ImageObject\",\"inLanguage\":\"fr-FR\",\"@id\":\"https:\/\/www.ladiagonale.net\/#\/schema\/person\/image\/\",\"url\":\"https:\/\/secure.gravatar.com\/avatar\/c7850e06d3ff63cdbaee88b7fc16e2f0?s=96&d=mm&r=g\",\"contentUrl\":\"https:\/\/secure.gravatar.com\/avatar\/c7850e06d3ff63cdbaee88b7fc16e2f0?s=96&d=mm&r=g\",\"caption\":\"Damien Dellerba\"},\"url\":\"https:\/\/www.ladiagonale.net\/index.php\/author\/damien\/\"}]}<\/script>\n<!-- \/ Yoast SEO plugin. -->","yoast_head_json":{"title":"Carole : \u00ab\u00a0J'aurais pu \u00eatre vainqueur de la Ligue des champions\u00a0\u00bb - La Diagonale","robots":{"index":"index","follow":"follow","max-snippet":"max-snippet:-1","max-image-preview":"max-image-preview:large","max-video-preview":"max-video-preview:-1"},"canonical":"https:\/\/www.ladiagonale.net\/index.php\/2022\/10\/20\/carole-jaurais-pu-etre-vainqueur-de-la-ligue-des-champions\/","og_locale":"fr_FR","og_type":"article","og_title":"Carole : \u00ab\u00a0J'aurais pu \u00eatre vainqueur de la Ligue des champions\u00a0\u00bb - La Diagonale","og_description":"Grand espoir de l&rsquo;AS Monaco au d\u00e9but des ann\u00e9es 2000, S\u00e9bastien Carole a eu la chance de disputer quelques matchs avec son club formateur sans toutefois pouvoir s&rsquo;y imposer. Dans un entretien r\u00e9alis\u00e9 par Les Anciens du Rocher et publi\u00e9 en exclusivit\u00e9 sur La Diagonale, l&rsquo;ancien milieu de terrain revient sur sa carri\u00e8re et son [...]","og_url":"https:\/\/www.ladiagonale.net\/index.php\/2022\/10\/20\/carole-jaurais-pu-etre-vainqueur-de-la-ligue-des-champions\/","og_site_name":"La Diagonale","article_published_time":"2022-10-20T18:00:00+00:00","article_modified_time":"2023-02-21T14:09:25+00:00","og_image":[{"width":700,"height":448,"url":"https:\/\/www.ladiagonale.net\/wp-content\/uploads\/2022\/10\/Seb-Carole-Monaco.jpg","type":"image\/jpeg"}],"author":"Damien Dellerba","twitter_card":"summary_large_image","twitter_misc":{"\u00c9crit par":"Damien Dellerba","Dur\u00e9e de lecture estim\u00e9e":"12 minutes"},"schema":{"@context":"https:\/\/schema.org","@graph":[{"@type":"WebPage","@id":"https:\/\/www.ladiagonale.net\/index.php\/2022\/10\/20\/carole-jaurais-pu-etre-vainqueur-de-la-ligue-des-champions\/","url":"https:\/\/www.ladiagonale.net\/index.php\/2022\/10\/20\/carole-jaurais-pu-etre-vainqueur-de-la-ligue-des-champions\/","name":"Carole : \u00ab\u00a0J'aurais pu \u00eatre vainqueur de la Ligue des champions\u00a0\u00bb - La Diagonale","isPartOf":{"@id":"https:\/\/www.ladiagonale.net\/#website"},"datePublished":"2022-10-20T18:00:00+00:00","dateModified":"2023-02-21T14:09:25+00:00","author":{"@id":"https:\/\/www.ladiagonale.net\/#\/schema\/person\/79ff1e7b0853ed01b2aa26e64ad300bf"},"breadcrumb":{"@id":"https:\/\/www.ladiagonale.net\/index.php\/2022\/10\/20\/carole-jaurais-pu-etre-vainqueur-de-la-ligue-des-champions\/#breadcrumb"},"inLanguage":"fr-FR","potentialAction":[{"@type":"ReadAction","target":["https:\/\/www.ladiagonale.net\/index.php\/2022\/10\/20\/carole-jaurais-pu-etre-vainqueur-de-la-ligue-des-champions\/"]}]},{"@type":"BreadcrumbList","@id":"https:\/\/www.ladiagonale.net\/index.php\/2022\/10\/20\/carole-jaurais-pu-etre-vainqueur-de-la-ligue-des-champions\/#breadcrumb","itemListElement":[{"@type":"ListItem","position":1,"name":"Accueil","item":"https:\/\/www.ladiagonale.net\/"},{"@type":"ListItem","position":2,"name":"Carole : \u00ab\u00a0J&rsquo;aurais pu \u00eatre vainqueur de la Ligue des champions\u00a0\u00bb"}]},{"@type":"WebSite","@id":"https:\/\/www.ladiagonale.net\/#website","url":"https:\/\/www.ladiagonale.net\/","name":"La Diagonale","description":"Le site des supporters de l&#039;AS Monaco FC","potentialAction":[{"@type":"SearchAction","target":{"@type":"EntryPoint","urlTemplate":"https:\/\/www.ladiagonale.net\/?s={search_term_string}"},"query-input":"required name=search_term_string"}],"inLanguage":"fr-FR"},{"@type":"Person","@id":"https:\/\/www.ladiagonale.net\/#\/schema\/person\/79ff1e7b0853ed01b2aa26e64ad300bf","name":"Damien Dellerba","image":{"@type":"ImageObject","inLanguage":"fr-FR","@id":"https:\/\/www.ladiagonale.net\/#\/schema\/person\/image\/","url":"https:\/\/secure.gravatar.com\/avatar\/c7850e06d3ff63cdbaee88b7fc16e2f0?s=96&d=mm&r=g","contentUrl":"https:\/\/secure.gravatar.com\/avatar\/c7850e06d3ff63cdbaee88b7fc16e2f0?s=96&d=mm&r=g","caption":"Damien Dellerba"},"url":"https:\/\/www.ladiagonale.net\/index.php\/author\/damien\/"}]}},"_links":{"self":[{"href":"https:\/\/www.ladiagonale.net\/index.php\/wp-json\/wp\/v2\/posts\/5772"}],"collection":[{"href":"https:\/\/www.ladiagonale.net\/index.php\/wp-json\/wp\/v2\/posts"}],"about":[{"href":"https:\/\/www.ladiagonale.net\/index.php\/wp-json\/wp\/v2\/types\/post"}],"author":[{"embeddable":true,"href":"https:\/\/www.ladiagonale.net\/index.php\/wp-json\/wp\/v2\/users\/2"}],"replies":[{"embeddable":true,"href":"https:\/\/www.ladiagonale.net\/index.php\/wp-json\/wp\/v2\/comments?post=5772"}],"version-history":[{"count":12,"href":"https:\/\/www.ladiagonale.net\/index.php\/wp-json\/wp\/v2\/posts\/5772\/revisions"}],"predecessor-version":[{"id":5825,"href":"https:\/\/www.ladiagonale.net\/index.php\/wp-json\/wp\/v2\/posts\/5772\/revisions\/5825"}],"wp:featuredmedia":[{"embeddable":true,"href":"https:\/\/www.ladiagonale.net\/index.php\/wp-json\/wp\/v2\/media\/5774"}],"wp:attachment":[{"href":"https:\/\/www.ladiagonale.net\/index.php\/wp-json\/wp\/v2\/media?parent=5772"}],"wp:term":[{"taxonomy":"category","embeddable":true,"href":"https:\/\/www.ladiagonale.net\/index.php\/wp-json\/wp\/v2\/categories?post=5772"},{"taxonomy":"post_tag","embeddable":true,"href":"https:\/\/www.ladiagonale.net\/index.php\/wp-json\/wp\/v2\/tags?post=5772"}],"curies":[{"name":"wp","href":"https:\/\/api.w.org\/{rel}","templated":true}]}}