{"id":5778,"date":"2022-10-19T18:49:30","date_gmt":"2022-10-19T16:49:30","guid":{"rendered":"https:\/\/www.ladiagonale.net\/?p=5778"},"modified":"2022-10-20T00:23:52","modified_gmt":"2022-10-19T22:23:52","slug":"defaite-du-groupe-elite-a-prague","status":"publish","type":"post","link":"https:\/\/www.ladiagonale.net\/index.php\/2022\/10\/19\/defaite-du-groupe-elite-a-prague\/","title":{"rendered":"D\u00e9faite du groupe \u00c9lite \u00e0 Prague"},"content":{"rendered":"\n\n\n<p>Le groupe \u00c9lite, entra\u00een\u00e9 par Damien Perrinelle, a fait le d\u00e9placement en R\u00e9publique tch\u00e8que pour affronter en match amical l&rsquo;\u00e9quipe r\u00e9serve du Sparta Prague ce mercredi. Les jeunes Mon\u00e9gasques se sont inclin\u00e9s (2-0) avec un but encaiss\u00e9 dans chaque mi-temps. Silhart (9<sup>e<\/sup>)a ouvert le score en premi\u00e8re p\u00e9riode et Schanelec (48<sup>e<\/sup>)a marqu\u00e9 au cours du deuxi\u00e8me acte.<\/p>\n\n\n\n<p class=\"has-white-color has-text-color has-background\" style=\"background-color:#929292\"><a href=\"https:\/\/www.ladiagonale.net\/index.php\/event\/sparta-prague-monaco-ii\/\">Voir la feuille de match<\/a><\/p>\n\n\n\n<figure class=\"wp-block-embed aligncenter is-type-rich is-provider-twitter wp-block-embed-twitter\"><div class=\"wp-block-embed__wrapper\">\n<blockquote class=\"twitter-tweet\" data-width=\"550\" data-dnt=\"true\"><p lang=\"cs\" dir=\"ltr\">\ud83c\udd71\ufe0f-T\u00ddM<br>\u23f0 KONEC<br><br>\ud83d\udcaa\ud83c\udffb Ve druh\u00e9m polo\u010dase p\u0159idal druh\u00fd g\u00f3l Sch\u00e1n\u011blec. Monako tedy por\u00e1\u017e\u00edme 2:0!<a href=\"https:\/\/twitter.com\/hashtag\/acspartaB?src=hash&amp;ref_src=twsrc%5Etfw\">#acspartaB<\/a><\/p>&mdash; AC Sparta Praha (@ACSparta_CZ) <a href=\"https:\/\/twitter.com\/ACSparta_CZ\/status\/1582717652023541761?ref_src=twsrc%5Etfw\">October 19, 2022<\/a><\/blockquote><script async src=\"https:\/\/platform.twitter.com\/widgets.js\" charset=\"utf-8\"><\/script>\n<\/div><\/figure>\n\n\n\n<p>Les choses s\u00e9rieuses se rapprochent pour le groupe \u00c9lite qui va bient\u00f4t faire ses d\u00e9buts dans la <em>Al Abtal Cul<\/em>. La premi\u00e8re rencontre aura lieu le 2 novembre face \u00e0 l&rsquo;\u00e9quipe saoudienne des White Falcons.<\/p>\n\n\n\n<p class=\"has-white-color has-text-color has-background\" style=\"background-color:#929292\">Voir <a href=\"https:\/\/www.ladiagonale.net\/index.php\/groupe-elite-calendrier\/\">le calendrier du groupe \u00c9lite<\/a><\/p>\n","protected":false},"excerpt":{"rendered":"<p>Le groupe \u00c9lite, entra\u00een\u00e9 par Damien Perrinelle, a fait le d\u00e9placement en R\u00e9publique tch\u00e8que pour affronter en match amical l&rsquo;\u00e9quipe r\u00e9serve du Sparta Prague ce mercredi. Les jeunes Mon\u00e9gasques se sont inclin\u00e9s (2-0) avec un but encaiss\u00e9 dans chaque mi-temps. Silhart (9e)a ouvert le score en premi\u00e8re p\u00e9riode et Schanelec (48e)a marqu\u00e9 au cours du [&#8230;]\n","protected":false},"author":2,"featured_media":0,"comment_status":"open","ping_status":"open","sticky":false,"template":"","format":"standard","meta":[],"categories":[4,6],"tags":[76,86,228],"yoast_head":"<!-- This site is optimized with the Yoast SEO plugin v19.8 - https:\/\/yoast.com\/wordpress\/plugins\/seo\/ -->\n<title>D\u00e9faite du groupe \u00c9lite \u00e0 Prague - La Diagonale<\/title>\n<meta name=\"robots\" content=\"index, follow, max-snippet:-1, max-image-preview:large, max-video-preview:-1\" \/>\n<link rel=\"canonical\" href=\"https:\/\/www.ladiagonale.net\/index.php\/2022\/10\/19\/defaite-du-groupe-elite-a-prague\/\" \/>\n<meta property=\"og:locale\" content=\"fr_FR\" \/>\n<meta property=\"og:type\" content=\"article\" \/>\n<meta property=\"og:title\" content=\"D\u00e9faite du groupe \u00c9lite \u00e0 Prague - La Diagonale\" \/>\n<meta property=\"og:description\" content=\"Le groupe \u00c9lite, entra\u00een\u00e9 par Damien Perrinelle, a fait le d\u00e9placement en R\u00e9publique tch\u00e8que pour affronter en match amical l&rsquo;\u00e9quipe r\u00e9serve du Sparta Prague ce mercredi. Les jeunes Mon\u00e9gasques se sont inclin\u00e9s (2-0) avec un but encaiss\u00e9 dans chaque mi-temps. Silhart (9e)a ouvert le score en premi\u00e8re p\u00e9riode et Schanelec (48e)a marqu\u00e9 au cours du [...]\" \/>\n<meta property=\"og:url\" content=\"https:\/\/www.ladiagonale.net\/index.php\/2022\/10\/19\/defaite-du-groupe-elite-a-prague\/\" \/>\n<meta property=\"og:site_name\" content=\"La Diagonale\" \/>\n<meta property=\"article:published_time\" content=\"2022-10-19T16:49:30+00:00\" \/>\n<meta property=\"article:modified_time\" content=\"2022-10-19T22:23:52+00:00\" \/>\n<meta name=\"author\" content=\"Damien Dellerba\" \/>\n<meta name=\"twitter:card\" content=\"summary_large_image\" \/>\n<meta name=\"twitter:label1\" content=\"\u00c9crit par\" \/>\n\t<meta name=\"twitter:data1\" content=\"Damien Dellerba\" \/>\n\t<meta name=\"twitter:label2\" content=\"Dur\u00e9e de lecture estim\u00e9e\" \/>\n\t<meta name=\"twitter:data2\" content=\"1 minute\" \/>\n<script type=\"application\/ld+json\" class=\"yoast-schema-graph\">{\"@context\":\"https:\/\/schema.org\",\"@graph\":[{\"@type\":\"WebPage\",\"@id\":\"https:\/\/www.ladiagonale.net\/index.php\/2022\/10\/19\/defaite-du-groupe-elite-a-prague\/\",\"url\":\"https:\/\/www.ladiagonale.net\/index.php\/2022\/10\/19\/defaite-du-groupe-elite-a-prague\/\",\"name\":\"D\u00e9faite du groupe \u00c9lite \u00e0 Prague - La Diagonale\",\"isPartOf\":{\"@id\":\"https:\/\/www.ladiagonale.net\/#website\"},\"datePublished\":\"2022-10-19T16:49:30+00:00\",\"dateModified\":\"2022-10-19T22:23:52+00:00\",\"author\":{\"@id\":\"https:\/\/www.ladiagonale.net\/#\/schema\/person\/79ff1e7b0853ed01b2aa26e64ad300bf\"},\"breadcrumb\":{\"@id\":\"https:\/\/www.ladiagonale.net\/index.php\/2022\/10\/19\/defaite-du-groupe-elite-a-prague\/#breadcrumb\"},\"inLanguage\":\"fr-FR\",\"potentialAction\":[{\"@type\":\"ReadAction\",\"target\":[\"https:\/\/www.ladiagonale.net\/index.php\/2022\/10\/19\/defaite-du-groupe-elite-a-prague\/\"]}]},{\"@type\":\"BreadcrumbList\",\"@id\":\"https:\/\/www.ladiagonale.net\/index.php\/2022\/10\/19\/defaite-du-groupe-elite-a-prague\/#breadcrumb\",\"itemListElement\":[{\"@type\":\"ListItem\",\"position\":1,\"name\":\"Accueil\",\"item\":\"https:\/\/www.ladiagonale.net\/\"},{\"@type\":\"ListItem\",\"position\":2,\"name\":\"D\u00e9faite du groupe \u00c9lite \u00e0 Prague\"}]},{\"@type\":\"WebSite\",\"@id\":\"https:\/\/www.ladiagonale.net\/#website\",\"url\":\"https:\/\/www.ladiagonale.net\/\",\"name\":\"La Diagonale\",\"description\":\"Le site des supporters de l&#039;AS Monaco FC\",\"potentialAction\":[{\"@type\":\"SearchAction\",\"target\":{\"@type\":\"EntryPoint\",\"urlTemplate\":\"https:\/\/www.ladiagonale.net\/?s={search_term_string}\"},\"query-input\":\"required name=search_term_string\"}],\"inLanguage\":\"fr-FR\"},{\"@type\":\"Person\",\"@id\":\"https:\/\/www.ladiagonale.net\/#\/schema\/person\/79ff1e7b0853ed01b2aa26e64ad300bf\",\"name\":\"Damien Dellerba\",\"image\":{\"@type\":\"ImageObject\",\"inLanguage\":\"fr-FR\",\"@id\":\"https:\/\/www.ladiagonale.net\/#\/schema\/person\/image\/\",\"url\":\"https:\/\/secure.gravatar.com\/avatar\/c7850e06d3ff63cdbaee88b7fc16e2f0?s=96&d=mm&r=g\",\"contentUrl\":\"https:\/\/secure.gravatar.com\/avatar\/c7850e06d3ff63cdbaee88b7fc16e2f0?s=96&d=mm&r=g\",\"caption\":\"Damien Dellerba\"},\"url\":\"https:\/\/www.ladiagonale.net\/index.php\/author\/damien\/\"}]}<\/script>\n<!-- \/ Yoast SEO plugin. -->","yoast_head_json":{"title":"D\u00e9faite du groupe \u00c9lite \u00e0 Prague - La Diagonale","robots":{"index":"index","follow":"follow","max-snippet":"max-snippet:-1","max-image-preview":"max-image-preview:large","max-video-preview":"max-video-preview:-1"},"canonical":"https:\/\/www.ladiagonale.net\/index.php\/2022\/10\/19\/defaite-du-groupe-elite-a-prague\/","og_locale":"fr_FR","og_type":"article","og_title":"D\u00e9faite du groupe \u00c9lite \u00e0 Prague - La Diagonale","og_description":"Le groupe \u00c9lite, entra\u00een\u00e9 par Damien Perrinelle, a fait le d\u00e9placement en R\u00e9publique tch\u00e8que pour affronter en match amical l&rsquo;\u00e9quipe r\u00e9serve du Sparta Prague ce mercredi. Les jeunes Mon\u00e9gasques se sont inclin\u00e9s (2-0) avec un but encaiss\u00e9 dans chaque mi-temps. Silhart (9e)a ouvert le score en premi\u00e8re p\u00e9riode et Schanelec (48e)a marqu\u00e9 au cours du [...]","og_url":"https:\/\/www.ladiagonale.net\/index.php\/2022\/10\/19\/defaite-du-groupe-elite-a-prague\/","og_site_name":"La Diagonale","article_published_time":"2022-10-19T16:49:30+00:00","article_modified_time":"2022-10-19T22:23:52+00:00","author":"Damien Dellerba","twitter_card":"summary_large_image","twitter_misc":{"\u00c9crit par":"Damien Dellerba","Dur\u00e9e de lecture estim\u00e9e":"1 minute"},"schema":{"@context":"https:\/\/schema.org","@graph":[{"@type":"WebPage","@id":"https:\/\/www.ladiagonale.net\/index.php\/2022\/10\/19\/defaite-du-groupe-elite-a-prague\/","url":"https:\/\/www.ladiagonale.net\/index.php\/2022\/10\/19\/defaite-du-groupe-elite-a-prague\/","name":"D\u00e9faite du groupe \u00c9lite \u00e0 Prague - La Diagonale","isPartOf":{"@id":"https:\/\/www.ladiagonale.net\/#website"},"datePublished":"2022-10-19T16:49:30+00:00","dateModified":"2022-10-19T22:23:52+00:00","author":{"@id":"https:\/\/www.ladiagonale.net\/#\/schema\/person\/79ff1e7b0853ed01b2aa26e64ad300bf"},"breadcrumb":{"@id":"https:\/\/www.ladiagonale.net\/index.php\/2022\/10\/19\/defaite-du-groupe-elite-a-prague\/#breadcrumb"},"inLanguage":"fr-FR","potentialAction":[{"@type":"ReadAction","target":["https:\/\/www.ladiagonale.net\/index.php\/2022\/10\/19\/defaite-du-groupe-elite-a-prague\/"]}]},{"@type":"BreadcrumbList","@id":"https:\/\/www.ladiagonale.net\/index.php\/2022\/10\/19\/defaite-du-groupe-elite-a-prague\/#breadcrumb","itemListElement":[{"@type":"ListItem","position":1,"name":"Accueil","item":"https:\/\/www.ladiagonale.net\/"},{"@type":"ListItem","position":2,"name":"D\u00e9faite du groupe \u00c9lite \u00e0 Prague"}]},{"@type":"WebSite","@id":"https:\/\/www.ladiagonale.net\/#website","url":"https:\/\/www.ladiagonale.net\/","name":"La Diagonale","description":"Le site des supporters de l&#039;AS Monaco FC","potentialAction":[{"@type":"SearchAction","target":{"@type":"EntryPoint","urlTemplate":"https:\/\/www.ladiagonale.net\/?s={search_term_string}"},"query-input":"required name=search_term_string"}],"inLanguage":"fr-FR"},{"@type":"Person","@id":"https:\/\/www.ladiagonale.net\/#\/schema\/person\/79ff1e7b0853ed01b2aa26e64ad300bf","name":"Damien Dellerba","image":{"@type":"ImageObject","inLanguage":"fr-FR","@id":"https:\/\/www.ladiagonale.net\/#\/schema\/person\/image\/","url":"https:\/\/secure.gravatar.com\/avatar\/c7850e06d3ff63cdbaee88b7fc16e2f0?s=96&d=mm&r=g","contentUrl":"https:\/\/secure.gravatar.com\/avatar\/c7850e06d3ff63cdbaee88b7fc16e2f0?s=96&d=mm&r=g","caption":"Damien Dellerba"},"url":"https:\/\/www.ladiagonale.net\/index.php\/author\/damien\/"}]}},"_links":{"self":[{"href":"https:\/\/www.ladiagonale.net\/index.php\/wp-json\/wp\/v2\/posts\/5778"}],"collection":[{"href":"https:\/\/www.ladiagonale.net\/index.php\/wp-json\/wp\/v2\/posts"}],"about":[{"href":"https:\/\/www.ladiagonale.net\/index.php\/wp-json\/wp\/v2\/types\/post"}],"author":[{"embeddable":true,"href":"https:\/\/www.ladiagonale.net\/index.php\/wp-json\/wp\/v2\/users\/2"}],"replies":[{"embeddable":true,"href":"https:\/\/www.ladiagonale.net\/index.php\/wp-json\/wp\/v2\/comments?post=5778"}],"version-history":[{"count":3,"href":"https:\/\/www.ladiagonale.net\/index.php\/wp-json\/wp\/v2\/posts\/5778\/revisions"}],"predecessor-version":[{"id":5797,"href":"https:\/\/www.ladiagonale.net\/index.php\/wp-json\/wp\/v2\/posts\/5778\/revisions\/5797"}],"wp:attachment":[{"href":"https:\/\/www.ladiagonale.net\/index.php\/wp-json\/wp\/v2\/media?parent=5778"}],"wp:term":[{"taxonomy":"category","embeddable":true,"href":"https:\/\/www.ladiagonale.net\/index.php\/wp-json\/wp\/v2\/categories?post=5778"},{"taxonomy":"post_tag","embeddable":true,"href":"https:\/\/www.ladiagonale.net\/index.php\/wp-json\/wp\/v2\/tags?post=5778"}],"curies":[{"name":"wp","href":"https:\/\/api.w.org\/{rel}","templated":true}]}}