{"id":5831,"date":"2022-10-21T06:00:00","date_gmt":"2022-10-21T04:00:00","guid":{"rendered":"https:\/\/www.ladiagonale.net\/?p=5831"},"modified":"2022-10-21T03:11:38","modified_gmt":"2022-10-21T01:11:38","slug":"les-ultras-appellent-au-boycott-du-quatrieme-maillot","status":"publish","type":"post","link":"https:\/\/www.ladiagonale.net\/index.php\/2022\/10\/21\/les-ultras-appellent-au-boycott-du-quatrieme-maillot\/","title":{"rendered":"Les Ultras appellent au boycott du quatri\u00e8me maillot"},"content":{"rendered":"\n\n\n<p>Ce jeudi, l\u2019AS Monaco <a href=\"https:\/\/www.ladiagonale.net\/index.php\/2022\/10\/20\/un-quatrieme-maillot-devoile\/\">a d\u00e9voil\u00e9 un quatri\u00e8me maillot<\/a> qui sera port\u00e9 pour la rencontre face \u00e0 Lille ce dimanche (20h45). Un maillot particulier, issu d\u2019une collaboration tripartite entre le club de la Principaut\u00e9, son \u00e9quipementier <em>Kappa<\/em> et la marque de pr\u00eat-\u00e0-porter <em>Dr\u00f4le de Monsieur<\/em>, et qui ne semble pas avoir emport\u00e9 l\u2019adh\u00e9sion des supporters (voir notre sondage sur Twitter ci-dessous), \u00e0 commencer par les Ultras Monaco 1994.<\/p>\n\n\n\n<figure class=\"wp-block-embed aligncenter is-type-rich is-provider-twitter wp-block-embed-twitter\"><div class=\"wp-block-embed__wrapper\">\n<blockquote class=\"twitter-tweet\" data-width=\"550\" data-dnt=\"true\"><p lang=\"fr\" dir=\"ltr\">Je lis \u00e9norm\u00e9ment de r\u00e9actions n\u00e9gatives \u00e0 propos du nouveau maillot Dr\u00f4le de Monsieur, du coup petit sondage \u2b07\ufe0f<br><br>Vous le trouvez comment ?<\/p>&mdash; La Diagonale (@LaDiagonale_) <a href=\"https:\/\/twitter.com\/LaDiagonale_\/status\/1583073564676132864?ref_src=twsrc%5Etfw\">October 20, 2022<\/a><\/blockquote><script async src=\"https:\/\/platform.twitter.com\/widgets.js\" charset=\"utf-8\"><\/script>\n<\/div><\/figure>\n\n\n\n<p>Ces derniers ont d\u00e9gain\u00e9 un communiqu\u00e9 dans lequel ils expliquent que cette nouvelle tunique \u00ab\u00a0<em>ne repr\u00e9sente en rien notre club ni la Principaut\u00e9 <\/em>\u00bb<em> <\/em>et d\u00e9plorent \u00ab <em>la politique \u00ab\u00a0football business\u00a0\u00bb dans laquelle notre club semble vouloir s\u2019enfoncer.<\/em>\u00a0\u00bb Puis d\u2019ajouter qu&rsquo;ils continueront d\u2019\u00eatre \u00ab <em>les garants de l\u2019identit\u00e9 mon\u00e9gasque au sein de notre club en d\u00e9non\u00e7ant syst\u00e9matiquement chaque d\u00e9rive<\/em> \u00bb.<\/p>\n\n\n\n<p>Le groupe de supporters a m\u00eame appel\u00e9 au boycott du maillot : \u00ab <em>Aussi, pour prouver notre d\u00e9saccord, nous invitons l\u2019ensemble des supporters mon\u00e9gasques \u00e0 ne pas acheter ce maillot affreux<\/em>\u00a0\u00bb, peut-on lire dans le communiqu\u00e9. Le prix d\u2019achat (150 euros) ne semble, dans tous les cas, pas \u00e0 la port\u00e9e de toutes les bourses.<\/p>\n","protected":false},"excerpt":{"rendered":"<p>Ce jeudi, l\u2019AS Monaco a d\u00e9voil\u00e9 un quatri\u00e8me maillot qui sera port\u00e9 pour la rencontre face \u00e0 Lille ce dimanche (20h45). Un maillot particulier, issu d\u2019une collaboration tripartite entre le club de la Principaut\u00e9, son \u00e9quipementier Kappa et la marque de pr\u00eat-\u00e0-porter Dr\u00f4le de Monsieur, et qui ne semble pas avoir emport\u00e9 l\u2019adh\u00e9sion des supporters [&#8230;]\n","protected":false},"author":2,"featured_media":0,"comment_status":"open","ping_status":"open","sticky":false,"template":"","format":"standard","meta":[],"categories":[6],"tags":[86,259,258,260],"yoast_head":"<!-- This site is optimized with the Yoast SEO plugin v19.8 - https:\/\/yoast.com\/wordpress\/plugins\/seo\/ -->\n<title>Les Ultras appellent au boycott du quatri\u00e8me maillot - La Diagonale<\/title>\n<meta name=\"robots\" content=\"index, follow, max-snippet:-1, max-image-preview:large, max-video-preview:-1\" \/>\n<link rel=\"canonical\" href=\"https:\/\/www.ladiagonale.net\/index.php\/2022\/10\/21\/les-ultras-appellent-au-boycott-du-quatrieme-maillot\/\" \/>\n<meta property=\"og:locale\" content=\"fr_FR\" \/>\n<meta property=\"og:type\" content=\"article\" \/>\n<meta property=\"og:title\" content=\"Les Ultras appellent au boycott du quatri\u00e8me maillot - La Diagonale\" \/>\n<meta property=\"og:description\" content=\"Ce jeudi, l\u2019AS Monaco a d\u00e9voil\u00e9 un quatri\u00e8me maillot qui sera port\u00e9 pour la rencontre face \u00e0 Lille ce dimanche (20h45). Un maillot particulier, issu d\u2019une collaboration tripartite entre le club de la Principaut\u00e9, son \u00e9quipementier Kappa et la marque de pr\u00eat-\u00e0-porter Dr\u00f4le de Monsieur, et qui ne semble pas avoir emport\u00e9 l\u2019adh\u00e9sion des supporters [...]\" \/>\n<meta property=\"og:url\" content=\"https:\/\/www.ladiagonale.net\/index.php\/2022\/10\/21\/les-ultras-appellent-au-boycott-du-quatrieme-maillot\/\" \/>\n<meta property=\"og:site_name\" content=\"La Diagonale\" \/>\n<meta property=\"article:published_time\" content=\"2022-10-21T04:00:00+00:00\" \/>\n<meta property=\"article:modified_time\" content=\"2022-10-21T01:11:38+00:00\" \/>\n<meta name=\"author\" content=\"Damien Dellerba\" \/>\n<meta name=\"twitter:card\" content=\"summary_large_image\" \/>\n<meta name=\"twitter:label1\" content=\"\u00c9crit par\" \/>\n\t<meta name=\"twitter:data1\" content=\"Damien Dellerba\" \/>\n\t<meta name=\"twitter:label2\" content=\"Dur\u00e9e de lecture estim\u00e9e\" \/>\n\t<meta name=\"twitter:data2\" content=\"1 minute\" \/>\n<script type=\"application\/ld+json\" class=\"yoast-schema-graph\">{\"@context\":\"https:\/\/schema.org\",\"@graph\":[{\"@type\":\"WebPage\",\"@id\":\"https:\/\/www.ladiagonale.net\/index.php\/2022\/10\/21\/les-ultras-appellent-au-boycott-du-quatrieme-maillot\/\",\"url\":\"https:\/\/www.ladiagonale.net\/index.php\/2022\/10\/21\/les-ultras-appellent-au-boycott-du-quatrieme-maillot\/\",\"name\":\"Les Ultras appellent au boycott du quatri\u00e8me maillot - La Diagonale\",\"isPartOf\":{\"@id\":\"https:\/\/www.ladiagonale.net\/#website\"},\"datePublished\":\"2022-10-21T04:00:00+00:00\",\"dateModified\":\"2022-10-21T01:11:38+00:00\",\"author\":{\"@id\":\"https:\/\/www.ladiagonale.net\/#\/schema\/person\/79ff1e7b0853ed01b2aa26e64ad300bf\"},\"breadcrumb\":{\"@id\":\"https:\/\/www.ladiagonale.net\/index.php\/2022\/10\/21\/les-ultras-appellent-au-boycott-du-quatrieme-maillot\/#breadcrumb\"},\"inLanguage\":\"fr-FR\",\"potentialAction\":[{\"@type\":\"ReadAction\",\"target\":[\"https:\/\/www.ladiagonale.net\/index.php\/2022\/10\/21\/les-ultras-appellent-au-boycott-du-quatrieme-maillot\/\"]}]},{\"@type\":\"BreadcrumbList\",\"@id\":\"https:\/\/www.ladiagonale.net\/index.php\/2022\/10\/21\/les-ultras-appellent-au-boycott-du-quatrieme-maillot\/#breadcrumb\",\"itemListElement\":[{\"@type\":\"ListItem\",\"position\":1,\"name\":\"Accueil\",\"item\":\"https:\/\/www.ladiagonale.net\/\"},{\"@type\":\"ListItem\",\"position\":2,\"name\":\"Les Ultras appellent au boycott du quatri\u00e8me maillot\"}]},{\"@type\":\"WebSite\",\"@id\":\"https:\/\/www.ladiagonale.net\/#website\",\"url\":\"https:\/\/www.ladiagonale.net\/\",\"name\":\"La Diagonale\",\"description\":\"Le site des supporters de l&#039;AS Monaco FC\",\"potentialAction\":[{\"@type\":\"SearchAction\",\"target\":{\"@type\":\"EntryPoint\",\"urlTemplate\":\"https:\/\/www.ladiagonale.net\/?s={search_term_string}\"},\"query-input\":\"required name=search_term_string\"}],\"inLanguage\":\"fr-FR\"},{\"@type\":\"Person\",\"@id\":\"https:\/\/www.ladiagonale.net\/#\/schema\/person\/79ff1e7b0853ed01b2aa26e64ad300bf\",\"name\":\"Damien Dellerba\",\"image\":{\"@type\":\"ImageObject\",\"inLanguage\":\"fr-FR\",\"@id\":\"https:\/\/www.ladiagonale.net\/#\/schema\/person\/image\/\",\"url\":\"https:\/\/secure.gravatar.com\/avatar\/c7850e06d3ff63cdbaee88b7fc16e2f0?s=96&d=mm&r=g\",\"contentUrl\":\"https:\/\/secure.gravatar.com\/avatar\/c7850e06d3ff63cdbaee88b7fc16e2f0?s=96&d=mm&r=g\",\"caption\":\"Damien Dellerba\"},\"url\":\"https:\/\/www.ladiagonale.net\/index.php\/author\/damien\/\"}]}<\/script>\n<!-- \/ Yoast SEO plugin. -->","yoast_head_json":{"title":"Les Ultras appellent au boycott du quatri\u00e8me maillot - La Diagonale","robots":{"index":"index","follow":"follow","max-snippet":"max-snippet:-1","max-image-preview":"max-image-preview:large","max-video-preview":"max-video-preview:-1"},"canonical":"https:\/\/www.ladiagonale.net\/index.php\/2022\/10\/21\/les-ultras-appellent-au-boycott-du-quatrieme-maillot\/","og_locale":"fr_FR","og_type":"article","og_title":"Les Ultras appellent au boycott du quatri\u00e8me maillot - La Diagonale","og_description":"Ce jeudi, l\u2019AS Monaco a d\u00e9voil\u00e9 un quatri\u00e8me maillot qui sera port\u00e9 pour la rencontre face \u00e0 Lille ce dimanche (20h45). Un maillot particulier, issu d\u2019une collaboration tripartite entre le club de la Principaut\u00e9, son \u00e9quipementier Kappa et la marque de pr\u00eat-\u00e0-porter Dr\u00f4le de Monsieur, et qui ne semble pas avoir emport\u00e9 l\u2019adh\u00e9sion des supporters [...]","og_url":"https:\/\/www.ladiagonale.net\/index.php\/2022\/10\/21\/les-ultras-appellent-au-boycott-du-quatrieme-maillot\/","og_site_name":"La Diagonale","article_published_time":"2022-10-21T04:00:00+00:00","article_modified_time":"2022-10-21T01:11:38+00:00","author":"Damien Dellerba","twitter_card":"summary_large_image","twitter_misc":{"\u00c9crit par":"Damien Dellerba","Dur\u00e9e de lecture estim\u00e9e":"1 minute"},"schema":{"@context":"https:\/\/schema.org","@graph":[{"@type":"WebPage","@id":"https:\/\/www.ladiagonale.net\/index.php\/2022\/10\/21\/les-ultras-appellent-au-boycott-du-quatrieme-maillot\/","url":"https:\/\/www.ladiagonale.net\/index.php\/2022\/10\/21\/les-ultras-appellent-au-boycott-du-quatrieme-maillot\/","name":"Les Ultras appellent au boycott du quatri\u00e8me maillot - La Diagonale","isPartOf":{"@id":"https:\/\/www.ladiagonale.net\/#website"},"datePublished":"2022-10-21T04:00:00+00:00","dateModified":"2022-10-21T01:11:38+00:00","author":{"@id":"https:\/\/www.ladiagonale.net\/#\/schema\/person\/79ff1e7b0853ed01b2aa26e64ad300bf"},"breadcrumb":{"@id":"https:\/\/www.ladiagonale.net\/index.php\/2022\/10\/21\/les-ultras-appellent-au-boycott-du-quatrieme-maillot\/#breadcrumb"},"inLanguage":"fr-FR","potentialAction":[{"@type":"ReadAction","target":["https:\/\/www.ladiagonale.net\/index.php\/2022\/10\/21\/les-ultras-appellent-au-boycott-du-quatrieme-maillot\/"]}]},{"@type":"BreadcrumbList","@id":"https:\/\/www.ladiagonale.net\/index.php\/2022\/10\/21\/les-ultras-appellent-au-boycott-du-quatrieme-maillot\/#breadcrumb","itemListElement":[{"@type":"ListItem","position":1,"name":"Accueil","item":"https:\/\/www.ladiagonale.net\/"},{"@type":"ListItem","position":2,"name":"Les Ultras appellent au boycott du quatri\u00e8me maillot"}]},{"@type":"WebSite","@id":"https:\/\/www.ladiagonale.net\/#website","url":"https:\/\/www.ladiagonale.net\/","name":"La Diagonale","description":"Le site des supporters de l&#039;AS Monaco FC","potentialAction":[{"@type":"SearchAction","target":{"@type":"EntryPoint","urlTemplate":"https:\/\/www.ladiagonale.net\/?s={search_term_string}"},"query-input":"required name=search_term_string"}],"inLanguage":"fr-FR"},{"@type":"Person","@id":"https:\/\/www.ladiagonale.net\/#\/schema\/person\/79ff1e7b0853ed01b2aa26e64ad300bf","name":"Damien Dellerba","image":{"@type":"ImageObject","inLanguage":"fr-FR","@id":"https:\/\/www.ladiagonale.net\/#\/schema\/person\/image\/","url":"https:\/\/secure.gravatar.com\/avatar\/c7850e06d3ff63cdbaee88b7fc16e2f0?s=96&d=mm&r=g","contentUrl":"https:\/\/secure.gravatar.com\/avatar\/c7850e06d3ff63cdbaee88b7fc16e2f0?s=96&d=mm&r=g","caption":"Damien Dellerba"},"url":"https:\/\/www.ladiagonale.net\/index.php\/author\/damien\/"}]}},"_links":{"self":[{"href":"https:\/\/www.ladiagonale.net\/index.php\/wp-json\/wp\/v2\/posts\/5831"}],"collection":[{"href":"https:\/\/www.ladiagonale.net\/index.php\/wp-json\/wp\/v2\/posts"}],"about":[{"href":"https:\/\/www.ladiagonale.net\/index.php\/wp-json\/wp\/v2\/types\/post"}],"author":[{"embeddable":true,"href":"https:\/\/www.ladiagonale.net\/index.php\/wp-json\/wp\/v2\/users\/2"}],"replies":[{"embeddable":true,"href":"https:\/\/www.ladiagonale.net\/index.php\/wp-json\/wp\/v2\/comments?post=5831"}],"version-history":[{"count":2,"href":"https:\/\/www.ladiagonale.net\/index.php\/wp-json\/wp\/v2\/posts\/5831\/revisions"}],"predecessor-version":[{"id":5851,"href":"https:\/\/www.ladiagonale.net\/index.php\/wp-json\/wp\/v2\/posts\/5831\/revisions\/5851"}],"wp:attachment":[{"href":"https:\/\/www.ladiagonale.net\/index.php\/wp-json\/wp\/v2\/media?parent=5831"}],"wp:term":[{"taxonomy":"category","embeddable":true,"href":"https:\/\/www.ladiagonale.net\/index.php\/wp-json\/wp\/v2\/categories?post=5831"},{"taxonomy":"post_tag","embeddable":true,"href":"https:\/\/www.ladiagonale.net\/index.php\/wp-json\/wp\/v2\/tags?post=5831"}],"curies":[{"name":"wp","href":"https:\/\/api.w.org\/{rel}","templated":true}]}}