{"id":5857,"date":"2022-10-21T15:37:51","date_gmt":"2022-10-21T13:37:51","guid":{"rendered":"https:\/\/www.ladiagonale.net\/?p=5857"},"modified":"2022-10-21T15:37:53","modified_gmt":"2022-10-21T13:37:53","slug":"caio-henrique-etre-agressifs-unis-et-solidaires-a-lille","status":"publish","type":"post","link":"https:\/\/www.ladiagonale.net\/index.php\/2022\/10\/21\/caio-henrique-etre-agressifs-unis-et-solidaires-a-lille\/","title":{"rendered":"Caio Henrique : \u00ab\u00a0\u00catre agressifs, unis et solidaires \u00e0 Lille\u00a0\u00bb"},"content":{"rendered":"\n\n\n<p>Caio Henrique s\u2019est pr\u00e9sent\u00e9 en conf\u00e9rence de presse, \u00e0 deux jours de la rencontre face \u00e0 Lille, une \u00e9quipe compliqu\u00e9e \u00e0 man\u0153uvrer : \u00ab\u00a0<em>Ce sera une partie difficile car Lille est une bonne \u00e9quipe avec un tr\u00e8s bon effectif. On a pu les observer \u00e0 la vid\u00e9o et on voit qu\u2019ils sont en forme. Leurs joueurs offensifs sont rapides, aiment prendre la profondeur et vont vite vers le but. Mais il faudra essayer de leur faire mal.<\/em>\u00a0\u00bb<\/p>\n\n\n\n<p>L\u2019\u00e9tat d\u2019esprit sera important pour faire la diff\u00e9rence et Caio Henrique estime que l\u2019ASM devra faire preuve de combattivit\u00e9 pour ramener un r\u00e9sultat de Lille : \u00ab\u00a0<em>On a besoin de points donc si on rentre sur le terrain avec le couteau entre les dents, on aura de bonnes chance de l\u2019emporter. Il faudra \u00eatre agressifs, unis et solidaires.<\/em>\u00a0\u00bb<\/p>\n\n\n\n<p>La lat\u00e9ral gauche est le meilleur passeur de l\u2019\u00e9quipe, le troisi\u00e8me de Ligue 1, et il esp\u00e8re continuer dans cette voie :\u00a0\u00ab\u00a0<em>Depuis que je joue avec l\u2019ASM j\u2019ai toujours eu ce d\u00e9sir d\u2019aider l\u2019\u00e9quipe. C\u2019est tr\u00e8s agr\u00e9able et gratifiant d\u2019\u00eatre d\u00e9cisif. L\u2019an pass\u00e9, j\u2019ai pu en adresser douze et j\u2019ai cet objectif d\u2019en r\u00e9aliser d\u2019avantage. C\u2019est le fruit de beaucoup de travail \u00e0 l\u2019entra\u00eenement.<\/em>\u00a0\u00bb Y compris sur les coups de pied arr\u00eat\u00e9s : \u00ab\u00a0<em>J\u2019en tire beaucoup plus et j\u2019essaie d\u2019apporter le danger<\/em>\u00a0\u00bb, a-t-il expliqu\u00e9.<\/p>\n\n\n\n<p>Caio Henrique admet avoir \u00ab\u00a0<em>plus de libert\u00e9s<\/em>\u00a0\u00bb et \u00eatre \u00ab\u00a0<em>plus \u00e0 son aise<\/em>\u00a0\u00bb dans l&rsquo;organisation de Philippe Clement : \u00ab\u00a0<em>Je cherche toujours \u00e0 jouer vers l\u2019avant et des passes en mesure de faire avancer le bloc.<\/em>\u00a0\u00bb Le syst\u00e8me a aussi une incidence sur ses vell\u00e9it\u00e9s offensives : \u00ab\u00a0<em>J\u2019ai un r\u00f4le plus d\u00e9fensif dans une d\u00e9fense \u00e0 quatre, alors que dans un syst\u00e8me \u00e0 cinq, j\u2019ai plus de libert\u00e9s pour attaquer avec trois d\u00e9fenseurs centraux pour me couvrir (\u2026) Mais je suis \u00e0 l\u2019aise dans les deux syst\u00e8mes.<\/em>\u00a0\u00bb<\/p>\n","protected":false},"excerpt":{"rendered":"<p>Caio Henrique s\u2019est pr\u00e9sent\u00e9 en conf\u00e9rence de presse, \u00e0 deux jours de la rencontre face \u00e0 Lille, une \u00e9quipe compliqu\u00e9e \u00e0 man\u0153uvrer : \u00ab\u00a0Ce sera une partie difficile car Lille est une bonne \u00e9quipe avec un tr\u00e8s bon effectif. On a pu les observer \u00e0 la vid\u00e9o et on voit qu\u2019ils sont en forme. Leurs [&#8230;]\n","protected":false},"author":2,"featured_media":0,"comment_status":"open","ping_status":"open","sticky":false,"template":"","format":"standard","meta":[],"categories":[6],"tags":[86,137,94,246],"yoast_head":"<!-- This site is optimized with the Yoast SEO plugin v19.8 - https:\/\/yoast.com\/wordpress\/plugins\/seo\/ -->\n<title>Caio Henrique : \u00ab\u00a0\u00catre agressifs, unis et solidaires \u00e0 Lille\u00a0\u00bb - La Diagonale<\/title>\n<meta name=\"robots\" content=\"index, follow, max-snippet:-1, max-image-preview:large, max-video-preview:-1\" \/>\n<link rel=\"canonical\" href=\"https:\/\/www.ladiagonale.net\/index.php\/2022\/10\/21\/caio-henrique-etre-agressifs-unis-et-solidaires-a-lille\/\" \/>\n<meta property=\"og:locale\" content=\"fr_FR\" \/>\n<meta property=\"og:type\" content=\"article\" \/>\n<meta property=\"og:title\" content=\"Caio Henrique : \u00ab\u00a0\u00catre agressifs, unis et solidaires \u00e0 Lille\u00a0\u00bb - La Diagonale\" \/>\n<meta property=\"og:description\" content=\"Caio Henrique s\u2019est pr\u00e9sent\u00e9 en conf\u00e9rence de presse, \u00e0 deux jours de la rencontre face \u00e0 Lille, une \u00e9quipe compliqu\u00e9e \u00e0 man\u0153uvrer : \u00ab\u00a0Ce sera une partie difficile car Lille est une bonne \u00e9quipe avec un tr\u00e8s bon effectif. On a pu les observer \u00e0 la vid\u00e9o et on voit qu\u2019ils sont en forme. Leurs [...]\" \/>\n<meta property=\"og:url\" content=\"https:\/\/www.ladiagonale.net\/index.php\/2022\/10\/21\/caio-henrique-etre-agressifs-unis-et-solidaires-a-lille\/\" \/>\n<meta property=\"og:site_name\" content=\"La Diagonale\" \/>\n<meta property=\"article:published_time\" content=\"2022-10-21T13:37:51+00:00\" \/>\n<meta property=\"article:modified_time\" content=\"2022-10-21T13:37:53+00:00\" \/>\n<meta name=\"author\" content=\"Damien Dellerba\" \/>\n<meta name=\"twitter:card\" content=\"summary_large_image\" \/>\n<meta name=\"twitter:label1\" content=\"\u00c9crit par\" \/>\n\t<meta name=\"twitter:data1\" content=\"Damien Dellerba\" \/>\n\t<meta name=\"twitter:label2\" content=\"Dur\u00e9e de lecture estim\u00e9e\" \/>\n\t<meta name=\"twitter:data2\" content=\"2 minutes\" \/>\n<script type=\"application\/ld+json\" class=\"yoast-schema-graph\">{\"@context\":\"https:\/\/schema.org\",\"@graph\":[{\"@type\":\"WebPage\",\"@id\":\"https:\/\/www.ladiagonale.net\/index.php\/2022\/10\/21\/caio-henrique-etre-agressifs-unis-et-solidaires-a-lille\/\",\"url\":\"https:\/\/www.ladiagonale.net\/index.php\/2022\/10\/21\/caio-henrique-etre-agressifs-unis-et-solidaires-a-lille\/\",\"name\":\"Caio Henrique : \u00ab\u00a0\u00catre agressifs, unis et solidaires \u00e0 Lille\u00a0\u00bb - La Diagonale\",\"isPartOf\":{\"@id\":\"https:\/\/www.ladiagonale.net\/#website\"},\"datePublished\":\"2022-10-21T13:37:51+00:00\",\"dateModified\":\"2022-10-21T13:37:53+00:00\",\"author\":{\"@id\":\"https:\/\/www.ladiagonale.net\/#\/schema\/person\/79ff1e7b0853ed01b2aa26e64ad300bf\"},\"breadcrumb\":{\"@id\":\"https:\/\/www.ladiagonale.net\/index.php\/2022\/10\/21\/caio-henrique-etre-agressifs-unis-et-solidaires-a-lille\/#breadcrumb\"},\"inLanguage\":\"fr-FR\",\"potentialAction\":[{\"@type\":\"ReadAction\",\"target\":[\"https:\/\/www.ladiagonale.net\/index.php\/2022\/10\/21\/caio-henrique-etre-agressifs-unis-et-solidaires-a-lille\/\"]}]},{\"@type\":\"BreadcrumbList\",\"@id\":\"https:\/\/www.ladiagonale.net\/index.php\/2022\/10\/21\/caio-henrique-etre-agressifs-unis-et-solidaires-a-lille\/#breadcrumb\",\"itemListElement\":[{\"@type\":\"ListItem\",\"position\":1,\"name\":\"Accueil\",\"item\":\"https:\/\/www.ladiagonale.net\/\"},{\"@type\":\"ListItem\",\"position\":2,\"name\":\"Caio Henrique : \u00ab\u00a0\u00catre agressifs, unis et solidaires \u00e0 Lille\u00a0\u00bb\"}]},{\"@type\":\"WebSite\",\"@id\":\"https:\/\/www.ladiagonale.net\/#website\",\"url\":\"https:\/\/www.ladiagonale.net\/\",\"name\":\"La Diagonale\",\"description\":\"Le site des supporters de l&#039;AS Monaco FC\",\"potentialAction\":[{\"@type\":\"SearchAction\",\"target\":{\"@type\":\"EntryPoint\",\"urlTemplate\":\"https:\/\/www.ladiagonale.net\/?s={search_term_string}\"},\"query-input\":\"required name=search_term_string\"}],\"inLanguage\":\"fr-FR\"},{\"@type\":\"Person\",\"@id\":\"https:\/\/www.ladiagonale.net\/#\/schema\/person\/79ff1e7b0853ed01b2aa26e64ad300bf\",\"name\":\"Damien Dellerba\",\"image\":{\"@type\":\"ImageObject\",\"inLanguage\":\"fr-FR\",\"@id\":\"https:\/\/www.ladiagonale.net\/#\/schema\/person\/image\/\",\"url\":\"https:\/\/secure.gravatar.com\/avatar\/c7850e06d3ff63cdbaee88b7fc16e2f0?s=96&d=mm&r=g\",\"contentUrl\":\"https:\/\/secure.gravatar.com\/avatar\/c7850e06d3ff63cdbaee88b7fc16e2f0?s=96&d=mm&r=g\",\"caption\":\"Damien Dellerba\"},\"url\":\"https:\/\/www.ladiagonale.net\/index.php\/author\/damien\/\"}]}<\/script>\n<!-- \/ Yoast SEO plugin. -->","yoast_head_json":{"title":"Caio Henrique : \u00ab\u00a0\u00catre agressifs, unis et solidaires \u00e0 Lille\u00a0\u00bb - La Diagonale","robots":{"index":"index","follow":"follow","max-snippet":"max-snippet:-1","max-image-preview":"max-image-preview:large","max-video-preview":"max-video-preview:-1"},"canonical":"https:\/\/www.ladiagonale.net\/index.php\/2022\/10\/21\/caio-henrique-etre-agressifs-unis-et-solidaires-a-lille\/","og_locale":"fr_FR","og_type":"article","og_title":"Caio Henrique : \u00ab\u00a0\u00catre agressifs, unis et solidaires \u00e0 Lille\u00a0\u00bb - La Diagonale","og_description":"Caio Henrique s\u2019est pr\u00e9sent\u00e9 en conf\u00e9rence de presse, \u00e0 deux jours de la rencontre face \u00e0 Lille, une \u00e9quipe compliqu\u00e9e \u00e0 man\u0153uvrer : \u00ab\u00a0Ce sera une partie difficile car Lille est une bonne \u00e9quipe avec un tr\u00e8s bon effectif. On a pu les observer \u00e0 la vid\u00e9o et on voit qu\u2019ils sont en forme. Leurs [...]","og_url":"https:\/\/www.ladiagonale.net\/index.php\/2022\/10\/21\/caio-henrique-etre-agressifs-unis-et-solidaires-a-lille\/","og_site_name":"La Diagonale","article_published_time":"2022-10-21T13:37:51+00:00","article_modified_time":"2022-10-21T13:37:53+00:00","author":"Damien Dellerba","twitter_card":"summary_large_image","twitter_misc":{"\u00c9crit par":"Damien Dellerba","Dur\u00e9e de lecture estim\u00e9e":"2 minutes"},"schema":{"@context":"https:\/\/schema.org","@graph":[{"@type":"WebPage","@id":"https:\/\/www.ladiagonale.net\/index.php\/2022\/10\/21\/caio-henrique-etre-agressifs-unis-et-solidaires-a-lille\/","url":"https:\/\/www.ladiagonale.net\/index.php\/2022\/10\/21\/caio-henrique-etre-agressifs-unis-et-solidaires-a-lille\/","name":"Caio Henrique : \u00ab\u00a0\u00catre agressifs, unis et solidaires \u00e0 Lille\u00a0\u00bb - La Diagonale","isPartOf":{"@id":"https:\/\/www.ladiagonale.net\/#website"},"datePublished":"2022-10-21T13:37:51+00:00","dateModified":"2022-10-21T13:37:53+00:00","author":{"@id":"https:\/\/www.ladiagonale.net\/#\/schema\/person\/79ff1e7b0853ed01b2aa26e64ad300bf"},"breadcrumb":{"@id":"https:\/\/www.ladiagonale.net\/index.php\/2022\/10\/21\/caio-henrique-etre-agressifs-unis-et-solidaires-a-lille\/#breadcrumb"},"inLanguage":"fr-FR","potentialAction":[{"@type":"ReadAction","target":["https:\/\/www.ladiagonale.net\/index.php\/2022\/10\/21\/caio-henrique-etre-agressifs-unis-et-solidaires-a-lille\/"]}]},{"@type":"BreadcrumbList","@id":"https:\/\/www.ladiagonale.net\/index.php\/2022\/10\/21\/caio-henrique-etre-agressifs-unis-et-solidaires-a-lille\/#breadcrumb","itemListElement":[{"@type":"ListItem","position":1,"name":"Accueil","item":"https:\/\/www.ladiagonale.net\/"},{"@type":"ListItem","position":2,"name":"Caio Henrique : \u00ab\u00a0\u00catre agressifs, unis et solidaires \u00e0 Lille\u00a0\u00bb"}]},{"@type":"WebSite","@id":"https:\/\/www.ladiagonale.net\/#website","url":"https:\/\/www.ladiagonale.net\/","name":"La Diagonale","description":"Le site des supporters de l&#039;AS Monaco FC","potentialAction":[{"@type":"SearchAction","target":{"@type":"EntryPoint","urlTemplate":"https:\/\/www.ladiagonale.net\/?s={search_term_string}"},"query-input":"required name=search_term_string"}],"inLanguage":"fr-FR"},{"@type":"Person","@id":"https:\/\/www.ladiagonale.net\/#\/schema\/person\/79ff1e7b0853ed01b2aa26e64ad300bf","name":"Damien Dellerba","image":{"@type":"ImageObject","inLanguage":"fr-FR","@id":"https:\/\/www.ladiagonale.net\/#\/schema\/person\/image\/","url":"https:\/\/secure.gravatar.com\/avatar\/c7850e06d3ff63cdbaee88b7fc16e2f0?s=96&d=mm&r=g","contentUrl":"https:\/\/secure.gravatar.com\/avatar\/c7850e06d3ff63cdbaee88b7fc16e2f0?s=96&d=mm&r=g","caption":"Damien Dellerba"},"url":"https:\/\/www.ladiagonale.net\/index.php\/author\/damien\/"}]}},"_links":{"self":[{"href":"https:\/\/www.ladiagonale.net\/index.php\/wp-json\/wp\/v2\/posts\/5857"}],"collection":[{"href":"https:\/\/www.ladiagonale.net\/index.php\/wp-json\/wp\/v2\/posts"}],"about":[{"href":"https:\/\/www.ladiagonale.net\/index.php\/wp-json\/wp\/v2\/types\/post"}],"author":[{"embeddable":true,"href":"https:\/\/www.ladiagonale.net\/index.php\/wp-json\/wp\/v2\/users\/2"}],"replies":[{"embeddable":true,"href":"https:\/\/www.ladiagonale.net\/index.php\/wp-json\/wp\/v2\/comments?post=5857"}],"version-history":[{"count":1,"href":"https:\/\/www.ladiagonale.net\/index.php\/wp-json\/wp\/v2\/posts\/5857\/revisions"}],"predecessor-version":[{"id":5858,"href":"https:\/\/www.ladiagonale.net\/index.php\/wp-json\/wp\/v2\/posts\/5857\/revisions\/5858"}],"wp:attachment":[{"href":"https:\/\/www.ladiagonale.net\/index.php\/wp-json\/wp\/v2\/media?parent=5857"}],"wp:term":[{"taxonomy":"category","embeddable":true,"href":"https:\/\/www.ladiagonale.net\/index.php\/wp-json\/wp\/v2\/categories?post=5857"},{"taxonomy":"post_tag","embeddable":true,"href":"https:\/\/www.ladiagonale.net\/index.php\/wp-json\/wp\/v2\/tags?post=5857"}],"curies":[{"name":"wp","href":"https:\/\/api.w.org\/{rel}","templated":true}]}}