{"id":5859,"date":"2022-10-21T17:05:13","date_gmt":"2022-10-21T15:05:13","guid":{"rendered":"https:\/\/www.ladiagonale.net\/?p=5859"},"modified":"2022-10-21T18:52:04","modified_gmt":"2022-10-21T16:52:04","slug":"clement-evoque-la-concurrence-au-poste-dailier","status":"publish","type":"post","link":"https:\/\/www.ladiagonale.net\/index.php\/2022\/10\/21\/clement-evoque-la-concurrence-au-poste-dailier\/","title":{"rendered":"Clement \u00e9voque la concurrence au poste d\u2019ailier"},"content":{"rendered":"\n\n\n<p>Alors que le poste d&rsquo;ailier gauche est bien tenu par Golovin, on ne peut pas en dire autant du c\u00f4t\u00e9 droit. Kr\u00e9pin Diatta, Takumi Minamino, Maghnes Akliouche et Gelson Martins sont les quatre pr\u00e9tendants au poste mais aucun ne s\u2019est impos\u00e9 \u00e0 ce jour. Philippe Clement a \u00e9voqu\u00e9 le cas de chacun \u00e0 commencer par Diatta, qui reste l\u2019option num\u00e9ro une du Belge : \u00ab&nbsp;<em>Il est revenu d\u2019une longue blessure. C\u2019est normal qu\u2019il ne soit pas \u00e0 son meilleur niveau \u00e0 tous les matchs.<\/em>&nbsp;\u00bb<\/p>\n\n\n\n<p>R\u00e9guli\u00e8rement titularis\u00e9 par Clement la saison derni\u00e8re, Gelson Martins n\u2019a que tr\u00e8s peu jou\u00e9 cette saison, m\u00eame s\u2019il est entr\u00e9 en jeu contre Trabzonspor la semaine derni\u00e8re. \u00ab\u00a0<em>Gelson a jou\u00e9 r\u00e9cemment mais avec moins d\u2019efficacit\u00e9 qu\u2019auparavant \u00bb, <\/em>a justifi\u00e9 Clement<em> \u00ab<\/em> <em>C\u2019est quelqu\u2019un avec beaucoup de qualit\u00e9s mais il lui a manqu\u00e9 jusqu\u2019\u00e0 pr\u00e9sent l\u2019efficacit\u00e9. Il donne beaucoup pour l\u2019\u00e9quipe mais dans le dernier geste, il est moins juste que d\u2019autres. On voit les choses \u00e0 l\u2019entra\u00eenement, il lui manque un peu de confiance. C\u2019est \u00e0 lui de prouver qu\u2019il peut \u00eatre plus efficace que les autres.<\/em>\u00a0\u00bb<\/p>\n\n\n\n<p>Une des recrues phares de l\u2019intersaison, Takumi Minamino, est \u00e0 la peine en ce d\u00e9but de saison et doit encore s\u2019adapter selon Clement : \u00ab<em>&nbsp;Taki peut jouer des deux c\u00f4t\u00e9s, mais \u00e0 cause de la forme de Golovin, il a moins jou\u00e9. \u00c7a va mieux mais je ne vois pas encore le Minamino que je connais. Il a besoin d\u2019un temps d\u2019adaptation. C\u2019est plus qu\u2019une question de confiance que de physique&nbsp;\u00bb<\/em>, a-t-il reconnu. Mais le coach as\u00e9miste ne s\u2019inqui\u00e8te pas : \u00ab&nbsp;<em>Comme je l\u2019ai d\u00e9j\u00e0 dit, avec les attaquants, c\u2019est plus compliqu\u00e9 parce que tu dois cr\u00e9er des connexions. Sa force, ce sont les combinaisons et tu as besoin de bien conna\u00eetre les autres pour \u00e7a.<\/em>&nbsp;\u00bb<\/p>\n\n\n\n<p>Enfin, Maghnes Akliouche doit encore prendre son mal en patience. Si l&rsquo;international U20 travaille bien \u00e0 l\u2019entra\u00eenement, il doit encore confirmer en match, \u00e0 l\u2019image de sa mi-temps difficile contre Montpellier : \u00ab\u00a0<em>Il s\u2019est bien d\u00e9velopp\u00e9 ces derniers mois et ces derni\u00e8res semaines et il a eu sa chance. Pour le moment, c\u2019est mieux aux entra\u00eenements qu\u2019en match mais c\u2019est souvent comme \u00e7a pour les jeunes joueurs.<\/em>\u00a0\u00bb<\/p>\n","protected":false},"excerpt":{"rendered":"<p>Alors que le poste d&rsquo;ailier gauche est bien tenu par Golovin, on ne peut pas en dire autant du c\u00f4t\u00e9 droit. Kr\u00e9pin Diatta, Takumi Minamino, Maghnes Akliouche et Gelson Martins sont les quatre pr\u00e9tendants au poste mais aucun ne s\u2019est impos\u00e9 \u00e0 ce jour. Philippe Clement a \u00e9voqu\u00e9 le cas de chacun \u00e0 commencer par [&#8230;]\n","protected":false},"author":2,"featured_media":0,"comment_status":"open","ping_status":"open","sticky":false,"template":"","format":"standard","meta":[],"categories":[6],"tags":[86,94,246,191],"yoast_head":"<!-- This site is optimized with the Yoast SEO plugin v19.8 - https:\/\/yoast.com\/wordpress\/plugins\/seo\/ -->\n<title>Clement \u00e9voque la concurrence au poste d\u2019ailier - La Diagonale<\/title>\n<meta name=\"robots\" content=\"index, follow, max-snippet:-1, max-image-preview:large, max-video-preview:-1\" \/>\n<link rel=\"canonical\" href=\"https:\/\/www.ladiagonale.net\/index.php\/2022\/10\/21\/clement-evoque-la-concurrence-au-poste-dailier\/\" \/>\n<meta property=\"og:locale\" content=\"fr_FR\" \/>\n<meta property=\"og:type\" content=\"article\" \/>\n<meta property=\"og:title\" content=\"Clement \u00e9voque la concurrence au poste d\u2019ailier - La Diagonale\" \/>\n<meta property=\"og:description\" content=\"Alors que le poste d&rsquo;ailier gauche est bien tenu par Golovin, on ne peut pas en dire autant du c\u00f4t\u00e9 droit. Kr\u00e9pin Diatta, Takumi Minamino, Maghnes Akliouche et Gelson Martins sont les quatre pr\u00e9tendants au poste mais aucun ne s\u2019est impos\u00e9 \u00e0 ce jour. Philippe Clement a \u00e9voqu\u00e9 le cas de chacun \u00e0 commencer par [...]\" \/>\n<meta property=\"og:url\" content=\"https:\/\/www.ladiagonale.net\/index.php\/2022\/10\/21\/clement-evoque-la-concurrence-au-poste-dailier\/\" \/>\n<meta property=\"og:site_name\" content=\"La Diagonale\" \/>\n<meta property=\"article:published_time\" content=\"2022-10-21T15:05:13+00:00\" \/>\n<meta property=\"article:modified_time\" content=\"2022-10-21T16:52:04+00:00\" \/>\n<meta name=\"author\" content=\"Damien Dellerba\" \/>\n<meta name=\"twitter:card\" content=\"summary_large_image\" \/>\n<meta name=\"twitter:label1\" content=\"\u00c9crit par\" \/>\n\t<meta name=\"twitter:data1\" content=\"Damien Dellerba\" \/>\n\t<meta name=\"twitter:label2\" content=\"Dur\u00e9e de lecture estim\u00e9e\" \/>\n\t<meta name=\"twitter:data2\" content=\"2 minutes\" \/>\n<script type=\"application\/ld+json\" class=\"yoast-schema-graph\">{\"@context\":\"https:\/\/schema.org\",\"@graph\":[{\"@type\":\"WebPage\",\"@id\":\"https:\/\/www.ladiagonale.net\/index.php\/2022\/10\/21\/clement-evoque-la-concurrence-au-poste-dailier\/\",\"url\":\"https:\/\/www.ladiagonale.net\/index.php\/2022\/10\/21\/clement-evoque-la-concurrence-au-poste-dailier\/\",\"name\":\"Clement \u00e9voque la concurrence au poste d\u2019ailier - La Diagonale\",\"isPartOf\":{\"@id\":\"https:\/\/www.ladiagonale.net\/#website\"},\"datePublished\":\"2022-10-21T15:05:13+00:00\",\"dateModified\":\"2022-10-21T16:52:04+00:00\",\"author\":{\"@id\":\"https:\/\/www.ladiagonale.net\/#\/schema\/person\/79ff1e7b0853ed01b2aa26e64ad300bf\"},\"breadcrumb\":{\"@id\":\"https:\/\/www.ladiagonale.net\/index.php\/2022\/10\/21\/clement-evoque-la-concurrence-au-poste-dailier\/#breadcrumb\"},\"inLanguage\":\"fr-FR\",\"potentialAction\":[{\"@type\":\"ReadAction\",\"target\":[\"https:\/\/www.ladiagonale.net\/index.php\/2022\/10\/21\/clement-evoque-la-concurrence-au-poste-dailier\/\"]}]},{\"@type\":\"BreadcrumbList\",\"@id\":\"https:\/\/www.ladiagonale.net\/index.php\/2022\/10\/21\/clement-evoque-la-concurrence-au-poste-dailier\/#breadcrumb\",\"itemListElement\":[{\"@type\":\"ListItem\",\"position\":1,\"name\":\"Accueil\",\"item\":\"https:\/\/www.ladiagonale.net\/\"},{\"@type\":\"ListItem\",\"position\":2,\"name\":\"Clement \u00e9voque la concurrence au poste d\u2019ailier\"}]},{\"@type\":\"WebSite\",\"@id\":\"https:\/\/www.ladiagonale.net\/#website\",\"url\":\"https:\/\/www.ladiagonale.net\/\",\"name\":\"La Diagonale\",\"description\":\"Le site des supporters de l&#039;AS Monaco FC\",\"potentialAction\":[{\"@type\":\"SearchAction\",\"target\":{\"@type\":\"EntryPoint\",\"urlTemplate\":\"https:\/\/www.ladiagonale.net\/?s={search_term_string}\"},\"query-input\":\"required name=search_term_string\"}],\"inLanguage\":\"fr-FR\"},{\"@type\":\"Person\",\"@id\":\"https:\/\/www.ladiagonale.net\/#\/schema\/person\/79ff1e7b0853ed01b2aa26e64ad300bf\",\"name\":\"Damien Dellerba\",\"image\":{\"@type\":\"ImageObject\",\"inLanguage\":\"fr-FR\",\"@id\":\"https:\/\/www.ladiagonale.net\/#\/schema\/person\/image\/\",\"url\":\"https:\/\/secure.gravatar.com\/avatar\/c7850e06d3ff63cdbaee88b7fc16e2f0?s=96&d=mm&r=g\",\"contentUrl\":\"https:\/\/secure.gravatar.com\/avatar\/c7850e06d3ff63cdbaee88b7fc16e2f0?s=96&d=mm&r=g\",\"caption\":\"Damien Dellerba\"},\"url\":\"https:\/\/www.ladiagonale.net\/index.php\/author\/damien\/\"}]}<\/script>\n<!-- \/ Yoast SEO plugin. -->","yoast_head_json":{"title":"Clement \u00e9voque la concurrence au poste d\u2019ailier - La Diagonale","robots":{"index":"index","follow":"follow","max-snippet":"max-snippet:-1","max-image-preview":"max-image-preview:large","max-video-preview":"max-video-preview:-1"},"canonical":"https:\/\/www.ladiagonale.net\/index.php\/2022\/10\/21\/clement-evoque-la-concurrence-au-poste-dailier\/","og_locale":"fr_FR","og_type":"article","og_title":"Clement \u00e9voque la concurrence au poste d\u2019ailier - La Diagonale","og_description":"Alors que le poste d&rsquo;ailier gauche est bien tenu par Golovin, on ne peut pas en dire autant du c\u00f4t\u00e9 droit. Kr\u00e9pin Diatta, Takumi Minamino, Maghnes Akliouche et Gelson Martins sont les quatre pr\u00e9tendants au poste mais aucun ne s\u2019est impos\u00e9 \u00e0 ce jour. Philippe Clement a \u00e9voqu\u00e9 le cas de chacun \u00e0 commencer par [...]","og_url":"https:\/\/www.ladiagonale.net\/index.php\/2022\/10\/21\/clement-evoque-la-concurrence-au-poste-dailier\/","og_site_name":"La Diagonale","article_published_time":"2022-10-21T15:05:13+00:00","article_modified_time":"2022-10-21T16:52:04+00:00","author":"Damien Dellerba","twitter_card":"summary_large_image","twitter_misc":{"\u00c9crit par":"Damien Dellerba","Dur\u00e9e de lecture estim\u00e9e":"2 minutes"},"schema":{"@context":"https:\/\/schema.org","@graph":[{"@type":"WebPage","@id":"https:\/\/www.ladiagonale.net\/index.php\/2022\/10\/21\/clement-evoque-la-concurrence-au-poste-dailier\/","url":"https:\/\/www.ladiagonale.net\/index.php\/2022\/10\/21\/clement-evoque-la-concurrence-au-poste-dailier\/","name":"Clement \u00e9voque la concurrence au poste d\u2019ailier - La Diagonale","isPartOf":{"@id":"https:\/\/www.ladiagonale.net\/#website"},"datePublished":"2022-10-21T15:05:13+00:00","dateModified":"2022-10-21T16:52:04+00:00","author":{"@id":"https:\/\/www.ladiagonale.net\/#\/schema\/person\/79ff1e7b0853ed01b2aa26e64ad300bf"},"breadcrumb":{"@id":"https:\/\/www.ladiagonale.net\/index.php\/2022\/10\/21\/clement-evoque-la-concurrence-au-poste-dailier\/#breadcrumb"},"inLanguage":"fr-FR","potentialAction":[{"@type":"ReadAction","target":["https:\/\/www.ladiagonale.net\/index.php\/2022\/10\/21\/clement-evoque-la-concurrence-au-poste-dailier\/"]}]},{"@type":"BreadcrumbList","@id":"https:\/\/www.ladiagonale.net\/index.php\/2022\/10\/21\/clement-evoque-la-concurrence-au-poste-dailier\/#breadcrumb","itemListElement":[{"@type":"ListItem","position":1,"name":"Accueil","item":"https:\/\/www.ladiagonale.net\/"},{"@type":"ListItem","position":2,"name":"Clement \u00e9voque la concurrence au poste d\u2019ailier"}]},{"@type":"WebSite","@id":"https:\/\/www.ladiagonale.net\/#website","url":"https:\/\/www.ladiagonale.net\/","name":"La Diagonale","description":"Le site des supporters de l&#039;AS Monaco FC","potentialAction":[{"@type":"SearchAction","target":{"@type":"EntryPoint","urlTemplate":"https:\/\/www.ladiagonale.net\/?s={search_term_string}"},"query-input":"required name=search_term_string"}],"inLanguage":"fr-FR"},{"@type":"Person","@id":"https:\/\/www.ladiagonale.net\/#\/schema\/person\/79ff1e7b0853ed01b2aa26e64ad300bf","name":"Damien Dellerba","image":{"@type":"ImageObject","inLanguage":"fr-FR","@id":"https:\/\/www.ladiagonale.net\/#\/schema\/person\/image\/","url":"https:\/\/secure.gravatar.com\/avatar\/c7850e06d3ff63cdbaee88b7fc16e2f0?s=96&d=mm&r=g","contentUrl":"https:\/\/secure.gravatar.com\/avatar\/c7850e06d3ff63cdbaee88b7fc16e2f0?s=96&d=mm&r=g","caption":"Damien Dellerba"},"url":"https:\/\/www.ladiagonale.net\/index.php\/author\/damien\/"}]}},"_links":{"self":[{"href":"https:\/\/www.ladiagonale.net\/index.php\/wp-json\/wp\/v2\/posts\/5859"}],"collection":[{"href":"https:\/\/www.ladiagonale.net\/index.php\/wp-json\/wp\/v2\/posts"}],"about":[{"href":"https:\/\/www.ladiagonale.net\/index.php\/wp-json\/wp\/v2\/types\/post"}],"author":[{"embeddable":true,"href":"https:\/\/www.ladiagonale.net\/index.php\/wp-json\/wp\/v2\/users\/2"}],"replies":[{"embeddable":true,"href":"https:\/\/www.ladiagonale.net\/index.php\/wp-json\/wp\/v2\/comments?post=5859"}],"version-history":[{"count":2,"href":"https:\/\/www.ladiagonale.net\/index.php\/wp-json\/wp\/v2\/posts\/5859\/revisions"}],"predecessor-version":[{"id":5867,"href":"https:\/\/www.ladiagonale.net\/index.php\/wp-json\/wp\/v2\/posts\/5859\/revisions\/5867"}],"wp:attachment":[{"href":"https:\/\/www.ladiagonale.net\/index.php\/wp-json\/wp\/v2\/media?parent=5859"}],"wp:term":[{"taxonomy":"category","embeddable":true,"href":"https:\/\/www.ladiagonale.net\/index.php\/wp-json\/wp\/v2\/categories?post=5859"},{"taxonomy":"post_tag","embeddable":true,"href":"https:\/\/www.ladiagonale.net\/index.php\/wp-json\/wp\/v2\/tags?post=5859"}],"curies":[{"name":"wp","href":"https:\/\/api.w.org\/{rel}","templated":true}]}}