{"id":5881,"date":"2022-10-22T01:45:25","date_gmt":"2022-10-21T23:45:25","guid":{"rendered":"https:\/\/www.ladiagonale.net\/?p=5881"},"modified":"2022-10-22T01:45:29","modified_gmt":"2022-10-21T23:45:29","slug":"monaco-a-propose-un-contrat-a-olmeta","status":"publish","type":"post","link":"https:\/\/www.ladiagonale.net\/index.php\/2022\/10\/22\/monaco-a-propose-un-contrat-a-olmeta\/","title":{"rendered":"Monaco a propos\u00e9 un contrat \u00e0 Olmeta"},"content":{"rendered":"\n\n\n<p>C&rsquo;\u00e9tait dans les tuyaux depuis quelques semaines (<a href=\"https:\/\/www.ladiagonale.net\/index.php\/2022\/09\/24\/olmeta-suscite-les-convoitises\/\">voir par ailleurs<\/a>) mais l&rsquo;AS Monaco a fait sa premi\u00e8re proposition de contrat professionnel \u00e0 Lisandru Olmeta (17 ans), comme le r\u00e9v\u00e8le le journaliste de <em>L&rsquo;\u00c9quipe<\/em>, Lo\u00efc Tanzi. Le gardien de but est notamment courtis\u00e9 par des clubs espagnols et anglais et Monaco ne souhaiterait pas perdre son jeune espoir.<\/p>\n\n\n\n<figure class=\"wp-block-embed aligncenter is-type-rich is-provider-twitter wp-block-embed-twitter\"><div class=\"wp-block-embed__wrapper\">\n<blockquote class=\"twitter-tweet\" data-width=\"550\" data-dnt=\"true\"><p lang=\"fr\" dir=\"ltr\">L\u2019AS Monaco a fait une premi\u00e8re proposition de contrat professionnel pour Lisandru Olmeta (Gardien &#8211; 2005) <a href=\"https:\/\/twitter.com\/hashtag\/Mercato?src=hash&amp;ref_src=twsrc%5Etfw\">#Mercato<\/a><\/p>&mdash; Lo\u00efc Tanzi (@Tanziloic) <a href=\"https:\/\/twitter.com\/Tanziloic\/status\/1583488309023498241?ref_src=twsrc%5Etfw\">October 21, 2022<\/a><\/blockquote><script async src=\"https:\/\/platform.twitter.com\/widgets.js\" charset=\"utf-8\"><\/script>\n<\/div><\/figure>\n\n\n\n<p>Cette saison, Olmeta \u00e9volue tant\u00f4t avec le groupe \u00c9lite de Damien Perrinelle, tant\u00f4t avec les U19 entra\u00een\u00e9s par Fr\u00e9d\u00e9ric Barilaro. \u00c0 la reprise de l&rsquo;entra\u00eenement en juin, ainsi que lors de la derni\u00e8re tr\u00eave internationale, le champion d&rsquo;Europe U17 avait \u00e9t\u00e9 int\u00e9gr\u00e9 au groupe professionnel de Philippe Clement.<\/p>\n\n\n\n<p class=\"has-white-color has-text-color has-background\" style=\"background-color:#929292\"><a href=\"https:\/\/www.ladiagonale.net\/index.php\/player\/lisandru-olmeta\/\">Voir la fiche de Lisandru Olmeta<\/a><\/p>\n","protected":false},"excerpt":{"rendered":"<p>C&rsquo;\u00e9tait dans les tuyaux depuis quelques semaines (voir par ailleurs) mais l&rsquo;AS Monaco a fait sa premi\u00e8re proposition de contrat professionnel \u00e0 Lisandru Olmeta (17 ans), comme le r\u00e9v\u00e8le le journaliste de L&rsquo;\u00c9quipe, Lo\u00efc Tanzi. Le gardien de but est notamment courtis\u00e9 par des clubs espagnols et anglais et Monaco ne souhaiterait pas perdre son [&#8230;]\n","protected":false},"author":2,"featured_media":0,"comment_status":"open","ping_status":"open","sticky":false,"template":"","format":"standard","meta":[],"categories":[6],"tags":[76,86,264],"yoast_head":"<!-- This site is optimized with the Yoast SEO plugin v19.8 - https:\/\/yoast.com\/wordpress\/plugins\/seo\/ -->\n<title>Monaco a propos\u00e9 un contrat \u00e0 Olmeta - La Diagonale<\/title>\n<meta name=\"robots\" content=\"index, follow, max-snippet:-1, max-image-preview:large, max-video-preview:-1\" \/>\n<link rel=\"canonical\" href=\"https:\/\/www.ladiagonale.net\/index.php\/2022\/10\/22\/monaco-a-propose-un-contrat-a-olmeta\/\" \/>\n<meta property=\"og:locale\" content=\"fr_FR\" \/>\n<meta property=\"og:type\" content=\"article\" \/>\n<meta property=\"og:title\" content=\"Monaco a propos\u00e9 un contrat \u00e0 Olmeta - La Diagonale\" \/>\n<meta property=\"og:description\" content=\"C&rsquo;\u00e9tait dans les tuyaux depuis quelques semaines (voir par ailleurs) mais l&rsquo;AS Monaco a fait sa premi\u00e8re proposition de contrat professionnel \u00e0 Lisandru Olmeta (17 ans), comme le r\u00e9v\u00e8le le journaliste de L&rsquo;\u00c9quipe, Lo\u00efc Tanzi. Le gardien de but est notamment courtis\u00e9 par des clubs espagnols et anglais et Monaco ne souhaiterait pas perdre son [...]\" \/>\n<meta property=\"og:url\" content=\"https:\/\/www.ladiagonale.net\/index.php\/2022\/10\/22\/monaco-a-propose-un-contrat-a-olmeta\/\" \/>\n<meta property=\"og:site_name\" content=\"La Diagonale\" \/>\n<meta property=\"article:published_time\" content=\"2022-10-21T23:45:25+00:00\" \/>\n<meta property=\"article:modified_time\" content=\"2022-10-21T23:45:29+00:00\" \/>\n<meta property=\"og:image\" content=\"https:\/\/www.ladiagonale.net\/wp-content\/uploads\/2022\/10\/media-1382582-1096460-1160x650-1.jpg\" \/>\n\t<meta property=\"og:image:width\" content=\"1160\" \/>\n\t<meta property=\"og:image:height\" content=\"650\" \/>\n\t<meta property=\"og:image:type\" content=\"image\/jpeg\" \/>\n<meta name=\"author\" content=\"Damien Dellerba\" \/>\n<meta name=\"twitter:card\" content=\"summary_large_image\" \/>\n<meta name=\"twitter:image\" content=\"https:\/\/www.ladiagonale.net\/wp-content\/uploads\/2022\/10\/media-1382582-1096460-1160x650-1.jpg\" \/>\n<meta name=\"twitter:label1\" content=\"\u00c9crit par\" \/>\n\t<meta name=\"twitter:data1\" content=\"Damien Dellerba\" \/>\n\t<meta name=\"twitter:label2\" content=\"Dur\u00e9e de lecture estim\u00e9e\" \/>\n\t<meta name=\"twitter:data2\" content=\"1 minute\" \/>\n<script type=\"application\/ld+json\" class=\"yoast-schema-graph\">{\"@context\":\"https:\/\/schema.org\",\"@graph\":[{\"@type\":\"WebPage\",\"@id\":\"https:\/\/www.ladiagonale.net\/index.php\/2022\/10\/22\/monaco-a-propose-un-contrat-a-olmeta\/\",\"url\":\"https:\/\/www.ladiagonale.net\/index.php\/2022\/10\/22\/monaco-a-propose-un-contrat-a-olmeta\/\",\"name\":\"Monaco a propos\u00e9 un contrat \u00e0 Olmeta - La Diagonale\",\"isPartOf\":{\"@id\":\"https:\/\/www.ladiagonale.net\/#website\"},\"datePublished\":\"2022-10-21T23:45:25+00:00\",\"dateModified\":\"2022-10-21T23:45:29+00:00\",\"author\":{\"@id\":\"https:\/\/www.ladiagonale.net\/#\/schema\/person\/79ff1e7b0853ed01b2aa26e64ad300bf\"},\"breadcrumb\":{\"@id\":\"https:\/\/www.ladiagonale.net\/index.php\/2022\/10\/22\/monaco-a-propose-un-contrat-a-olmeta\/#breadcrumb\"},\"inLanguage\":\"fr-FR\",\"potentialAction\":[{\"@type\":\"ReadAction\",\"target\":[\"https:\/\/www.ladiagonale.net\/index.php\/2022\/10\/22\/monaco-a-propose-un-contrat-a-olmeta\/\"]}]},{\"@type\":\"BreadcrumbList\",\"@id\":\"https:\/\/www.ladiagonale.net\/index.php\/2022\/10\/22\/monaco-a-propose-un-contrat-a-olmeta\/#breadcrumb\",\"itemListElement\":[{\"@type\":\"ListItem\",\"position\":1,\"name\":\"Accueil\",\"item\":\"https:\/\/www.ladiagonale.net\/\"},{\"@type\":\"ListItem\",\"position\":2,\"name\":\"Monaco a propos\u00e9 un contrat \u00e0 Olmeta\"}]},{\"@type\":\"WebSite\",\"@id\":\"https:\/\/www.ladiagonale.net\/#website\",\"url\":\"https:\/\/www.ladiagonale.net\/\",\"name\":\"La Diagonale\",\"description\":\"Le site des supporters de l&#039;AS Monaco FC\",\"potentialAction\":[{\"@type\":\"SearchAction\",\"target\":{\"@type\":\"EntryPoint\",\"urlTemplate\":\"https:\/\/www.ladiagonale.net\/?s={search_term_string}\"},\"query-input\":\"required name=search_term_string\"}],\"inLanguage\":\"fr-FR\"},{\"@type\":\"Person\",\"@id\":\"https:\/\/www.ladiagonale.net\/#\/schema\/person\/79ff1e7b0853ed01b2aa26e64ad300bf\",\"name\":\"Damien Dellerba\",\"image\":{\"@type\":\"ImageObject\",\"inLanguage\":\"fr-FR\",\"@id\":\"https:\/\/www.ladiagonale.net\/#\/schema\/person\/image\/\",\"url\":\"https:\/\/secure.gravatar.com\/avatar\/c7850e06d3ff63cdbaee88b7fc16e2f0?s=96&d=mm&r=g\",\"contentUrl\":\"https:\/\/secure.gravatar.com\/avatar\/c7850e06d3ff63cdbaee88b7fc16e2f0?s=96&d=mm&r=g\",\"caption\":\"Damien Dellerba\"},\"url\":\"https:\/\/www.ladiagonale.net\/index.php\/author\/damien\/\"}]}<\/script>\n<!-- \/ Yoast SEO plugin. -->","yoast_head_json":{"title":"Monaco a propos\u00e9 un contrat \u00e0 Olmeta - La Diagonale","robots":{"index":"index","follow":"follow","max-snippet":"max-snippet:-1","max-image-preview":"max-image-preview:large","max-video-preview":"max-video-preview:-1"},"canonical":"https:\/\/www.ladiagonale.net\/index.php\/2022\/10\/22\/monaco-a-propose-un-contrat-a-olmeta\/","og_locale":"fr_FR","og_type":"article","og_title":"Monaco a propos\u00e9 un contrat \u00e0 Olmeta - La Diagonale","og_description":"C&rsquo;\u00e9tait dans les tuyaux depuis quelques semaines (voir par ailleurs) mais l&rsquo;AS Monaco a fait sa premi\u00e8re proposition de contrat professionnel \u00e0 Lisandru Olmeta (17 ans), comme le r\u00e9v\u00e8le le journaliste de L&rsquo;\u00c9quipe, Lo\u00efc Tanzi. Le gardien de but est notamment courtis\u00e9 par des clubs espagnols et anglais et Monaco ne souhaiterait pas perdre son [...]","og_url":"https:\/\/www.ladiagonale.net\/index.php\/2022\/10\/22\/monaco-a-propose-un-contrat-a-olmeta\/","og_site_name":"La Diagonale","article_published_time":"2022-10-21T23:45:25+00:00","article_modified_time":"2022-10-21T23:45:29+00:00","og_image":[{"width":1160,"height":650,"url":"https:\/\/www.ladiagonale.net\/wp-content\/uploads\/2022\/10\/media-1382582-1096460-1160x650-1.jpg","type":"image\/jpeg"}],"author":"Damien Dellerba","twitter_card":"summary_large_image","twitter_image":"https:\/\/www.ladiagonale.net\/wp-content\/uploads\/2022\/10\/media-1382582-1096460-1160x650-1.jpg","twitter_misc":{"\u00c9crit par":"Damien Dellerba","Dur\u00e9e de lecture estim\u00e9e":"1 minute"},"schema":{"@context":"https:\/\/schema.org","@graph":[{"@type":"WebPage","@id":"https:\/\/www.ladiagonale.net\/index.php\/2022\/10\/22\/monaco-a-propose-un-contrat-a-olmeta\/","url":"https:\/\/www.ladiagonale.net\/index.php\/2022\/10\/22\/monaco-a-propose-un-contrat-a-olmeta\/","name":"Monaco a propos\u00e9 un contrat \u00e0 Olmeta - La Diagonale","isPartOf":{"@id":"https:\/\/www.ladiagonale.net\/#website"},"datePublished":"2022-10-21T23:45:25+00:00","dateModified":"2022-10-21T23:45:29+00:00","author":{"@id":"https:\/\/www.ladiagonale.net\/#\/schema\/person\/79ff1e7b0853ed01b2aa26e64ad300bf"},"breadcrumb":{"@id":"https:\/\/www.ladiagonale.net\/index.php\/2022\/10\/22\/monaco-a-propose-un-contrat-a-olmeta\/#breadcrumb"},"inLanguage":"fr-FR","potentialAction":[{"@type":"ReadAction","target":["https:\/\/www.ladiagonale.net\/index.php\/2022\/10\/22\/monaco-a-propose-un-contrat-a-olmeta\/"]}]},{"@type":"BreadcrumbList","@id":"https:\/\/www.ladiagonale.net\/index.php\/2022\/10\/22\/monaco-a-propose-un-contrat-a-olmeta\/#breadcrumb","itemListElement":[{"@type":"ListItem","position":1,"name":"Accueil","item":"https:\/\/www.ladiagonale.net\/"},{"@type":"ListItem","position":2,"name":"Monaco a propos\u00e9 un contrat \u00e0 Olmeta"}]},{"@type":"WebSite","@id":"https:\/\/www.ladiagonale.net\/#website","url":"https:\/\/www.ladiagonale.net\/","name":"La Diagonale","description":"Le site des supporters de l&#039;AS Monaco FC","potentialAction":[{"@type":"SearchAction","target":{"@type":"EntryPoint","urlTemplate":"https:\/\/www.ladiagonale.net\/?s={search_term_string}"},"query-input":"required name=search_term_string"}],"inLanguage":"fr-FR"},{"@type":"Person","@id":"https:\/\/www.ladiagonale.net\/#\/schema\/person\/79ff1e7b0853ed01b2aa26e64ad300bf","name":"Damien Dellerba","image":{"@type":"ImageObject","inLanguage":"fr-FR","@id":"https:\/\/www.ladiagonale.net\/#\/schema\/person\/image\/","url":"https:\/\/secure.gravatar.com\/avatar\/c7850e06d3ff63cdbaee88b7fc16e2f0?s=96&d=mm&r=g","contentUrl":"https:\/\/secure.gravatar.com\/avatar\/c7850e06d3ff63cdbaee88b7fc16e2f0?s=96&d=mm&r=g","caption":"Damien Dellerba"},"url":"https:\/\/www.ladiagonale.net\/index.php\/author\/damien\/"}]}},"_links":{"self":[{"href":"https:\/\/www.ladiagonale.net\/index.php\/wp-json\/wp\/v2\/posts\/5881"}],"collection":[{"href":"https:\/\/www.ladiagonale.net\/index.php\/wp-json\/wp\/v2\/posts"}],"about":[{"href":"https:\/\/www.ladiagonale.net\/index.php\/wp-json\/wp\/v2\/types\/post"}],"author":[{"embeddable":true,"href":"https:\/\/www.ladiagonale.net\/index.php\/wp-json\/wp\/v2\/users\/2"}],"replies":[{"embeddable":true,"href":"https:\/\/www.ladiagonale.net\/index.php\/wp-json\/wp\/v2\/comments?post=5881"}],"version-history":[{"count":1,"href":"https:\/\/www.ladiagonale.net\/index.php\/wp-json\/wp\/v2\/posts\/5881\/revisions"}],"predecessor-version":[{"id":5883,"href":"https:\/\/www.ladiagonale.net\/index.php\/wp-json\/wp\/v2\/posts\/5881\/revisions\/5883"}],"wp:attachment":[{"href":"https:\/\/www.ladiagonale.net\/index.php\/wp-json\/wp\/v2\/media?parent=5881"}],"wp:term":[{"taxonomy":"category","embeddable":true,"href":"https:\/\/www.ladiagonale.net\/index.php\/wp-json\/wp\/v2\/categories?post=5881"},{"taxonomy":"post_tag","embeddable":true,"href":"https:\/\/www.ladiagonale.net\/index.php\/wp-json\/wp\/v2\/tags?post=5881"}],"curies":[{"name":"wp","href":"https:\/\/api.w.org\/{rel}","templated":true}]}}