{"id":5884,"date":"2022-10-22T07:00:00","date_gmt":"2022-10-22T05:00:00","guid":{"rendered":"https:\/\/www.ladiagonale.net\/?p=5884"},"modified":"2022-10-22T13:22:52","modified_gmt":"2022-10-22T11:22:52","slug":"lille-na-pas-encore-trouve-son-rythme","status":"publish","type":"post","link":"https:\/\/www.ladiagonale.net\/index.php\/2022\/10\/22\/lille-na-pas-encore-trouve-son-rythme\/","title":{"rendered":"Lille n&rsquo;a pas encore trouv\u00e9 son rythme"},"content":{"rendered":"\n\n\n<p>Apr\u00e8s son titre acquis lors de la saison 2020-2021, le LOSC a tent\u00e9 le pari Jocelyn Gourvennec pour entamer un nouveau cycle la saison suivante. Pari rat\u00e9 pour les Dogues, puisque le technicien fran\u00e7ais n\u2019est pas all\u00e9 plus loin que sa premi\u00e8re ann\u00e9e de contrat. Il a \u00e9t\u00e9 remplac\u00e9 par Paulo Fonseca au cours de l\u2019intersaison. L&rsquo;entra\u00eeneur portugais a connu des exp\u00e9riences concluantes au Shakhtar Donetsk et \u00e0 l\u2019AS Roma et arrive avec la volont\u00e9 de mettre le beau jeu au centre du projet. T\u00e2che ardue pour Fonseca m\u00eame si cela commence \u00e0 prendre forme.<\/p>\n\n\n\n<p>Apr\u00e8s quelques accrocs en d\u00e9but de saison, avec notamment une tr\u00e8s lourde d\u00e9faite face au PSG fin ao\u00fbt (7-1), le LOSC a encore du mal \u00e0 se montrer r\u00e9gulier dans cette Ligue 1 m\u00eame si elle reste sur deux victoires cons\u00e9cutives contre Lens et Strasbourg. Les Nordistes comptent actuellement six victoires, un nul et quatre d\u00e9faites et tournent bien offensivement avec 21 buts inscrits. Cela en fait la troisi\u00e8me meilleure attaque du championnat, \u00e0 \u00e9galit\u00e9 avec Lorient et Montpellier et devant Monaco. <\/p>\n\n\n\n<p>Mais c&rsquo;est surtout d\u00e9fensivement que le b\u00e2t blesse pour les Lillois, puisqu&rsquo;avec 18 buts encaiss\u00e9s, le LOSC est la plus mauvaise d\u00e9fense du top 10 avec Toulouse. Un probl\u00e8me sur lequel planche Paulo Fonseca, qui a toutefois not\u00e9 des progr\u00e8s en la mati\u00e8re : \u00ab <em>C\u2019est toute l\u2019\u00e9quipe qui est devenue plus solide d\u00e9fensivement. Elle est plus agressive et plus r\u00e9active quand on n\u2019a pas le ballon.<\/em> \u00bb Dont acte, puisque les filets du jeune gardien Lucas Chevalier n&rsquo;ont pas trembl\u00e9 sur les deux derni\u00e8res rencontres.<\/p>\n\n\n\n<h4 class=\"has-vivid-red-color has-text-color\" style=\"font-style:normal;font-weight:500;text-transform:uppercase\">Le joueur \u00e0 surveiller<\/h4>\n\n\n\n<p><strong>Jonathan David (22 ans)<\/strong><\/p>\n\n\n\n<p>Avant la rencontre entre Ajaccio et Paris de ce vendredi et le doubl\u00e9 de Kylian Mbapp\u00e9, l&rsquo;attaquant canadien \u00e9tait le co-meilleur buteur de Ligue 1 avec Neymar. En onze rencontres, Jonathan David comptabilise d\u00e9j\u00e0 neufs buts et repart sur des bases \u00e9lev\u00e9es, lui qui avait termin\u00e9 le pr\u00e9c\u00e9dent exercice avec quinze r\u00e9alisations. Et avec deux passes d\u00e9cisives, il est le joueur \u00e0 avoir rapport\u00e9 le plus de points \u00e0 son \u00e9quipe en Ligue 1 (neuf) selon les <a href=\"https:\/\/www.ligue1.fr\/Articles\/ANALYSES\/2022\/10\/20\/pas-de-penurie-pour-jonathan-david\">statistiques<\/a> publi\u00e9es par le site de la Ligue 1. Et dans la surface, il arrive en troisi\u00e8me position des joueurs ayant touch\u00e9 le plus de ballons dans la surface. Il sera \u00e0 surveiller de pr\u00e8s.<\/p>\n","protected":false},"excerpt":{"rendered":"<p>Apr\u00e8s son titre acquis lors de la saison 2020-2021, le LOSC a tent\u00e9 le pari Jocelyn Gourvennec pour entamer un nouveau cycle la saison suivante. Pari rat\u00e9 pour les Dogues, puisque le technicien fran\u00e7ais n\u2019est pas all\u00e9 plus loin que sa premi\u00e8re ann\u00e9e de contrat. Il a \u00e9t\u00e9 remplac\u00e9 par Paulo Fonseca au cours de [&#8230;]\n","protected":false},"author":2,"featured_media":0,"comment_status":"open","ping_status":"open","sticky":false,"template":"","format":"standard","meta":[],"categories":[6],"tags":[86,94,246],"yoast_head":"<!-- This site is optimized with the Yoast SEO plugin v19.8 - https:\/\/yoast.com\/wordpress\/plugins\/seo\/ -->\n<title>Lille n&#039;a pas encore trouv\u00e9 son rythme - La Diagonale<\/title>\n<meta name=\"robots\" content=\"index, follow, max-snippet:-1, max-image-preview:large, max-video-preview:-1\" \/>\n<link rel=\"canonical\" href=\"https:\/\/www.ladiagonale.net\/index.php\/2022\/10\/22\/lille-na-pas-encore-trouve-son-rythme\/\" \/>\n<meta property=\"og:locale\" content=\"fr_FR\" \/>\n<meta property=\"og:type\" content=\"article\" \/>\n<meta property=\"og:title\" content=\"Lille n&#039;a pas encore trouv\u00e9 son rythme - La Diagonale\" \/>\n<meta property=\"og:description\" content=\"Apr\u00e8s son titre acquis lors de la saison 2020-2021, le LOSC a tent\u00e9 le pari Jocelyn Gourvennec pour entamer un nouveau cycle la saison suivante. Pari rat\u00e9 pour les Dogues, puisque le technicien fran\u00e7ais n\u2019est pas all\u00e9 plus loin que sa premi\u00e8re ann\u00e9e de contrat. Il a \u00e9t\u00e9 remplac\u00e9 par Paulo Fonseca au cours de [...]\" \/>\n<meta property=\"og:url\" content=\"https:\/\/www.ladiagonale.net\/index.php\/2022\/10\/22\/lille-na-pas-encore-trouve-son-rythme\/\" \/>\n<meta property=\"og:site_name\" content=\"La Diagonale\" \/>\n<meta property=\"article:published_time\" content=\"2022-10-22T05:00:00+00:00\" \/>\n<meta property=\"article:modified_time\" content=\"2022-10-22T11:22:52+00:00\" \/>\n<meta property=\"og:image\" content=\"https:\/\/www.ladiagonale.net\/wp-content\/uploads\/2022\/10\/Icon_DIB_160820_11_97.jpg\" \/>\n\t<meta property=\"og:image:width\" content=\"2001\" \/>\n\t<meta property=\"og:image:height\" content=\"1334\" \/>\n\t<meta property=\"og:image:type\" content=\"image\/jpeg\" \/>\n<meta name=\"author\" content=\"Damien Dellerba\" \/>\n<meta name=\"twitter:card\" content=\"summary_large_image\" \/>\n<meta name=\"twitter:image\" content=\"https:\/\/www.ladiagonale.net\/wp-content\/uploads\/2022\/10\/Icon_DIB_160820_11_97.jpg\" \/>\n<meta name=\"twitter:label1\" content=\"\u00c9crit par\" \/>\n\t<meta name=\"twitter:data1\" content=\"Damien Dellerba\" \/>\n\t<meta name=\"twitter:label2\" content=\"Dur\u00e9e de lecture estim\u00e9e\" \/>\n\t<meta name=\"twitter:data2\" content=\"2 minutes\" \/>\n<script type=\"application\/ld+json\" class=\"yoast-schema-graph\">{\"@context\":\"https:\/\/schema.org\",\"@graph\":[{\"@type\":\"WebPage\",\"@id\":\"https:\/\/www.ladiagonale.net\/index.php\/2022\/10\/22\/lille-na-pas-encore-trouve-son-rythme\/\",\"url\":\"https:\/\/www.ladiagonale.net\/index.php\/2022\/10\/22\/lille-na-pas-encore-trouve-son-rythme\/\",\"name\":\"Lille n'a pas encore trouv\u00e9 son rythme - La Diagonale\",\"isPartOf\":{\"@id\":\"https:\/\/www.ladiagonale.net\/#website\"},\"datePublished\":\"2022-10-22T05:00:00+00:00\",\"dateModified\":\"2022-10-22T11:22:52+00:00\",\"author\":{\"@id\":\"https:\/\/www.ladiagonale.net\/#\/schema\/person\/79ff1e7b0853ed01b2aa26e64ad300bf\"},\"breadcrumb\":{\"@id\":\"https:\/\/www.ladiagonale.net\/index.php\/2022\/10\/22\/lille-na-pas-encore-trouve-son-rythme\/#breadcrumb\"},\"inLanguage\":\"fr-FR\",\"potentialAction\":[{\"@type\":\"ReadAction\",\"target\":[\"https:\/\/www.ladiagonale.net\/index.php\/2022\/10\/22\/lille-na-pas-encore-trouve-son-rythme\/\"]}]},{\"@type\":\"BreadcrumbList\",\"@id\":\"https:\/\/www.ladiagonale.net\/index.php\/2022\/10\/22\/lille-na-pas-encore-trouve-son-rythme\/#breadcrumb\",\"itemListElement\":[{\"@type\":\"ListItem\",\"position\":1,\"name\":\"Accueil\",\"item\":\"https:\/\/www.ladiagonale.net\/\"},{\"@type\":\"ListItem\",\"position\":2,\"name\":\"Lille n&rsquo;a pas encore trouv\u00e9 son rythme\"}]},{\"@type\":\"WebSite\",\"@id\":\"https:\/\/www.ladiagonale.net\/#website\",\"url\":\"https:\/\/www.ladiagonale.net\/\",\"name\":\"La Diagonale\",\"description\":\"Le site des supporters de l&#039;AS Monaco FC\",\"potentialAction\":[{\"@type\":\"SearchAction\",\"target\":{\"@type\":\"EntryPoint\",\"urlTemplate\":\"https:\/\/www.ladiagonale.net\/?s={search_term_string}\"},\"query-input\":\"required name=search_term_string\"}],\"inLanguage\":\"fr-FR\"},{\"@type\":\"Person\",\"@id\":\"https:\/\/www.ladiagonale.net\/#\/schema\/person\/79ff1e7b0853ed01b2aa26e64ad300bf\",\"name\":\"Damien Dellerba\",\"image\":{\"@type\":\"ImageObject\",\"inLanguage\":\"fr-FR\",\"@id\":\"https:\/\/www.ladiagonale.net\/#\/schema\/person\/image\/\",\"url\":\"https:\/\/secure.gravatar.com\/avatar\/c7850e06d3ff63cdbaee88b7fc16e2f0?s=96&d=mm&r=g\",\"contentUrl\":\"https:\/\/secure.gravatar.com\/avatar\/c7850e06d3ff63cdbaee88b7fc16e2f0?s=96&d=mm&r=g\",\"caption\":\"Damien Dellerba\"},\"url\":\"https:\/\/www.ladiagonale.net\/index.php\/author\/damien\/\"}]}<\/script>\n<!-- \/ Yoast SEO plugin. -->","yoast_head_json":{"title":"Lille n'a pas encore trouv\u00e9 son rythme - La Diagonale","robots":{"index":"index","follow":"follow","max-snippet":"max-snippet:-1","max-image-preview":"max-image-preview:large","max-video-preview":"max-video-preview:-1"},"canonical":"https:\/\/www.ladiagonale.net\/index.php\/2022\/10\/22\/lille-na-pas-encore-trouve-son-rythme\/","og_locale":"fr_FR","og_type":"article","og_title":"Lille n'a pas encore trouv\u00e9 son rythme - La Diagonale","og_description":"Apr\u00e8s son titre acquis lors de la saison 2020-2021, le LOSC a tent\u00e9 le pari Jocelyn Gourvennec pour entamer un nouveau cycle la saison suivante. Pari rat\u00e9 pour les Dogues, puisque le technicien fran\u00e7ais n\u2019est pas all\u00e9 plus loin que sa premi\u00e8re ann\u00e9e de contrat. Il a \u00e9t\u00e9 remplac\u00e9 par Paulo Fonseca au cours de [...]","og_url":"https:\/\/www.ladiagonale.net\/index.php\/2022\/10\/22\/lille-na-pas-encore-trouve-son-rythme\/","og_site_name":"La Diagonale","article_published_time":"2022-10-22T05:00:00+00:00","article_modified_time":"2022-10-22T11:22:52+00:00","og_image":[{"width":2001,"height":1334,"url":"https:\/\/www.ladiagonale.net\/wp-content\/uploads\/2022\/10\/Icon_DIB_160820_11_97.jpg","type":"image\/jpeg"}],"author":"Damien Dellerba","twitter_card":"summary_large_image","twitter_image":"https:\/\/www.ladiagonale.net\/wp-content\/uploads\/2022\/10\/Icon_DIB_160820_11_97.jpg","twitter_misc":{"\u00c9crit par":"Damien Dellerba","Dur\u00e9e de lecture estim\u00e9e":"2 minutes"},"schema":{"@context":"https:\/\/schema.org","@graph":[{"@type":"WebPage","@id":"https:\/\/www.ladiagonale.net\/index.php\/2022\/10\/22\/lille-na-pas-encore-trouve-son-rythme\/","url":"https:\/\/www.ladiagonale.net\/index.php\/2022\/10\/22\/lille-na-pas-encore-trouve-son-rythme\/","name":"Lille n'a pas encore trouv\u00e9 son rythme - La Diagonale","isPartOf":{"@id":"https:\/\/www.ladiagonale.net\/#website"},"datePublished":"2022-10-22T05:00:00+00:00","dateModified":"2022-10-22T11:22:52+00:00","author":{"@id":"https:\/\/www.ladiagonale.net\/#\/schema\/person\/79ff1e7b0853ed01b2aa26e64ad300bf"},"breadcrumb":{"@id":"https:\/\/www.ladiagonale.net\/index.php\/2022\/10\/22\/lille-na-pas-encore-trouve-son-rythme\/#breadcrumb"},"inLanguage":"fr-FR","potentialAction":[{"@type":"ReadAction","target":["https:\/\/www.ladiagonale.net\/index.php\/2022\/10\/22\/lille-na-pas-encore-trouve-son-rythme\/"]}]},{"@type":"BreadcrumbList","@id":"https:\/\/www.ladiagonale.net\/index.php\/2022\/10\/22\/lille-na-pas-encore-trouve-son-rythme\/#breadcrumb","itemListElement":[{"@type":"ListItem","position":1,"name":"Accueil","item":"https:\/\/www.ladiagonale.net\/"},{"@type":"ListItem","position":2,"name":"Lille n&rsquo;a pas encore trouv\u00e9 son rythme"}]},{"@type":"WebSite","@id":"https:\/\/www.ladiagonale.net\/#website","url":"https:\/\/www.ladiagonale.net\/","name":"La Diagonale","description":"Le site des supporters de l&#039;AS Monaco FC","potentialAction":[{"@type":"SearchAction","target":{"@type":"EntryPoint","urlTemplate":"https:\/\/www.ladiagonale.net\/?s={search_term_string}"},"query-input":"required name=search_term_string"}],"inLanguage":"fr-FR"},{"@type":"Person","@id":"https:\/\/www.ladiagonale.net\/#\/schema\/person\/79ff1e7b0853ed01b2aa26e64ad300bf","name":"Damien Dellerba","image":{"@type":"ImageObject","inLanguage":"fr-FR","@id":"https:\/\/www.ladiagonale.net\/#\/schema\/person\/image\/","url":"https:\/\/secure.gravatar.com\/avatar\/c7850e06d3ff63cdbaee88b7fc16e2f0?s=96&d=mm&r=g","contentUrl":"https:\/\/secure.gravatar.com\/avatar\/c7850e06d3ff63cdbaee88b7fc16e2f0?s=96&d=mm&r=g","caption":"Damien Dellerba"},"url":"https:\/\/www.ladiagonale.net\/index.php\/author\/damien\/"}]}},"_links":{"self":[{"href":"https:\/\/www.ladiagonale.net\/index.php\/wp-json\/wp\/v2\/posts\/5884"}],"collection":[{"href":"https:\/\/www.ladiagonale.net\/index.php\/wp-json\/wp\/v2\/posts"}],"about":[{"href":"https:\/\/www.ladiagonale.net\/index.php\/wp-json\/wp\/v2\/types\/post"}],"author":[{"embeddable":true,"href":"https:\/\/www.ladiagonale.net\/index.php\/wp-json\/wp\/v2\/users\/2"}],"replies":[{"embeddable":true,"href":"https:\/\/www.ladiagonale.net\/index.php\/wp-json\/wp\/v2\/comments?post=5884"}],"version-history":[{"count":2,"href":"https:\/\/www.ladiagonale.net\/index.php\/wp-json\/wp\/v2\/posts\/5884\/revisions"}],"predecessor-version":[{"id":5889,"href":"https:\/\/www.ladiagonale.net\/index.php\/wp-json\/wp\/v2\/posts\/5884\/revisions\/5889"}],"wp:attachment":[{"href":"https:\/\/www.ladiagonale.net\/index.php\/wp-json\/wp\/v2\/media?parent=5884"}],"wp:term":[{"taxonomy":"category","embeddable":true,"href":"https:\/\/www.ladiagonale.net\/index.php\/wp-json\/wp\/v2\/categories?post=5884"},{"taxonomy":"post_tag","embeddable":true,"href":"https:\/\/www.ladiagonale.net\/index.php\/wp-json\/wp\/v2\/tags?post=5884"}],"curies":[{"name":"wp","href":"https:\/\/api.w.org\/{rel}","templated":true}]}}