{"id":5940,"date":"2022-10-24T04:12:50","date_gmt":"2022-10-24T02:12:50","guid":{"rendered":"https:\/\/www.ladiagonale.net\/?p=5940"},"modified":"2022-10-26T12:46:01","modified_gmt":"2022-10-26T10:46:01","slug":"les-u17-maintiennent-la-cadence","status":"publish","type":"post","link":"https:\/\/www.ladiagonale.net\/index.php\/2022\/10\/24\/les-u17-maintiennent-la-cadence\/","title":{"rendered":"Les U17 maintiennent la cadence"},"content":{"rendered":"\n\n\n<p>Les U17 de Manu Dos Santos poursuivent leur cavalier seul en t\u00eate du classement du championnat national. Les jeunes pousses as\u00e9mistes se sont impos\u00e9es face \u00e0 Lyon-La Duch\u00e8re (4-1) gr\u00e2ce notamment \u00e0 un nouveau doubl\u00e9 de Nacim Dendani, son cinqui\u00e8me en huit matchs. Malick Sylla et Kenan Moulangou sont les autres buteurs mon\u00e9gasques. <\/p>\n\n\n\n<p class=\"has-white-color has-text-color has-background\" style=\"background-color:#929292\"><a href=\"https:\/\/www.ladiagonale.net\/index.php\/event\/monaco-u17-lyon-la-duchere-u17\/\">Voir la feuille de match<\/a><\/p>\n\n\n\n<p>Malgr\u00e9 le score flatteur, les Mon\u00e9gasques ont mis du temps \u00e0 valider ce succ\u00e8s apr\u00e8s l&rsquo;ouverture du score de Sylla en premi\u00e8re p\u00e9riode (35e). Les Lyonnais ont \u00e9galis\u00e9 \u00e0 la 71e minutes et il a fallu attendre la 78e minute pour voir l&rsquo;ASM inscrire le deuxi\u00e8me but par Dendani avant que tout s&rsquo;encha\u00eene en fin de rencontre. <\/p>\n\n\n\n<p>Gr\u00e2ce \u00e0 ce septi\u00e8me succ\u00e8s cons\u00e9cutif, Monaco continue de carburer en t\u00eate du groupe avec 24 points. Son dauphin Saint-\u00c9tienne se trouve \u00e0 quatre longueurs. Pour la 10e journ\u00e9e, Monaco se d\u00e9placera sur la pelouse de l&rsquo;ASPTT Marseille dimanche (15h).<\/p>\n\n\n\n<p class=\"has-white-color has-text-color has-background\" style=\"background-color:#929292\"><a href=\"https:\/\/www.ladiagonale.net\/index.php\/u17-classement\/\">Voir le classement complet<\/a><\/p>\n","protected":false},"excerpt":{"rendered":"<p>Les U17 de Manu Dos Santos poursuivent leur cavalier seul en t\u00eate du classement du championnat national. Les jeunes pousses as\u00e9mistes se sont impos\u00e9es face \u00e0 Lyon-La Duch\u00e8re (4-1) gr\u00e2ce notamment \u00e0 un nouveau doubl\u00e9 de Nacim Dendani, son cinqui\u00e8me en huit matchs. Malick Sylla et Kenan Moulangou sont les autres buteurs mon\u00e9gasques. Voir la [&#8230;]\n","protected":false},"author":2,"featured_media":0,"comment_status":"open","ping_status":"open","sticky":false,"template":"","format":"standard","meta":[],"categories":[6],"tags":[76,86,130],"yoast_head":"<!-- This site is optimized with the Yoast SEO plugin v19.8 - https:\/\/yoast.com\/wordpress\/plugins\/seo\/ -->\n<title>Les U17 maintiennent la cadence - La Diagonale<\/title>\n<meta name=\"robots\" content=\"index, follow, max-snippet:-1, max-image-preview:large, max-video-preview:-1\" \/>\n<link rel=\"canonical\" href=\"https:\/\/www.ladiagonale.net\/index.php\/2022\/10\/24\/les-u17-maintiennent-la-cadence\/\" \/>\n<meta property=\"og:locale\" content=\"fr_FR\" \/>\n<meta property=\"og:type\" content=\"article\" \/>\n<meta property=\"og:title\" content=\"Les U17 maintiennent la cadence - La Diagonale\" \/>\n<meta property=\"og:description\" content=\"Les U17 de Manu Dos Santos poursuivent leur cavalier seul en t\u00eate du classement du championnat national. Les jeunes pousses as\u00e9mistes se sont impos\u00e9es face \u00e0 Lyon-La Duch\u00e8re (4-1) gr\u00e2ce notamment \u00e0 un nouveau doubl\u00e9 de Nacim Dendani, son cinqui\u00e8me en huit matchs. Malick Sylla et Kenan Moulangou sont les autres buteurs mon\u00e9gasques. Voir la [...]\" \/>\n<meta property=\"og:url\" content=\"https:\/\/www.ladiagonale.net\/index.php\/2022\/10\/24\/les-u17-maintiennent-la-cadence\/\" \/>\n<meta property=\"og:site_name\" content=\"La Diagonale\" \/>\n<meta property=\"article:published_time\" content=\"2022-10-24T02:12:50+00:00\" \/>\n<meta property=\"article:modified_time\" content=\"2022-10-26T10:46:01+00:00\" \/>\n<meta name=\"author\" content=\"Damien Dellerba\" \/>\n<meta name=\"twitter:card\" content=\"summary_large_image\" \/>\n<meta name=\"twitter:label1\" content=\"\u00c9crit par\" \/>\n\t<meta name=\"twitter:data1\" content=\"Damien Dellerba\" \/>\n\t<meta name=\"twitter:label2\" content=\"Dur\u00e9e de lecture estim\u00e9e\" \/>\n\t<meta name=\"twitter:data2\" content=\"1 minute\" \/>\n<script type=\"application\/ld+json\" class=\"yoast-schema-graph\">{\"@context\":\"https:\/\/schema.org\",\"@graph\":[{\"@type\":\"WebPage\",\"@id\":\"https:\/\/www.ladiagonale.net\/index.php\/2022\/10\/24\/les-u17-maintiennent-la-cadence\/\",\"url\":\"https:\/\/www.ladiagonale.net\/index.php\/2022\/10\/24\/les-u17-maintiennent-la-cadence\/\",\"name\":\"Les U17 maintiennent la cadence - La Diagonale\",\"isPartOf\":{\"@id\":\"https:\/\/www.ladiagonale.net\/#website\"},\"datePublished\":\"2022-10-24T02:12:50+00:00\",\"dateModified\":\"2022-10-26T10:46:01+00:00\",\"author\":{\"@id\":\"https:\/\/www.ladiagonale.net\/#\/schema\/person\/79ff1e7b0853ed01b2aa26e64ad300bf\"},\"breadcrumb\":{\"@id\":\"https:\/\/www.ladiagonale.net\/index.php\/2022\/10\/24\/les-u17-maintiennent-la-cadence\/#breadcrumb\"},\"inLanguage\":\"fr-FR\",\"potentialAction\":[{\"@type\":\"ReadAction\",\"target\":[\"https:\/\/www.ladiagonale.net\/index.php\/2022\/10\/24\/les-u17-maintiennent-la-cadence\/\"]}]},{\"@type\":\"BreadcrumbList\",\"@id\":\"https:\/\/www.ladiagonale.net\/index.php\/2022\/10\/24\/les-u17-maintiennent-la-cadence\/#breadcrumb\",\"itemListElement\":[{\"@type\":\"ListItem\",\"position\":1,\"name\":\"Accueil\",\"item\":\"https:\/\/www.ladiagonale.net\/\"},{\"@type\":\"ListItem\",\"position\":2,\"name\":\"Les U17 maintiennent la cadence\"}]},{\"@type\":\"WebSite\",\"@id\":\"https:\/\/www.ladiagonale.net\/#website\",\"url\":\"https:\/\/www.ladiagonale.net\/\",\"name\":\"La Diagonale\",\"description\":\"Le site des supporters de l&#039;AS Monaco FC\",\"potentialAction\":[{\"@type\":\"SearchAction\",\"target\":{\"@type\":\"EntryPoint\",\"urlTemplate\":\"https:\/\/www.ladiagonale.net\/?s={search_term_string}\"},\"query-input\":\"required name=search_term_string\"}],\"inLanguage\":\"fr-FR\"},{\"@type\":\"Person\",\"@id\":\"https:\/\/www.ladiagonale.net\/#\/schema\/person\/79ff1e7b0853ed01b2aa26e64ad300bf\",\"name\":\"Damien Dellerba\",\"image\":{\"@type\":\"ImageObject\",\"inLanguage\":\"fr-FR\",\"@id\":\"https:\/\/www.ladiagonale.net\/#\/schema\/person\/image\/\",\"url\":\"https:\/\/secure.gravatar.com\/avatar\/c7850e06d3ff63cdbaee88b7fc16e2f0?s=96&d=mm&r=g\",\"contentUrl\":\"https:\/\/secure.gravatar.com\/avatar\/c7850e06d3ff63cdbaee88b7fc16e2f0?s=96&d=mm&r=g\",\"caption\":\"Damien Dellerba\"},\"url\":\"https:\/\/www.ladiagonale.net\/index.php\/author\/damien\/\"}]}<\/script>\n<!-- \/ Yoast SEO plugin. -->","yoast_head_json":{"title":"Les U17 maintiennent la cadence - La Diagonale","robots":{"index":"index","follow":"follow","max-snippet":"max-snippet:-1","max-image-preview":"max-image-preview:large","max-video-preview":"max-video-preview:-1"},"canonical":"https:\/\/www.ladiagonale.net\/index.php\/2022\/10\/24\/les-u17-maintiennent-la-cadence\/","og_locale":"fr_FR","og_type":"article","og_title":"Les U17 maintiennent la cadence - La Diagonale","og_description":"Les U17 de Manu Dos Santos poursuivent leur cavalier seul en t\u00eate du classement du championnat national. Les jeunes pousses as\u00e9mistes se sont impos\u00e9es face \u00e0 Lyon-La Duch\u00e8re (4-1) gr\u00e2ce notamment \u00e0 un nouveau doubl\u00e9 de Nacim Dendani, son cinqui\u00e8me en huit matchs. Malick Sylla et Kenan Moulangou sont les autres buteurs mon\u00e9gasques. Voir la [...]","og_url":"https:\/\/www.ladiagonale.net\/index.php\/2022\/10\/24\/les-u17-maintiennent-la-cadence\/","og_site_name":"La Diagonale","article_published_time":"2022-10-24T02:12:50+00:00","article_modified_time":"2022-10-26T10:46:01+00:00","author":"Damien Dellerba","twitter_card":"summary_large_image","twitter_misc":{"\u00c9crit par":"Damien Dellerba","Dur\u00e9e de lecture estim\u00e9e":"1 minute"},"schema":{"@context":"https:\/\/schema.org","@graph":[{"@type":"WebPage","@id":"https:\/\/www.ladiagonale.net\/index.php\/2022\/10\/24\/les-u17-maintiennent-la-cadence\/","url":"https:\/\/www.ladiagonale.net\/index.php\/2022\/10\/24\/les-u17-maintiennent-la-cadence\/","name":"Les U17 maintiennent la cadence - La Diagonale","isPartOf":{"@id":"https:\/\/www.ladiagonale.net\/#website"},"datePublished":"2022-10-24T02:12:50+00:00","dateModified":"2022-10-26T10:46:01+00:00","author":{"@id":"https:\/\/www.ladiagonale.net\/#\/schema\/person\/79ff1e7b0853ed01b2aa26e64ad300bf"},"breadcrumb":{"@id":"https:\/\/www.ladiagonale.net\/index.php\/2022\/10\/24\/les-u17-maintiennent-la-cadence\/#breadcrumb"},"inLanguage":"fr-FR","potentialAction":[{"@type":"ReadAction","target":["https:\/\/www.ladiagonale.net\/index.php\/2022\/10\/24\/les-u17-maintiennent-la-cadence\/"]}]},{"@type":"BreadcrumbList","@id":"https:\/\/www.ladiagonale.net\/index.php\/2022\/10\/24\/les-u17-maintiennent-la-cadence\/#breadcrumb","itemListElement":[{"@type":"ListItem","position":1,"name":"Accueil","item":"https:\/\/www.ladiagonale.net\/"},{"@type":"ListItem","position":2,"name":"Les U17 maintiennent la cadence"}]},{"@type":"WebSite","@id":"https:\/\/www.ladiagonale.net\/#website","url":"https:\/\/www.ladiagonale.net\/","name":"La Diagonale","description":"Le site des supporters de l&#039;AS Monaco FC","potentialAction":[{"@type":"SearchAction","target":{"@type":"EntryPoint","urlTemplate":"https:\/\/www.ladiagonale.net\/?s={search_term_string}"},"query-input":"required name=search_term_string"}],"inLanguage":"fr-FR"},{"@type":"Person","@id":"https:\/\/www.ladiagonale.net\/#\/schema\/person\/79ff1e7b0853ed01b2aa26e64ad300bf","name":"Damien Dellerba","image":{"@type":"ImageObject","inLanguage":"fr-FR","@id":"https:\/\/www.ladiagonale.net\/#\/schema\/person\/image\/","url":"https:\/\/secure.gravatar.com\/avatar\/c7850e06d3ff63cdbaee88b7fc16e2f0?s=96&d=mm&r=g","contentUrl":"https:\/\/secure.gravatar.com\/avatar\/c7850e06d3ff63cdbaee88b7fc16e2f0?s=96&d=mm&r=g","caption":"Damien Dellerba"},"url":"https:\/\/www.ladiagonale.net\/index.php\/author\/damien\/"}]}},"_links":{"self":[{"href":"https:\/\/www.ladiagonale.net\/index.php\/wp-json\/wp\/v2\/posts\/5940"}],"collection":[{"href":"https:\/\/www.ladiagonale.net\/index.php\/wp-json\/wp\/v2\/posts"}],"about":[{"href":"https:\/\/www.ladiagonale.net\/index.php\/wp-json\/wp\/v2\/types\/post"}],"author":[{"embeddable":true,"href":"https:\/\/www.ladiagonale.net\/index.php\/wp-json\/wp\/v2\/users\/2"}],"replies":[{"embeddable":true,"href":"https:\/\/www.ladiagonale.net\/index.php\/wp-json\/wp\/v2\/comments?post=5940"}],"version-history":[{"count":2,"href":"https:\/\/www.ladiagonale.net\/index.php\/wp-json\/wp\/v2\/posts\/5940\/revisions"}],"predecessor-version":[{"id":5995,"href":"https:\/\/www.ladiagonale.net\/index.php\/wp-json\/wp\/v2\/posts\/5940\/revisions\/5995"}],"wp:attachment":[{"href":"https:\/\/www.ladiagonale.net\/index.php\/wp-json\/wp\/v2\/media?parent=5940"}],"wp:term":[{"taxonomy":"category","embeddable":true,"href":"https:\/\/www.ladiagonale.net\/index.php\/wp-json\/wp\/v2\/categories?post=5940"},{"taxonomy":"post_tag","embeddable":true,"href":"https:\/\/www.ladiagonale.net\/index.php\/wp-json\/wp\/v2\/tags?post=5940"}],"curies":[{"name":"wp","href":"https:\/\/api.w.org\/{rel}","templated":true}]}}