{"id":5996,"date":"2022-10-24T11:25:49","date_gmt":"2022-10-24T09:25:49","guid":{"rendered":"https:\/\/www.ladiagonale.net\/?p=5996"},"modified":"2022-10-24T11:25:52","modified_gmt":"2022-10-24T09:25:52","slug":"fonseca-cela-aurait-ete-dur-de-ne-pas-gagner","status":"publish","type":"post","link":"https:\/\/www.ladiagonale.net\/index.php\/2022\/10\/24\/fonseca-cela-aurait-ete-dur-de-ne-pas-gagner\/","title":{"rendered":"Fonseca : \u00ab\u00a0Cela aurait \u00e9t\u00e9 dur de ne pas gagner\u00a0\u00bb"},"content":{"rendered":"\n\n\n<p>Au micro de <em>Prime Video<\/em>, l\u2019entra\u00eeneur de Lille Paulo Fonseca a estim\u00e9 que la victoire de son \u00e9quipe face \u00e0 Monaco \u00e9tait logique : \u00ab\u00a0<em>Je pense qu\u2019on a fait un match incroyable. Cela aurait \u00e9t\u00e9 vraiment dur de ne pas gagner. Jouer comme \u00e7a contre Monaco, avec la qualit\u00e9 des joueurs en face, ce n\u2019est pas facile.<\/em>\u00a0\u00bb<\/p>\n\n\n\n<p>Le coach portugais a salu\u00e9 l\u2019esprit de reconqu\u00eate de ses joueurs : \u00ab\u00a0<em>Quand ils ont marqu\u00e9 le troisi\u00e8me but, on a eu la capacit\u00e9 de continuer \u00e0 y croire et on a m\u00eame eu plein d\u2019opportunit\u00e9s pour marquer des buts.\u00a0\u00bb <\/em>Et pour lui, Lille a \u00e9t\u00e9 constant dans les deux mi-temps :<em> \u00ab Les deux p\u00e9riodes ont \u00e9t\u00e9 bonnes. On a jou\u00e9 avec de la personnalit\u00e9, de la confiance, on a su cr\u00e9er des probl\u00e8mes \u00e0 Monaco.<\/em>\u00a0\u00bb<\/p>\n\n\n\n<p>Quant aux buts encaiss\u00e9s, deux d\u2019entre eux sont plut\u00f4t malchanceux et cons\u00e9cutifs \u00e0 des erreurs individuelles, notamment le but de Ben Yedder. Mais pour Fonseca, c\u2019est li\u00e9 \u00e0 sa philosophie de jeu : \u00ab\u00a0<em>Je suis responsable de cette fa\u00e7on de jouer. Parfois on fait des erreurs mais on gagne plus en prenant des risques. On ne veut pas \u00eatre une \u00e9quipe qui ne joue pas, qui attend les seconds ballons.<\/em>\u00a0\u00bb<\/p>\n","protected":false},"excerpt":{"rendered":"<p>Au micro de Prime Video, l\u2019entra\u00eeneur de Lille Paulo Fonseca a estim\u00e9 que la victoire de son \u00e9quipe face \u00e0 Monaco \u00e9tait logique : \u00ab\u00a0Je pense qu\u2019on a fait un match incroyable. Cela aurait \u00e9t\u00e9 vraiment dur de ne pas gagner. Jouer comme \u00e7a contre Monaco, avec la qualit\u00e9 des joueurs en face, ce n\u2019est [&#8230;]\n","protected":false},"author":2,"featured_media":0,"comment_status":"open","ping_status":"open","sticky":false,"template":"","format":"standard","meta":[],"categories":[6],"tags":[86,94,246,263],"yoast_head":"<!-- This site is optimized with the Yoast SEO plugin v19.8 - https:\/\/yoast.com\/wordpress\/plugins\/seo\/ -->\n<title>Fonseca : \u00ab\u00a0Cela aurait \u00e9t\u00e9 dur de ne pas gagner\u00a0\u00bb - La Diagonale<\/title>\n<meta name=\"robots\" content=\"index, follow, max-snippet:-1, max-image-preview:large, max-video-preview:-1\" \/>\n<link rel=\"canonical\" href=\"https:\/\/www.ladiagonale.net\/index.php\/2022\/10\/24\/fonseca-cela-aurait-ete-dur-de-ne-pas-gagner\/\" \/>\n<meta property=\"og:locale\" content=\"fr_FR\" \/>\n<meta property=\"og:type\" content=\"article\" \/>\n<meta property=\"og:title\" content=\"Fonseca : \u00ab\u00a0Cela aurait \u00e9t\u00e9 dur de ne pas gagner\u00a0\u00bb - La Diagonale\" \/>\n<meta property=\"og:description\" content=\"Au micro de Prime Video, l\u2019entra\u00eeneur de Lille Paulo Fonseca a estim\u00e9 que la victoire de son \u00e9quipe face \u00e0 Monaco \u00e9tait logique : \u00ab\u00a0Je pense qu\u2019on a fait un match incroyable. Cela aurait \u00e9t\u00e9 vraiment dur de ne pas gagner. Jouer comme \u00e7a contre Monaco, avec la qualit\u00e9 des joueurs en face, ce n\u2019est [...]\" \/>\n<meta property=\"og:url\" content=\"https:\/\/www.ladiagonale.net\/index.php\/2022\/10\/24\/fonseca-cela-aurait-ete-dur-de-ne-pas-gagner\/\" \/>\n<meta property=\"og:site_name\" content=\"La Diagonale\" \/>\n<meta property=\"article:published_time\" content=\"2022-10-24T09:25:49+00:00\" \/>\n<meta property=\"article:modified_time\" content=\"2022-10-24T09:25:52+00:00\" \/>\n<meta name=\"author\" content=\"Damien Dellerba\" \/>\n<meta name=\"twitter:card\" content=\"summary_large_image\" \/>\n<meta name=\"twitter:label1\" content=\"\u00c9crit par\" \/>\n\t<meta name=\"twitter:data1\" content=\"Damien Dellerba\" \/>\n\t<meta name=\"twitter:label2\" content=\"Dur\u00e9e de lecture estim\u00e9e\" \/>\n\t<meta name=\"twitter:data2\" content=\"2 minutes\" \/>\n<script type=\"application\/ld+json\" class=\"yoast-schema-graph\">{\"@context\":\"https:\/\/schema.org\",\"@graph\":[{\"@type\":\"WebPage\",\"@id\":\"https:\/\/www.ladiagonale.net\/index.php\/2022\/10\/24\/fonseca-cela-aurait-ete-dur-de-ne-pas-gagner\/\",\"url\":\"https:\/\/www.ladiagonale.net\/index.php\/2022\/10\/24\/fonseca-cela-aurait-ete-dur-de-ne-pas-gagner\/\",\"name\":\"Fonseca : \u00ab\u00a0Cela aurait \u00e9t\u00e9 dur de ne pas gagner\u00a0\u00bb - La Diagonale\",\"isPartOf\":{\"@id\":\"https:\/\/www.ladiagonale.net\/#website\"},\"datePublished\":\"2022-10-24T09:25:49+00:00\",\"dateModified\":\"2022-10-24T09:25:52+00:00\",\"author\":{\"@id\":\"https:\/\/www.ladiagonale.net\/#\/schema\/person\/79ff1e7b0853ed01b2aa26e64ad300bf\"},\"breadcrumb\":{\"@id\":\"https:\/\/www.ladiagonale.net\/index.php\/2022\/10\/24\/fonseca-cela-aurait-ete-dur-de-ne-pas-gagner\/#breadcrumb\"},\"inLanguage\":\"fr-FR\",\"potentialAction\":[{\"@type\":\"ReadAction\",\"target\":[\"https:\/\/www.ladiagonale.net\/index.php\/2022\/10\/24\/fonseca-cela-aurait-ete-dur-de-ne-pas-gagner\/\"]}]},{\"@type\":\"BreadcrumbList\",\"@id\":\"https:\/\/www.ladiagonale.net\/index.php\/2022\/10\/24\/fonseca-cela-aurait-ete-dur-de-ne-pas-gagner\/#breadcrumb\",\"itemListElement\":[{\"@type\":\"ListItem\",\"position\":1,\"name\":\"Accueil\",\"item\":\"https:\/\/www.ladiagonale.net\/\"},{\"@type\":\"ListItem\",\"position\":2,\"name\":\"Fonseca : \u00ab\u00a0Cela aurait \u00e9t\u00e9 dur de ne pas gagner\u00a0\u00bb\"}]},{\"@type\":\"WebSite\",\"@id\":\"https:\/\/www.ladiagonale.net\/#website\",\"url\":\"https:\/\/www.ladiagonale.net\/\",\"name\":\"La Diagonale\",\"description\":\"Le site des supporters de l&#039;AS Monaco FC\",\"potentialAction\":[{\"@type\":\"SearchAction\",\"target\":{\"@type\":\"EntryPoint\",\"urlTemplate\":\"https:\/\/www.ladiagonale.net\/?s={search_term_string}\"},\"query-input\":\"required name=search_term_string\"}],\"inLanguage\":\"fr-FR\"},{\"@type\":\"Person\",\"@id\":\"https:\/\/www.ladiagonale.net\/#\/schema\/person\/79ff1e7b0853ed01b2aa26e64ad300bf\",\"name\":\"Damien Dellerba\",\"image\":{\"@type\":\"ImageObject\",\"inLanguage\":\"fr-FR\",\"@id\":\"https:\/\/www.ladiagonale.net\/#\/schema\/person\/image\/\",\"url\":\"https:\/\/secure.gravatar.com\/avatar\/c7850e06d3ff63cdbaee88b7fc16e2f0?s=96&d=mm&r=g\",\"contentUrl\":\"https:\/\/secure.gravatar.com\/avatar\/c7850e06d3ff63cdbaee88b7fc16e2f0?s=96&d=mm&r=g\",\"caption\":\"Damien Dellerba\"},\"url\":\"https:\/\/www.ladiagonale.net\/index.php\/author\/damien\/\"}]}<\/script>\n<!-- \/ Yoast SEO plugin. -->","yoast_head_json":{"title":"Fonseca : \u00ab\u00a0Cela aurait \u00e9t\u00e9 dur de ne pas gagner\u00a0\u00bb - La Diagonale","robots":{"index":"index","follow":"follow","max-snippet":"max-snippet:-1","max-image-preview":"max-image-preview:large","max-video-preview":"max-video-preview:-1"},"canonical":"https:\/\/www.ladiagonale.net\/index.php\/2022\/10\/24\/fonseca-cela-aurait-ete-dur-de-ne-pas-gagner\/","og_locale":"fr_FR","og_type":"article","og_title":"Fonseca : \u00ab\u00a0Cela aurait \u00e9t\u00e9 dur de ne pas gagner\u00a0\u00bb - La Diagonale","og_description":"Au micro de Prime Video, l\u2019entra\u00eeneur de Lille Paulo Fonseca a estim\u00e9 que la victoire de son \u00e9quipe face \u00e0 Monaco \u00e9tait logique : \u00ab\u00a0Je pense qu\u2019on a fait un match incroyable. Cela aurait \u00e9t\u00e9 vraiment dur de ne pas gagner. Jouer comme \u00e7a contre Monaco, avec la qualit\u00e9 des joueurs en face, ce n\u2019est [...]","og_url":"https:\/\/www.ladiagonale.net\/index.php\/2022\/10\/24\/fonseca-cela-aurait-ete-dur-de-ne-pas-gagner\/","og_site_name":"La Diagonale","article_published_time":"2022-10-24T09:25:49+00:00","article_modified_time":"2022-10-24T09:25:52+00:00","author":"Damien Dellerba","twitter_card":"summary_large_image","twitter_misc":{"\u00c9crit par":"Damien Dellerba","Dur\u00e9e de lecture estim\u00e9e":"2 minutes"},"schema":{"@context":"https:\/\/schema.org","@graph":[{"@type":"WebPage","@id":"https:\/\/www.ladiagonale.net\/index.php\/2022\/10\/24\/fonseca-cela-aurait-ete-dur-de-ne-pas-gagner\/","url":"https:\/\/www.ladiagonale.net\/index.php\/2022\/10\/24\/fonseca-cela-aurait-ete-dur-de-ne-pas-gagner\/","name":"Fonseca : \u00ab\u00a0Cela aurait \u00e9t\u00e9 dur de ne pas gagner\u00a0\u00bb - La Diagonale","isPartOf":{"@id":"https:\/\/www.ladiagonale.net\/#website"},"datePublished":"2022-10-24T09:25:49+00:00","dateModified":"2022-10-24T09:25:52+00:00","author":{"@id":"https:\/\/www.ladiagonale.net\/#\/schema\/person\/79ff1e7b0853ed01b2aa26e64ad300bf"},"breadcrumb":{"@id":"https:\/\/www.ladiagonale.net\/index.php\/2022\/10\/24\/fonseca-cela-aurait-ete-dur-de-ne-pas-gagner\/#breadcrumb"},"inLanguage":"fr-FR","potentialAction":[{"@type":"ReadAction","target":["https:\/\/www.ladiagonale.net\/index.php\/2022\/10\/24\/fonseca-cela-aurait-ete-dur-de-ne-pas-gagner\/"]}]},{"@type":"BreadcrumbList","@id":"https:\/\/www.ladiagonale.net\/index.php\/2022\/10\/24\/fonseca-cela-aurait-ete-dur-de-ne-pas-gagner\/#breadcrumb","itemListElement":[{"@type":"ListItem","position":1,"name":"Accueil","item":"https:\/\/www.ladiagonale.net\/"},{"@type":"ListItem","position":2,"name":"Fonseca : \u00ab\u00a0Cela aurait \u00e9t\u00e9 dur de ne pas gagner\u00a0\u00bb"}]},{"@type":"WebSite","@id":"https:\/\/www.ladiagonale.net\/#website","url":"https:\/\/www.ladiagonale.net\/","name":"La Diagonale","description":"Le site des supporters de l&#039;AS Monaco FC","potentialAction":[{"@type":"SearchAction","target":{"@type":"EntryPoint","urlTemplate":"https:\/\/www.ladiagonale.net\/?s={search_term_string}"},"query-input":"required name=search_term_string"}],"inLanguage":"fr-FR"},{"@type":"Person","@id":"https:\/\/www.ladiagonale.net\/#\/schema\/person\/79ff1e7b0853ed01b2aa26e64ad300bf","name":"Damien Dellerba","image":{"@type":"ImageObject","inLanguage":"fr-FR","@id":"https:\/\/www.ladiagonale.net\/#\/schema\/person\/image\/","url":"https:\/\/secure.gravatar.com\/avatar\/c7850e06d3ff63cdbaee88b7fc16e2f0?s=96&d=mm&r=g","contentUrl":"https:\/\/secure.gravatar.com\/avatar\/c7850e06d3ff63cdbaee88b7fc16e2f0?s=96&d=mm&r=g","caption":"Damien Dellerba"},"url":"https:\/\/www.ladiagonale.net\/index.php\/author\/damien\/"}]}},"_links":{"self":[{"href":"https:\/\/www.ladiagonale.net\/index.php\/wp-json\/wp\/v2\/posts\/5996"}],"collection":[{"href":"https:\/\/www.ladiagonale.net\/index.php\/wp-json\/wp\/v2\/posts"}],"about":[{"href":"https:\/\/www.ladiagonale.net\/index.php\/wp-json\/wp\/v2\/types\/post"}],"author":[{"embeddable":true,"href":"https:\/\/www.ladiagonale.net\/index.php\/wp-json\/wp\/v2\/users\/2"}],"replies":[{"embeddable":true,"href":"https:\/\/www.ladiagonale.net\/index.php\/wp-json\/wp\/v2\/comments?post=5996"}],"version-history":[{"count":1,"href":"https:\/\/www.ladiagonale.net\/index.php\/wp-json\/wp\/v2\/posts\/5996\/revisions"}],"predecessor-version":[{"id":5997,"href":"https:\/\/www.ladiagonale.net\/index.php\/wp-json\/wp\/v2\/posts\/5996\/revisions\/5997"}],"wp:attachment":[{"href":"https:\/\/www.ladiagonale.net\/index.php\/wp-json\/wp\/v2\/media?parent=5996"}],"wp:term":[{"taxonomy":"category","embeddable":true,"href":"https:\/\/www.ladiagonale.net\/index.php\/wp-json\/wp\/v2\/categories?post=5996"},{"taxonomy":"post_tag","embeddable":true,"href":"https:\/\/www.ladiagonale.net\/index.php\/wp-json\/wp\/v2\/tags?post=5996"}],"curies":[{"name":"wp","href":"https:\/\/api.w.org\/{rel}","templated":true}]}}