{"id":6141,"date":"2022-11-01T14:17:00","date_gmt":"2022-11-01T13:17:00","guid":{"rendered":"https:\/\/www.ladiagonale.net\/?p=6141"},"modified":"2022-11-01T14:23:45","modified_gmt":"2022-11-01T13:23:45","slug":"monaco-qualifie-en-barrages-si","status":"publish","type":"post","link":"https:\/\/www.ladiagonale.net\/index.php\/2022\/11\/01\/monaco-qualifie-en-barrages-si\/","title":{"rendered":"Monaco qualifi\u00e9 en barrages si&#8230;"},"content":{"rendered":"\n\n\n<p>Avant la derni\u00e8re journ\u00e9e de la phase de groupes de Ligue Europa, Monaco pointe \u00e0 la deuxi\u00e8me place mais ne peut plus esp\u00e9rer la premi\u00e8re, directement qualificative pour les huiti\u00e8mes de finale. Ferencvaros poss\u00e8de trois points d&rsquo;avance et est assur\u00e9 de rester devant l&rsquo;ASM gr\u00e2ce aux confrontations directes, avec le match nul de ce jeudi (1-1) et sa victoire \u00e0 l&rsquo;aller en Principaut\u00e9 (0-1).<\/p>\n\n\n\n<p>Les Mon\u00e9gasques ne peuvent d\u00e9sormais plus viser qu&rsquo;un statu quo, avec cette deuxi\u00e8me place synonyme de barrage aller-retour contre un troisi\u00e8me de groupe de Ligue des champions. Pour cela, plusieurs sc\u00e9narios sont possibles :<\/p>\n\n\n\n<ul><li>une victoire contre l\u2019\u00c9toile Rouge Belgrade jeudi prochain assurerait ce strapontin.<\/li><li>en cas de match nul, Monaco devra esp\u00e9rer que Trabzonspor, dans le m\u00eame temps, ne batte pas Ferencvaros.<\/li><\/ul>\n\n\n\n<p>Si le r\u00e9sultat en Turquie n&rsquo;\u00e9tait alors pas favorable ou si les joueurs de Philippe Clement venaient \u00e0 s&rsquo;incliner face aux Serbes pour conclure, ils quitteraient la Ligue Europa. Mais ils pourraient conserver un avenir europ\u00e9en si Trabzonspor perdait \u00e9galement. Les Rouge et Blanc seraient alors revers\u00e9s en barrages de Ligue Europa Conf\u00e9rence, face \u00e0 un deuxi\u00e8me de groupe de cette comp\u00e9tition. En revanche, une d\u00e9faite de Monaco combin\u00e9e \u00e0 une victoire ou un nul des Turcs condamnerait l&rsquo;ASM \u00e0 une \u00e9limination de toutes les joutes continentales.<\/p>\n\n\n\n<p>Photo : <em>AS Monaco<\/em><\/p>\n","protected":false},"excerpt":{"rendered":"<p>Avant la derni\u00e8re journ\u00e9e de la phase de groupes de Ligue Europa, Monaco pointe \u00e0 la deuxi\u00e8me place mais ne peut plus esp\u00e9rer la premi\u00e8re, directement qualificative pour les huiti\u00e8mes de finale. Ferencvaros poss\u00e8de trois points d&rsquo;avance et est assur\u00e9 de rester devant l&rsquo;ASM gr\u00e2ce aux confrontations directes, avec le match nul de ce jeudi [&#8230;]\n","protected":false},"author":2,"featured_media":5268,"comment_status":"open","ping_status":"open","sticky":false,"template":"","format":"standard","meta":[],"categories":[5,6],"tags":[86,224],"yoast_head":"<!-- This site is optimized with the Yoast SEO plugin v19.8 - https:\/\/yoast.com\/wordpress\/plugins\/seo\/ -->\n<title>Monaco qualifi\u00e9 en barrages si... - La Diagonale<\/title>\n<meta name=\"robots\" content=\"index, follow, max-snippet:-1, max-image-preview:large, max-video-preview:-1\" \/>\n<link rel=\"canonical\" href=\"https:\/\/www.ladiagonale.net\/index.php\/2022\/11\/01\/monaco-qualifie-en-barrages-si\/\" \/>\n<meta property=\"og:locale\" content=\"fr_FR\" \/>\n<meta property=\"og:type\" content=\"article\" \/>\n<meta property=\"og:title\" content=\"Monaco qualifi\u00e9 en barrages si... - La Diagonale\" \/>\n<meta property=\"og:description\" content=\"Avant la derni\u00e8re journ\u00e9e de la phase de groupes de Ligue Europa, Monaco pointe \u00e0 la deuxi\u00e8me place mais ne peut plus esp\u00e9rer la premi\u00e8re, directement qualificative pour les huiti\u00e8mes de finale. Ferencvaros poss\u00e8de trois points d&rsquo;avance et est assur\u00e9 de rester devant l&rsquo;ASM gr\u00e2ce aux confrontations directes, avec le match nul de ce jeudi [...]\" \/>\n<meta property=\"og:url\" content=\"https:\/\/www.ladiagonale.net\/index.php\/2022\/11\/01\/monaco-qualifie-en-barrages-si\/\" \/>\n<meta property=\"og:site_name\" content=\"La Diagonale\" \/>\n<meta property=\"article:published_time\" content=\"2022-11-01T13:17:00+00:00\" \/>\n<meta property=\"article:modified_time\" content=\"2022-11-01T13:23:45+00:00\" \/>\n<meta property=\"og:image\" content=\"https:\/\/www.ladiagonale.net\/wp-content\/uploads\/2022\/10\/media-2130772-1809419-1160x650-1.jpg\" \/>\n\t<meta property=\"og:image:width\" content=\"1160\" \/>\n\t<meta property=\"og:image:height\" content=\"650\" \/>\n\t<meta property=\"og:image:type\" content=\"image\/jpeg\" \/>\n<meta name=\"author\" content=\"Damien Dellerba\" \/>\n<meta name=\"twitter:card\" content=\"summary_large_image\" \/>\n<meta name=\"twitter:label1\" content=\"\u00c9crit par\" \/>\n\t<meta name=\"twitter:data1\" content=\"Damien Dellerba\" \/>\n\t<meta name=\"twitter:label2\" content=\"Dur\u00e9e de lecture estim\u00e9e\" \/>\n\t<meta name=\"twitter:data2\" content=\"2 minutes\" \/>\n<script type=\"application\/ld+json\" class=\"yoast-schema-graph\">{\"@context\":\"https:\/\/schema.org\",\"@graph\":[{\"@type\":\"WebPage\",\"@id\":\"https:\/\/www.ladiagonale.net\/index.php\/2022\/11\/01\/monaco-qualifie-en-barrages-si\/\",\"url\":\"https:\/\/www.ladiagonale.net\/index.php\/2022\/11\/01\/monaco-qualifie-en-barrages-si\/\",\"name\":\"Monaco qualifi\u00e9 en barrages si... - La Diagonale\",\"isPartOf\":{\"@id\":\"https:\/\/www.ladiagonale.net\/#website\"},\"datePublished\":\"2022-11-01T13:17:00+00:00\",\"dateModified\":\"2022-11-01T13:23:45+00:00\",\"author\":{\"@id\":\"https:\/\/www.ladiagonale.net\/#\/schema\/person\/79ff1e7b0853ed01b2aa26e64ad300bf\"},\"breadcrumb\":{\"@id\":\"https:\/\/www.ladiagonale.net\/index.php\/2022\/11\/01\/monaco-qualifie-en-barrages-si\/#breadcrumb\"},\"inLanguage\":\"fr-FR\",\"potentialAction\":[{\"@type\":\"ReadAction\",\"target\":[\"https:\/\/www.ladiagonale.net\/index.php\/2022\/11\/01\/monaco-qualifie-en-barrages-si\/\"]}]},{\"@type\":\"BreadcrumbList\",\"@id\":\"https:\/\/www.ladiagonale.net\/index.php\/2022\/11\/01\/monaco-qualifie-en-barrages-si\/#breadcrumb\",\"itemListElement\":[{\"@type\":\"ListItem\",\"position\":1,\"name\":\"Accueil\",\"item\":\"https:\/\/www.ladiagonale.net\/\"},{\"@type\":\"ListItem\",\"position\":2,\"name\":\"Monaco qualifi\u00e9 en barrages si&#8230;\"}]},{\"@type\":\"WebSite\",\"@id\":\"https:\/\/www.ladiagonale.net\/#website\",\"url\":\"https:\/\/www.ladiagonale.net\/\",\"name\":\"La Diagonale\",\"description\":\"Le site des supporters de l&#039;AS Monaco FC\",\"potentialAction\":[{\"@type\":\"SearchAction\",\"target\":{\"@type\":\"EntryPoint\",\"urlTemplate\":\"https:\/\/www.ladiagonale.net\/?s={search_term_string}\"},\"query-input\":\"required name=search_term_string\"}],\"inLanguage\":\"fr-FR\"},{\"@type\":\"Person\",\"@id\":\"https:\/\/www.ladiagonale.net\/#\/schema\/person\/79ff1e7b0853ed01b2aa26e64ad300bf\",\"name\":\"Damien Dellerba\",\"image\":{\"@type\":\"ImageObject\",\"inLanguage\":\"fr-FR\",\"@id\":\"https:\/\/www.ladiagonale.net\/#\/schema\/person\/image\/\",\"url\":\"https:\/\/secure.gravatar.com\/avatar\/c7850e06d3ff63cdbaee88b7fc16e2f0?s=96&d=mm&r=g\",\"contentUrl\":\"https:\/\/secure.gravatar.com\/avatar\/c7850e06d3ff63cdbaee88b7fc16e2f0?s=96&d=mm&r=g\",\"caption\":\"Damien Dellerba\"},\"url\":\"https:\/\/www.ladiagonale.net\/index.php\/author\/damien\/\"}]}<\/script>\n<!-- \/ Yoast SEO plugin. -->","yoast_head_json":{"title":"Monaco qualifi\u00e9 en barrages si... - La Diagonale","robots":{"index":"index","follow":"follow","max-snippet":"max-snippet:-1","max-image-preview":"max-image-preview:large","max-video-preview":"max-video-preview:-1"},"canonical":"https:\/\/www.ladiagonale.net\/index.php\/2022\/11\/01\/monaco-qualifie-en-barrages-si\/","og_locale":"fr_FR","og_type":"article","og_title":"Monaco qualifi\u00e9 en barrages si... - La Diagonale","og_description":"Avant la derni\u00e8re journ\u00e9e de la phase de groupes de Ligue Europa, Monaco pointe \u00e0 la deuxi\u00e8me place mais ne peut plus esp\u00e9rer la premi\u00e8re, directement qualificative pour les huiti\u00e8mes de finale. Ferencvaros poss\u00e8de trois points d&rsquo;avance et est assur\u00e9 de rester devant l&rsquo;ASM gr\u00e2ce aux confrontations directes, avec le match nul de ce jeudi [...]","og_url":"https:\/\/www.ladiagonale.net\/index.php\/2022\/11\/01\/monaco-qualifie-en-barrages-si\/","og_site_name":"La Diagonale","article_published_time":"2022-11-01T13:17:00+00:00","article_modified_time":"2022-11-01T13:23:45+00:00","og_image":[{"width":1160,"height":650,"url":"https:\/\/www.ladiagonale.net\/wp-content\/uploads\/2022\/10\/media-2130772-1809419-1160x650-1.jpg","type":"image\/jpeg"}],"author":"Damien Dellerba","twitter_card":"summary_large_image","twitter_misc":{"\u00c9crit par":"Damien Dellerba","Dur\u00e9e de lecture estim\u00e9e":"2 minutes"},"schema":{"@context":"https:\/\/schema.org","@graph":[{"@type":"WebPage","@id":"https:\/\/www.ladiagonale.net\/index.php\/2022\/11\/01\/monaco-qualifie-en-barrages-si\/","url":"https:\/\/www.ladiagonale.net\/index.php\/2022\/11\/01\/monaco-qualifie-en-barrages-si\/","name":"Monaco qualifi\u00e9 en barrages si... - La Diagonale","isPartOf":{"@id":"https:\/\/www.ladiagonale.net\/#website"},"datePublished":"2022-11-01T13:17:00+00:00","dateModified":"2022-11-01T13:23:45+00:00","author":{"@id":"https:\/\/www.ladiagonale.net\/#\/schema\/person\/79ff1e7b0853ed01b2aa26e64ad300bf"},"breadcrumb":{"@id":"https:\/\/www.ladiagonale.net\/index.php\/2022\/11\/01\/monaco-qualifie-en-barrages-si\/#breadcrumb"},"inLanguage":"fr-FR","potentialAction":[{"@type":"ReadAction","target":["https:\/\/www.ladiagonale.net\/index.php\/2022\/11\/01\/monaco-qualifie-en-barrages-si\/"]}]},{"@type":"BreadcrumbList","@id":"https:\/\/www.ladiagonale.net\/index.php\/2022\/11\/01\/monaco-qualifie-en-barrages-si\/#breadcrumb","itemListElement":[{"@type":"ListItem","position":1,"name":"Accueil","item":"https:\/\/www.ladiagonale.net\/"},{"@type":"ListItem","position":2,"name":"Monaco qualifi\u00e9 en barrages si&#8230;"}]},{"@type":"WebSite","@id":"https:\/\/www.ladiagonale.net\/#website","url":"https:\/\/www.ladiagonale.net\/","name":"La Diagonale","description":"Le site des supporters de l&#039;AS Monaco FC","potentialAction":[{"@type":"SearchAction","target":{"@type":"EntryPoint","urlTemplate":"https:\/\/www.ladiagonale.net\/?s={search_term_string}"},"query-input":"required name=search_term_string"}],"inLanguage":"fr-FR"},{"@type":"Person","@id":"https:\/\/www.ladiagonale.net\/#\/schema\/person\/79ff1e7b0853ed01b2aa26e64ad300bf","name":"Damien Dellerba","image":{"@type":"ImageObject","inLanguage":"fr-FR","@id":"https:\/\/www.ladiagonale.net\/#\/schema\/person\/image\/","url":"https:\/\/secure.gravatar.com\/avatar\/c7850e06d3ff63cdbaee88b7fc16e2f0?s=96&d=mm&r=g","contentUrl":"https:\/\/secure.gravatar.com\/avatar\/c7850e06d3ff63cdbaee88b7fc16e2f0?s=96&d=mm&r=g","caption":"Damien Dellerba"},"url":"https:\/\/www.ladiagonale.net\/index.php\/author\/damien\/"}]}},"_links":{"self":[{"href":"https:\/\/www.ladiagonale.net\/index.php\/wp-json\/wp\/v2\/posts\/6141"}],"collection":[{"href":"https:\/\/www.ladiagonale.net\/index.php\/wp-json\/wp\/v2\/posts"}],"about":[{"href":"https:\/\/www.ladiagonale.net\/index.php\/wp-json\/wp\/v2\/types\/post"}],"author":[{"embeddable":true,"href":"https:\/\/www.ladiagonale.net\/index.php\/wp-json\/wp\/v2\/users\/2"}],"replies":[{"embeddable":true,"href":"https:\/\/www.ladiagonale.net\/index.php\/wp-json\/wp\/v2\/comments?post=6141"}],"version-history":[{"count":2,"href":"https:\/\/www.ladiagonale.net\/index.php\/wp-json\/wp\/v2\/posts\/6141\/revisions"}],"predecessor-version":[{"id":6327,"href":"https:\/\/www.ladiagonale.net\/index.php\/wp-json\/wp\/v2\/posts\/6141\/revisions\/6327"}],"wp:featuredmedia":[{"embeddable":true,"href":"https:\/\/www.ladiagonale.net\/index.php\/wp-json\/wp\/v2\/media\/5268"}],"wp:attachment":[{"href":"https:\/\/www.ladiagonale.net\/index.php\/wp-json\/wp\/v2\/media?parent=6141"}],"wp:term":[{"taxonomy":"category","embeddable":true,"href":"https:\/\/www.ladiagonale.net\/index.php\/wp-json\/wp\/v2\/categories?post=6141"},{"taxonomy":"post_tag","embeddable":true,"href":"https:\/\/www.ladiagonale.net\/index.php\/wp-json\/wp\/v2\/tags?post=6141"}],"curies":[{"name":"wp","href":"https:\/\/api.w.org\/{rel}","templated":true}]}}