{"id":6215,"date":"2022-10-30T00:00:41","date_gmt":"2022-10-29T22:00:41","guid":{"rendered":"https:\/\/www.ladiagonale.net\/?p=6215"},"modified":"2022-10-30T00:53:09","modified_gmt":"2022-10-29T22:53:09","slug":"monaco-doit-reagir","status":"publish","type":"post","link":"https:\/\/www.ladiagonale.net\/index.php\/2022\/10\/30\/monaco-doit-reagir\/","title":{"rendered":"Monaco doit r\u00e9agir"},"content":{"rendered":"\n\n\n<p><strong>Face \u00e0 Angers ce dimanche (15h), l&rsquo;AS Monaco va disputer une rencontre qui peut avoir toute son importance pour la suite de la saison. Surtout s&rsquo;il n&rsquo;y a pas les trois points au bout.<\/strong><\/p>\n\n\n\n<h4 class=\"has-vivid-red-color has-text-color\" style=\"font-style:normal;font-weight:500;text-transform:uppercase\">forme et enjeux<\/h4>\n\n\n\n<p>Monaco est en train de conna\u00eetre la deuxi\u00e8me plus mauvaise s\u00e9rie de la saison, avec quatre matchs sans succ\u00e8s. Elle avait fait pire en d\u00e9but de saison, avec cinq matchs sans gagner entre le match retour du troisi\u00e8me tour pr\u00e9liminaire (le 9 ao\u00fbt) contre le PSV Eindhoven et la d\u00e9faite au stade Louis-II contre Troyes (le 31 ao\u00fbt). Si les Rouge et Blanc ne corrigent pas le tir contre Angers ce dimanche, ce sera donc la cinqui\u00e8me fois d&rsquo;affil\u00e9e que l&rsquo;ASM perdra des points alors qu&rsquo;elle venait de vivre une s\u00e9rie nettement plus vertueuse. Pour expliquer cette baisse de forme, Philippe Clement a principalement invoqu\u00e9 un manque de r\u00e9ussite et d&rsquo;efficacit\u00e9 sur le plan d\u00e9fensif : \u00ab <em>Ces derni\u00e8res semaines, nous n\u2019avons pas eu la m\u00eame r\u00e9ussite que durant&nbsp;notre s\u00e9rie de cinq victoires&nbsp;en Ligue 1. Nous n\u2019avons pas conc\u00e9d\u00e9 beaucoup d\u2019occasions, mais malheureusement \u00e7a fait souvent but. Il faut retrouver cette efficacit\u00e9 dans les surfaces de v\u00e9rit\u00e9.<\/em> \u00bb<\/p>\n\n\n\n<p>Une explication qui se r\u00e9v\u00e8le insuffisante et qui peine de plus en plus \u00e0 convaincre car l&rsquo;ASM a encore une fois expos\u00e9 de nombreuses failles en d\u00e9fense lorsqu&rsquo;elle \u00e9tait domin\u00e9e. Cela s&rsquo;est vu lors de la seconde mi-temps contre Trabzonspor et aussi contre Lille, ou les nombreuses attaques des Nordistes ont fait mal \u00e0 la coh\u00e9sion d\u00e9fensive des As\u00e9mistes. Contre Ferencvaros jeudi, Monaco n&rsquo;a pas autant subi que contre Lille mais elle a v\u00e9cu vingt minutes difficile en d\u00e9but de seconde p\u00e9riode, et m\u00eame si elle n&rsquo;a pas encaiss\u00e9 de buts \u00e0 ce moment-l\u00e0, elle n&rsquo;a pas pour autant rassur\u00e9. C&rsquo;est plus tard qu&rsquo;elle a craqu\u00e9, en fin de rencontre et cela pose encore le probl\u00e8me de la gestion de ces fins de rencontres o\u00f9 l&rsquo;ASM ne semble pas beaucoup progresser. <\/p>\n\n\n\n<p>Si la dynamique n&rsquo;est pas bonne \u00e0 l&rsquo;heure actuelle, Monaco va devoir rapidement se remettre la t\u00eate \u00e0 l&rsquo;endroit et cela passe imp\u00e9rativement par un bon r\u00e9sultat face \u00e0 Angers ce dimanche. Les Angevins sont en grande difficult\u00e9 en ce d\u00e9but de championnat et ils abordent cette 13<sup>e<\/sup> journ\u00e9e en position de lanterne rouge dans cette Ligue 1. M\u00eame si les Angevins ont tout de la b\u00eate bless\u00e9e, il faudra \u00eatre intransigeant face \u00e0 une \u00e9quipe qui a pos\u00e9 des probl\u00e8mes \u00e0 Rennes la semaine pass\u00e9e. Si Philippe Clement a tent\u00e9 une nouvelle disposition contre Ferencvaros, il devra sans doute encore changer ses plans avec la suspension de Camara et l&rsquo;incertitude qui plane autour de l&rsquo;\u00e9tat de forme de Vanderson, touch\u00e9 jeudi. Le Belge pourrait notamment \u00eatre tent\u00e9 de d\u00e9caler Disasi sur le cot\u00e9 droit. <\/p>\n\n\n\n<h4 class=\"has-vivid-red-color has-text-color\" style=\"font-style:normal;font-weight:500;text-transform:uppercase\">l&rsquo;adversaire<\/h4>\n\n\n\n<p>Les Angevins connaissent un d\u00e9but d\u2019exercice 2022-2023 catastrophique puisqu\u2019ils sont actuellement derniers de Ligue 1. Ils ne totalisent que huit points en 12 journ\u00e9es, alors qu\u2019ils en comptabilisait plus du double \u00e0 la m\u00eame \u00e9poque la saison derni\u00e8re (17). Avec seulement deux victoires au compteur et 14 buts inscrits contre huit d\u00e9faites et 29 buts encaiss\u00e9s, c\u2019est une saison gal\u00e8re que s\u2019appr\u00eate \u00e0 vivre le SCO. Heureusement pour eux, ils ne sont pas d\u00e9cramponn\u00e9s puisque le premier non-rel\u00e9gable Strasbourg n\u2019est qu\u2019\u00e0 un point devant.<\/p>\n\n\n\n<p>Mais les Angevins doivent rapidement inverser la tendance, eux qui restent sur une s\u00e9rie de quatre d\u00e9faites cons\u00e9cutives. La derni\u00e8re en date contre Rennes lors de la 12<sup>e<\/sup> journ\u00e9e apr\u00e8s avoir longtemps r\u00e9sist\u00e9 et c\u00e9d\u00e9 sur un p\u00e9nalty dans le temps additionnel. Pour faire face, Baticle n\u2019a pas h\u00e9sit\u00e9 \u00e0 mettre en place un bloc bas et il pourrait refaire de m\u00eame contre Monaco ce dimanche : \u00ab&nbsp;<em>Monaco est une grosse \u00e9curie, une grosse \u00e9quipe, qui a des transitions fortes, de tr\u00e8s haut niveau et qui a moins de possession qu\u2019une \u00e9quipe comme Rennes. Donc on tient compte de ces donn\u00e9es pour notre plan de jeu.<\/em>&nbsp;\u00bb<\/p>\n\n\n\n<h4 class=\"has-vivid-red-color has-text-color\" style=\"font-style:normal;font-weight:500;text-transform:uppercase\">Le joueur \u00e0 surveiller<\/h4>\n\n\n\n<p><strong>Amine Salama &#8211; Attaquant &#8211; 22 ans<\/strong><\/p>\n\n\n\n<p>La trajectoire d\u2019Amine Salama est loin d\u2019\u00eatre rectiligne puisqu\u2019il \u00e9voluait il y a un an encore en R\u00e9gional 1. Apr\u00e8s un rapide passage \u00e0 Dunkerque en Ligue 2 en d\u00e9but d&rsquo;ann\u00e9e, l\u2019attaquant a atterri \u00e0 Angers cet \u00e9t\u00e9 sans avoir la certitude de pouvoir y jouer. M\u00eame s\u2019il n\u2019a \u00e9t\u00e9 titularis\u00e9 qu\u2019\u00e0 deux reprises, il a d\u00e9j\u00e0 pris part \u00e0 dix rencontres et inscrit trois buts, dont deux sur les deux derniers matchs, contre Toulouse et Rennes. Il a d\u2019ailleurs r\u00e9alis\u00e9 une belle prestation face aux Bretons.<\/p>\n\n\n\n<p>Le longiligne attaquant a m\u00eame \u00e9t\u00e9 compar\u00e9 \u00e0 Zlatan Ibrahimovic et Erling Haaland par son entra\u00eeneur sur certains points : \u00ab&nbsp;<em>J\u2019assume totalement la comparaison<\/em>, a soutenu Baticle en conf\u00e9rence de presse. <em>Athl\u00e9tiquement, il leur ressemble. Il a des appuis de joueur de taille moyenne. Quand vous \u00eatre tr\u00e8s grand et que vous avez de bons appuis, c\u2019est d\u00e9j\u00e0 une grande force. Techniquement, \u00e7a commence \u00e0 devenir quelque chose de bien. Par contre, il n\u2019a pas la science tactique, il n\u2019a qu\u2019un an de haut niveau.<\/em>&nbsp;\u00bb<\/p>\n\n\n\n<h4 class=\"has-vivid-red-color has-text-color\" style=\"font-style:normal;font-weight:500;text-transform:uppercase\">l&rsquo;historique<\/h4>\n\n\n\n<p>Les r\u00e9ceptions d\u2019Angers au stade Louis-II sont souvent l\u2019occasion pour l\u2019ASM d\u2019ajouter trois points au compteur. Sur les 26 rencontres disput\u00e9es en Principaut\u00e9, l\u2019ASM en a remport\u00e9 19 et conc\u00e9d\u00e9 un match nul. Seulement six d\u00e9faites sont \u00e0 recenser, dont la derni\u00e8re en date lors de l\u2019affreuse saison 2018-2019 et qui mettait fin \u00e0 une s\u00e9rie de huit succ\u00e8s cons\u00e9cutifs face aux Angevins sur le Rocher. Les As\u00e9mistes affichent une moyenne de 2 buts par match, avec 52 buts inscrits en 26 matchs. A contrario, le SCO n\u2019en a marqu\u00e9 que 17.<\/p>\n\n\n\n<p>La saison derni\u00e8re, l\u2019ASM avait gagn\u00e9 en fin de saison (2-0, 35e journ\u00e9e). Un match ma\u00eetris\u00e9 mais qui avait mis du temps \u00e0 se lancer avec un premier acte tr\u00e8s timide des Rouge et Blanc, qui avaient d\u00fb s\u2019en remettre \u00e0 un but contre son camp de Bamba pour se lancer. En seconde mi-temps, Wissam Ben Yedder avait inscrit son 21e but en championnat de la saison, \u00e9tablissant un nouveau record personnel.<\/p>\n\n\n\n<p><strong>Les cinq derni\u00e8res confrontations en Ligue 1 au stade Louis-II<\/strong><\/p>\n\n\n\n<ul><li>Saison 2021-2022 (35e journ\u00e9e) : 2-0<\/li><li>Saison 2020-2021 (19e journ\u00e9e) : 3-0<\/li><li>Saison 2019-2020 (23e journ\u00e9e) : 1-0<\/li><li>Saison 2018-2019 (7e journ\u00e9e) : 0-1<\/li><li>Saison 2017-2018 (16e journ\u00e9e) : 1-0<\/li><\/ul>\n\n\n\n<h4 class=\"has-vivid-red-color has-text-color\" style=\"font-style:normal;font-weight:500;text-transform:uppercase\">les groupes<\/h4>\n\n\n\n<p><strong>Le groupe mon\u00e9gasque<\/strong><\/p>\n\n\n\n<p><strong>Gardiens :<\/strong> Didillon, Lienard, N\u00fcbel.<br><strong>D\u00e9fenseurs :<\/strong> Badiashile, C. Henrique, Disasi, Jakobs, Maripan, Sarr, Vanderson.<br><strong>Milieux :<\/strong> Akliouche, Ben Seghir, Diatta, Fofana, G. Martins, Golovin, J. Lucas, Matazo, Minamino.<br><strong>Attaquants :<\/strong> Ben Yedder, Boadu, Embolo, Volland.<\/p>\n\n\n\n<p><strong>Le groupe angevin<\/strong><\/p>\n\n\n\n<p><strong>Gardiens :<\/strong> Bernardoni, Fofana.<\/p>\n\n\n\n<p><strong>D\u00e9fenseurs :<\/strong> Amadou, Bamba, Blazic, Camara, Chetti, Hountondji, Valery.<\/p>\n\n\n\n<p><strong>Milieux :<\/strong> Abdelli, Bentaleb, Capelle, Mendy, Ounahi, Ta\u00efbi, Thioub.<\/p>\n\n\n\n<p><strong>Attaquants :<\/strong> El Melali, Hunou, Salama, Sima.<\/p>\n\n\n\n<h4 class=\"has-vivid-red-color has-text-color\" style=\"font-style:normal;font-weight:500;text-transform:uppercase\">la d\u00e9claration<\/h4>\n\n\n\n<p>Philippe Clement : \u00ab\u00a0<em>Nous sommes seulement en octobre\/novembre, et c\u2019est difficile de parler d\u2019un match capital \u00e0 ce moment de la saison. J\u2019avais entendu des doutes lors du dernier exercice, et notre match charni\u00e8re est finalement arriv\u00e9 au mois de mars, ce qui ne nous a pas emp\u00each\u00e9 de finir sur le podium.<\/em>\u00a0\u00bb<\/p>\n\n\n\n<p>Photo : <em>AS Monaco<\/em><\/p>\n","protected":false},"excerpt":{"rendered":"<p>Face \u00e0 Angers ce dimanche (15h), l&rsquo;AS Monaco va disputer une rencontre qui peut avoir toute son importance pour la suite de la saison. Surtout s&rsquo;il n&rsquo;y a pas les trois points au bout. forme et enjeux Monaco est en train de conna\u00eetre la deuxi\u00e8me plus mauvaise s\u00e9rie de la saison, avec quatre matchs sans [&#8230;]\n","protected":false},"author":2,"featured_media":5528,"comment_status":"open","ping_status":"open","sticky":false,"template":"","format":"standard","meta":[],"categories":[5,6],"tags":[86,206,94,246],"yoast_head":"<!-- This site is optimized with the Yoast SEO plugin v19.8 - https:\/\/yoast.com\/wordpress\/plugins\/seo\/ -->\n<title>Monaco doit r\u00e9agir - La Diagonale<\/title>\n<meta name=\"robots\" content=\"index, follow, max-snippet:-1, max-image-preview:large, max-video-preview:-1\" \/>\n<link rel=\"canonical\" href=\"https:\/\/www.ladiagonale.net\/index.php\/2022\/10\/30\/monaco-doit-reagir\/\" \/>\n<meta property=\"og:locale\" content=\"fr_FR\" \/>\n<meta property=\"og:type\" content=\"article\" \/>\n<meta property=\"og:title\" content=\"Monaco doit r\u00e9agir - La Diagonale\" \/>\n<meta property=\"og:description\" content=\"Face \u00e0 Angers ce dimanche (15h), l&rsquo;AS Monaco va disputer une rencontre qui peut avoir toute son importance pour la suite de la saison. Surtout s&rsquo;il n&rsquo;y a pas les trois points au bout. forme et enjeux Monaco est en train de conna\u00eetre la deuxi\u00e8me plus mauvaise s\u00e9rie de la saison, avec quatre matchs sans [...]\" \/>\n<meta property=\"og:url\" content=\"https:\/\/www.ladiagonale.net\/index.php\/2022\/10\/30\/monaco-doit-reagir\/\" \/>\n<meta property=\"og:site_name\" content=\"La Diagonale\" \/>\n<meta property=\"article:published_time\" content=\"2022-10-29T22:00:41+00:00\" \/>\n<meta property=\"article:modified_time\" content=\"2022-10-29T22:53:09+00:00\" \/>\n<meta property=\"og:image\" content=\"https:\/\/www.ladiagonale.net\/wp-content\/uploads\/2022\/10\/2022-08-02-q3-asm-psv-1633-1160x650-1.jpg\" \/>\n\t<meta property=\"og:image:width\" content=\"1160\" \/>\n\t<meta property=\"og:image:height\" content=\"650\" \/>\n\t<meta property=\"og:image:type\" content=\"image\/jpeg\" \/>\n<meta name=\"author\" content=\"Damien Dellerba\" \/>\n<meta name=\"twitter:card\" content=\"summary_large_image\" \/>\n<meta name=\"twitter:image\" content=\"https:\/\/www.ladiagonale.net\/wp-content\/uploads\/2022\/10\/2022-08-02-q3-asm-psv-1633-1160x650-1.jpg\" \/>\n<meta name=\"twitter:label1\" content=\"\u00c9crit par\" \/>\n\t<meta name=\"twitter:data1\" content=\"Damien Dellerba\" \/>\n\t<meta name=\"twitter:label2\" content=\"Dur\u00e9e de lecture estim\u00e9e\" \/>\n\t<meta name=\"twitter:data2\" content=\"6 minutes\" \/>\n<script type=\"application\/ld+json\" class=\"yoast-schema-graph\">{\"@context\":\"https:\/\/schema.org\",\"@graph\":[{\"@type\":\"WebPage\",\"@id\":\"https:\/\/www.ladiagonale.net\/index.php\/2022\/10\/30\/monaco-doit-reagir\/\",\"url\":\"https:\/\/www.ladiagonale.net\/index.php\/2022\/10\/30\/monaco-doit-reagir\/\",\"name\":\"Monaco doit r\u00e9agir - La Diagonale\",\"isPartOf\":{\"@id\":\"https:\/\/www.ladiagonale.net\/#website\"},\"datePublished\":\"2022-10-29T22:00:41+00:00\",\"dateModified\":\"2022-10-29T22:53:09+00:00\",\"author\":{\"@id\":\"https:\/\/www.ladiagonale.net\/#\/schema\/person\/79ff1e7b0853ed01b2aa26e64ad300bf\"},\"breadcrumb\":{\"@id\":\"https:\/\/www.ladiagonale.net\/index.php\/2022\/10\/30\/monaco-doit-reagir\/#breadcrumb\"},\"inLanguage\":\"fr-FR\",\"potentialAction\":[{\"@type\":\"ReadAction\",\"target\":[\"https:\/\/www.ladiagonale.net\/index.php\/2022\/10\/30\/monaco-doit-reagir\/\"]}]},{\"@type\":\"BreadcrumbList\",\"@id\":\"https:\/\/www.ladiagonale.net\/index.php\/2022\/10\/30\/monaco-doit-reagir\/#breadcrumb\",\"itemListElement\":[{\"@type\":\"ListItem\",\"position\":1,\"name\":\"Accueil\",\"item\":\"https:\/\/www.ladiagonale.net\/\"},{\"@type\":\"ListItem\",\"position\":2,\"name\":\"Monaco doit r\u00e9agir\"}]},{\"@type\":\"WebSite\",\"@id\":\"https:\/\/www.ladiagonale.net\/#website\",\"url\":\"https:\/\/www.ladiagonale.net\/\",\"name\":\"La Diagonale\",\"description\":\"Le site des supporters de l&#039;AS Monaco FC\",\"potentialAction\":[{\"@type\":\"SearchAction\",\"target\":{\"@type\":\"EntryPoint\",\"urlTemplate\":\"https:\/\/www.ladiagonale.net\/?s={search_term_string}\"},\"query-input\":\"required name=search_term_string\"}],\"inLanguage\":\"fr-FR\"},{\"@type\":\"Person\",\"@id\":\"https:\/\/www.ladiagonale.net\/#\/schema\/person\/79ff1e7b0853ed01b2aa26e64ad300bf\",\"name\":\"Damien Dellerba\",\"image\":{\"@type\":\"ImageObject\",\"inLanguage\":\"fr-FR\",\"@id\":\"https:\/\/www.ladiagonale.net\/#\/schema\/person\/image\/\",\"url\":\"https:\/\/secure.gravatar.com\/avatar\/c7850e06d3ff63cdbaee88b7fc16e2f0?s=96&d=mm&r=g\",\"contentUrl\":\"https:\/\/secure.gravatar.com\/avatar\/c7850e06d3ff63cdbaee88b7fc16e2f0?s=96&d=mm&r=g\",\"caption\":\"Damien Dellerba\"},\"url\":\"https:\/\/www.ladiagonale.net\/index.php\/author\/damien\/\"}]}<\/script>\n<!-- \/ Yoast SEO plugin. -->","yoast_head_json":{"title":"Monaco doit r\u00e9agir - La Diagonale","robots":{"index":"index","follow":"follow","max-snippet":"max-snippet:-1","max-image-preview":"max-image-preview:large","max-video-preview":"max-video-preview:-1"},"canonical":"https:\/\/www.ladiagonale.net\/index.php\/2022\/10\/30\/monaco-doit-reagir\/","og_locale":"fr_FR","og_type":"article","og_title":"Monaco doit r\u00e9agir - La Diagonale","og_description":"Face \u00e0 Angers ce dimanche (15h), l&rsquo;AS Monaco va disputer une rencontre qui peut avoir toute son importance pour la suite de la saison. Surtout s&rsquo;il n&rsquo;y a pas les trois points au bout. forme et enjeux Monaco est en train de conna\u00eetre la deuxi\u00e8me plus mauvaise s\u00e9rie de la saison, avec quatre matchs sans [...]","og_url":"https:\/\/www.ladiagonale.net\/index.php\/2022\/10\/30\/monaco-doit-reagir\/","og_site_name":"La Diagonale","article_published_time":"2022-10-29T22:00:41+00:00","article_modified_time":"2022-10-29T22:53:09+00:00","og_image":[{"width":1160,"height":650,"url":"https:\/\/www.ladiagonale.net\/wp-content\/uploads\/2022\/10\/2022-08-02-q3-asm-psv-1633-1160x650-1.jpg","type":"image\/jpeg"}],"author":"Damien Dellerba","twitter_card":"summary_large_image","twitter_image":"https:\/\/www.ladiagonale.net\/wp-content\/uploads\/2022\/10\/2022-08-02-q3-asm-psv-1633-1160x650-1.jpg","twitter_misc":{"\u00c9crit par":"Damien Dellerba","Dur\u00e9e de lecture estim\u00e9e":"6 minutes"},"schema":{"@context":"https:\/\/schema.org","@graph":[{"@type":"WebPage","@id":"https:\/\/www.ladiagonale.net\/index.php\/2022\/10\/30\/monaco-doit-reagir\/","url":"https:\/\/www.ladiagonale.net\/index.php\/2022\/10\/30\/monaco-doit-reagir\/","name":"Monaco doit r\u00e9agir - La Diagonale","isPartOf":{"@id":"https:\/\/www.ladiagonale.net\/#website"},"datePublished":"2022-10-29T22:00:41+00:00","dateModified":"2022-10-29T22:53:09+00:00","author":{"@id":"https:\/\/www.ladiagonale.net\/#\/schema\/person\/79ff1e7b0853ed01b2aa26e64ad300bf"},"breadcrumb":{"@id":"https:\/\/www.ladiagonale.net\/index.php\/2022\/10\/30\/monaco-doit-reagir\/#breadcrumb"},"inLanguage":"fr-FR","potentialAction":[{"@type":"ReadAction","target":["https:\/\/www.ladiagonale.net\/index.php\/2022\/10\/30\/monaco-doit-reagir\/"]}]},{"@type":"BreadcrumbList","@id":"https:\/\/www.ladiagonale.net\/index.php\/2022\/10\/30\/monaco-doit-reagir\/#breadcrumb","itemListElement":[{"@type":"ListItem","position":1,"name":"Accueil","item":"https:\/\/www.ladiagonale.net\/"},{"@type":"ListItem","position":2,"name":"Monaco doit r\u00e9agir"}]},{"@type":"WebSite","@id":"https:\/\/www.ladiagonale.net\/#website","url":"https:\/\/www.ladiagonale.net\/","name":"La Diagonale","description":"Le site des supporters de l&#039;AS Monaco FC","potentialAction":[{"@type":"SearchAction","target":{"@type":"EntryPoint","urlTemplate":"https:\/\/www.ladiagonale.net\/?s={search_term_string}"},"query-input":"required name=search_term_string"}],"inLanguage":"fr-FR"},{"@type":"Person","@id":"https:\/\/www.ladiagonale.net\/#\/schema\/person\/79ff1e7b0853ed01b2aa26e64ad300bf","name":"Damien Dellerba","image":{"@type":"ImageObject","inLanguage":"fr-FR","@id":"https:\/\/www.ladiagonale.net\/#\/schema\/person\/image\/","url":"https:\/\/secure.gravatar.com\/avatar\/c7850e06d3ff63cdbaee88b7fc16e2f0?s=96&d=mm&r=g","contentUrl":"https:\/\/secure.gravatar.com\/avatar\/c7850e06d3ff63cdbaee88b7fc16e2f0?s=96&d=mm&r=g","caption":"Damien Dellerba"},"url":"https:\/\/www.ladiagonale.net\/index.php\/author\/damien\/"}]}},"_links":{"self":[{"href":"https:\/\/www.ladiagonale.net\/index.php\/wp-json\/wp\/v2\/posts\/6215"}],"collection":[{"href":"https:\/\/www.ladiagonale.net\/index.php\/wp-json\/wp\/v2\/posts"}],"about":[{"href":"https:\/\/www.ladiagonale.net\/index.php\/wp-json\/wp\/v2\/types\/post"}],"author":[{"embeddable":true,"href":"https:\/\/www.ladiagonale.net\/index.php\/wp-json\/wp\/v2\/users\/2"}],"replies":[{"embeddable":true,"href":"https:\/\/www.ladiagonale.net\/index.php\/wp-json\/wp\/v2\/comments?post=6215"}],"version-history":[{"count":3,"href":"https:\/\/www.ladiagonale.net\/index.php\/wp-json\/wp\/v2\/posts\/6215\/revisions"}],"predecessor-version":[{"id":6220,"href":"https:\/\/www.ladiagonale.net\/index.php\/wp-json\/wp\/v2\/posts\/6215\/revisions\/6220"}],"wp:featuredmedia":[{"embeddable":true,"href":"https:\/\/www.ladiagonale.net\/index.php\/wp-json\/wp\/v2\/media\/5528"}],"wp:attachment":[{"href":"https:\/\/www.ladiagonale.net\/index.php\/wp-json\/wp\/v2\/media?parent=6215"}],"wp:term":[{"taxonomy":"category","embeddable":true,"href":"https:\/\/www.ladiagonale.net\/index.php\/wp-json\/wp\/v2\/categories?post=6215"},{"taxonomy":"post_tag","embeddable":true,"href":"https:\/\/www.ladiagonale.net\/index.php\/wp-json\/wp\/v2\/tags?post=6215"}],"curies":[{"name":"wp","href":"https:\/\/api.w.org\/{rel}","templated":true}]}}