{"id":6224,"date":"2022-10-30T12:09:26","date_gmt":"2022-10-30T11:09:26","guid":{"rendered":"https:\/\/www.ladiagonale.net\/?p=6224"},"modified":"2022-10-30T12:09:29","modified_gmt":"2022-10-30T11:09:29","slug":"franck-passi-admiratif-darsene-wenger-et-de-glenn-hoddle","status":"publish","type":"post","link":"https:\/\/www.ladiagonale.net\/index.php\/2022\/10\/30\/franck-passi-admiratif-darsene-wenger-et-de-glenn-hoddle\/","title":{"rendered":"Franck Passi, admiratif d\u2019Ars\u00e8ne Wenger et de Glenn Hoddle"},"content":{"rendered":"\n\n\n<p>Dans le quotidien <em>L\u2019\u00c9quipe<\/em>, le nouvel entra\u00eeneur adjoint de Laurent Blanc \u00e0 Lyon, Franck Passi, a confi\u00e9 ses souvenirs d\u2019ancien joueur, lui qui a \u00e9volu\u00e9 pendant une saison \u00e0 l\u2019AS Monaco (19 matchs en 1993-1994). Il a notamment \u00e9voqu\u00e9 son arriv\u00e9e en Principaut\u00e9, alors qu\u2019ils se trouvait au ch\u00f4mage apr\u00e8s la rel\u00e9gation administrative de Toulon en National \u00e0 l&rsquo;issue de la saison 1992-1993.<\/p>\n\n\n\n<p>C\u2019est d&rsquo;ailleurs Ars\u00e8ne Wenger qui lui a permis de rebondir : \u00ab\u00a0<em>Comme mon fr\u00e8re G\u00e9rald \u00e9tait \u00e0 Monaco l\u2019ann\u00e9e d\u2019avant, je savais qu\u2019Ars\u00e8ne Wenger me suivait, <\/em>a-t-il expliqu\u00e9.<em> \u00c0 ce moment-l\u00e0, il disait dans les journaux qu\u2019il devait prendre un milieu, alors je l\u2019ai appel\u00e9. J\u2019ai fait trois jours d\u2019essai et le match d\u2019apr\u00e8s j\u2019\u00e9tais titulaire.<\/em>\u00a0\u00bb<\/p>\n\n\n\n<p>L\u2019entra\u00eeneur fran\u00e7ais sera tr\u00e8s marquant pour Franck Passi, malgr\u00e9 le court laps de temps pass\u00e9 ensemble sur le Rocher : \u00ab\u00a0<em>Quelle dimension\u2026 \u00c7a n\u2019a dur\u00e9 qu\u2019une saison, je n\u2019\u00e9tais pas titulaire tout le temps, mais il y a toujours eu un grand respect mutuel et beaucoup d\u2019\u00e9changes. J\u2019\u00e9tais quelqu\u2019un qui aimait bien savoir pourquoi, comment. J\u2019ai toujours aim\u00e9 la tactique. \u00c7\u2019a \u00e9t\u00e9 l\u2019un des premiers \u00e0 me dire :<\/em> \u00ab Toi, tu vas terminer entra\u00eeneur.\u00a0\u00bb\u00a0\u00bb<\/p>\n\n\n\n<p>S\u2019il n\u2019a pas pu \u00e9voluer avec Glenn Hoddle sous les couleurs mon\u00e9gasques, Passi l\u2019a d\u00e9j\u00e0 affront\u00e9 dans sa carri\u00e8re et a fait part de son admiration pour l\u2019ancien meneur as\u00e9miste, encore consid\u00e9r\u00e9 par beaucoup comme le meilleur joueur de l\u2019histoire du club : \u00ab\u00a0<em>Je n\u2019ai jamais r\u00e9ussi \u00e0 lui prendre le ballon. Quand il me voyait arriver tout pr\u00e8s, il jouait \u00e0 un touche et si je le laissais prendre le ballon, il faisait des passes de buts ou des passes incroyable. J\u2019\u00e9tais tr\u00e8s admiratif de ce joueur.<\/em>\u00a0\u00bb<\/p>\n","protected":false},"excerpt":{"rendered":"<p>Dans le quotidien L\u2019\u00c9quipe, le nouvel entra\u00eeneur adjoint de Laurent Blanc \u00e0 Lyon, Franck Passi, a confi\u00e9 ses souvenirs d\u2019ancien joueur, lui qui a \u00e9volu\u00e9 pendant une saison \u00e0 l\u2019AS Monaco (19 matchs en 1993-1994). Il a notamment \u00e9voqu\u00e9 son arriv\u00e9e en Principaut\u00e9, alors qu\u2019ils se trouvait au ch\u00f4mage apr\u00e8s la rel\u00e9gation administrative de Toulon [&#8230;]\n","protected":false},"author":2,"featured_media":0,"comment_status":"open","ping_status":"open","sticky":false,"template":"","format":"standard","meta":[],"categories":[6],"tags":[277,86,276,271,247],"yoast_head":"<!-- This site is optimized with the Yoast SEO plugin v19.8 - https:\/\/yoast.com\/wordpress\/plugins\/seo\/ -->\n<title>Franck Passi, admiratif d\u2019Ars\u00e8ne Wenger et de Glenn Hoddle - La Diagonale<\/title>\n<meta name=\"robots\" content=\"index, follow, max-snippet:-1, max-image-preview:large, max-video-preview:-1\" \/>\n<link rel=\"canonical\" href=\"https:\/\/www.ladiagonale.net\/index.php\/2022\/10\/30\/franck-passi-admiratif-darsene-wenger-et-de-glenn-hoddle\/\" \/>\n<meta property=\"og:locale\" content=\"fr_FR\" \/>\n<meta property=\"og:type\" content=\"article\" \/>\n<meta property=\"og:title\" content=\"Franck Passi, admiratif d\u2019Ars\u00e8ne Wenger et de Glenn Hoddle - La Diagonale\" \/>\n<meta property=\"og:description\" content=\"Dans le quotidien L\u2019\u00c9quipe, le nouvel entra\u00eeneur adjoint de Laurent Blanc \u00e0 Lyon, Franck Passi, a confi\u00e9 ses souvenirs d\u2019ancien joueur, lui qui a \u00e9volu\u00e9 pendant une saison \u00e0 l\u2019AS Monaco (19 matchs en 1993-1994). Il a notamment \u00e9voqu\u00e9 son arriv\u00e9e en Principaut\u00e9, alors qu\u2019ils se trouvait au ch\u00f4mage apr\u00e8s la rel\u00e9gation administrative de Toulon [...]\" \/>\n<meta property=\"og:url\" content=\"https:\/\/www.ladiagonale.net\/index.php\/2022\/10\/30\/franck-passi-admiratif-darsene-wenger-et-de-glenn-hoddle\/\" \/>\n<meta property=\"og:site_name\" content=\"La Diagonale\" \/>\n<meta property=\"article:published_time\" content=\"2022-10-30T11:09:26+00:00\" \/>\n<meta property=\"article:modified_time\" content=\"2022-10-30T11:09:29+00:00\" \/>\n<meta property=\"og:image\" content=\"https:\/\/www.ladiagonale.net\/wp-content\/uploads\/2022\/10\/fpassi.png\" \/>\n\t<meta property=\"og:image:width\" content=\"1160\" \/>\n\t<meta property=\"og:image:height\" content=\"650\" \/>\n\t<meta property=\"og:image:type\" content=\"image\/png\" \/>\n<meta name=\"author\" content=\"Damien Dellerba\" \/>\n<meta name=\"twitter:card\" content=\"summary_large_image\" \/>\n<meta name=\"twitter:image\" content=\"https:\/\/www.ladiagonale.net\/wp-content\/uploads\/2022\/10\/fpassi.png\" \/>\n<meta name=\"twitter:label1\" content=\"\u00c9crit par\" \/>\n\t<meta name=\"twitter:data1\" content=\"Damien Dellerba\" \/>\n\t<meta name=\"twitter:label2\" content=\"Dur\u00e9e de lecture estim\u00e9e\" \/>\n\t<meta name=\"twitter:data2\" content=\"2 minutes\" \/>\n<script type=\"application\/ld+json\" class=\"yoast-schema-graph\">{\"@context\":\"https:\/\/schema.org\",\"@graph\":[{\"@type\":\"WebPage\",\"@id\":\"https:\/\/www.ladiagonale.net\/index.php\/2022\/10\/30\/franck-passi-admiratif-darsene-wenger-et-de-glenn-hoddle\/\",\"url\":\"https:\/\/www.ladiagonale.net\/index.php\/2022\/10\/30\/franck-passi-admiratif-darsene-wenger-et-de-glenn-hoddle\/\",\"name\":\"Franck Passi, admiratif d\u2019Ars\u00e8ne Wenger et de Glenn Hoddle - La Diagonale\",\"isPartOf\":{\"@id\":\"https:\/\/www.ladiagonale.net\/#website\"},\"datePublished\":\"2022-10-30T11:09:26+00:00\",\"dateModified\":\"2022-10-30T11:09:29+00:00\",\"author\":{\"@id\":\"https:\/\/www.ladiagonale.net\/#\/schema\/person\/79ff1e7b0853ed01b2aa26e64ad300bf\"},\"breadcrumb\":{\"@id\":\"https:\/\/www.ladiagonale.net\/index.php\/2022\/10\/30\/franck-passi-admiratif-darsene-wenger-et-de-glenn-hoddle\/#breadcrumb\"},\"inLanguage\":\"fr-FR\",\"potentialAction\":[{\"@type\":\"ReadAction\",\"target\":[\"https:\/\/www.ladiagonale.net\/index.php\/2022\/10\/30\/franck-passi-admiratif-darsene-wenger-et-de-glenn-hoddle\/\"]}]},{\"@type\":\"BreadcrumbList\",\"@id\":\"https:\/\/www.ladiagonale.net\/index.php\/2022\/10\/30\/franck-passi-admiratif-darsene-wenger-et-de-glenn-hoddle\/#breadcrumb\",\"itemListElement\":[{\"@type\":\"ListItem\",\"position\":1,\"name\":\"Accueil\",\"item\":\"https:\/\/www.ladiagonale.net\/\"},{\"@type\":\"ListItem\",\"position\":2,\"name\":\"Franck Passi, admiratif d\u2019Ars\u00e8ne Wenger et de Glenn Hoddle\"}]},{\"@type\":\"WebSite\",\"@id\":\"https:\/\/www.ladiagonale.net\/#website\",\"url\":\"https:\/\/www.ladiagonale.net\/\",\"name\":\"La Diagonale\",\"description\":\"Le site des supporters de l&#039;AS Monaco FC\",\"potentialAction\":[{\"@type\":\"SearchAction\",\"target\":{\"@type\":\"EntryPoint\",\"urlTemplate\":\"https:\/\/www.ladiagonale.net\/?s={search_term_string}\"},\"query-input\":\"required name=search_term_string\"}],\"inLanguage\":\"fr-FR\"},{\"@type\":\"Person\",\"@id\":\"https:\/\/www.ladiagonale.net\/#\/schema\/person\/79ff1e7b0853ed01b2aa26e64ad300bf\",\"name\":\"Damien Dellerba\",\"image\":{\"@type\":\"ImageObject\",\"inLanguage\":\"fr-FR\",\"@id\":\"https:\/\/www.ladiagonale.net\/#\/schema\/person\/image\/\",\"url\":\"https:\/\/secure.gravatar.com\/avatar\/c7850e06d3ff63cdbaee88b7fc16e2f0?s=96&d=mm&r=g\",\"contentUrl\":\"https:\/\/secure.gravatar.com\/avatar\/c7850e06d3ff63cdbaee88b7fc16e2f0?s=96&d=mm&r=g\",\"caption\":\"Damien Dellerba\"},\"url\":\"https:\/\/www.ladiagonale.net\/index.php\/author\/damien\/\"}]}<\/script>\n<!-- \/ Yoast SEO plugin. -->","yoast_head_json":{"title":"Franck Passi, admiratif d\u2019Ars\u00e8ne Wenger et de Glenn Hoddle - La Diagonale","robots":{"index":"index","follow":"follow","max-snippet":"max-snippet:-1","max-image-preview":"max-image-preview:large","max-video-preview":"max-video-preview:-1"},"canonical":"https:\/\/www.ladiagonale.net\/index.php\/2022\/10\/30\/franck-passi-admiratif-darsene-wenger-et-de-glenn-hoddle\/","og_locale":"fr_FR","og_type":"article","og_title":"Franck Passi, admiratif d\u2019Ars\u00e8ne Wenger et de Glenn Hoddle - La Diagonale","og_description":"Dans le quotidien L\u2019\u00c9quipe, le nouvel entra\u00eeneur adjoint de Laurent Blanc \u00e0 Lyon, Franck Passi, a confi\u00e9 ses souvenirs d\u2019ancien joueur, lui qui a \u00e9volu\u00e9 pendant une saison \u00e0 l\u2019AS Monaco (19 matchs en 1993-1994). Il a notamment \u00e9voqu\u00e9 son arriv\u00e9e en Principaut\u00e9, alors qu\u2019ils se trouvait au ch\u00f4mage apr\u00e8s la rel\u00e9gation administrative de Toulon [...]","og_url":"https:\/\/www.ladiagonale.net\/index.php\/2022\/10\/30\/franck-passi-admiratif-darsene-wenger-et-de-glenn-hoddle\/","og_site_name":"La Diagonale","article_published_time":"2022-10-30T11:09:26+00:00","article_modified_time":"2022-10-30T11:09:29+00:00","og_image":[{"width":1160,"height":650,"url":"https:\/\/www.ladiagonale.net\/wp-content\/uploads\/2022\/10\/fpassi.png","type":"image\/png"}],"author":"Damien Dellerba","twitter_card":"summary_large_image","twitter_image":"https:\/\/www.ladiagonale.net\/wp-content\/uploads\/2022\/10\/fpassi.png","twitter_misc":{"\u00c9crit par":"Damien Dellerba","Dur\u00e9e de lecture estim\u00e9e":"2 minutes"},"schema":{"@context":"https:\/\/schema.org","@graph":[{"@type":"WebPage","@id":"https:\/\/www.ladiagonale.net\/index.php\/2022\/10\/30\/franck-passi-admiratif-darsene-wenger-et-de-glenn-hoddle\/","url":"https:\/\/www.ladiagonale.net\/index.php\/2022\/10\/30\/franck-passi-admiratif-darsene-wenger-et-de-glenn-hoddle\/","name":"Franck Passi, admiratif d\u2019Ars\u00e8ne Wenger et de Glenn Hoddle - La Diagonale","isPartOf":{"@id":"https:\/\/www.ladiagonale.net\/#website"},"datePublished":"2022-10-30T11:09:26+00:00","dateModified":"2022-10-30T11:09:29+00:00","author":{"@id":"https:\/\/www.ladiagonale.net\/#\/schema\/person\/79ff1e7b0853ed01b2aa26e64ad300bf"},"breadcrumb":{"@id":"https:\/\/www.ladiagonale.net\/index.php\/2022\/10\/30\/franck-passi-admiratif-darsene-wenger-et-de-glenn-hoddle\/#breadcrumb"},"inLanguage":"fr-FR","potentialAction":[{"@type":"ReadAction","target":["https:\/\/www.ladiagonale.net\/index.php\/2022\/10\/30\/franck-passi-admiratif-darsene-wenger-et-de-glenn-hoddle\/"]}]},{"@type":"BreadcrumbList","@id":"https:\/\/www.ladiagonale.net\/index.php\/2022\/10\/30\/franck-passi-admiratif-darsene-wenger-et-de-glenn-hoddle\/#breadcrumb","itemListElement":[{"@type":"ListItem","position":1,"name":"Accueil","item":"https:\/\/www.ladiagonale.net\/"},{"@type":"ListItem","position":2,"name":"Franck Passi, admiratif d\u2019Ars\u00e8ne Wenger et de Glenn Hoddle"}]},{"@type":"WebSite","@id":"https:\/\/www.ladiagonale.net\/#website","url":"https:\/\/www.ladiagonale.net\/","name":"La Diagonale","description":"Le site des supporters de l&#039;AS Monaco FC","potentialAction":[{"@type":"SearchAction","target":{"@type":"EntryPoint","urlTemplate":"https:\/\/www.ladiagonale.net\/?s={search_term_string}"},"query-input":"required name=search_term_string"}],"inLanguage":"fr-FR"},{"@type":"Person","@id":"https:\/\/www.ladiagonale.net\/#\/schema\/person\/79ff1e7b0853ed01b2aa26e64ad300bf","name":"Damien Dellerba","image":{"@type":"ImageObject","inLanguage":"fr-FR","@id":"https:\/\/www.ladiagonale.net\/#\/schema\/person\/image\/","url":"https:\/\/secure.gravatar.com\/avatar\/c7850e06d3ff63cdbaee88b7fc16e2f0?s=96&d=mm&r=g","contentUrl":"https:\/\/secure.gravatar.com\/avatar\/c7850e06d3ff63cdbaee88b7fc16e2f0?s=96&d=mm&r=g","caption":"Damien Dellerba"},"url":"https:\/\/www.ladiagonale.net\/index.php\/author\/damien\/"}]}},"_links":{"self":[{"href":"https:\/\/www.ladiagonale.net\/index.php\/wp-json\/wp\/v2\/posts\/6224"}],"collection":[{"href":"https:\/\/www.ladiagonale.net\/index.php\/wp-json\/wp\/v2\/posts"}],"about":[{"href":"https:\/\/www.ladiagonale.net\/index.php\/wp-json\/wp\/v2\/types\/post"}],"author":[{"embeddable":true,"href":"https:\/\/www.ladiagonale.net\/index.php\/wp-json\/wp\/v2\/users\/2"}],"replies":[{"embeddable":true,"href":"https:\/\/www.ladiagonale.net\/index.php\/wp-json\/wp\/v2\/comments?post=6224"}],"version-history":[{"count":1,"href":"https:\/\/www.ladiagonale.net\/index.php\/wp-json\/wp\/v2\/posts\/6224\/revisions"}],"predecessor-version":[{"id":6226,"href":"https:\/\/www.ladiagonale.net\/index.php\/wp-json\/wp\/v2\/posts\/6224\/revisions\/6226"}],"wp:attachment":[{"href":"https:\/\/www.ladiagonale.net\/index.php\/wp-json\/wp\/v2\/media?parent=6224"}],"wp:term":[{"taxonomy":"category","embeddable":true,"href":"https:\/\/www.ladiagonale.net\/index.php\/wp-json\/wp\/v2\/categories?post=6224"},{"taxonomy":"post_tag","embeddable":true,"href":"https:\/\/www.ladiagonale.net\/index.php\/wp-json\/wp\/v2\/tags?post=6224"}],"curies":[{"name":"wp","href":"https:\/\/api.w.org\/{rel}","templated":true}]}}