{"id":6357,"date":"2022-11-02T14:23:34","date_gmt":"2022-11-02T13:23:34","guid":{"rendered":"https:\/\/www.ladiagonale.net\/?p=6357"},"modified":"2022-11-02T14:30:10","modified_gmt":"2022-11-02T13:30:10","slug":"le-point-sur-linfirmerie-avant-belgrade","status":"publish","type":"post","link":"https:\/\/www.ladiagonale.net\/index.php\/2022\/11\/02\/le-point-sur-linfirmerie-avant-belgrade\/","title":{"rendered":"Le point sur l&rsquo;infirmerie avant Belgrade"},"content":{"rendered":"\n\n\n<p>La r\u00e9cup\u00e9ration de Ruben Aguilar se passe bien, comme l\u2019a confi\u00e9 Philippe Clement en conf\u00e9rence de presse ce mercredi. Le lat\u00e9ral droit a retrouv\u00e9 le chemin de l\u2019entra\u00eenement collectif mardi : \u00ab <em>Ruben s\u2019est entra\u00een\u00e9 hier pour la premi\u00e8re fois avec le groupe, aujourd\u2019hui aussi.<\/em>\u00a0\u00bb <\/p>\n\n\n\n<p>Peut-il pour autant pr\u00e9tendre \u00e0 une place dans le groupe ? Rien n\u2019est moins sur pour le coach belge : \u00ab&nbsp;<em>Il peut \u00eatre disponible pour quelques minutes. Pas trop, car il est absent depuis un moment. Je vais regarder avec le staff pour s\u00e9lectionner les 23 joueurs mais c\u2019est possible que Ruben fasse partie du groupe.<\/em>&nbsp;\u00bb<\/p>\n\n\n\n<p>Mais l&rsquo;ASM n&rsquo;est pas non plus certaine de pouvoir compter sur Vanderson, qui \u00e9tait touch\u00e9 au mollet contre Ferencvaros et qui a ressenti encore une g\u00eane lors de la rencontre face \u00e0 Angers dimanche : \u00ab&nbsp;<em>Vanderson est encore incertain. Mais j\u2019esp\u00e8re que \u00e7a ira demain. Ce n\u2019est pas encore sur \u00e0 100%.<\/em>&nbsp;\u00bb<\/p>\n","protected":false},"excerpt":{"rendered":"<p>La r\u00e9cup\u00e9ration de Ruben Aguilar se passe bien, comme l\u2019a confi\u00e9 Philippe Clement en conf\u00e9rence de presse ce mercredi. Le lat\u00e9ral droit a retrouv\u00e9 le chemin de l\u2019entra\u00eenement collectif mardi : \u00ab Ruben s\u2019est entra\u00een\u00e9 hier pour la premi\u00e8re fois avec le groupe, aujourd\u2019hui aussi.\u00a0\u00bb Peut-il pour autant pr\u00e9tendre \u00e0 une place dans le groupe [&#8230;]\n","protected":false},"author":2,"featured_media":0,"comment_status":"open","ping_status":"open","sticky":false,"template":"","format":"standard","meta":[],"categories":[4,6],"tags":[86,224,282,180,125],"yoast_head":"<!-- This site is optimized with the Yoast SEO plugin v19.8 - https:\/\/yoast.com\/wordpress\/plugins\/seo\/ -->\n<title>Le point sur l&#039;infirmerie avant Belgrade - La Diagonale<\/title>\n<meta name=\"robots\" content=\"index, follow, max-snippet:-1, max-image-preview:large, max-video-preview:-1\" \/>\n<link rel=\"canonical\" href=\"https:\/\/www.ladiagonale.net\/index.php\/2022\/11\/02\/le-point-sur-linfirmerie-avant-belgrade\/\" \/>\n<meta property=\"og:locale\" content=\"fr_FR\" \/>\n<meta property=\"og:type\" content=\"article\" \/>\n<meta property=\"og:title\" content=\"Le point sur l&#039;infirmerie avant Belgrade - La Diagonale\" \/>\n<meta property=\"og:description\" content=\"La r\u00e9cup\u00e9ration de Ruben Aguilar se passe bien, comme l\u2019a confi\u00e9 Philippe Clement en conf\u00e9rence de presse ce mercredi. Le lat\u00e9ral droit a retrouv\u00e9 le chemin de l\u2019entra\u00eenement collectif mardi : \u00ab Ruben s\u2019est entra\u00een\u00e9 hier pour la premi\u00e8re fois avec le groupe, aujourd\u2019hui aussi.\u00a0\u00bb Peut-il pour autant pr\u00e9tendre \u00e0 une place dans le groupe [...]\" \/>\n<meta property=\"og:url\" content=\"https:\/\/www.ladiagonale.net\/index.php\/2022\/11\/02\/le-point-sur-linfirmerie-avant-belgrade\/\" \/>\n<meta property=\"og:site_name\" content=\"La Diagonale\" \/>\n<meta property=\"article:published_time\" content=\"2022-11-02T13:23:34+00:00\" \/>\n<meta property=\"article:modified_time\" content=\"2022-11-02T13:30:10+00:00\" \/>\n<meta property=\"og:image\" content=\"https:\/\/www.ladiagonale.net\/wp-content\/uploads\/2022\/11\/aguilar.png\" \/>\n\t<meta property=\"og:image:width\" content=\"1160\" \/>\n\t<meta property=\"og:image:height\" content=\"650\" \/>\n\t<meta property=\"og:image:type\" content=\"image\/png\" \/>\n<meta name=\"author\" content=\"Damien Dellerba\" \/>\n<meta name=\"twitter:card\" content=\"summary_large_image\" \/>\n<meta name=\"twitter:image\" content=\"https:\/\/www.ladiagonale.net\/wp-content\/uploads\/2022\/11\/aguilar.png\" \/>\n<meta name=\"twitter:label1\" content=\"\u00c9crit par\" \/>\n\t<meta name=\"twitter:data1\" content=\"Damien Dellerba\" \/>\n\t<meta name=\"twitter:label2\" content=\"Dur\u00e9e de lecture estim\u00e9e\" \/>\n\t<meta name=\"twitter:data2\" content=\"1 minute\" \/>\n<script type=\"application\/ld+json\" class=\"yoast-schema-graph\">{\"@context\":\"https:\/\/schema.org\",\"@graph\":[{\"@type\":\"WebPage\",\"@id\":\"https:\/\/www.ladiagonale.net\/index.php\/2022\/11\/02\/le-point-sur-linfirmerie-avant-belgrade\/\",\"url\":\"https:\/\/www.ladiagonale.net\/index.php\/2022\/11\/02\/le-point-sur-linfirmerie-avant-belgrade\/\",\"name\":\"Le point sur l'infirmerie avant Belgrade - La Diagonale\",\"isPartOf\":{\"@id\":\"https:\/\/www.ladiagonale.net\/#website\"},\"datePublished\":\"2022-11-02T13:23:34+00:00\",\"dateModified\":\"2022-11-02T13:30:10+00:00\",\"author\":{\"@id\":\"https:\/\/www.ladiagonale.net\/#\/schema\/person\/79ff1e7b0853ed01b2aa26e64ad300bf\"},\"breadcrumb\":{\"@id\":\"https:\/\/www.ladiagonale.net\/index.php\/2022\/11\/02\/le-point-sur-linfirmerie-avant-belgrade\/#breadcrumb\"},\"inLanguage\":\"fr-FR\",\"potentialAction\":[{\"@type\":\"ReadAction\",\"target\":[\"https:\/\/www.ladiagonale.net\/index.php\/2022\/11\/02\/le-point-sur-linfirmerie-avant-belgrade\/\"]}]},{\"@type\":\"BreadcrumbList\",\"@id\":\"https:\/\/www.ladiagonale.net\/index.php\/2022\/11\/02\/le-point-sur-linfirmerie-avant-belgrade\/#breadcrumb\",\"itemListElement\":[{\"@type\":\"ListItem\",\"position\":1,\"name\":\"Accueil\",\"item\":\"https:\/\/www.ladiagonale.net\/\"},{\"@type\":\"ListItem\",\"position\":2,\"name\":\"Le point sur l&rsquo;infirmerie avant Belgrade\"}]},{\"@type\":\"WebSite\",\"@id\":\"https:\/\/www.ladiagonale.net\/#website\",\"url\":\"https:\/\/www.ladiagonale.net\/\",\"name\":\"La Diagonale\",\"description\":\"Le site des supporters de l&#039;AS Monaco FC\",\"potentialAction\":[{\"@type\":\"SearchAction\",\"target\":{\"@type\":\"EntryPoint\",\"urlTemplate\":\"https:\/\/www.ladiagonale.net\/?s={search_term_string}\"},\"query-input\":\"required name=search_term_string\"}],\"inLanguage\":\"fr-FR\"},{\"@type\":\"Person\",\"@id\":\"https:\/\/www.ladiagonale.net\/#\/schema\/person\/79ff1e7b0853ed01b2aa26e64ad300bf\",\"name\":\"Damien Dellerba\",\"image\":{\"@type\":\"ImageObject\",\"inLanguage\":\"fr-FR\",\"@id\":\"https:\/\/www.ladiagonale.net\/#\/schema\/person\/image\/\",\"url\":\"https:\/\/secure.gravatar.com\/avatar\/c7850e06d3ff63cdbaee88b7fc16e2f0?s=96&d=mm&r=g\",\"contentUrl\":\"https:\/\/secure.gravatar.com\/avatar\/c7850e06d3ff63cdbaee88b7fc16e2f0?s=96&d=mm&r=g\",\"caption\":\"Damien Dellerba\"},\"url\":\"https:\/\/www.ladiagonale.net\/index.php\/author\/damien\/\"}]}<\/script>\n<!-- \/ Yoast SEO plugin. -->","yoast_head_json":{"title":"Le point sur l'infirmerie avant Belgrade - La Diagonale","robots":{"index":"index","follow":"follow","max-snippet":"max-snippet:-1","max-image-preview":"max-image-preview:large","max-video-preview":"max-video-preview:-1"},"canonical":"https:\/\/www.ladiagonale.net\/index.php\/2022\/11\/02\/le-point-sur-linfirmerie-avant-belgrade\/","og_locale":"fr_FR","og_type":"article","og_title":"Le point sur l'infirmerie avant Belgrade - La Diagonale","og_description":"La r\u00e9cup\u00e9ration de Ruben Aguilar se passe bien, comme l\u2019a confi\u00e9 Philippe Clement en conf\u00e9rence de presse ce mercredi. Le lat\u00e9ral droit a retrouv\u00e9 le chemin de l\u2019entra\u00eenement collectif mardi : \u00ab Ruben s\u2019est entra\u00een\u00e9 hier pour la premi\u00e8re fois avec le groupe, aujourd\u2019hui aussi.\u00a0\u00bb Peut-il pour autant pr\u00e9tendre \u00e0 une place dans le groupe [...]","og_url":"https:\/\/www.ladiagonale.net\/index.php\/2022\/11\/02\/le-point-sur-linfirmerie-avant-belgrade\/","og_site_name":"La Diagonale","article_published_time":"2022-11-02T13:23:34+00:00","article_modified_time":"2022-11-02T13:30:10+00:00","og_image":[{"width":1160,"height":650,"url":"https:\/\/www.ladiagonale.net\/wp-content\/uploads\/2022\/11\/aguilar.png","type":"image\/png"}],"author":"Damien Dellerba","twitter_card":"summary_large_image","twitter_image":"https:\/\/www.ladiagonale.net\/wp-content\/uploads\/2022\/11\/aguilar.png","twitter_misc":{"\u00c9crit par":"Damien Dellerba","Dur\u00e9e de lecture estim\u00e9e":"1 minute"},"schema":{"@context":"https:\/\/schema.org","@graph":[{"@type":"WebPage","@id":"https:\/\/www.ladiagonale.net\/index.php\/2022\/11\/02\/le-point-sur-linfirmerie-avant-belgrade\/","url":"https:\/\/www.ladiagonale.net\/index.php\/2022\/11\/02\/le-point-sur-linfirmerie-avant-belgrade\/","name":"Le point sur l'infirmerie avant Belgrade - La Diagonale","isPartOf":{"@id":"https:\/\/www.ladiagonale.net\/#website"},"datePublished":"2022-11-02T13:23:34+00:00","dateModified":"2022-11-02T13:30:10+00:00","author":{"@id":"https:\/\/www.ladiagonale.net\/#\/schema\/person\/79ff1e7b0853ed01b2aa26e64ad300bf"},"breadcrumb":{"@id":"https:\/\/www.ladiagonale.net\/index.php\/2022\/11\/02\/le-point-sur-linfirmerie-avant-belgrade\/#breadcrumb"},"inLanguage":"fr-FR","potentialAction":[{"@type":"ReadAction","target":["https:\/\/www.ladiagonale.net\/index.php\/2022\/11\/02\/le-point-sur-linfirmerie-avant-belgrade\/"]}]},{"@type":"BreadcrumbList","@id":"https:\/\/www.ladiagonale.net\/index.php\/2022\/11\/02\/le-point-sur-linfirmerie-avant-belgrade\/#breadcrumb","itemListElement":[{"@type":"ListItem","position":1,"name":"Accueil","item":"https:\/\/www.ladiagonale.net\/"},{"@type":"ListItem","position":2,"name":"Le point sur l&rsquo;infirmerie avant Belgrade"}]},{"@type":"WebSite","@id":"https:\/\/www.ladiagonale.net\/#website","url":"https:\/\/www.ladiagonale.net\/","name":"La Diagonale","description":"Le site des supporters de l&#039;AS Monaco FC","potentialAction":[{"@type":"SearchAction","target":{"@type":"EntryPoint","urlTemplate":"https:\/\/www.ladiagonale.net\/?s={search_term_string}"},"query-input":"required name=search_term_string"}],"inLanguage":"fr-FR"},{"@type":"Person","@id":"https:\/\/www.ladiagonale.net\/#\/schema\/person\/79ff1e7b0853ed01b2aa26e64ad300bf","name":"Damien Dellerba","image":{"@type":"ImageObject","inLanguage":"fr-FR","@id":"https:\/\/www.ladiagonale.net\/#\/schema\/person\/image\/","url":"https:\/\/secure.gravatar.com\/avatar\/c7850e06d3ff63cdbaee88b7fc16e2f0?s=96&d=mm&r=g","contentUrl":"https:\/\/secure.gravatar.com\/avatar\/c7850e06d3ff63cdbaee88b7fc16e2f0?s=96&d=mm&r=g","caption":"Damien Dellerba"},"url":"https:\/\/www.ladiagonale.net\/index.php\/author\/damien\/"}]}},"_links":{"self":[{"href":"https:\/\/www.ladiagonale.net\/index.php\/wp-json\/wp\/v2\/posts\/6357"}],"collection":[{"href":"https:\/\/www.ladiagonale.net\/index.php\/wp-json\/wp\/v2\/posts"}],"about":[{"href":"https:\/\/www.ladiagonale.net\/index.php\/wp-json\/wp\/v2\/types\/post"}],"author":[{"embeddable":true,"href":"https:\/\/www.ladiagonale.net\/index.php\/wp-json\/wp\/v2\/users\/2"}],"replies":[{"embeddable":true,"href":"https:\/\/www.ladiagonale.net\/index.php\/wp-json\/wp\/v2\/comments?post=6357"}],"version-history":[{"count":3,"href":"https:\/\/www.ladiagonale.net\/index.php\/wp-json\/wp\/v2\/posts\/6357\/revisions"}],"predecessor-version":[{"id":6362,"href":"https:\/\/www.ladiagonale.net\/index.php\/wp-json\/wp\/v2\/posts\/6357\/revisions\/6362"}],"wp:attachment":[{"href":"https:\/\/www.ladiagonale.net\/index.php\/wp-json\/wp\/v2\/media?parent=6357"}],"wp:term":[{"taxonomy":"category","embeddable":true,"href":"https:\/\/www.ladiagonale.net\/index.php\/wp-json\/wp\/v2\/categories?post=6357"},{"taxonomy":"post_tag","embeddable":true,"href":"https:\/\/www.ladiagonale.net\/index.php\/wp-json\/wp\/v2\/tags?post=6357"}],"curies":[{"name":"wp","href":"https:\/\/api.w.org\/{rel}","templated":true}]}}