{"id":6365,"date":"2022-11-02T15:59:14","date_gmt":"2022-11-02T14:59:14","guid":{"rendered":"https:\/\/www.ladiagonale.net\/?p=6365"},"modified":"2022-11-02T15:59:17","modified_gmt":"2022-11-02T14:59:17","slug":"clement-ne-pas-faire-de-scenarios-dans-nos-tetes-avant-le-match","status":"publish","type":"post","link":"https:\/\/www.ladiagonale.net\/index.php\/2022\/11\/02\/clement-ne-pas-faire-de-scenarios-dans-nos-tetes-avant-le-match\/","title":{"rendered":"Clement : \u00ab\u00a0Ne pas faire de sc\u00e9narios dans nos t\u00eates avant le match\u00a0\u00bb"},"content":{"rendered":"\n\n\n<p>Si Monaco va jouer face \u00e0 l\u2019\u00c9toile Rouge un match couperet en vue d\u2019une qualification en barrage de Ligue Europa, Philippe Clement esp\u00e8re que ce match ne sera pas le plus important de la saison : \u00ab\u00a0<em>C\u2019est un match d\u00e9cisif pour cette comp\u00e9tition. Mais j\u2019esp\u00e8re qu\u2019il y aura encore plus de matchs importants les mois suivants. C\u2019est notre motivation commune. Avec les joueurs j\u2019ai vu beaucoup d\u2019engagement \u00e0 l\u2019entra\u00eenement. Tout le monde est tr\u00e8s concentr\u00e9 pour ce match.<\/em>\u00a0\u00bb<\/p>\n\n\n\n<p>Pour autant, Clement ne veut pas que ses joueurs jouent le match avant l\u2019heure dans leurs t\u00eates : \u00ab\u00a0<em>C\u2019est important que les joueurs ne projettent pas des sc\u00e9narios car dans le football il y a toujours plein de sc\u00e9narios diff\u00e9rents que dans les t\u00eates. On doit \u00eatre concentr\u00e9 sur nous, notre jeu, ce que nous voulons faire avec ou sans ballon, la structure, la cr\u00e9ativit\u00e9, les lignes de courses, tous les principes que nous avons install\u00e9 ensemble ces derni\u00e8res mois.\u00a0(\u2026) Nous ne devons pas regarder les sc\u00e9narios mais rester dans la structure. Quand tu forces trop comme cela a \u00e9t\u00e9 le cas \u00e0 Trabzon, tu perds la structure et tu encaisses des buts. \u00c7a ne doit pas arriver demain.<\/em>\u00a0\u00bb<\/p>\n\n\n\n<blockquote class=\"wp-block-quote\"><p>Il n\u2019y a pas de probl\u00e8mes dans les t\u00eate et on va le montrer demain<\/p><\/blockquote>\n\n\n\n<p>Interrog\u00e9 sur la difficult\u00e9 \u00e0 r\u00e9ussir lorsque Monaco joue un match couperet, l\u2019entra\u00eeneur belge est convaincu que son \u00e9quipe a \u00e9volu\u00e9 sur ce point: \u00ab <em>Nous avons eu des moments plus difficiles. Mais nous sommes \u00e0 trois points du podium, en ayant jou\u00e9 un programme tr\u00e8s serr\u00e9, contre les meilleures \u00e9quipes du championnat. (\u2026) La le\u00e7on de Trazbon \u00e9tait dure mais je suis certain que dans quelques mois, on pourra dire que c\u2019\u00e9tait une le\u00e7on importante pour le futur. (\u2026) Je ne pense  pas qu\u2019il y a un probl\u00e8me dans les t\u00eates et on va le montrer demain.<\/em>\u00a0\u00bb<\/p>\n\n\n\n<p>L\u2019adversaire serbe sera coriace : \u00ab\u00a0<em>On a un adversaire qui joue avec beaucoup d\u2019intensit\u00e9 et de duels mais aussi un milieu avec de bons joueurs de ballon. On doit jouer un grand match pour gagner.<\/em>\u00a0\u00bb Et qui sera diff\u00e9rent de ceux rencontr\u00e9s en Ligue 1 : \u00ab\u00a0<em>Ce n\u2019est pas un \u00e9quipe qui se contente de d\u00e9fendre et contrer. C\u2019est une \u00e9quipe qui pousse pour gagner. Ils sont premiers de leur championnat o\u00f9 ils ont gagn\u00e9 les huit derniers matchs. C\u2019est une \u00e9quipe qui attaque. (\u2026) Ils ont beaucoup de puissance, des attaquants forts dans les duels avec beaucoup de centres. Il ne faudra pas d\u00e9fendre seulement dans la surface mais aussi plus haut.<\/em>\u00a0\u00bb<br><\/p>\n\n\n\n<p>Monaco pourrait aussi \u00eatre revers\u00e9 en Ligue Europa Conf\u00e9rence mais Clement ne veut penser qu&rsquo;\u00e0 sortir du groupe en deuxi\u00e8me position, m\u00eame s&rsquo;il ne d\u00e9nigre pas la C4 : \u00ab <em>L\u2019an pass\u00e9, un grand entra\u00eeneur (Mourinho), s&rsquo;est fait tatouer la Ligue Europa Conf\u00e9rence sur le bras. Quelqu\u2019un qui a beaucoup plus gagn\u00e9 que moi. Il \u00e9tait content et tr\u00e8s fier. C\u2019est une comp\u00e9tition europ\u00e9enne o\u00f9 il peut y avoir de plus grands matchs qu\u2019en Ligue Europa ou en Ligue des champions. Mais je veux \u00eatre tr\u00e8s clair : nous jouerons pour la deuxi\u00e8me place. Je veux d\u2019abord penser \u00e0 la Ligue Europa et \u00e0 notre d\u00e9fi pour demain.<\/em> \u00bb<\/p>\n","protected":false},"excerpt":{"rendered":"<p>Si Monaco va jouer face \u00e0 l\u2019\u00c9toile Rouge un match couperet en vue d\u2019une qualification en barrage de Ligue Europa, Philippe Clement esp\u00e8re que ce match ne sera pas le plus important de la saison : \u00ab\u00a0C\u2019est un match d\u00e9cisif pour cette comp\u00e9tition. Mais j\u2019esp\u00e8re qu\u2019il y aura encore plus de matchs importants les mois [&#8230;]\n","protected":false},"author":2,"featured_media":0,"comment_status":"open","ping_status":"open","sticky":false,"template":"","format":"standard","meta":[],"categories":[6],"tags":[86,224,282,191],"yoast_head":"<!-- This site is optimized with the Yoast SEO plugin v19.8 - https:\/\/yoast.com\/wordpress\/plugins\/seo\/ -->\n<title>Clement : \u00ab\u00a0Ne pas faire de sc\u00e9narios dans nos t\u00eates avant le match\u00a0\u00bb - La Diagonale<\/title>\n<meta name=\"robots\" content=\"index, follow, max-snippet:-1, max-image-preview:large, max-video-preview:-1\" \/>\n<link rel=\"canonical\" href=\"https:\/\/www.ladiagonale.net\/index.php\/2022\/11\/02\/clement-ne-pas-faire-de-scenarios-dans-nos-tetes-avant-le-match\/\" \/>\n<meta property=\"og:locale\" content=\"fr_FR\" \/>\n<meta property=\"og:type\" content=\"article\" \/>\n<meta property=\"og:title\" content=\"Clement : \u00ab\u00a0Ne pas faire de sc\u00e9narios dans nos t\u00eates avant le match\u00a0\u00bb - La Diagonale\" \/>\n<meta property=\"og:description\" content=\"Si Monaco va jouer face \u00e0 l\u2019\u00c9toile Rouge un match couperet en vue d\u2019une qualification en barrage de Ligue Europa, Philippe Clement esp\u00e8re que ce match ne sera pas le plus important de la saison : \u00ab\u00a0C\u2019est un match d\u00e9cisif pour cette comp\u00e9tition. Mais j\u2019esp\u00e8re qu\u2019il y aura encore plus de matchs importants les mois [...]\" \/>\n<meta property=\"og:url\" content=\"https:\/\/www.ladiagonale.net\/index.php\/2022\/11\/02\/clement-ne-pas-faire-de-scenarios-dans-nos-tetes-avant-le-match\/\" \/>\n<meta property=\"og:site_name\" content=\"La Diagonale\" \/>\n<meta property=\"article:published_time\" content=\"2022-11-02T14:59:14+00:00\" \/>\n<meta property=\"article:modified_time\" content=\"2022-11-02T14:59:17+00:00\" \/>\n<meta property=\"og:image\" content=\"https:\/\/www.ladiagonale.net\/wp-content\/uploads\/2022\/10\/clement.png\" \/>\n\t<meta property=\"og:image:width\" content=\"1160\" \/>\n\t<meta property=\"og:image:height\" content=\"650\" \/>\n\t<meta property=\"og:image:type\" content=\"image\/png\" \/>\n<meta name=\"author\" content=\"Damien Dellerba\" \/>\n<meta name=\"twitter:card\" content=\"summary_large_image\" \/>\n<meta name=\"twitter:image\" content=\"https:\/\/www.ladiagonale.net\/wp-content\/uploads\/2022\/10\/clement.png\" \/>\n<meta name=\"twitter:label1\" content=\"\u00c9crit par\" \/>\n\t<meta name=\"twitter:data1\" content=\"Damien Dellerba\" \/>\n\t<meta name=\"twitter:label2\" content=\"Dur\u00e9e de lecture estim\u00e9e\" \/>\n\t<meta name=\"twitter:data2\" content=\"3 minutes\" \/>\n<script type=\"application\/ld+json\" class=\"yoast-schema-graph\">{\"@context\":\"https:\/\/schema.org\",\"@graph\":[{\"@type\":\"WebPage\",\"@id\":\"https:\/\/www.ladiagonale.net\/index.php\/2022\/11\/02\/clement-ne-pas-faire-de-scenarios-dans-nos-tetes-avant-le-match\/\",\"url\":\"https:\/\/www.ladiagonale.net\/index.php\/2022\/11\/02\/clement-ne-pas-faire-de-scenarios-dans-nos-tetes-avant-le-match\/\",\"name\":\"Clement : \u00ab\u00a0Ne pas faire de sc\u00e9narios dans nos t\u00eates avant le match\u00a0\u00bb - La Diagonale\",\"isPartOf\":{\"@id\":\"https:\/\/www.ladiagonale.net\/#website\"},\"datePublished\":\"2022-11-02T14:59:14+00:00\",\"dateModified\":\"2022-11-02T14:59:17+00:00\",\"author\":{\"@id\":\"https:\/\/www.ladiagonale.net\/#\/schema\/person\/79ff1e7b0853ed01b2aa26e64ad300bf\"},\"breadcrumb\":{\"@id\":\"https:\/\/www.ladiagonale.net\/index.php\/2022\/11\/02\/clement-ne-pas-faire-de-scenarios-dans-nos-tetes-avant-le-match\/#breadcrumb\"},\"inLanguage\":\"fr-FR\",\"potentialAction\":[{\"@type\":\"ReadAction\",\"target\":[\"https:\/\/www.ladiagonale.net\/index.php\/2022\/11\/02\/clement-ne-pas-faire-de-scenarios-dans-nos-tetes-avant-le-match\/\"]}]},{\"@type\":\"BreadcrumbList\",\"@id\":\"https:\/\/www.ladiagonale.net\/index.php\/2022\/11\/02\/clement-ne-pas-faire-de-scenarios-dans-nos-tetes-avant-le-match\/#breadcrumb\",\"itemListElement\":[{\"@type\":\"ListItem\",\"position\":1,\"name\":\"Accueil\",\"item\":\"https:\/\/www.ladiagonale.net\/\"},{\"@type\":\"ListItem\",\"position\":2,\"name\":\"Clement : \u00ab\u00a0Ne pas faire de sc\u00e9narios dans nos t\u00eates avant le match\u00a0\u00bb\"}]},{\"@type\":\"WebSite\",\"@id\":\"https:\/\/www.ladiagonale.net\/#website\",\"url\":\"https:\/\/www.ladiagonale.net\/\",\"name\":\"La Diagonale\",\"description\":\"Le site des supporters de l&#039;AS Monaco FC\",\"potentialAction\":[{\"@type\":\"SearchAction\",\"target\":{\"@type\":\"EntryPoint\",\"urlTemplate\":\"https:\/\/www.ladiagonale.net\/?s={search_term_string}\"},\"query-input\":\"required name=search_term_string\"}],\"inLanguage\":\"fr-FR\"},{\"@type\":\"Person\",\"@id\":\"https:\/\/www.ladiagonale.net\/#\/schema\/person\/79ff1e7b0853ed01b2aa26e64ad300bf\",\"name\":\"Damien Dellerba\",\"image\":{\"@type\":\"ImageObject\",\"inLanguage\":\"fr-FR\",\"@id\":\"https:\/\/www.ladiagonale.net\/#\/schema\/person\/image\/\",\"url\":\"https:\/\/secure.gravatar.com\/avatar\/c7850e06d3ff63cdbaee88b7fc16e2f0?s=96&d=mm&r=g\",\"contentUrl\":\"https:\/\/secure.gravatar.com\/avatar\/c7850e06d3ff63cdbaee88b7fc16e2f0?s=96&d=mm&r=g\",\"caption\":\"Damien Dellerba\"},\"url\":\"https:\/\/www.ladiagonale.net\/index.php\/author\/damien\/\"}]}<\/script>\n<!-- \/ Yoast SEO plugin. -->","yoast_head_json":{"title":"Clement : \u00ab\u00a0Ne pas faire de sc\u00e9narios dans nos t\u00eates avant le match\u00a0\u00bb - La Diagonale","robots":{"index":"index","follow":"follow","max-snippet":"max-snippet:-1","max-image-preview":"max-image-preview:large","max-video-preview":"max-video-preview:-1"},"canonical":"https:\/\/www.ladiagonale.net\/index.php\/2022\/11\/02\/clement-ne-pas-faire-de-scenarios-dans-nos-tetes-avant-le-match\/","og_locale":"fr_FR","og_type":"article","og_title":"Clement : \u00ab\u00a0Ne pas faire de sc\u00e9narios dans nos t\u00eates avant le match\u00a0\u00bb - La Diagonale","og_description":"Si Monaco va jouer face \u00e0 l\u2019\u00c9toile Rouge un match couperet en vue d\u2019une qualification en barrage de Ligue Europa, Philippe Clement esp\u00e8re que ce match ne sera pas le plus important de la saison : \u00ab\u00a0C\u2019est un match d\u00e9cisif pour cette comp\u00e9tition. Mais j\u2019esp\u00e8re qu\u2019il y aura encore plus de matchs importants les mois [...]","og_url":"https:\/\/www.ladiagonale.net\/index.php\/2022\/11\/02\/clement-ne-pas-faire-de-scenarios-dans-nos-tetes-avant-le-match\/","og_site_name":"La Diagonale","article_published_time":"2022-11-02T14:59:14+00:00","article_modified_time":"2022-11-02T14:59:17+00:00","og_image":[{"width":1160,"height":650,"url":"https:\/\/www.ladiagonale.net\/wp-content\/uploads\/2022\/10\/clement.png","type":"image\/png"}],"author":"Damien Dellerba","twitter_card":"summary_large_image","twitter_image":"https:\/\/www.ladiagonale.net\/wp-content\/uploads\/2022\/10\/clement.png","twitter_misc":{"\u00c9crit par":"Damien Dellerba","Dur\u00e9e de lecture estim\u00e9e":"3 minutes"},"schema":{"@context":"https:\/\/schema.org","@graph":[{"@type":"WebPage","@id":"https:\/\/www.ladiagonale.net\/index.php\/2022\/11\/02\/clement-ne-pas-faire-de-scenarios-dans-nos-tetes-avant-le-match\/","url":"https:\/\/www.ladiagonale.net\/index.php\/2022\/11\/02\/clement-ne-pas-faire-de-scenarios-dans-nos-tetes-avant-le-match\/","name":"Clement : \u00ab\u00a0Ne pas faire de sc\u00e9narios dans nos t\u00eates avant le match\u00a0\u00bb - La Diagonale","isPartOf":{"@id":"https:\/\/www.ladiagonale.net\/#website"},"datePublished":"2022-11-02T14:59:14+00:00","dateModified":"2022-11-02T14:59:17+00:00","author":{"@id":"https:\/\/www.ladiagonale.net\/#\/schema\/person\/79ff1e7b0853ed01b2aa26e64ad300bf"},"breadcrumb":{"@id":"https:\/\/www.ladiagonale.net\/index.php\/2022\/11\/02\/clement-ne-pas-faire-de-scenarios-dans-nos-tetes-avant-le-match\/#breadcrumb"},"inLanguage":"fr-FR","potentialAction":[{"@type":"ReadAction","target":["https:\/\/www.ladiagonale.net\/index.php\/2022\/11\/02\/clement-ne-pas-faire-de-scenarios-dans-nos-tetes-avant-le-match\/"]}]},{"@type":"BreadcrumbList","@id":"https:\/\/www.ladiagonale.net\/index.php\/2022\/11\/02\/clement-ne-pas-faire-de-scenarios-dans-nos-tetes-avant-le-match\/#breadcrumb","itemListElement":[{"@type":"ListItem","position":1,"name":"Accueil","item":"https:\/\/www.ladiagonale.net\/"},{"@type":"ListItem","position":2,"name":"Clement : \u00ab\u00a0Ne pas faire de sc\u00e9narios dans nos t\u00eates avant le match\u00a0\u00bb"}]},{"@type":"WebSite","@id":"https:\/\/www.ladiagonale.net\/#website","url":"https:\/\/www.ladiagonale.net\/","name":"La Diagonale","description":"Le site des supporters de l&#039;AS Monaco FC","potentialAction":[{"@type":"SearchAction","target":{"@type":"EntryPoint","urlTemplate":"https:\/\/www.ladiagonale.net\/?s={search_term_string}"},"query-input":"required name=search_term_string"}],"inLanguage":"fr-FR"},{"@type":"Person","@id":"https:\/\/www.ladiagonale.net\/#\/schema\/person\/79ff1e7b0853ed01b2aa26e64ad300bf","name":"Damien Dellerba","image":{"@type":"ImageObject","inLanguage":"fr-FR","@id":"https:\/\/www.ladiagonale.net\/#\/schema\/person\/image\/","url":"https:\/\/secure.gravatar.com\/avatar\/c7850e06d3ff63cdbaee88b7fc16e2f0?s=96&d=mm&r=g","contentUrl":"https:\/\/secure.gravatar.com\/avatar\/c7850e06d3ff63cdbaee88b7fc16e2f0?s=96&d=mm&r=g","caption":"Damien Dellerba"},"url":"https:\/\/www.ladiagonale.net\/index.php\/author\/damien\/"}]}},"_links":{"self":[{"href":"https:\/\/www.ladiagonale.net\/index.php\/wp-json\/wp\/v2\/posts\/6365"}],"collection":[{"href":"https:\/\/www.ladiagonale.net\/index.php\/wp-json\/wp\/v2\/posts"}],"about":[{"href":"https:\/\/www.ladiagonale.net\/index.php\/wp-json\/wp\/v2\/types\/post"}],"author":[{"embeddable":true,"href":"https:\/\/www.ladiagonale.net\/index.php\/wp-json\/wp\/v2\/users\/2"}],"replies":[{"embeddable":true,"href":"https:\/\/www.ladiagonale.net\/index.php\/wp-json\/wp\/v2\/comments?post=6365"}],"version-history":[{"count":1,"href":"https:\/\/www.ladiagonale.net\/index.php\/wp-json\/wp\/v2\/posts\/6365\/revisions"}],"predecessor-version":[{"id":6366,"href":"https:\/\/www.ladiagonale.net\/index.php\/wp-json\/wp\/v2\/posts\/6365\/revisions\/6366"}],"wp:attachment":[{"href":"https:\/\/www.ladiagonale.net\/index.php\/wp-json\/wp\/v2\/media?parent=6365"}],"wp:term":[{"taxonomy":"category","embeddable":true,"href":"https:\/\/www.ladiagonale.net\/index.php\/wp-json\/wp\/v2\/categories?post=6365"},{"taxonomy":"post_tag","embeddable":true,"href":"https:\/\/www.ladiagonale.net\/index.php\/wp-json\/wp\/v2\/tags?post=6365"}],"curies":[{"name":"wp","href":"https:\/\/api.w.org\/{rel}","templated":true}]}}