{"id":6379,"date":"2022-11-03T02:35:25","date_gmt":"2022-11-03T01:35:25","guid":{"rendered":"https:\/\/www.ladiagonale.net\/?p=6379"},"modified":"2022-11-03T02:39:01","modified_gmt":"2022-11-03T01:39:01","slug":"pas-le-droit-a-lerreur","status":"publish","type":"post","link":"https:\/\/www.ladiagonale.net\/index.php\/2022\/11\/03\/pas-le-droit-a-lerreur\/","title":{"rendered":"Pas le droit \u00e0 l&rsquo;erreur"},"content":{"rendered":"\n\n\n<p><strong>Derni\u00e8re ligne droite dans cette phase de poules de Ligue Europa pour l&rsquo;AS Monaco qui re\u00e7oit l&rsquo;\u00c9toile Rouge Belgrade ce jeudi (18h45). Les Rouge et Blanc ne doivent pas perdre s&rsquo;il veulent continuer l&rsquo;aventure en C3.<\/strong><\/p>\n\n\n\n<hr class=\"wp-block-separator has-alpha-channel-opacity\"\/>\n\n\n\n<h4 class=\"has-vivid-red-color has-text-color\" style=\"font-style:normal;font-weight:500;text-transform:uppercase\">forme et enjeux<\/h4>\n\n\n\n<p>Dix minutes. C&rsquo;est ce qui a manqu\u00e9 \u00e0 Monaco jeudi dernier contre Ferencvaros (1-1) pour revenir de Hongrie avec les trois points et s&rsquo;assurer un printemps europ\u00e9en. Les As\u00e9mistes avaient pourtant laiss\u00e9 passer l&rsquo;orage du d\u00e9but de la seconde mi-temps, vingt minutes pendant lesquelles ils avaient d\u00fb faire le dos rond. C&rsquo;est plus tard dans la rencontre, alors qu&rsquo;il avaient remis le pied sur le cuir, qu&rsquo;une inattention en d\u00e9fense les a renvoy\u00e9s \u00e0 leurs ch\u00e8res \u00e9tudes. Un sc\u00e9nario qui renforce le sentiment que l&rsquo;ASM a du mal \u00e0 g\u00e9rer ses \u00e9motions au plus fort de l&rsquo;enjeu, comme lorsqu&rsquo;elle avait craqu\u00e9 lors du match retour face au PSV Eindhoven. <\/p>\n\n\n\n<p>Contre Angers, les Mon\u00e9gasques ne se sont qu&rsquo;en partie rassur\u00e9s sur cet aspect. Face \u00e0 la lanterne rouge du championnat, quoique regroup\u00e9e en d\u00e9fense et difficile \u00e0 jouer, les hommes de Philippe Clement ont mis du temps \u00e0 s&rsquo;en sortir mais c&rsquo;est surtout un \u00e9v\u00e8nement dans le match, la passe en retrait manqu\u00e9e de Jakobs, qui a encore donn\u00e9 cette impression de fragilit\u00e9 mentale. \u00ab&nbsp;<em>Il faut apprendre \u00e0 mieux g\u00e9rer collectivement ces temps faibles<\/em>&nbsp;\u00bb, avait reconnu Guillermo Maripan. De son c\u00f4t\u00e9, Philippe Clement ne pense que Monaco soit plus fragile que d&rsquo;autres \u00e9quipes : \u00ab <em>Je ne pense pas qu\u2019il y a un probl\u00e8me dans les t\u00eates et on va le montrer demain<\/em>&nbsp;\u00bb, a-t-il affirm\u00e9 avec confiance. <\/p>\n\n\n\n<p>Les Mon\u00e9gasques vont devoir livrer une nouvelle bataille et ils seraient donc avis\u00e9s d&rsquo;en faire la d\u00e9monstration, au risque de tout perdre. Un sc\u00e9nario qui est possible en cas de d\u00e9faite contre l&rsquo;\u00c9toile Rouge et de victoire de Trabzonspor dans l&rsquo;autre rencontre du groupe. La qualification pour les barrages de la Ligue Europa est encore \u00e0 port\u00e9e de main et les Rouge et Blanc sont en ballotage favorable puisqu&rsquo;ils occupent la seconde place du groupe, un point devant leurs poursuivants. Si Philippe Clement esp\u00e8re compter sur Vanderson, il aura au moins la certitude de retrouver Camara au milieu et les autres titulaires comme Caio Henrique ou Golovin qu&rsquo;il a \u00e0 peine pu mettre au repos contre Angers. Un autre probl\u00e8me dont il conviendra de s&rsquo;occuper apr\u00e8s cette rencontre qui peut faire basculer la saison.<\/p>\n\n\n\n<hr class=\"wp-block-separator has-alpha-channel-opacity\"\/>\n\n\n\n<h4 class=\"has-vivid-red-color has-text-color\" style=\"font-style:normal;font-weight:500;text-transform:uppercase\">l&rsquo;adversaire<\/h4>\n\n\n\n<p>Cela fait presque deux mois que l\u2019AS Monaco et l\u2019\u00c9toile Rouge Belgrade se sont affront\u00e9es en Ligue Europa, \u00e0 l\u2019occasion de la premi\u00e8re journ\u00e9e de poule. Les Mon\u00e9gasques en \u00e9taient sortis vainqueurs d\u2019une courte t\u00eate (0-1) gr\u00e2ce \u00e0 un p\u00e9nalty de Breel Embolo. Mais l\u2019\u00e9quipe serbe traversait une zone de turbulences avec la d\u00e9mission de son entra\u00eeneur, Dejan Stankovic, qui a voulu endosser la responsabilit\u00e9 de la non-qualification en Ligue des champions. Remplac\u00e9 par Milos Milojevic, l\u2019\u00c9toile Rouge a d\u2019abord connu une s\u00e9rie de trois matchs sans victoire toutes comp\u00e9titions confondues, dont une d\u00e9faite contre l\u2019ASM, avant de perdre contre Trabzonspor (2-1) lors de la deuxi\u00e8me journ\u00e9e de Ligue Europa.<\/p>\n\n\n\n<p>Mais elle s\u2019est bien reprise en encha\u00eenant cinq succ\u00e8s, dont un \u00e9clatant contre Ferencvaros (4-1) mais elle n\u2019a pu r\u00e9\u00e9diter cette performance lors du match retour face aux Hongrois et s\u2019est inclin\u00e9e (2-1). Toujours est-il que les Serbes sont de nouveau sur une s\u00e9rie de cinq victoires dont une contre Trabzonspor (2-1), qui leur permet de rester en vie dans ce groupe. Si leur parcours europ\u00e9en est pour l\u2019instant plut\u00f4t in\u00e9gal, leur domination en championnat ne souffre d\u2019aucune contestation possible puisqu\u2019ils sont toujours invaincus apr\u00e8s 16 journ\u00e9es et devancent le Partizan Belgrade de sept points.<\/p>\n\n\n\n<h4 class=\"has-vivid-red-color has-text-color\" style=\"font-style:normal;font-weight:500;text-transform:uppercase\">Le joueur \u00e0 surveiller<\/h4>\n\n\n\n<p><strong>Aleksandar Pesic \u2013 Attaquant \u2013 30 ans<\/strong><\/p>\n\n\n\n<p>M\u00eame s\u2019il n\u2019a pas \u00e9t\u00e9 efficace au match aller, l\u2019attaquant serbe est en forme \u00e0 l\u2019heure actuelle puisqu\u2019il a inscrit 5 buts lors des quatre derniers matchs toutes comp\u00e9titions confondues, portant son total \u00e0 dix buts cette saison en 22 matchs. L\u2019ancien co\u00e9quipier de Wissam Ben Yedder (ils ont \u00e9volu\u00e9 ensemble \u00e0 Toulouse entre 2014 et 2016) sera particuli\u00e8rement \u00e0 surveiller dans la zone de v\u00e9rit\u00e9, puisqu\u2019il sait se faire oublier d\u2019une d\u00e9fense.<\/p>\n\n\n\n<hr class=\"wp-block-separator has-alpha-channel-opacity\"\/>\n\n\n\n<h4 class=\"has-vivid-red-color has-text-color\" style=\"font-style:normal;font-weight:500;text-transform:uppercase\">l&rsquo;historique<\/h4>\n\n\n\n<p>Monaco a pris l&rsquo;avantage au niveau des confrontations directes face \u00e0 l&rsquo;\u00c9toile Rouge gr\u00e2ce \u00e0 sa victoire acquise lors du match aller. Ce sera le premier d\u00e9placement de l&rsquo;\u00e9quipe serbe en Principaut\u00e9. <\/p>\n\n\n\n<hr class=\"wp-block-separator has-alpha-channel-opacity\"\/>\n\n\n\n<h4 class=\"has-vivid-red-color has-text-color\" style=\"font-style:normal;font-weight:500;text-transform:uppercase\">les groupes<\/h4>\n\n\n\n<p><strong>Le groupe mon\u00e9gasque<\/strong><\/p>\n\n\n\n<p><strong>Gardiens :<\/strong> Didillon, Lienard, N\u00fcbel.<br><strong>D\u00e9fenseurs :<\/strong> Aguilar, Badiashile, C. Henrique, Disasi, Jakobs, Maripan, Sarr, Vanderson.<br><strong>Milieux :<\/strong> Akliouche, Ben Seghir, Camara, Diatta, Fofana, G. Martins, Golovin, J. Lucas, Matazo, Minamino.<br><strong>Attaquants :<\/strong> Ben Yedder, Embolo, Volland.<\/p>\n\n\n\n<p><strong>Absent :<\/strong> Boadu (g\u00eane au genou gauche)<\/p>\n\n\n\n<p><strong>Le groupe serbe<\/strong><\/p>\n\n\n\n<p><strong>Gardiens :<\/strong> Borjan, Vasiljevic.<br><strong>D\u00e9fenseurs :<\/strong> Azarov, Erakovic, Gobeljic, Lekovic, Milunovic, Pankov, Rodic.<br><strong>Milieux :<\/strong> Ivanic, Kanga, Kangwa, Katai, Mustafa, Nabouhane, Sanogo, Srnic, Stankovic.<br><strong>Attaquants :<\/strong> Bukari, Koulibaly, Mijatovi\u0107, Mitrovi\u0107, Pe\u0161i\u0107.<\/p>\n\n\n\n<p><strong>Absent :<\/strong> Dragovic (suspendu)<\/p>\n\n\n\n<hr class=\"wp-block-separator has-alpha-channel-opacity\"\/>\n\n\n\n<h4 class=\"has-vivid-red-color has-text-color\" style=\"font-style:normal;font-weight:500;text-transform:uppercase\">la d\u00e9claration<\/h4>\n\n\n\n<p>Philippe Clement : \u00ab&nbsp;<em>C\u2019est important que les joueurs ne projettent pas des sc\u00e9narios car dans le football il y a toujours plein de sc\u00e9narios diff\u00e9rents que dans les t\u00eates. On doit \u00eatre concentr\u00e9 sur nous, notre jeu, ce que nous voulons faire avec ou sans ballon, la structure, la cr\u00e9ativit\u00e9, les lignes de courses, tous les principes que nous avons install\u00e9 ensemble ces derni\u00e8res mois.<\/em>&nbsp;\u00bb<\/p>\n\n\n\n<p>Photo : <em>AS Monaco<\/em><\/p>\n","protected":false},"excerpt":{"rendered":"<p>Derni\u00e8re ligne droite dans cette phase de poules de Ligue Europa pour l&rsquo;AS Monaco qui re\u00e7oit l&rsquo;\u00c9toile Rouge Belgrade ce jeudi (18h45). Les Rouge et Blanc ne doivent pas perdre s&rsquo;il veulent continuer l&rsquo;aventure en C3. forme et enjeux Dix minutes. C&rsquo;est ce qui a manqu\u00e9 \u00e0 Monaco jeudi dernier contre Ferencvaros (1-1) pour revenir [&#8230;]\n","protected":false},"author":2,"featured_media":6193,"comment_status":"open","ping_status":"open","sticky":false,"template":"","format":"standard","meta":[],"categories":[5,6],"tags":[86,206,224,282],"yoast_head":"<!-- This site is optimized with the Yoast SEO plugin v19.8 - https:\/\/yoast.com\/wordpress\/plugins\/seo\/ -->\n<title>Pas le droit \u00e0 l&#039;erreur - La Diagonale<\/title>\n<meta name=\"robots\" content=\"index, follow, max-snippet:-1, max-image-preview:large, max-video-preview:-1\" \/>\n<link rel=\"canonical\" href=\"https:\/\/www.ladiagonale.net\/index.php\/2022\/11\/03\/pas-le-droit-a-lerreur\/\" \/>\n<meta property=\"og:locale\" content=\"fr_FR\" \/>\n<meta property=\"og:type\" content=\"article\" \/>\n<meta property=\"og:title\" content=\"Pas le droit \u00e0 l&#039;erreur - La Diagonale\" \/>\n<meta property=\"og:description\" content=\"Derni\u00e8re ligne droite dans cette phase de poules de Ligue Europa pour l&rsquo;AS Monaco qui re\u00e7oit l&rsquo;\u00c9toile Rouge Belgrade ce jeudi (18h45). Les Rouge et Blanc ne doivent pas perdre s&rsquo;il veulent continuer l&rsquo;aventure en C3. forme et enjeux Dix minutes. C&rsquo;est ce qui a manqu\u00e9 \u00e0 Monaco jeudi dernier contre Ferencvaros (1-1) pour revenir [...]\" \/>\n<meta property=\"og:url\" content=\"https:\/\/www.ladiagonale.net\/index.php\/2022\/11\/03\/pas-le-droit-a-lerreur\/\" \/>\n<meta property=\"og:site_name\" content=\"La Diagonale\" \/>\n<meta property=\"article:published_time\" content=\"2022-11-03T01:35:25+00:00\" \/>\n<meta property=\"article:modified_time\" content=\"2022-11-03T01:39:01+00:00\" \/>\n<meta property=\"og:image\" content=\"https:\/\/www.ladiagonale.net\/wp-content\/uploads\/2022\/10\/2022-08-02-q3-asm-psv-1633-1160x650-1.jpg\" \/>\n\t<meta property=\"og:image:width\" content=\"1160\" \/>\n\t<meta property=\"og:image:height\" content=\"650\" \/>\n\t<meta property=\"og:image:type\" content=\"image\/jpeg\" \/>\n<meta name=\"author\" content=\"Damien Dellerba\" \/>\n<meta name=\"twitter:card\" content=\"summary_large_image\" \/>\n<meta name=\"twitter:image\" content=\"https:\/\/www.ladiagonale.net\/wp-content\/uploads\/2022\/10\/2022-08-02-q3-asm-psv-1633-1160x650-1.jpg\" \/>\n<meta name=\"twitter:label1\" content=\"\u00c9crit par\" \/>\n\t<meta name=\"twitter:data1\" content=\"Damien Dellerba\" \/>\n\t<meta name=\"twitter:label2\" content=\"Dur\u00e9e de lecture estim\u00e9e\" \/>\n\t<meta name=\"twitter:data2\" content=\"5 minutes\" \/>\n<script type=\"application\/ld+json\" class=\"yoast-schema-graph\">{\"@context\":\"https:\/\/schema.org\",\"@graph\":[{\"@type\":\"WebPage\",\"@id\":\"https:\/\/www.ladiagonale.net\/index.php\/2022\/11\/03\/pas-le-droit-a-lerreur\/\",\"url\":\"https:\/\/www.ladiagonale.net\/index.php\/2022\/11\/03\/pas-le-droit-a-lerreur\/\",\"name\":\"Pas le droit \u00e0 l'erreur - La Diagonale\",\"isPartOf\":{\"@id\":\"https:\/\/www.ladiagonale.net\/#website\"},\"datePublished\":\"2022-11-03T01:35:25+00:00\",\"dateModified\":\"2022-11-03T01:39:01+00:00\",\"author\":{\"@id\":\"https:\/\/www.ladiagonale.net\/#\/schema\/person\/79ff1e7b0853ed01b2aa26e64ad300bf\"},\"breadcrumb\":{\"@id\":\"https:\/\/www.ladiagonale.net\/index.php\/2022\/11\/03\/pas-le-droit-a-lerreur\/#breadcrumb\"},\"inLanguage\":\"fr-FR\",\"potentialAction\":[{\"@type\":\"ReadAction\",\"target\":[\"https:\/\/www.ladiagonale.net\/index.php\/2022\/11\/03\/pas-le-droit-a-lerreur\/\"]}]},{\"@type\":\"BreadcrumbList\",\"@id\":\"https:\/\/www.ladiagonale.net\/index.php\/2022\/11\/03\/pas-le-droit-a-lerreur\/#breadcrumb\",\"itemListElement\":[{\"@type\":\"ListItem\",\"position\":1,\"name\":\"Accueil\",\"item\":\"https:\/\/www.ladiagonale.net\/\"},{\"@type\":\"ListItem\",\"position\":2,\"name\":\"Pas le droit \u00e0 l&rsquo;erreur\"}]},{\"@type\":\"WebSite\",\"@id\":\"https:\/\/www.ladiagonale.net\/#website\",\"url\":\"https:\/\/www.ladiagonale.net\/\",\"name\":\"La Diagonale\",\"description\":\"Le site des supporters de l&#039;AS Monaco FC\",\"potentialAction\":[{\"@type\":\"SearchAction\",\"target\":{\"@type\":\"EntryPoint\",\"urlTemplate\":\"https:\/\/www.ladiagonale.net\/?s={search_term_string}\"},\"query-input\":\"required name=search_term_string\"}],\"inLanguage\":\"fr-FR\"},{\"@type\":\"Person\",\"@id\":\"https:\/\/www.ladiagonale.net\/#\/schema\/person\/79ff1e7b0853ed01b2aa26e64ad300bf\",\"name\":\"Damien Dellerba\",\"image\":{\"@type\":\"ImageObject\",\"inLanguage\":\"fr-FR\",\"@id\":\"https:\/\/www.ladiagonale.net\/#\/schema\/person\/image\/\",\"url\":\"https:\/\/secure.gravatar.com\/avatar\/c7850e06d3ff63cdbaee88b7fc16e2f0?s=96&d=mm&r=g\",\"contentUrl\":\"https:\/\/secure.gravatar.com\/avatar\/c7850e06d3ff63cdbaee88b7fc16e2f0?s=96&d=mm&r=g\",\"caption\":\"Damien Dellerba\"},\"url\":\"https:\/\/www.ladiagonale.net\/index.php\/author\/damien\/\"}]}<\/script>\n<!-- \/ Yoast SEO plugin. -->","yoast_head_json":{"title":"Pas le droit \u00e0 l'erreur - La Diagonale","robots":{"index":"index","follow":"follow","max-snippet":"max-snippet:-1","max-image-preview":"max-image-preview:large","max-video-preview":"max-video-preview:-1"},"canonical":"https:\/\/www.ladiagonale.net\/index.php\/2022\/11\/03\/pas-le-droit-a-lerreur\/","og_locale":"fr_FR","og_type":"article","og_title":"Pas le droit \u00e0 l'erreur - La Diagonale","og_description":"Derni\u00e8re ligne droite dans cette phase de poules de Ligue Europa pour l&rsquo;AS Monaco qui re\u00e7oit l&rsquo;\u00c9toile Rouge Belgrade ce jeudi (18h45). Les Rouge et Blanc ne doivent pas perdre s&rsquo;il veulent continuer l&rsquo;aventure en C3. forme et enjeux Dix minutes. C&rsquo;est ce qui a manqu\u00e9 \u00e0 Monaco jeudi dernier contre Ferencvaros (1-1) pour revenir [...]","og_url":"https:\/\/www.ladiagonale.net\/index.php\/2022\/11\/03\/pas-le-droit-a-lerreur\/","og_site_name":"La Diagonale","article_published_time":"2022-11-03T01:35:25+00:00","article_modified_time":"2022-11-03T01:39:01+00:00","og_image":[{"width":1160,"height":650,"url":"https:\/\/www.ladiagonale.net\/wp-content\/uploads\/2022\/10\/2022-08-02-q3-asm-psv-1633-1160x650-1.jpg","type":"image\/jpeg"}],"author":"Damien Dellerba","twitter_card":"summary_large_image","twitter_image":"https:\/\/www.ladiagonale.net\/wp-content\/uploads\/2022\/10\/2022-08-02-q3-asm-psv-1633-1160x650-1.jpg","twitter_misc":{"\u00c9crit par":"Damien Dellerba","Dur\u00e9e de lecture estim\u00e9e":"5 minutes"},"schema":{"@context":"https:\/\/schema.org","@graph":[{"@type":"WebPage","@id":"https:\/\/www.ladiagonale.net\/index.php\/2022\/11\/03\/pas-le-droit-a-lerreur\/","url":"https:\/\/www.ladiagonale.net\/index.php\/2022\/11\/03\/pas-le-droit-a-lerreur\/","name":"Pas le droit \u00e0 l'erreur - La Diagonale","isPartOf":{"@id":"https:\/\/www.ladiagonale.net\/#website"},"datePublished":"2022-11-03T01:35:25+00:00","dateModified":"2022-11-03T01:39:01+00:00","author":{"@id":"https:\/\/www.ladiagonale.net\/#\/schema\/person\/79ff1e7b0853ed01b2aa26e64ad300bf"},"breadcrumb":{"@id":"https:\/\/www.ladiagonale.net\/index.php\/2022\/11\/03\/pas-le-droit-a-lerreur\/#breadcrumb"},"inLanguage":"fr-FR","potentialAction":[{"@type":"ReadAction","target":["https:\/\/www.ladiagonale.net\/index.php\/2022\/11\/03\/pas-le-droit-a-lerreur\/"]}]},{"@type":"BreadcrumbList","@id":"https:\/\/www.ladiagonale.net\/index.php\/2022\/11\/03\/pas-le-droit-a-lerreur\/#breadcrumb","itemListElement":[{"@type":"ListItem","position":1,"name":"Accueil","item":"https:\/\/www.ladiagonale.net\/"},{"@type":"ListItem","position":2,"name":"Pas le droit \u00e0 l&rsquo;erreur"}]},{"@type":"WebSite","@id":"https:\/\/www.ladiagonale.net\/#website","url":"https:\/\/www.ladiagonale.net\/","name":"La Diagonale","description":"Le site des supporters de l&#039;AS Monaco FC","potentialAction":[{"@type":"SearchAction","target":{"@type":"EntryPoint","urlTemplate":"https:\/\/www.ladiagonale.net\/?s={search_term_string}"},"query-input":"required name=search_term_string"}],"inLanguage":"fr-FR"},{"@type":"Person","@id":"https:\/\/www.ladiagonale.net\/#\/schema\/person\/79ff1e7b0853ed01b2aa26e64ad300bf","name":"Damien Dellerba","image":{"@type":"ImageObject","inLanguage":"fr-FR","@id":"https:\/\/www.ladiagonale.net\/#\/schema\/person\/image\/","url":"https:\/\/secure.gravatar.com\/avatar\/c7850e06d3ff63cdbaee88b7fc16e2f0?s=96&d=mm&r=g","contentUrl":"https:\/\/secure.gravatar.com\/avatar\/c7850e06d3ff63cdbaee88b7fc16e2f0?s=96&d=mm&r=g","caption":"Damien Dellerba"},"url":"https:\/\/www.ladiagonale.net\/index.php\/author\/damien\/"}]}},"_links":{"self":[{"href":"https:\/\/www.ladiagonale.net\/index.php\/wp-json\/wp\/v2\/posts\/6379"}],"collection":[{"href":"https:\/\/www.ladiagonale.net\/index.php\/wp-json\/wp\/v2\/posts"}],"about":[{"href":"https:\/\/www.ladiagonale.net\/index.php\/wp-json\/wp\/v2\/types\/post"}],"author":[{"embeddable":true,"href":"https:\/\/www.ladiagonale.net\/index.php\/wp-json\/wp\/v2\/users\/2"}],"replies":[{"embeddable":true,"href":"https:\/\/www.ladiagonale.net\/index.php\/wp-json\/wp\/v2\/comments?post=6379"}],"version-history":[{"count":5,"href":"https:\/\/www.ladiagonale.net\/index.php\/wp-json\/wp\/v2\/posts\/6379\/revisions"}],"predecessor-version":[{"id":6388,"href":"https:\/\/www.ladiagonale.net\/index.php\/wp-json\/wp\/v2\/posts\/6379\/revisions\/6388"}],"wp:featuredmedia":[{"embeddable":true,"href":"https:\/\/www.ladiagonale.net\/index.php\/wp-json\/wp\/v2\/media\/6193"}],"wp:attachment":[{"href":"https:\/\/www.ladiagonale.net\/index.php\/wp-json\/wp\/v2\/media?parent=6379"}],"wp:term":[{"taxonomy":"category","embeddable":true,"href":"https:\/\/www.ladiagonale.net\/index.php\/wp-json\/wp\/v2\/categories?post=6379"},{"taxonomy":"post_tag","embeddable":true,"href":"https:\/\/www.ladiagonale.net\/index.php\/wp-json\/wp\/v2\/tags?post=6379"}],"curies":[{"name":"wp","href":"https:\/\/api.w.org\/{rel}","templated":true}]}}