{"id":6389,"date":"2022-11-03T06:00:00","date_gmt":"2022-11-03T05:00:00","guid":{"rendered":"https:\/\/www.ladiagonale.net\/?p=6389"},"modified":"2022-11-03T03:13:18","modified_gmt":"2022-11-03T02:13:18","slug":"les-compositions-de-la-presse-un-onze-attendu","status":"publish","type":"post","link":"https:\/\/www.ladiagonale.net\/index.php\/2022\/11\/03\/les-compositions-de-la-presse-un-onze-attendu\/","title":{"rendered":"Les compositions de la presse : un onze attendu"},"content":{"rendered":"\n\n\n<p>Philippe Clement devrait s&rsquo;appuyer sur ses certitudes pour d\u00e9buter la rencontre. Un 4-4-2 qui tourne mieux qu&rsquo;une d\u00e9fense \u00e0 trois et des titulaires dont le niveau est nettement au-dessus de celui des rempla\u00e7ants entrevu contre Angers. L&rsquo;ASM devra aligner le meilleur onze possible pour \u00e9viter la sortie de route face \u00e0 l&rsquo;\u00c9toile Rouge.<\/p>\n\n\n\n<p>\u00c0 ce titre, les compositions des deux quotidiens que sont <em>L&rsquo;\u00c9quipe<\/em> et <em>Nice-Matin<\/em>* sont strictement identiques. Si Vanderson \u00e9tait incertain encore aujourd&rsquo;hui, sa pr\u00e9sence dans le groupe laisse \u00e0 penser qu&rsquo;il sera en mesure de tenir sa place. <\/p>\n\n\n\n<p><strong>Le onze mon\u00e9gasque selon <em>L\u2019\u00c9quipe<\/em> et <em>Nice-Matin<\/em> :<\/strong> N\u00fcbel &#8211; Vanderson, Disasi, Badiashile, C. Henrique &#8211; Diatta, Fofana, Camara, Golovin &#8211; Embolo, Ben Yedder.<\/p>\n\n\n\n<p><strong>Le onze serbe selon <em>L\u2019\u00c9quipe<\/em> :<\/strong> Borjan &#8211; Gobeljic, Erakovic, Milunovic, Rodic &#8211; Sanogo, Kanga &#8211; Bukari, Katai, Mitrovic &#8211; Pesic.<\/p>\n\n\n\n<p class=\"has-small-font-size\">*<em>Le onze et les rempla\u00e7ants de l\u2019\u00c9toile Rouge tels qu\u2019on peut les trouver dans Nice-Matin comportent plusieurs coquilles<\/em>, <em>raison pour laquelle nous ne l\u2019avons pas retranscrit.<\/em><\/p>\n","protected":false},"excerpt":{"rendered":"<p>Philippe Clement devrait s&rsquo;appuyer sur ses certitudes pour d\u00e9buter la rencontre. Un 4-4-2 qui tourne mieux qu&rsquo;une d\u00e9fense \u00e0 trois et des titulaires dont le niveau est nettement au-dessus de celui des rempla\u00e7ants entrevu contre Angers. L&rsquo;ASM devra aligner le meilleur onze possible pour \u00e9viter la sortie de route face \u00e0 l&rsquo;\u00c9toile Rouge. \u00c0 ce [&#8230;]\n","protected":false},"author":2,"featured_media":0,"comment_status":"open","ping_status":"open","sticky":false,"template":"","format":"standard","meta":[],"categories":[6],"tags":[86,224,282],"yoast_head":"<!-- This site is optimized with the Yoast SEO plugin v19.8 - https:\/\/yoast.com\/wordpress\/plugins\/seo\/ -->\n<title>Les compositions de la presse : un onze attendu - La Diagonale<\/title>\n<meta name=\"robots\" content=\"index, follow, max-snippet:-1, max-image-preview:large, max-video-preview:-1\" \/>\n<link rel=\"canonical\" href=\"https:\/\/www.ladiagonale.net\/index.php\/2022\/11\/03\/les-compositions-de-la-presse-un-onze-attendu\/\" \/>\n<meta property=\"og:locale\" content=\"fr_FR\" \/>\n<meta property=\"og:type\" content=\"article\" \/>\n<meta property=\"og:title\" content=\"Les compositions de la presse : un onze attendu - La Diagonale\" \/>\n<meta property=\"og:description\" content=\"Philippe Clement devrait s&rsquo;appuyer sur ses certitudes pour d\u00e9buter la rencontre. Un 4-4-2 qui tourne mieux qu&rsquo;une d\u00e9fense \u00e0 trois et des titulaires dont le niveau est nettement au-dessus de celui des rempla\u00e7ants entrevu contre Angers. L&rsquo;ASM devra aligner le meilleur onze possible pour \u00e9viter la sortie de route face \u00e0 l&rsquo;\u00c9toile Rouge. \u00c0 ce [...]\" \/>\n<meta property=\"og:url\" content=\"https:\/\/www.ladiagonale.net\/index.php\/2022\/11\/03\/les-compositions-de-la-presse-un-onze-attendu\/\" \/>\n<meta property=\"og:site_name\" content=\"La Diagonale\" \/>\n<meta property=\"article:published_time\" content=\"2022-11-03T05:00:00+00:00\" \/>\n<meta property=\"article:modified_time\" content=\"2022-11-03T02:13:18+00:00\" \/>\n<meta name=\"author\" content=\"Damien Dellerba\" \/>\n<meta name=\"twitter:card\" content=\"summary_large_image\" \/>\n<meta name=\"twitter:label1\" content=\"\u00c9crit par\" \/>\n\t<meta name=\"twitter:data1\" content=\"Damien Dellerba\" \/>\n\t<meta name=\"twitter:label2\" content=\"Dur\u00e9e de lecture estim\u00e9e\" \/>\n\t<meta name=\"twitter:data2\" content=\"1 minute\" \/>\n<script type=\"application\/ld+json\" class=\"yoast-schema-graph\">{\"@context\":\"https:\/\/schema.org\",\"@graph\":[{\"@type\":\"WebPage\",\"@id\":\"https:\/\/www.ladiagonale.net\/index.php\/2022\/11\/03\/les-compositions-de-la-presse-un-onze-attendu\/\",\"url\":\"https:\/\/www.ladiagonale.net\/index.php\/2022\/11\/03\/les-compositions-de-la-presse-un-onze-attendu\/\",\"name\":\"Les compositions de la presse : un onze attendu - La Diagonale\",\"isPartOf\":{\"@id\":\"https:\/\/www.ladiagonale.net\/#website\"},\"datePublished\":\"2022-11-03T05:00:00+00:00\",\"dateModified\":\"2022-11-03T02:13:18+00:00\",\"author\":{\"@id\":\"https:\/\/www.ladiagonale.net\/#\/schema\/person\/79ff1e7b0853ed01b2aa26e64ad300bf\"},\"breadcrumb\":{\"@id\":\"https:\/\/www.ladiagonale.net\/index.php\/2022\/11\/03\/les-compositions-de-la-presse-un-onze-attendu\/#breadcrumb\"},\"inLanguage\":\"fr-FR\",\"potentialAction\":[{\"@type\":\"ReadAction\",\"target\":[\"https:\/\/www.ladiagonale.net\/index.php\/2022\/11\/03\/les-compositions-de-la-presse-un-onze-attendu\/\"]}]},{\"@type\":\"BreadcrumbList\",\"@id\":\"https:\/\/www.ladiagonale.net\/index.php\/2022\/11\/03\/les-compositions-de-la-presse-un-onze-attendu\/#breadcrumb\",\"itemListElement\":[{\"@type\":\"ListItem\",\"position\":1,\"name\":\"Accueil\",\"item\":\"https:\/\/www.ladiagonale.net\/\"},{\"@type\":\"ListItem\",\"position\":2,\"name\":\"Les compositions de la presse : un onze attendu\"}]},{\"@type\":\"WebSite\",\"@id\":\"https:\/\/www.ladiagonale.net\/#website\",\"url\":\"https:\/\/www.ladiagonale.net\/\",\"name\":\"La Diagonale\",\"description\":\"Le site des supporters de l&#039;AS Monaco FC\",\"potentialAction\":[{\"@type\":\"SearchAction\",\"target\":{\"@type\":\"EntryPoint\",\"urlTemplate\":\"https:\/\/www.ladiagonale.net\/?s={search_term_string}\"},\"query-input\":\"required name=search_term_string\"}],\"inLanguage\":\"fr-FR\"},{\"@type\":\"Person\",\"@id\":\"https:\/\/www.ladiagonale.net\/#\/schema\/person\/79ff1e7b0853ed01b2aa26e64ad300bf\",\"name\":\"Damien Dellerba\",\"image\":{\"@type\":\"ImageObject\",\"inLanguage\":\"fr-FR\",\"@id\":\"https:\/\/www.ladiagonale.net\/#\/schema\/person\/image\/\",\"url\":\"https:\/\/secure.gravatar.com\/avatar\/c7850e06d3ff63cdbaee88b7fc16e2f0?s=96&d=mm&r=g\",\"contentUrl\":\"https:\/\/secure.gravatar.com\/avatar\/c7850e06d3ff63cdbaee88b7fc16e2f0?s=96&d=mm&r=g\",\"caption\":\"Damien Dellerba\"},\"url\":\"https:\/\/www.ladiagonale.net\/index.php\/author\/damien\/\"}]}<\/script>\n<!-- \/ Yoast SEO plugin. -->","yoast_head_json":{"title":"Les compositions de la presse : un onze attendu - La Diagonale","robots":{"index":"index","follow":"follow","max-snippet":"max-snippet:-1","max-image-preview":"max-image-preview:large","max-video-preview":"max-video-preview:-1"},"canonical":"https:\/\/www.ladiagonale.net\/index.php\/2022\/11\/03\/les-compositions-de-la-presse-un-onze-attendu\/","og_locale":"fr_FR","og_type":"article","og_title":"Les compositions de la presse : un onze attendu - La Diagonale","og_description":"Philippe Clement devrait s&rsquo;appuyer sur ses certitudes pour d\u00e9buter la rencontre. Un 4-4-2 qui tourne mieux qu&rsquo;une d\u00e9fense \u00e0 trois et des titulaires dont le niveau est nettement au-dessus de celui des rempla\u00e7ants entrevu contre Angers. L&rsquo;ASM devra aligner le meilleur onze possible pour \u00e9viter la sortie de route face \u00e0 l&rsquo;\u00c9toile Rouge. \u00c0 ce [...]","og_url":"https:\/\/www.ladiagonale.net\/index.php\/2022\/11\/03\/les-compositions-de-la-presse-un-onze-attendu\/","og_site_name":"La Diagonale","article_published_time":"2022-11-03T05:00:00+00:00","article_modified_time":"2022-11-03T02:13:18+00:00","author":"Damien Dellerba","twitter_card":"summary_large_image","twitter_misc":{"\u00c9crit par":"Damien Dellerba","Dur\u00e9e de lecture estim\u00e9e":"1 minute"},"schema":{"@context":"https:\/\/schema.org","@graph":[{"@type":"WebPage","@id":"https:\/\/www.ladiagonale.net\/index.php\/2022\/11\/03\/les-compositions-de-la-presse-un-onze-attendu\/","url":"https:\/\/www.ladiagonale.net\/index.php\/2022\/11\/03\/les-compositions-de-la-presse-un-onze-attendu\/","name":"Les compositions de la presse : un onze attendu - La Diagonale","isPartOf":{"@id":"https:\/\/www.ladiagonale.net\/#website"},"datePublished":"2022-11-03T05:00:00+00:00","dateModified":"2022-11-03T02:13:18+00:00","author":{"@id":"https:\/\/www.ladiagonale.net\/#\/schema\/person\/79ff1e7b0853ed01b2aa26e64ad300bf"},"breadcrumb":{"@id":"https:\/\/www.ladiagonale.net\/index.php\/2022\/11\/03\/les-compositions-de-la-presse-un-onze-attendu\/#breadcrumb"},"inLanguage":"fr-FR","potentialAction":[{"@type":"ReadAction","target":["https:\/\/www.ladiagonale.net\/index.php\/2022\/11\/03\/les-compositions-de-la-presse-un-onze-attendu\/"]}]},{"@type":"BreadcrumbList","@id":"https:\/\/www.ladiagonale.net\/index.php\/2022\/11\/03\/les-compositions-de-la-presse-un-onze-attendu\/#breadcrumb","itemListElement":[{"@type":"ListItem","position":1,"name":"Accueil","item":"https:\/\/www.ladiagonale.net\/"},{"@type":"ListItem","position":2,"name":"Les compositions de la presse : un onze attendu"}]},{"@type":"WebSite","@id":"https:\/\/www.ladiagonale.net\/#website","url":"https:\/\/www.ladiagonale.net\/","name":"La Diagonale","description":"Le site des supporters de l&#039;AS Monaco FC","potentialAction":[{"@type":"SearchAction","target":{"@type":"EntryPoint","urlTemplate":"https:\/\/www.ladiagonale.net\/?s={search_term_string}"},"query-input":"required name=search_term_string"}],"inLanguage":"fr-FR"},{"@type":"Person","@id":"https:\/\/www.ladiagonale.net\/#\/schema\/person\/79ff1e7b0853ed01b2aa26e64ad300bf","name":"Damien Dellerba","image":{"@type":"ImageObject","inLanguage":"fr-FR","@id":"https:\/\/www.ladiagonale.net\/#\/schema\/person\/image\/","url":"https:\/\/secure.gravatar.com\/avatar\/c7850e06d3ff63cdbaee88b7fc16e2f0?s=96&d=mm&r=g","contentUrl":"https:\/\/secure.gravatar.com\/avatar\/c7850e06d3ff63cdbaee88b7fc16e2f0?s=96&d=mm&r=g","caption":"Damien Dellerba"},"url":"https:\/\/www.ladiagonale.net\/index.php\/author\/damien\/"}]}},"_links":{"self":[{"href":"https:\/\/www.ladiagonale.net\/index.php\/wp-json\/wp\/v2\/posts\/6389"}],"collection":[{"href":"https:\/\/www.ladiagonale.net\/index.php\/wp-json\/wp\/v2\/posts"}],"about":[{"href":"https:\/\/www.ladiagonale.net\/index.php\/wp-json\/wp\/v2\/types\/post"}],"author":[{"embeddable":true,"href":"https:\/\/www.ladiagonale.net\/index.php\/wp-json\/wp\/v2\/users\/2"}],"replies":[{"embeddable":true,"href":"https:\/\/www.ladiagonale.net\/index.php\/wp-json\/wp\/v2\/comments?post=6389"}],"version-history":[{"count":2,"href":"https:\/\/www.ladiagonale.net\/index.php\/wp-json\/wp\/v2\/posts\/6389\/revisions"}],"predecessor-version":[{"id":6391,"href":"https:\/\/www.ladiagonale.net\/index.php\/wp-json\/wp\/v2\/posts\/6389\/revisions\/6391"}],"wp:attachment":[{"href":"https:\/\/www.ladiagonale.net\/index.php\/wp-json\/wp\/v2\/media?parent=6389"}],"wp:term":[{"taxonomy":"category","embeddable":true,"href":"https:\/\/www.ladiagonale.net\/index.php\/wp-json\/wp\/v2\/categories?post=6389"},{"taxonomy":"post_tag","embeddable":true,"href":"https:\/\/www.ladiagonale.net\/index.php\/wp-json\/wp\/v2\/tags?post=6389"}],"curies":[{"name":"wp","href":"https:\/\/api.w.org\/{rel}","templated":true}]}}