{"id":6661,"date":"2022-11-09T13:05:49","date_gmt":"2022-11-09T12:05:49","guid":{"rendered":"https:\/\/www.ladiagonale.net\/?p=6661"},"modified":"2022-11-09T13:09:20","modified_gmt":"2022-11-09T12:09:20","slug":"geubbels-nie-toute-blessure","status":"publish","type":"post","link":"https:\/\/www.ladiagonale.net\/index.php\/2022\/11\/09\/geubbels-nie-toute-blessure\/","title":{"rendered":"Geubbels nie toute blessure"},"content":{"rendered":"\n<p>Invit\u00e9 \u00e0 quitter l&rsquo;AS Monaco lors du dernier mercato, Willem Geubbels est finalement rest\u00e9 malgr\u00e9 quelques sollicitations de <a href=\"https:\/\/www.ladiagonale.net\/index.php\/2022\/08\/26\/geubbels-une-alternative-pour-lorient\/\">Lorient<\/a> ou encore de <a href=\"https:\/\/www.ladiagonale.net\/index.php\/2022\/08\/30\/geubbels-convoite-par-cambuur\/\">Cambuur<\/a> rapport\u00e9es par L&rsquo;\u00c9quipe. Mais l&rsquo;ancien joueur de l&rsquo;Olympique Lyonnais n&rsquo;est jamais apparu dans le groupe de Philippe Clement cette saison, qui <a href=\"https:\/\/www.lequipe.fr\/Football\/Actualites\/Philippe-clement-entraineur-de-monaco-plus-d-alternatives-devant\/1356820\">avait affirm\u00e9 en conf\u00e9rence de presse<\/a> que celui-ci \u00e9tait bless\u00e9.<\/p>\n\n\n\n<p>Il semblerait, \u00e0 en croire le principal int\u00e9ress\u00e9, que cela n&rsquo;a jamais \u00e9t\u00e9 le cas, comme il l&rsquo;a fait savoir en r\u00e9ponse \u00e0 un tweet du journaliste Thomas Gucciardi, indiquant que le joueur de 21 ans \u00e9tait en phase de reprise : \u00ab\u00a0<em>Pourquoi reprise ? Je ne suis pas bless\u00e9. Au contraire je suis disponible depuis le d\u00e9but de la saison..<\/em>\u00bb, a-t-il r\u00e9pondu.<\/p>\n\n\n\n<figure class=\"wp-block-embed is-type-rich is-provider-twitter wp-block-embed-twitter\"><div class=\"wp-block-embed__wrapper\">\n<blockquote class=\"twitter-tweet\" data-width=\"550\" data-dnt=\"true\"><p lang=\"fr\" dir=\"ltr\">Pourquoi reprise ? Je ne suis pas bless\u00e9. Au contraire je suis disponible depuis le d\u00e9but de la saison..<\/p>&mdash; Willem Geubbels (@WillemGeubbels) <a href=\"https:\/\/twitter.com\/WillemGeubbels\/status\/1590254696580599808?ref_src=twsrc%5Etfw\">November 9, 2022<\/a><\/blockquote><script async src=\"https:\/\/platform.twitter.com\/widgets.js\" charset=\"utf-8\"><\/script>\n<\/div><\/figure>\n","protected":false},"excerpt":{"rendered":"<p>Invit\u00e9 \u00e0 quitter l&rsquo;AS Monaco lors du dernier mercato, Willem Geubbels est finalement rest\u00e9 malgr\u00e9 quelques sollicitations de Lorient ou encore de Cambuur rapport\u00e9es par L&rsquo;\u00c9quipe. Mais l&rsquo;ancien joueur de l&rsquo;Olympique Lyonnais n&rsquo;est jamais apparu dans le groupe de Philippe Clement cette saison, qui avait affirm\u00e9 en conf\u00e9rence de presse que celui-ci \u00e9tait bless\u00e9. Il [&#8230;]\n","protected":false},"author":2,"featured_media":0,"comment_status":"open","ping_status":"open","sticky":false,"template":"","format":"standard","meta":[],"categories":[4,6],"tags":[86,196,295],"yoast_head":"<!-- This site is optimized with the Yoast SEO plugin v19.8 - https:\/\/yoast.com\/wordpress\/plugins\/seo\/ -->\n<title>Geubbels nie toute blessure - La Diagonale<\/title>\n<meta name=\"robots\" content=\"index, follow, max-snippet:-1, max-image-preview:large, max-video-preview:-1\" \/>\n<link rel=\"canonical\" href=\"https:\/\/www.ladiagonale.net\/index.php\/2022\/11\/09\/geubbels-nie-toute-blessure\/\" \/>\n<meta property=\"og:locale\" content=\"fr_FR\" \/>\n<meta property=\"og:type\" content=\"article\" \/>\n<meta property=\"og:title\" content=\"Geubbels nie toute blessure - La Diagonale\" \/>\n<meta property=\"og:description\" content=\"Invit\u00e9 \u00e0 quitter l&rsquo;AS Monaco lors du dernier mercato, Willem Geubbels est finalement rest\u00e9 malgr\u00e9 quelques sollicitations de Lorient ou encore de Cambuur rapport\u00e9es par L&rsquo;\u00c9quipe. Mais l&rsquo;ancien joueur de l&rsquo;Olympique Lyonnais n&rsquo;est jamais apparu dans le groupe de Philippe Clement cette saison, qui avait affirm\u00e9 en conf\u00e9rence de presse que celui-ci \u00e9tait bless\u00e9. Il [...]\" \/>\n<meta property=\"og:url\" content=\"https:\/\/www.ladiagonale.net\/index.php\/2022\/11\/09\/geubbels-nie-toute-blessure\/\" \/>\n<meta property=\"og:site_name\" content=\"La Diagonale\" \/>\n<meta property=\"article:published_time\" content=\"2022-11-09T12:05:49+00:00\" \/>\n<meta property=\"article:modified_time\" content=\"2022-11-09T12:09:20+00:00\" \/>\n<meta property=\"og:image\" content=\"https:\/\/www.ladiagonale.net\/wp-content\/uploads\/2022\/11\/geubbels.png\" \/>\n\t<meta property=\"og:image:width\" content=\"1160\" \/>\n\t<meta property=\"og:image:height\" content=\"650\" \/>\n\t<meta property=\"og:image:type\" content=\"image\/png\" \/>\n<meta name=\"author\" content=\"Damien Dellerba\" \/>\n<meta name=\"twitter:card\" content=\"summary_large_image\" \/>\n<meta name=\"twitter:image\" content=\"https:\/\/www.ladiagonale.net\/wp-content\/uploads\/2022\/11\/geubbels.png\" \/>\n<meta name=\"twitter:label1\" content=\"\u00c9crit par\" \/>\n\t<meta name=\"twitter:data1\" content=\"Damien Dellerba\" \/>\n<script type=\"application\/ld+json\" class=\"yoast-schema-graph\">{\"@context\":\"https:\/\/schema.org\",\"@graph\":[{\"@type\":\"WebPage\",\"@id\":\"https:\/\/www.ladiagonale.net\/index.php\/2022\/11\/09\/geubbels-nie-toute-blessure\/\",\"url\":\"https:\/\/www.ladiagonale.net\/index.php\/2022\/11\/09\/geubbels-nie-toute-blessure\/\",\"name\":\"Geubbels nie toute blessure - La Diagonale\",\"isPartOf\":{\"@id\":\"https:\/\/www.ladiagonale.net\/#website\"},\"datePublished\":\"2022-11-09T12:05:49+00:00\",\"dateModified\":\"2022-11-09T12:09:20+00:00\",\"author\":{\"@id\":\"https:\/\/www.ladiagonale.net\/#\/schema\/person\/79ff1e7b0853ed01b2aa26e64ad300bf\"},\"breadcrumb\":{\"@id\":\"https:\/\/www.ladiagonale.net\/index.php\/2022\/11\/09\/geubbels-nie-toute-blessure\/#breadcrumb\"},\"inLanguage\":\"fr-FR\",\"potentialAction\":[{\"@type\":\"ReadAction\",\"target\":[\"https:\/\/www.ladiagonale.net\/index.php\/2022\/11\/09\/geubbels-nie-toute-blessure\/\"]}]},{\"@type\":\"BreadcrumbList\",\"@id\":\"https:\/\/www.ladiagonale.net\/index.php\/2022\/11\/09\/geubbels-nie-toute-blessure\/#breadcrumb\",\"itemListElement\":[{\"@type\":\"ListItem\",\"position\":1,\"name\":\"Accueil\",\"item\":\"https:\/\/www.ladiagonale.net\/\"},{\"@type\":\"ListItem\",\"position\":2,\"name\":\"Geubbels nie toute blessure\"}]},{\"@type\":\"WebSite\",\"@id\":\"https:\/\/www.ladiagonale.net\/#website\",\"url\":\"https:\/\/www.ladiagonale.net\/\",\"name\":\"La Diagonale\",\"description\":\"Le site des supporters de l&#039;AS Monaco FC\",\"potentialAction\":[{\"@type\":\"SearchAction\",\"target\":{\"@type\":\"EntryPoint\",\"urlTemplate\":\"https:\/\/www.ladiagonale.net\/?s={search_term_string}\"},\"query-input\":\"required name=search_term_string\"}],\"inLanguage\":\"fr-FR\"},{\"@type\":\"Person\",\"@id\":\"https:\/\/www.ladiagonale.net\/#\/schema\/person\/79ff1e7b0853ed01b2aa26e64ad300bf\",\"name\":\"Damien Dellerba\",\"image\":{\"@type\":\"ImageObject\",\"inLanguage\":\"fr-FR\",\"@id\":\"https:\/\/www.ladiagonale.net\/#\/schema\/person\/image\/\",\"url\":\"https:\/\/secure.gravatar.com\/avatar\/c7850e06d3ff63cdbaee88b7fc16e2f0?s=96&d=mm&r=g\",\"contentUrl\":\"https:\/\/secure.gravatar.com\/avatar\/c7850e06d3ff63cdbaee88b7fc16e2f0?s=96&d=mm&r=g\",\"caption\":\"Damien Dellerba\"},\"url\":\"https:\/\/www.ladiagonale.net\/index.php\/author\/damien\/\"}]}<\/script>\n<!-- \/ Yoast SEO plugin. -->","yoast_head_json":{"title":"Geubbels nie toute blessure - La Diagonale","robots":{"index":"index","follow":"follow","max-snippet":"max-snippet:-1","max-image-preview":"max-image-preview:large","max-video-preview":"max-video-preview:-1"},"canonical":"https:\/\/www.ladiagonale.net\/index.php\/2022\/11\/09\/geubbels-nie-toute-blessure\/","og_locale":"fr_FR","og_type":"article","og_title":"Geubbels nie toute blessure - La Diagonale","og_description":"Invit\u00e9 \u00e0 quitter l&rsquo;AS Monaco lors du dernier mercato, Willem Geubbels est finalement rest\u00e9 malgr\u00e9 quelques sollicitations de Lorient ou encore de Cambuur rapport\u00e9es par L&rsquo;\u00c9quipe. Mais l&rsquo;ancien joueur de l&rsquo;Olympique Lyonnais n&rsquo;est jamais apparu dans le groupe de Philippe Clement cette saison, qui avait affirm\u00e9 en conf\u00e9rence de presse que celui-ci \u00e9tait bless\u00e9. Il [...]","og_url":"https:\/\/www.ladiagonale.net\/index.php\/2022\/11\/09\/geubbels-nie-toute-blessure\/","og_site_name":"La Diagonale","article_published_time":"2022-11-09T12:05:49+00:00","article_modified_time":"2022-11-09T12:09:20+00:00","og_image":[{"width":1160,"height":650,"url":"https:\/\/www.ladiagonale.net\/wp-content\/uploads\/2022\/11\/geubbels.png","type":"image\/png"}],"author":"Damien Dellerba","twitter_card":"summary_large_image","twitter_image":"https:\/\/www.ladiagonale.net\/wp-content\/uploads\/2022\/11\/geubbels.png","twitter_misc":{"\u00c9crit par":"Damien Dellerba"},"schema":{"@context":"https:\/\/schema.org","@graph":[{"@type":"WebPage","@id":"https:\/\/www.ladiagonale.net\/index.php\/2022\/11\/09\/geubbels-nie-toute-blessure\/","url":"https:\/\/www.ladiagonale.net\/index.php\/2022\/11\/09\/geubbels-nie-toute-blessure\/","name":"Geubbels nie toute blessure - La Diagonale","isPartOf":{"@id":"https:\/\/www.ladiagonale.net\/#website"},"datePublished":"2022-11-09T12:05:49+00:00","dateModified":"2022-11-09T12:09:20+00:00","author":{"@id":"https:\/\/www.ladiagonale.net\/#\/schema\/person\/79ff1e7b0853ed01b2aa26e64ad300bf"},"breadcrumb":{"@id":"https:\/\/www.ladiagonale.net\/index.php\/2022\/11\/09\/geubbels-nie-toute-blessure\/#breadcrumb"},"inLanguage":"fr-FR","potentialAction":[{"@type":"ReadAction","target":["https:\/\/www.ladiagonale.net\/index.php\/2022\/11\/09\/geubbels-nie-toute-blessure\/"]}]},{"@type":"BreadcrumbList","@id":"https:\/\/www.ladiagonale.net\/index.php\/2022\/11\/09\/geubbels-nie-toute-blessure\/#breadcrumb","itemListElement":[{"@type":"ListItem","position":1,"name":"Accueil","item":"https:\/\/www.ladiagonale.net\/"},{"@type":"ListItem","position":2,"name":"Geubbels nie toute blessure"}]},{"@type":"WebSite","@id":"https:\/\/www.ladiagonale.net\/#website","url":"https:\/\/www.ladiagonale.net\/","name":"La Diagonale","description":"Le site des supporters de l&#039;AS Monaco FC","potentialAction":[{"@type":"SearchAction","target":{"@type":"EntryPoint","urlTemplate":"https:\/\/www.ladiagonale.net\/?s={search_term_string}"},"query-input":"required name=search_term_string"}],"inLanguage":"fr-FR"},{"@type":"Person","@id":"https:\/\/www.ladiagonale.net\/#\/schema\/person\/79ff1e7b0853ed01b2aa26e64ad300bf","name":"Damien Dellerba","image":{"@type":"ImageObject","inLanguage":"fr-FR","@id":"https:\/\/www.ladiagonale.net\/#\/schema\/person\/image\/","url":"https:\/\/secure.gravatar.com\/avatar\/c7850e06d3ff63cdbaee88b7fc16e2f0?s=96&d=mm&r=g","contentUrl":"https:\/\/secure.gravatar.com\/avatar\/c7850e06d3ff63cdbaee88b7fc16e2f0?s=96&d=mm&r=g","caption":"Damien Dellerba"},"url":"https:\/\/www.ladiagonale.net\/index.php\/author\/damien\/"}]}},"_links":{"self":[{"href":"https:\/\/www.ladiagonale.net\/index.php\/wp-json\/wp\/v2\/posts\/6661"}],"collection":[{"href":"https:\/\/www.ladiagonale.net\/index.php\/wp-json\/wp\/v2\/posts"}],"about":[{"href":"https:\/\/www.ladiagonale.net\/index.php\/wp-json\/wp\/v2\/types\/post"}],"author":[{"embeddable":true,"href":"https:\/\/www.ladiagonale.net\/index.php\/wp-json\/wp\/v2\/users\/2"}],"replies":[{"embeddable":true,"href":"https:\/\/www.ladiagonale.net\/index.php\/wp-json\/wp\/v2\/comments?post=6661"}],"version-history":[{"count":3,"href":"https:\/\/www.ladiagonale.net\/index.php\/wp-json\/wp\/v2\/posts\/6661\/revisions"}],"predecessor-version":[{"id":6665,"href":"https:\/\/www.ladiagonale.net\/index.php\/wp-json\/wp\/v2\/posts\/6661\/revisions\/6665"}],"wp:attachment":[{"href":"https:\/\/www.ladiagonale.net\/index.php\/wp-json\/wp\/v2\/media?parent=6661"}],"wp:term":[{"taxonomy":"category","embeddable":true,"href":"https:\/\/www.ladiagonale.net\/index.php\/wp-json\/wp\/v2\/categories?post=6661"},{"taxonomy":"post_tag","embeddable":true,"href":"https:\/\/www.ladiagonale.net\/index.php\/wp-json\/wp\/v2\/tags?post=6661"}],"curies":[{"name":"wp","href":"https:\/\/api.w.org\/{rel}","templated":true}]}}