{"id":6668,"date":"2022-11-09T13:59:27","date_gmt":"2022-11-09T12:59:27","guid":{"rendered":"https:\/\/www.ladiagonale.net\/?p=6668"},"modified":"2022-11-09T14:33:14","modified_gmt":"2022-11-09T13:33:14","slug":"rybolovlev-elu-au-conseil-dadministration-de-la-lfp","status":"publish","type":"post","link":"https:\/\/www.ladiagonale.net\/index.php\/2022\/11\/09\/rybolovlev-elu-au-conseil-dadministration-de-la-lfp\/","title":{"rendered":"Rybolovlev \u00e9lu au conseil d&rsquo;administration de la LFP"},"content":{"rendered":"\n\n\n<p>La Ligue de Football Professionnel a proc\u00e9d\u00e9 au renouvellement partiel de son conseil d&rsquo;administration et a annonc\u00e9 que Dmitry Rybolovlev, le pr\u00e9sident de l&rsquo;AS Monaco, a \u00e9t\u00e9 \u00e9lu en remplacement d&rsquo;Oleg Petrov. Bernard Ca\u00efazzo a \u00e9galement achev\u00e9 son mandat et c&rsquo;est le pr\u00e9sident du RC Lens, Joseph Oughourlian, qui lui a succ\u00e9d\u00e9. L&rsquo;annonce de la pr\u00e9sence de Rybolovlev au sein du conseil d&rsquo;administration de la Ligue semble mat\u00e9rialiser concr\u00e8tement de s&rsquo;impliquer beaucoup plus activement dans le club que par le pass\u00e9 de la part du dirigeant russe.<\/p>\n\n\n\n<figure class=\"wp-block-embed is-type-rich is-provider-twitter wp-block-embed-twitter\"><div class=\"wp-block-embed__wrapper\">\n<blockquote class=\"twitter-tweet\" data-width=\"550\" data-dnt=\"true\"><p lang=\"fr\" dir=\"ltr\">Joseph Oughourlian, Pr\u00e9sident du <a href=\"https:\/\/twitter.com\/RCLens?ref_src=twsrc%5Etfw\">@RCLens<\/a>  et Dmitry Rybolovlev, Pr\u00e9sident de l&#39;<a href=\"https:\/\/twitter.com\/AS_Monaco?ref_src=twsrc%5Etfw\">@AS_Monaco<\/a> ont \u00e9t\u00e9 \u00e9lus ce matin au Conseil d&#39;Administration de la <a href=\"https:\/\/twitter.com\/LFPfr?ref_src=twsrc%5Etfw\">@LFPfr<\/a> <br><br>\ud83d\udcddCommuniqu\u00e9\u2b07\ufe0f<a href=\"https:\/\/t.co\/Ps40IcsQHV\">https:\/\/t.co\/Ps40IcsQHV<\/a><\/p>&mdash; Ligue de Football Professionnel (@LFPfr) <a href=\"https:\/\/twitter.com\/LFPfr\/status\/1590321429903704067?ref_src=twsrc%5Etfw\">November 9, 2022<\/a><\/blockquote><script async src=\"https:\/\/platform.twitter.com\/widgets.js\" charset=\"utf-8\"><\/script>\n<\/div><\/figure>\n\n\n\n<p>Un changement qui acte aussi la sortie de plus en plus imminente d&rsquo;Oleg Petrov de l&rsquo;organigramme du club, alors qu&rsquo;il est toujours en charge de repr\u00e9senter l&rsquo;ASM au sein de l&rsquo;ECA (Association Europ\u00e9enne des Clubs). Depuis peu, Petrov dirige \u00e9galement Fedcom media, propri\u00e9t\u00e9 d&rsquo;Alexe\u00ef Fedorichev qui poss\u00e8de la <em>Roca Team<\/em>, et qui a lanc\u00e9 sa plateforme de diffusion du basket en France d\u00e9nomm\u00e9e <em>Skweek<\/em>, et \u0153uvre en tant que conseiller pour le milliardaire russe. <\/p>\n","protected":false},"excerpt":{"rendered":"<p>La Ligue de Football Professionnel a proc\u00e9d\u00e9 au renouvellement partiel de son conseil d&rsquo;administration et a annonc\u00e9 que Dmitry Rybolovlev, le pr\u00e9sident de l&rsquo;AS Monaco, a \u00e9t\u00e9 \u00e9lu en remplacement d&rsquo;Oleg Petrov. Bernard Ca\u00efazzo a \u00e9galement achev\u00e9 son mandat et c&rsquo;est le pr\u00e9sident du RC Lens, Joseph Oughourlian, qui lui a succ\u00e9d\u00e9. L&rsquo;annonce de la [&#8230;]\n","protected":false},"author":2,"featured_media":0,"comment_status":"open","ping_status":"open","sticky":false,"template":"","format":"standard","meta":[],"categories":[4,6],"tags":[86,296,95,168],"yoast_head":"<!-- This site is optimized with the Yoast SEO plugin v19.8 - https:\/\/yoast.com\/wordpress\/plugins\/seo\/ -->\n<title>Rybolovlev \u00e9lu au conseil d&#039;administration de la LFP - La Diagonale<\/title>\n<meta name=\"robots\" content=\"index, follow, max-snippet:-1, max-image-preview:large, max-video-preview:-1\" \/>\n<link rel=\"canonical\" href=\"https:\/\/www.ladiagonale.net\/index.php\/2022\/11\/09\/rybolovlev-elu-au-conseil-dadministration-de-la-lfp\/\" \/>\n<meta property=\"og:locale\" content=\"fr_FR\" \/>\n<meta property=\"og:type\" content=\"article\" \/>\n<meta property=\"og:title\" content=\"Rybolovlev \u00e9lu au conseil d&#039;administration de la LFP - La Diagonale\" \/>\n<meta property=\"og:description\" content=\"La Ligue de Football Professionnel a proc\u00e9d\u00e9 au renouvellement partiel de son conseil d&rsquo;administration et a annonc\u00e9 que Dmitry Rybolovlev, le pr\u00e9sident de l&rsquo;AS Monaco, a \u00e9t\u00e9 \u00e9lu en remplacement d&rsquo;Oleg Petrov. Bernard Ca\u00efazzo a \u00e9galement achev\u00e9 son mandat et c&rsquo;est le pr\u00e9sident du RC Lens, Joseph Oughourlian, qui lui a succ\u00e9d\u00e9. L&rsquo;annonce de la [...]\" \/>\n<meta property=\"og:url\" content=\"https:\/\/www.ladiagonale.net\/index.php\/2022\/11\/09\/rybolovlev-elu-au-conseil-dadministration-de-la-lfp\/\" \/>\n<meta property=\"og:site_name\" content=\"La Diagonale\" \/>\n<meta property=\"article:published_time\" content=\"2022-11-09T12:59:27+00:00\" \/>\n<meta property=\"article:modified_time\" content=\"2022-11-09T13:33:14+00:00\" \/>\n<meta property=\"og:image\" content=\"https:\/\/www.ladiagonale.net\/wp-content\/uploads\/2022\/11\/rybo.png\" \/>\n\t<meta property=\"og:image:width\" content=\"1160\" \/>\n\t<meta property=\"og:image:height\" content=\"650\" \/>\n\t<meta property=\"og:image:type\" content=\"image\/png\" \/>\n<meta name=\"author\" content=\"Damien Dellerba\" \/>\n<meta name=\"twitter:card\" content=\"summary_large_image\" \/>\n<meta name=\"twitter:image\" content=\"https:\/\/www.ladiagonale.net\/wp-content\/uploads\/2022\/11\/rybo.png\" \/>\n<meta name=\"twitter:label1\" content=\"\u00c9crit par\" \/>\n\t<meta name=\"twitter:data1\" content=\"Damien Dellerba\" \/>\n\t<meta name=\"twitter:label2\" content=\"Dur\u00e9e de lecture estim\u00e9e\" \/>\n\t<meta name=\"twitter:data2\" content=\"1 minute\" \/>\n<script type=\"application\/ld+json\" class=\"yoast-schema-graph\">{\"@context\":\"https:\/\/schema.org\",\"@graph\":[{\"@type\":\"WebPage\",\"@id\":\"https:\/\/www.ladiagonale.net\/index.php\/2022\/11\/09\/rybolovlev-elu-au-conseil-dadministration-de-la-lfp\/\",\"url\":\"https:\/\/www.ladiagonale.net\/index.php\/2022\/11\/09\/rybolovlev-elu-au-conseil-dadministration-de-la-lfp\/\",\"name\":\"Rybolovlev \u00e9lu au conseil d'administration de la LFP - La Diagonale\",\"isPartOf\":{\"@id\":\"https:\/\/www.ladiagonale.net\/#website\"},\"datePublished\":\"2022-11-09T12:59:27+00:00\",\"dateModified\":\"2022-11-09T13:33:14+00:00\",\"author\":{\"@id\":\"https:\/\/www.ladiagonale.net\/#\/schema\/person\/79ff1e7b0853ed01b2aa26e64ad300bf\"},\"breadcrumb\":{\"@id\":\"https:\/\/www.ladiagonale.net\/index.php\/2022\/11\/09\/rybolovlev-elu-au-conseil-dadministration-de-la-lfp\/#breadcrumb\"},\"inLanguage\":\"fr-FR\",\"potentialAction\":[{\"@type\":\"ReadAction\",\"target\":[\"https:\/\/www.ladiagonale.net\/index.php\/2022\/11\/09\/rybolovlev-elu-au-conseil-dadministration-de-la-lfp\/\"]}]},{\"@type\":\"BreadcrumbList\",\"@id\":\"https:\/\/www.ladiagonale.net\/index.php\/2022\/11\/09\/rybolovlev-elu-au-conseil-dadministration-de-la-lfp\/#breadcrumb\",\"itemListElement\":[{\"@type\":\"ListItem\",\"position\":1,\"name\":\"Accueil\",\"item\":\"https:\/\/www.ladiagonale.net\/\"},{\"@type\":\"ListItem\",\"position\":2,\"name\":\"Rybolovlev \u00e9lu au conseil d&rsquo;administration de la LFP\"}]},{\"@type\":\"WebSite\",\"@id\":\"https:\/\/www.ladiagonale.net\/#website\",\"url\":\"https:\/\/www.ladiagonale.net\/\",\"name\":\"La Diagonale\",\"description\":\"Le site des supporters de l&#039;AS Monaco FC\",\"potentialAction\":[{\"@type\":\"SearchAction\",\"target\":{\"@type\":\"EntryPoint\",\"urlTemplate\":\"https:\/\/www.ladiagonale.net\/?s={search_term_string}\"},\"query-input\":\"required name=search_term_string\"}],\"inLanguage\":\"fr-FR\"},{\"@type\":\"Person\",\"@id\":\"https:\/\/www.ladiagonale.net\/#\/schema\/person\/79ff1e7b0853ed01b2aa26e64ad300bf\",\"name\":\"Damien Dellerba\",\"image\":{\"@type\":\"ImageObject\",\"inLanguage\":\"fr-FR\",\"@id\":\"https:\/\/www.ladiagonale.net\/#\/schema\/person\/image\/\",\"url\":\"https:\/\/secure.gravatar.com\/avatar\/c7850e06d3ff63cdbaee88b7fc16e2f0?s=96&d=mm&r=g\",\"contentUrl\":\"https:\/\/secure.gravatar.com\/avatar\/c7850e06d3ff63cdbaee88b7fc16e2f0?s=96&d=mm&r=g\",\"caption\":\"Damien Dellerba\"},\"url\":\"https:\/\/www.ladiagonale.net\/index.php\/author\/damien\/\"}]}<\/script>\n<!-- \/ Yoast SEO plugin. -->","yoast_head_json":{"title":"Rybolovlev \u00e9lu au conseil d'administration de la LFP - La Diagonale","robots":{"index":"index","follow":"follow","max-snippet":"max-snippet:-1","max-image-preview":"max-image-preview:large","max-video-preview":"max-video-preview:-1"},"canonical":"https:\/\/www.ladiagonale.net\/index.php\/2022\/11\/09\/rybolovlev-elu-au-conseil-dadministration-de-la-lfp\/","og_locale":"fr_FR","og_type":"article","og_title":"Rybolovlev \u00e9lu au conseil d'administration de la LFP - La Diagonale","og_description":"La Ligue de Football Professionnel a proc\u00e9d\u00e9 au renouvellement partiel de son conseil d&rsquo;administration et a annonc\u00e9 que Dmitry Rybolovlev, le pr\u00e9sident de l&rsquo;AS Monaco, a \u00e9t\u00e9 \u00e9lu en remplacement d&rsquo;Oleg Petrov. Bernard Ca\u00efazzo a \u00e9galement achev\u00e9 son mandat et c&rsquo;est le pr\u00e9sident du RC Lens, Joseph Oughourlian, qui lui a succ\u00e9d\u00e9. L&rsquo;annonce de la [...]","og_url":"https:\/\/www.ladiagonale.net\/index.php\/2022\/11\/09\/rybolovlev-elu-au-conseil-dadministration-de-la-lfp\/","og_site_name":"La Diagonale","article_published_time":"2022-11-09T12:59:27+00:00","article_modified_time":"2022-11-09T13:33:14+00:00","og_image":[{"width":1160,"height":650,"url":"https:\/\/www.ladiagonale.net\/wp-content\/uploads\/2022\/11\/rybo.png","type":"image\/png"}],"author":"Damien Dellerba","twitter_card":"summary_large_image","twitter_image":"https:\/\/www.ladiagonale.net\/wp-content\/uploads\/2022\/11\/rybo.png","twitter_misc":{"\u00c9crit par":"Damien Dellerba","Dur\u00e9e de lecture estim\u00e9e":"1 minute"},"schema":{"@context":"https:\/\/schema.org","@graph":[{"@type":"WebPage","@id":"https:\/\/www.ladiagonale.net\/index.php\/2022\/11\/09\/rybolovlev-elu-au-conseil-dadministration-de-la-lfp\/","url":"https:\/\/www.ladiagonale.net\/index.php\/2022\/11\/09\/rybolovlev-elu-au-conseil-dadministration-de-la-lfp\/","name":"Rybolovlev \u00e9lu au conseil d'administration de la LFP - La Diagonale","isPartOf":{"@id":"https:\/\/www.ladiagonale.net\/#website"},"datePublished":"2022-11-09T12:59:27+00:00","dateModified":"2022-11-09T13:33:14+00:00","author":{"@id":"https:\/\/www.ladiagonale.net\/#\/schema\/person\/79ff1e7b0853ed01b2aa26e64ad300bf"},"breadcrumb":{"@id":"https:\/\/www.ladiagonale.net\/index.php\/2022\/11\/09\/rybolovlev-elu-au-conseil-dadministration-de-la-lfp\/#breadcrumb"},"inLanguage":"fr-FR","potentialAction":[{"@type":"ReadAction","target":["https:\/\/www.ladiagonale.net\/index.php\/2022\/11\/09\/rybolovlev-elu-au-conseil-dadministration-de-la-lfp\/"]}]},{"@type":"BreadcrumbList","@id":"https:\/\/www.ladiagonale.net\/index.php\/2022\/11\/09\/rybolovlev-elu-au-conseil-dadministration-de-la-lfp\/#breadcrumb","itemListElement":[{"@type":"ListItem","position":1,"name":"Accueil","item":"https:\/\/www.ladiagonale.net\/"},{"@type":"ListItem","position":2,"name":"Rybolovlev \u00e9lu au conseil d&rsquo;administration de la LFP"}]},{"@type":"WebSite","@id":"https:\/\/www.ladiagonale.net\/#website","url":"https:\/\/www.ladiagonale.net\/","name":"La Diagonale","description":"Le site des supporters de l&#039;AS Monaco FC","potentialAction":[{"@type":"SearchAction","target":{"@type":"EntryPoint","urlTemplate":"https:\/\/www.ladiagonale.net\/?s={search_term_string}"},"query-input":"required name=search_term_string"}],"inLanguage":"fr-FR"},{"@type":"Person","@id":"https:\/\/www.ladiagonale.net\/#\/schema\/person\/79ff1e7b0853ed01b2aa26e64ad300bf","name":"Damien Dellerba","image":{"@type":"ImageObject","inLanguage":"fr-FR","@id":"https:\/\/www.ladiagonale.net\/#\/schema\/person\/image\/","url":"https:\/\/secure.gravatar.com\/avatar\/c7850e06d3ff63cdbaee88b7fc16e2f0?s=96&d=mm&r=g","contentUrl":"https:\/\/secure.gravatar.com\/avatar\/c7850e06d3ff63cdbaee88b7fc16e2f0?s=96&d=mm&r=g","caption":"Damien Dellerba"},"url":"https:\/\/www.ladiagonale.net\/index.php\/author\/damien\/"}]}},"_links":{"self":[{"href":"https:\/\/www.ladiagonale.net\/index.php\/wp-json\/wp\/v2\/posts\/6668"}],"collection":[{"href":"https:\/\/www.ladiagonale.net\/index.php\/wp-json\/wp\/v2\/posts"}],"about":[{"href":"https:\/\/www.ladiagonale.net\/index.php\/wp-json\/wp\/v2\/types\/post"}],"author":[{"embeddable":true,"href":"https:\/\/www.ladiagonale.net\/index.php\/wp-json\/wp\/v2\/users\/2"}],"replies":[{"embeddable":true,"href":"https:\/\/www.ladiagonale.net\/index.php\/wp-json\/wp\/v2\/comments?post=6668"}],"version-history":[{"count":5,"href":"https:\/\/www.ladiagonale.net\/index.php\/wp-json\/wp\/v2\/posts\/6668\/revisions"}],"predecessor-version":[{"id":6676,"href":"https:\/\/www.ladiagonale.net\/index.php\/wp-json\/wp\/v2\/posts\/6668\/revisions\/6676"}],"wp:attachment":[{"href":"https:\/\/www.ladiagonale.net\/index.php\/wp-json\/wp\/v2\/media?parent=6668"}],"wp:term":[{"taxonomy":"category","embeddable":true,"href":"https:\/\/www.ladiagonale.net\/index.php\/wp-json\/wp\/v2\/categories?post=6668"},{"taxonomy":"post_tag","embeddable":true,"href":"https:\/\/www.ladiagonale.net\/index.php\/wp-json\/wp\/v2\/tags?post=6668"}],"curies":[{"name":"wp","href":"https:\/\/api.w.org\/{rel}","templated":true}]}}