{"id":6677,"date":"2022-11-09T16:02:21","date_gmt":"2022-11-09T15:02:21","guid":{"rendered":"https:\/\/www.ladiagonale.net\/?p=6677"},"modified":"2022-11-09T16:03:09","modified_gmt":"2022-11-09T15:03:09","slug":"le-calendrier-general-2023-2024-adopte","status":"publish","type":"post","link":"https:\/\/www.ladiagonale.net\/index.php\/2022\/11\/09\/le-calendrier-general-2023-2024-adopte\/","title":{"rendered":"Le calendrier g\u00e9n\u00e9ral 2023\/2024 adopt\u00e9"},"content":{"rendered":"\n\n\n<p>Outre l&rsquo;\u00e9lection du deux nouveaux membres, dont celle de Dmitry Rybolovlev (<a href=\"https:\/\/www.ladiagonale.net\/index.php\/2022\/11\/09\/rybolovlev-elu-au-conseil-dadministration-de-la-lfp\/\">voir par ailleurs<\/a>), le Conseil d&rsquo;administration de la Ligue de Football Professionnel a \u00e9galement act\u00e9 les principales dates du calendrier g\u00e9n\u00e9ral de la saison 2023-2024. La saison de Ligue 1 d\u00e9butera le week-end des 12 et 13 ao\u00fbt 2023 et se terminera le samedi 18 mai 2024. La tr\u00eave hivernale s&rsquo;\u00e9tendra du 20 d\u00e9cembre au week-end des 13 et 14 janvier 2024.<\/p>\n\n\n\n<p>Cette saison, quatre \u00e9quipes seront rel\u00e9gu\u00e9es en deuxi\u00e8me division pour deux promus de l&rsquo;\u00e9chelon inf\u00e9rieur, r\u00e9duisant ainsi la Ligue 1 \u00e0 18 \u00e9quipes pour la saison prochaine. Un changement majeur visant \u00e0 all\u00e9ger le calendrier des \u00e9quipes avec 34 journ\u00e9es et non plus 38. Ainsi, une seule journ\u00e9e sera jou\u00e9e en milieu de semaine, \u00e0 savoir la 17e journ\u00e9e, qui se tiendra le mercredi 20 d\u00e9cembre 2023. <\/p>\n\n\n\n<p>Pour avoir acc\u00e8s \u00e0 l&rsquo;int\u00e9gralit\u00e9 du calendrier g\u00e9n\u00e9ral des comp\u00e9titions 2023\/2024, il faudra attendre ce jeudi, lequel sera publi\u00e9 suite \u00e0 son adoption d\u00e9finitive par le Comit\u00e9 Ex\u00e9cutif de la FFF.<\/p>\n","protected":false},"excerpt":{"rendered":"<p>Outre l&rsquo;\u00e9lection du deux nouveaux membres, dont celle de Dmitry Rybolovlev (voir par ailleurs), le Conseil d&rsquo;administration de la Ligue de Football Professionnel a \u00e9galement act\u00e9 les principales dates du calendrier g\u00e9n\u00e9ral de la saison 2023-2024. La saison de Ligue 1 d\u00e9butera le week-end des 12 et 13 ao\u00fbt 2023 et se terminera le samedi [&#8230;]\n","protected":false},"author":2,"featured_media":0,"comment_status":"open","ping_status":"open","sticky":false,"template":"","format":"standard","meta":[],"categories":[6],"tags":[86,95,94],"yoast_head":"<!-- This site is optimized with the Yoast SEO plugin v19.8 - https:\/\/yoast.com\/wordpress\/plugins\/seo\/ -->\n<title>Le calendrier g\u00e9n\u00e9ral 2023\/2024 adopt\u00e9 - La Diagonale<\/title>\n<meta name=\"robots\" content=\"index, follow, max-snippet:-1, max-image-preview:large, max-video-preview:-1\" \/>\n<link rel=\"canonical\" href=\"https:\/\/www.ladiagonale.net\/index.php\/2022\/11\/09\/le-calendrier-general-2023-2024-adopte\/\" \/>\n<meta property=\"og:locale\" content=\"fr_FR\" \/>\n<meta property=\"og:type\" content=\"article\" \/>\n<meta property=\"og:title\" content=\"Le calendrier g\u00e9n\u00e9ral 2023\/2024 adopt\u00e9 - La Diagonale\" \/>\n<meta property=\"og:description\" content=\"Outre l&rsquo;\u00e9lection du deux nouveaux membres, dont celle de Dmitry Rybolovlev (voir par ailleurs), le Conseil d&rsquo;administration de la Ligue de Football Professionnel a \u00e9galement act\u00e9 les principales dates du calendrier g\u00e9n\u00e9ral de la saison 2023-2024. La saison de Ligue 1 d\u00e9butera le week-end des 12 et 13 ao\u00fbt 2023 et se terminera le samedi [...]\" \/>\n<meta property=\"og:url\" content=\"https:\/\/www.ladiagonale.net\/index.php\/2022\/11\/09\/le-calendrier-general-2023-2024-adopte\/\" \/>\n<meta property=\"og:site_name\" content=\"La Diagonale\" \/>\n<meta property=\"article:published_time\" content=\"2022-11-09T15:02:21+00:00\" \/>\n<meta property=\"article:modified_time\" content=\"2022-11-09T15:03:09+00:00\" \/>\n<meta property=\"og:image\" content=\"https:\/\/www.ladiagonale.net\/wp-content\/uploads\/2022\/11\/lfp.png\" \/>\n\t<meta property=\"og:image:width\" content=\"1160\" \/>\n\t<meta property=\"og:image:height\" content=\"650\" \/>\n\t<meta property=\"og:image:type\" content=\"image\/png\" \/>\n<meta name=\"author\" content=\"Damien Dellerba\" \/>\n<meta name=\"twitter:card\" content=\"summary_large_image\" \/>\n<meta name=\"twitter:image\" content=\"https:\/\/www.ladiagonale.net\/wp-content\/uploads\/2022\/11\/lfp.png\" \/>\n<meta name=\"twitter:label1\" content=\"\u00c9crit par\" \/>\n\t<meta name=\"twitter:data1\" content=\"Damien Dellerba\" \/>\n\t<meta name=\"twitter:label2\" content=\"Dur\u00e9e de lecture estim\u00e9e\" \/>\n\t<meta name=\"twitter:data2\" content=\"1 minute\" \/>\n<script type=\"application\/ld+json\" class=\"yoast-schema-graph\">{\"@context\":\"https:\/\/schema.org\",\"@graph\":[{\"@type\":\"WebPage\",\"@id\":\"https:\/\/www.ladiagonale.net\/index.php\/2022\/11\/09\/le-calendrier-general-2023-2024-adopte\/\",\"url\":\"https:\/\/www.ladiagonale.net\/index.php\/2022\/11\/09\/le-calendrier-general-2023-2024-adopte\/\",\"name\":\"Le calendrier g\u00e9n\u00e9ral 2023\/2024 adopt\u00e9 - La Diagonale\",\"isPartOf\":{\"@id\":\"https:\/\/www.ladiagonale.net\/#website\"},\"datePublished\":\"2022-11-09T15:02:21+00:00\",\"dateModified\":\"2022-11-09T15:03:09+00:00\",\"author\":{\"@id\":\"https:\/\/www.ladiagonale.net\/#\/schema\/person\/79ff1e7b0853ed01b2aa26e64ad300bf\"},\"breadcrumb\":{\"@id\":\"https:\/\/www.ladiagonale.net\/index.php\/2022\/11\/09\/le-calendrier-general-2023-2024-adopte\/#breadcrumb\"},\"inLanguage\":\"fr-FR\",\"potentialAction\":[{\"@type\":\"ReadAction\",\"target\":[\"https:\/\/www.ladiagonale.net\/index.php\/2022\/11\/09\/le-calendrier-general-2023-2024-adopte\/\"]}]},{\"@type\":\"BreadcrumbList\",\"@id\":\"https:\/\/www.ladiagonale.net\/index.php\/2022\/11\/09\/le-calendrier-general-2023-2024-adopte\/#breadcrumb\",\"itemListElement\":[{\"@type\":\"ListItem\",\"position\":1,\"name\":\"Accueil\",\"item\":\"https:\/\/www.ladiagonale.net\/\"},{\"@type\":\"ListItem\",\"position\":2,\"name\":\"Le calendrier g\u00e9n\u00e9ral 2023\/2024 adopt\u00e9\"}]},{\"@type\":\"WebSite\",\"@id\":\"https:\/\/www.ladiagonale.net\/#website\",\"url\":\"https:\/\/www.ladiagonale.net\/\",\"name\":\"La Diagonale\",\"description\":\"Le site des supporters de l&#039;AS Monaco FC\",\"potentialAction\":[{\"@type\":\"SearchAction\",\"target\":{\"@type\":\"EntryPoint\",\"urlTemplate\":\"https:\/\/www.ladiagonale.net\/?s={search_term_string}\"},\"query-input\":\"required name=search_term_string\"}],\"inLanguage\":\"fr-FR\"},{\"@type\":\"Person\",\"@id\":\"https:\/\/www.ladiagonale.net\/#\/schema\/person\/79ff1e7b0853ed01b2aa26e64ad300bf\",\"name\":\"Damien Dellerba\",\"image\":{\"@type\":\"ImageObject\",\"inLanguage\":\"fr-FR\",\"@id\":\"https:\/\/www.ladiagonale.net\/#\/schema\/person\/image\/\",\"url\":\"https:\/\/secure.gravatar.com\/avatar\/c7850e06d3ff63cdbaee88b7fc16e2f0?s=96&d=mm&r=g\",\"contentUrl\":\"https:\/\/secure.gravatar.com\/avatar\/c7850e06d3ff63cdbaee88b7fc16e2f0?s=96&d=mm&r=g\",\"caption\":\"Damien Dellerba\"},\"url\":\"https:\/\/www.ladiagonale.net\/index.php\/author\/damien\/\"}]}<\/script>\n<!-- \/ Yoast SEO plugin. -->","yoast_head_json":{"title":"Le calendrier g\u00e9n\u00e9ral 2023\/2024 adopt\u00e9 - La Diagonale","robots":{"index":"index","follow":"follow","max-snippet":"max-snippet:-1","max-image-preview":"max-image-preview:large","max-video-preview":"max-video-preview:-1"},"canonical":"https:\/\/www.ladiagonale.net\/index.php\/2022\/11\/09\/le-calendrier-general-2023-2024-adopte\/","og_locale":"fr_FR","og_type":"article","og_title":"Le calendrier g\u00e9n\u00e9ral 2023\/2024 adopt\u00e9 - La Diagonale","og_description":"Outre l&rsquo;\u00e9lection du deux nouveaux membres, dont celle de Dmitry Rybolovlev (voir par ailleurs), le Conseil d&rsquo;administration de la Ligue de Football Professionnel a \u00e9galement act\u00e9 les principales dates du calendrier g\u00e9n\u00e9ral de la saison 2023-2024. La saison de Ligue 1 d\u00e9butera le week-end des 12 et 13 ao\u00fbt 2023 et se terminera le samedi [...]","og_url":"https:\/\/www.ladiagonale.net\/index.php\/2022\/11\/09\/le-calendrier-general-2023-2024-adopte\/","og_site_name":"La Diagonale","article_published_time":"2022-11-09T15:02:21+00:00","article_modified_time":"2022-11-09T15:03:09+00:00","og_image":[{"width":1160,"height":650,"url":"https:\/\/www.ladiagonale.net\/wp-content\/uploads\/2022\/11\/lfp.png","type":"image\/png"}],"author":"Damien Dellerba","twitter_card":"summary_large_image","twitter_image":"https:\/\/www.ladiagonale.net\/wp-content\/uploads\/2022\/11\/lfp.png","twitter_misc":{"\u00c9crit par":"Damien Dellerba","Dur\u00e9e de lecture estim\u00e9e":"1 minute"},"schema":{"@context":"https:\/\/schema.org","@graph":[{"@type":"WebPage","@id":"https:\/\/www.ladiagonale.net\/index.php\/2022\/11\/09\/le-calendrier-general-2023-2024-adopte\/","url":"https:\/\/www.ladiagonale.net\/index.php\/2022\/11\/09\/le-calendrier-general-2023-2024-adopte\/","name":"Le calendrier g\u00e9n\u00e9ral 2023\/2024 adopt\u00e9 - La Diagonale","isPartOf":{"@id":"https:\/\/www.ladiagonale.net\/#website"},"datePublished":"2022-11-09T15:02:21+00:00","dateModified":"2022-11-09T15:03:09+00:00","author":{"@id":"https:\/\/www.ladiagonale.net\/#\/schema\/person\/79ff1e7b0853ed01b2aa26e64ad300bf"},"breadcrumb":{"@id":"https:\/\/www.ladiagonale.net\/index.php\/2022\/11\/09\/le-calendrier-general-2023-2024-adopte\/#breadcrumb"},"inLanguage":"fr-FR","potentialAction":[{"@type":"ReadAction","target":["https:\/\/www.ladiagonale.net\/index.php\/2022\/11\/09\/le-calendrier-general-2023-2024-adopte\/"]}]},{"@type":"BreadcrumbList","@id":"https:\/\/www.ladiagonale.net\/index.php\/2022\/11\/09\/le-calendrier-general-2023-2024-adopte\/#breadcrumb","itemListElement":[{"@type":"ListItem","position":1,"name":"Accueil","item":"https:\/\/www.ladiagonale.net\/"},{"@type":"ListItem","position":2,"name":"Le calendrier g\u00e9n\u00e9ral 2023\/2024 adopt\u00e9"}]},{"@type":"WebSite","@id":"https:\/\/www.ladiagonale.net\/#website","url":"https:\/\/www.ladiagonale.net\/","name":"La Diagonale","description":"Le site des supporters de l&#039;AS Monaco FC","potentialAction":[{"@type":"SearchAction","target":{"@type":"EntryPoint","urlTemplate":"https:\/\/www.ladiagonale.net\/?s={search_term_string}"},"query-input":"required name=search_term_string"}],"inLanguage":"fr-FR"},{"@type":"Person","@id":"https:\/\/www.ladiagonale.net\/#\/schema\/person\/79ff1e7b0853ed01b2aa26e64ad300bf","name":"Damien Dellerba","image":{"@type":"ImageObject","inLanguage":"fr-FR","@id":"https:\/\/www.ladiagonale.net\/#\/schema\/person\/image\/","url":"https:\/\/secure.gravatar.com\/avatar\/c7850e06d3ff63cdbaee88b7fc16e2f0?s=96&d=mm&r=g","contentUrl":"https:\/\/secure.gravatar.com\/avatar\/c7850e06d3ff63cdbaee88b7fc16e2f0?s=96&d=mm&r=g","caption":"Damien Dellerba"},"url":"https:\/\/www.ladiagonale.net\/index.php\/author\/damien\/"}]}},"_links":{"self":[{"href":"https:\/\/www.ladiagonale.net\/index.php\/wp-json\/wp\/v2\/posts\/6677"}],"collection":[{"href":"https:\/\/www.ladiagonale.net\/index.php\/wp-json\/wp\/v2\/posts"}],"about":[{"href":"https:\/\/www.ladiagonale.net\/index.php\/wp-json\/wp\/v2\/types\/post"}],"author":[{"embeddable":true,"href":"https:\/\/www.ladiagonale.net\/index.php\/wp-json\/wp\/v2\/users\/2"}],"replies":[{"embeddable":true,"href":"https:\/\/www.ladiagonale.net\/index.php\/wp-json\/wp\/v2\/comments?post=6677"}],"version-history":[{"count":2,"href":"https:\/\/www.ladiagonale.net\/index.php\/wp-json\/wp\/v2\/posts\/6677\/revisions"}],"predecessor-version":[{"id":6680,"href":"https:\/\/www.ladiagonale.net\/index.php\/wp-json\/wp\/v2\/posts\/6677\/revisions\/6680"}],"wp:attachment":[{"href":"https:\/\/www.ladiagonale.net\/index.php\/wp-json\/wp\/v2\/media?parent=6677"}],"wp:term":[{"taxonomy":"category","embeddable":true,"href":"https:\/\/www.ladiagonale.net\/index.php\/wp-json\/wp\/v2\/categories?post=6677"},{"taxonomy":"post_tag","embeddable":true,"href":"https:\/\/www.ladiagonale.net\/index.php\/wp-json\/wp\/v2\/tags?post=6677"}],"curies":[{"name":"wp","href":"https:\/\/api.w.org\/{rel}","templated":true}]}}