{"id":6682,"date":"2022-11-09T16:26:46","date_gmt":"2022-11-09T15:26:46","guid":{"rendered":"https:\/\/www.ladiagonale.net\/?p=6682"},"modified":"2022-11-10T13:36:09","modified_gmt":"2022-11-10T12:36:09","slug":"monaco-et-le-cercle-bruges-en-stage-fin-novembre","status":"publish","type":"post","link":"https:\/\/www.ladiagonale.net\/index.php\/2022\/11\/09\/monaco-et-le-cercle-bruges-en-stage-fin-novembre\/","title":{"rendered":"Monaco et le Cercle Bruges en stage fin novembre"},"content":{"rendered":"\n\n\n<p>Selon les informations publi\u00e9es par <a href=\"https:\/\/www.nieuwsblad.be\/cnt\/dmf20221108_96953240\">Nieuwsblad<\/a>, l&rsquo;AS Monaco et le Cercle Bruges devraient profiter de la tr\u00eave li\u00e9e \u00e0 la Coupe du monde pour partir en stage en Espagne entre le 29 novembre et le 4 d\u00e9cembre. Le m\u00e9dia flamand annonce que le club as\u00e9miste a lou\u00e9 le complexe Melia Villaitana \u00e0 Benidorm, qui compte plusieurs terrains et de nombreuses installations propices \u00e0 accueillir les deux \u00e9quipes. <\/p>\n\n\n\n<p>Nieuwsblad ne pr\u00e9cise pas si un match amical sera organis\u00e9 entre les deux \u00e9quipes, m\u00eame si cela semble probable, mais r\u00e9v\u00e8le cependant que Philippe Clement et Miron Muslic, le coach du Cercle Bruges, seraient \u00e0 la recherche d&rsquo;un \u00ab&nbsp;adversaire suppl\u00e9mentaire&nbsp;\u00bb.<\/p>\n","protected":false},"excerpt":{"rendered":"<p>Selon les informations publi\u00e9es par Nieuwsblad, l&rsquo;AS Monaco et le Cercle Bruges devraient profiter de la tr\u00eave li\u00e9e \u00e0 la Coupe du monde pour partir en stage en Espagne entre le 29 novembre et le 4 d\u00e9cembre. Le m\u00e9dia flamand annonce que le club as\u00e9miste a lou\u00e9 le complexe Melia Villaitana \u00e0 Benidorm, qui compte [&#8230;]\n","protected":false},"author":2,"featured_media":0,"comment_status":"open","ping_status":"open","sticky":false,"template":"","format":"standard","meta":[],"categories":[6],"tags":[86,212,297],"yoast_head":"<!-- This site is optimized with the Yoast SEO plugin v19.8 - https:\/\/yoast.com\/wordpress\/plugins\/seo\/ -->\n<title>Monaco et le Cercle Bruges en stage fin novembre - La Diagonale<\/title>\n<meta name=\"robots\" content=\"index, follow, max-snippet:-1, max-image-preview:large, max-video-preview:-1\" \/>\n<link rel=\"canonical\" href=\"https:\/\/www.ladiagonale.net\/index.php\/2022\/11\/09\/monaco-et-le-cercle-bruges-en-stage-fin-novembre\/\" \/>\n<meta property=\"og:locale\" content=\"fr_FR\" \/>\n<meta property=\"og:type\" content=\"article\" \/>\n<meta property=\"og:title\" content=\"Monaco et le Cercle Bruges en stage fin novembre - La Diagonale\" \/>\n<meta property=\"og:description\" content=\"Selon les informations publi\u00e9es par Nieuwsblad, l&rsquo;AS Monaco et le Cercle Bruges devraient profiter de la tr\u00eave li\u00e9e \u00e0 la Coupe du monde pour partir en stage en Espagne entre le 29 novembre et le 4 d\u00e9cembre. Le m\u00e9dia flamand annonce que le club as\u00e9miste a lou\u00e9 le complexe Melia Villaitana \u00e0 Benidorm, qui compte [...]\" \/>\n<meta property=\"og:url\" content=\"https:\/\/www.ladiagonale.net\/index.php\/2022\/11\/09\/monaco-et-le-cercle-bruges-en-stage-fin-novembre\/\" \/>\n<meta property=\"og:site_name\" content=\"La Diagonale\" \/>\n<meta property=\"article:published_time\" content=\"2022-11-09T15:26:46+00:00\" \/>\n<meta property=\"article:modified_time\" content=\"2022-11-10T12:36:09+00:00\" \/>\n<meta property=\"og:image\" content=\"https:\/\/www.ladiagonale.net\/wp-content\/uploads\/2022\/11\/benidorm.png\" \/>\n\t<meta property=\"og:image:width\" content=\"1160\" \/>\n\t<meta property=\"og:image:height\" content=\"650\" \/>\n\t<meta property=\"og:image:type\" content=\"image\/png\" \/>\n<meta name=\"author\" content=\"Damien Dellerba\" \/>\n<meta name=\"twitter:card\" content=\"summary_large_image\" \/>\n<meta name=\"twitter:image\" content=\"https:\/\/www.ladiagonale.net\/wp-content\/uploads\/2022\/11\/benidorm.png\" \/>\n<meta name=\"twitter:label1\" content=\"\u00c9crit par\" \/>\n\t<meta name=\"twitter:data1\" content=\"Damien Dellerba\" \/>\n\t<meta name=\"twitter:label2\" content=\"Dur\u00e9e de lecture estim\u00e9e\" \/>\n\t<meta name=\"twitter:data2\" content=\"1 minute\" \/>\n<script type=\"application\/ld+json\" class=\"yoast-schema-graph\">{\"@context\":\"https:\/\/schema.org\",\"@graph\":[{\"@type\":\"WebPage\",\"@id\":\"https:\/\/www.ladiagonale.net\/index.php\/2022\/11\/09\/monaco-et-le-cercle-bruges-en-stage-fin-novembre\/\",\"url\":\"https:\/\/www.ladiagonale.net\/index.php\/2022\/11\/09\/monaco-et-le-cercle-bruges-en-stage-fin-novembre\/\",\"name\":\"Monaco et le Cercle Bruges en stage fin novembre - La Diagonale\",\"isPartOf\":{\"@id\":\"https:\/\/www.ladiagonale.net\/#website\"},\"datePublished\":\"2022-11-09T15:26:46+00:00\",\"dateModified\":\"2022-11-10T12:36:09+00:00\",\"author\":{\"@id\":\"https:\/\/www.ladiagonale.net\/#\/schema\/person\/79ff1e7b0853ed01b2aa26e64ad300bf\"},\"breadcrumb\":{\"@id\":\"https:\/\/www.ladiagonale.net\/index.php\/2022\/11\/09\/monaco-et-le-cercle-bruges-en-stage-fin-novembre\/#breadcrumb\"},\"inLanguage\":\"fr-FR\",\"potentialAction\":[{\"@type\":\"ReadAction\",\"target\":[\"https:\/\/www.ladiagonale.net\/index.php\/2022\/11\/09\/monaco-et-le-cercle-bruges-en-stage-fin-novembre\/\"]}]},{\"@type\":\"BreadcrumbList\",\"@id\":\"https:\/\/www.ladiagonale.net\/index.php\/2022\/11\/09\/monaco-et-le-cercle-bruges-en-stage-fin-novembre\/#breadcrumb\",\"itemListElement\":[{\"@type\":\"ListItem\",\"position\":1,\"name\":\"Accueil\",\"item\":\"https:\/\/www.ladiagonale.net\/\"},{\"@type\":\"ListItem\",\"position\":2,\"name\":\"Monaco et le Cercle Bruges en stage fin novembre\"}]},{\"@type\":\"WebSite\",\"@id\":\"https:\/\/www.ladiagonale.net\/#website\",\"url\":\"https:\/\/www.ladiagonale.net\/\",\"name\":\"La Diagonale\",\"description\":\"Le site des supporters de l&#039;AS Monaco FC\",\"potentialAction\":[{\"@type\":\"SearchAction\",\"target\":{\"@type\":\"EntryPoint\",\"urlTemplate\":\"https:\/\/www.ladiagonale.net\/?s={search_term_string}\"},\"query-input\":\"required name=search_term_string\"}],\"inLanguage\":\"fr-FR\"},{\"@type\":\"Person\",\"@id\":\"https:\/\/www.ladiagonale.net\/#\/schema\/person\/79ff1e7b0853ed01b2aa26e64ad300bf\",\"name\":\"Damien Dellerba\",\"image\":{\"@type\":\"ImageObject\",\"inLanguage\":\"fr-FR\",\"@id\":\"https:\/\/www.ladiagonale.net\/#\/schema\/person\/image\/\",\"url\":\"https:\/\/secure.gravatar.com\/avatar\/c7850e06d3ff63cdbaee88b7fc16e2f0?s=96&d=mm&r=g\",\"contentUrl\":\"https:\/\/secure.gravatar.com\/avatar\/c7850e06d3ff63cdbaee88b7fc16e2f0?s=96&d=mm&r=g\",\"caption\":\"Damien Dellerba\"},\"url\":\"https:\/\/www.ladiagonale.net\/index.php\/author\/damien\/\"}]}<\/script>\n<!-- \/ Yoast SEO plugin. -->","yoast_head_json":{"title":"Monaco et le Cercle Bruges en stage fin novembre - La Diagonale","robots":{"index":"index","follow":"follow","max-snippet":"max-snippet:-1","max-image-preview":"max-image-preview:large","max-video-preview":"max-video-preview:-1"},"canonical":"https:\/\/www.ladiagonale.net\/index.php\/2022\/11\/09\/monaco-et-le-cercle-bruges-en-stage-fin-novembre\/","og_locale":"fr_FR","og_type":"article","og_title":"Monaco et le Cercle Bruges en stage fin novembre - La Diagonale","og_description":"Selon les informations publi\u00e9es par Nieuwsblad, l&rsquo;AS Monaco et le Cercle Bruges devraient profiter de la tr\u00eave li\u00e9e \u00e0 la Coupe du monde pour partir en stage en Espagne entre le 29 novembre et le 4 d\u00e9cembre. Le m\u00e9dia flamand annonce que le club as\u00e9miste a lou\u00e9 le complexe Melia Villaitana \u00e0 Benidorm, qui compte [...]","og_url":"https:\/\/www.ladiagonale.net\/index.php\/2022\/11\/09\/monaco-et-le-cercle-bruges-en-stage-fin-novembre\/","og_site_name":"La Diagonale","article_published_time":"2022-11-09T15:26:46+00:00","article_modified_time":"2022-11-10T12:36:09+00:00","og_image":[{"width":1160,"height":650,"url":"https:\/\/www.ladiagonale.net\/wp-content\/uploads\/2022\/11\/benidorm.png","type":"image\/png"}],"author":"Damien Dellerba","twitter_card":"summary_large_image","twitter_image":"https:\/\/www.ladiagonale.net\/wp-content\/uploads\/2022\/11\/benidorm.png","twitter_misc":{"\u00c9crit par":"Damien Dellerba","Dur\u00e9e de lecture estim\u00e9e":"1 minute"},"schema":{"@context":"https:\/\/schema.org","@graph":[{"@type":"WebPage","@id":"https:\/\/www.ladiagonale.net\/index.php\/2022\/11\/09\/monaco-et-le-cercle-bruges-en-stage-fin-novembre\/","url":"https:\/\/www.ladiagonale.net\/index.php\/2022\/11\/09\/monaco-et-le-cercle-bruges-en-stage-fin-novembre\/","name":"Monaco et le Cercle Bruges en stage fin novembre - La Diagonale","isPartOf":{"@id":"https:\/\/www.ladiagonale.net\/#website"},"datePublished":"2022-11-09T15:26:46+00:00","dateModified":"2022-11-10T12:36:09+00:00","author":{"@id":"https:\/\/www.ladiagonale.net\/#\/schema\/person\/79ff1e7b0853ed01b2aa26e64ad300bf"},"breadcrumb":{"@id":"https:\/\/www.ladiagonale.net\/index.php\/2022\/11\/09\/monaco-et-le-cercle-bruges-en-stage-fin-novembre\/#breadcrumb"},"inLanguage":"fr-FR","potentialAction":[{"@type":"ReadAction","target":["https:\/\/www.ladiagonale.net\/index.php\/2022\/11\/09\/monaco-et-le-cercle-bruges-en-stage-fin-novembre\/"]}]},{"@type":"BreadcrumbList","@id":"https:\/\/www.ladiagonale.net\/index.php\/2022\/11\/09\/monaco-et-le-cercle-bruges-en-stage-fin-novembre\/#breadcrumb","itemListElement":[{"@type":"ListItem","position":1,"name":"Accueil","item":"https:\/\/www.ladiagonale.net\/"},{"@type":"ListItem","position":2,"name":"Monaco et le Cercle Bruges en stage fin novembre"}]},{"@type":"WebSite","@id":"https:\/\/www.ladiagonale.net\/#website","url":"https:\/\/www.ladiagonale.net\/","name":"La Diagonale","description":"Le site des supporters de l&#039;AS Monaco FC","potentialAction":[{"@type":"SearchAction","target":{"@type":"EntryPoint","urlTemplate":"https:\/\/www.ladiagonale.net\/?s={search_term_string}"},"query-input":"required name=search_term_string"}],"inLanguage":"fr-FR"},{"@type":"Person","@id":"https:\/\/www.ladiagonale.net\/#\/schema\/person\/79ff1e7b0853ed01b2aa26e64ad300bf","name":"Damien Dellerba","image":{"@type":"ImageObject","inLanguage":"fr-FR","@id":"https:\/\/www.ladiagonale.net\/#\/schema\/person\/image\/","url":"https:\/\/secure.gravatar.com\/avatar\/c7850e06d3ff63cdbaee88b7fc16e2f0?s=96&d=mm&r=g","contentUrl":"https:\/\/secure.gravatar.com\/avatar\/c7850e06d3ff63cdbaee88b7fc16e2f0?s=96&d=mm&r=g","caption":"Damien Dellerba"},"url":"https:\/\/www.ladiagonale.net\/index.php\/author\/damien\/"}]}},"_links":{"self":[{"href":"https:\/\/www.ladiagonale.net\/index.php\/wp-json\/wp\/v2\/posts\/6682"}],"collection":[{"href":"https:\/\/www.ladiagonale.net\/index.php\/wp-json\/wp\/v2\/posts"}],"about":[{"href":"https:\/\/www.ladiagonale.net\/index.php\/wp-json\/wp\/v2\/types\/post"}],"author":[{"embeddable":true,"href":"https:\/\/www.ladiagonale.net\/index.php\/wp-json\/wp\/v2\/users\/2"}],"replies":[{"embeddable":true,"href":"https:\/\/www.ladiagonale.net\/index.php\/wp-json\/wp\/v2\/comments?post=6682"}],"version-history":[{"count":3,"href":"https:\/\/www.ladiagonale.net\/index.php\/wp-json\/wp\/v2\/posts\/6682\/revisions"}],"predecessor-version":[{"id":6757,"href":"https:\/\/www.ladiagonale.net\/index.php\/wp-json\/wp\/v2\/posts\/6682\/revisions\/6757"}],"wp:attachment":[{"href":"https:\/\/www.ladiagonale.net\/index.php\/wp-json\/wp\/v2\/media?parent=6682"}],"wp:term":[{"taxonomy":"category","embeddable":true,"href":"https:\/\/www.ladiagonale.net\/index.php\/wp-json\/wp\/v2\/categories?post=6682"},{"taxonomy":"post_tag","embeddable":true,"href":"https:\/\/www.ladiagonale.net\/index.php\/wp-json\/wp\/v2\/tags?post=6682"}],"curies":[{"name":"wp","href":"https:\/\/api.w.org\/{rel}","templated":true}]}}