{"id":6685,"date":"2022-11-09T20:27:29","date_gmt":"2022-11-09T19:27:29","guid":{"rendered":"https:\/\/www.ladiagonale.net\/?p=6685"},"modified":"2022-11-09T20:31:41","modified_gmt":"2022-11-09T19:31:41","slug":"fofana-a-la-coupe-du-monde-pas-ben-yedder-et-badiashile","status":"publish","type":"post","link":"https:\/\/www.ladiagonale.net\/index.php\/2022\/11\/09\/fofana-a-la-coupe-du-monde-pas-ben-yedder-et-badiashile\/","title":{"rendered":"Fofana \u00e0 la Coupe du monde, pas Ben Yedder et Badiashile"},"content":{"rendered":"\n\n\n<p>Youssouf Fofana a \u00e9t\u00e9 appel\u00e9 par Didier Deschamps pour prendre part \u00e0 la Coupe du monde au Qatar du 20 novembre au 18 d\u00e9cembre. Appel\u00e9 pour la premi\u00e8re fois lors de la derni\u00e8re tr\u00eave internationale, o\u00f9 il avait connu ses deux premi\u00e8res s\u00e9lections contre l\u2019Autriche et le Danemark, Fofana avait fait bonne impression. Les forfaits de Ngolo Kant\u00e9 et de Paul Pogba font aussi ses affaires. <\/p>\n\n\n\n<p>D\u00e9ception, en revanche, pour Wissam Ben Yedder, Beno\u00eet Badiashile et dans une moindre mesure, Axel Disasi, qui n\u2019ont pas \u00e9t\u00e9 appel\u00e9s par l\u2019ancien coach de l\u2019AS Monaco (2001-2005).<\/p>\n\n\n\n<p>Les Bleus, plac\u00e9s dans le groupe D, d\u00e9buteront leur aventure par une rencontre face \u00e0 l\u2019Australie le 22 novembre. Ils affronteront ensuite le Danemark le 26 novembre contre lequel ils s\u2019\u00e9taient inclin\u00e9s en septembre. Le dernier match de poule se jouera face \u00e0 la Tunisie le 30 novembre.<\/p>\n\n\n\n<h4 class=\"has-vivid-red-color has-text-color\" style=\"font-style:normal;font-weight:500;text-transform:uppercase\">Les 25 Bleus retenus<\/h4>\n\n\n\n<p><strong>Gardiens :<\/strong> Areola, Lloris, Mandanda.<br><strong>D\u00e9fenseurs :<\/strong> L. Hernandez, T.Hernandez, Kimpembe, Konat\u00e9, Kound\u00e9, Pavard, Saliba, Upamecano, Varane.<br><strong>Milieux :<\/strong> Camavinga, Fofana, Guendouzi, Rabiot, Tchouam\u00e9ni, Veretout.<br><strong>Attaquants :<\/strong> Benzema, Coman, Dembele, Giroud, Griezmann, Mbapp\u00e9, Nkunku.<\/p>\n","protected":false},"excerpt":{"rendered":"<p>Youssouf Fofana a \u00e9t\u00e9 appel\u00e9 par Didier Deschamps pour prendre part \u00e0 la Coupe du monde au Qatar du 20 novembre au 18 d\u00e9cembre. Appel\u00e9 pour la premi\u00e8re fois lors de la derni\u00e8re tr\u00eave internationale, o\u00f9 il avait connu ses deux premi\u00e8res s\u00e9lections contre l\u2019Autriche et le Danemark, Fofana avait fait bonne impression. Les forfaits [&#8230;]\n","protected":false},"author":2,"featured_media":0,"comment_status":"open","ping_status":"open","sticky":false,"template":"","format":"standard","meta":[],"categories":[4,6],"tags":[86,177,173,116,175,176],"yoast_head":"<!-- This site is optimized with the Yoast SEO plugin v19.8 - https:\/\/yoast.com\/wordpress\/plugins\/seo\/ -->\n<title>Fofana \u00e0 la Coupe du monde, pas Ben Yedder et Badiashile - La Diagonale<\/title>\n<meta name=\"robots\" content=\"index, follow, max-snippet:-1, max-image-preview:large, max-video-preview:-1\" \/>\n<link rel=\"canonical\" href=\"https:\/\/www.ladiagonale.net\/index.php\/2022\/11\/09\/fofana-a-la-coupe-du-monde-pas-ben-yedder-et-badiashile\/\" \/>\n<meta property=\"og:locale\" content=\"fr_FR\" \/>\n<meta property=\"og:type\" content=\"article\" \/>\n<meta property=\"og:title\" content=\"Fofana \u00e0 la Coupe du monde, pas Ben Yedder et Badiashile - La Diagonale\" \/>\n<meta property=\"og:description\" content=\"Youssouf Fofana a \u00e9t\u00e9 appel\u00e9 par Didier Deschamps pour prendre part \u00e0 la Coupe du monde au Qatar du 20 novembre au 18 d\u00e9cembre. Appel\u00e9 pour la premi\u00e8re fois lors de la derni\u00e8re tr\u00eave internationale, o\u00f9 il avait connu ses deux premi\u00e8res s\u00e9lections contre l\u2019Autriche et le Danemark, Fofana avait fait bonne impression. Les forfaits [...]\" \/>\n<meta property=\"og:url\" content=\"https:\/\/www.ladiagonale.net\/index.php\/2022\/11\/09\/fofana-a-la-coupe-du-monde-pas-ben-yedder-et-badiashile\/\" \/>\n<meta property=\"og:site_name\" content=\"La Diagonale\" \/>\n<meta property=\"article:published_time\" content=\"2022-11-09T19:27:29+00:00\" \/>\n<meta property=\"article:modified_time\" content=\"2022-11-09T19:31:41+00:00\" \/>\n<meta property=\"og:image\" content=\"https:\/\/www.ladiagonale.net\/wp-content\/uploads\/2022\/11\/fofana-edf.png\" \/>\n\t<meta property=\"og:image:width\" content=\"1160\" \/>\n\t<meta property=\"og:image:height\" content=\"650\" \/>\n\t<meta property=\"og:image:type\" content=\"image\/png\" \/>\n<meta name=\"author\" content=\"Damien Dellerba\" \/>\n<meta name=\"twitter:card\" content=\"summary_large_image\" \/>\n<meta name=\"twitter:image\" content=\"https:\/\/www.ladiagonale.net\/wp-content\/uploads\/2022\/11\/fofana-edf.png\" \/>\n<meta name=\"twitter:label1\" content=\"\u00c9crit par\" \/>\n\t<meta name=\"twitter:data1\" content=\"Damien Dellerba\" \/>\n\t<meta name=\"twitter:label2\" content=\"Dur\u00e9e de lecture estim\u00e9e\" \/>\n\t<meta name=\"twitter:data2\" content=\"1 minute\" \/>\n<script type=\"application\/ld+json\" class=\"yoast-schema-graph\">{\"@context\":\"https:\/\/schema.org\",\"@graph\":[{\"@type\":\"WebPage\",\"@id\":\"https:\/\/www.ladiagonale.net\/index.php\/2022\/11\/09\/fofana-a-la-coupe-du-monde-pas-ben-yedder-et-badiashile\/\",\"url\":\"https:\/\/www.ladiagonale.net\/index.php\/2022\/11\/09\/fofana-a-la-coupe-du-monde-pas-ben-yedder-et-badiashile\/\",\"name\":\"Fofana \u00e0 la Coupe du monde, pas Ben Yedder et Badiashile - La Diagonale\",\"isPartOf\":{\"@id\":\"https:\/\/www.ladiagonale.net\/#website\"},\"datePublished\":\"2022-11-09T19:27:29+00:00\",\"dateModified\":\"2022-11-09T19:31:41+00:00\",\"author\":{\"@id\":\"https:\/\/www.ladiagonale.net\/#\/schema\/person\/79ff1e7b0853ed01b2aa26e64ad300bf\"},\"breadcrumb\":{\"@id\":\"https:\/\/www.ladiagonale.net\/index.php\/2022\/11\/09\/fofana-a-la-coupe-du-monde-pas-ben-yedder-et-badiashile\/#breadcrumb\"},\"inLanguage\":\"fr-FR\",\"potentialAction\":[{\"@type\":\"ReadAction\",\"target\":[\"https:\/\/www.ladiagonale.net\/index.php\/2022\/11\/09\/fofana-a-la-coupe-du-monde-pas-ben-yedder-et-badiashile\/\"]}]},{\"@type\":\"BreadcrumbList\",\"@id\":\"https:\/\/www.ladiagonale.net\/index.php\/2022\/11\/09\/fofana-a-la-coupe-du-monde-pas-ben-yedder-et-badiashile\/#breadcrumb\",\"itemListElement\":[{\"@type\":\"ListItem\",\"position\":1,\"name\":\"Accueil\",\"item\":\"https:\/\/www.ladiagonale.net\/\"},{\"@type\":\"ListItem\",\"position\":2,\"name\":\"Fofana \u00e0 la Coupe du monde, pas Ben Yedder et Badiashile\"}]},{\"@type\":\"WebSite\",\"@id\":\"https:\/\/www.ladiagonale.net\/#website\",\"url\":\"https:\/\/www.ladiagonale.net\/\",\"name\":\"La Diagonale\",\"description\":\"Le site des supporters de l&#039;AS Monaco FC\",\"potentialAction\":[{\"@type\":\"SearchAction\",\"target\":{\"@type\":\"EntryPoint\",\"urlTemplate\":\"https:\/\/www.ladiagonale.net\/?s={search_term_string}\"},\"query-input\":\"required name=search_term_string\"}],\"inLanguage\":\"fr-FR\"},{\"@type\":\"Person\",\"@id\":\"https:\/\/www.ladiagonale.net\/#\/schema\/person\/79ff1e7b0853ed01b2aa26e64ad300bf\",\"name\":\"Damien Dellerba\",\"image\":{\"@type\":\"ImageObject\",\"inLanguage\":\"fr-FR\",\"@id\":\"https:\/\/www.ladiagonale.net\/#\/schema\/person\/image\/\",\"url\":\"https:\/\/secure.gravatar.com\/avatar\/c7850e06d3ff63cdbaee88b7fc16e2f0?s=96&d=mm&r=g\",\"contentUrl\":\"https:\/\/secure.gravatar.com\/avatar\/c7850e06d3ff63cdbaee88b7fc16e2f0?s=96&d=mm&r=g\",\"caption\":\"Damien Dellerba\"},\"url\":\"https:\/\/www.ladiagonale.net\/index.php\/author\/damien\/\"}]}<\/script>\n<!-- \/ Yoast SEO plugin. -->","yoast_head_json":{"title":"Fofana \u00e0 la Coupe du monde, pas Ben Yedder et Badiashile - La Diagonale","robots":{"index":"index","follow":"follow","max-snippet":"max-snippet:-1","max-image-preview":"max-image-preview:large","max-video-preview":"max-video-preview:-1"},"canonical":"https:\/\/www.ladiagonale.net\/index.php\/2022\/11\/09\/fofana-a-la-coupe-du-monde-pas-ben-yedder-et-badiashile\/","og_locale":"fr_FR","og_type":"article","og_title":"Fofana \u00e0 la Coupe du monde, pas Ben Yedder et Badiashile - La Diagonale","og_description":"Youssouf Fofana a \u00e9t\u00e9 appel\u00e9 par Didier Deschamps pour prendre part \u00e0 la Coupe du monde au Qatar du 20 novembre au 18 d\u00e9cembre. Appel\u00e9 pour la premi\u00e8re fois lors de la derni\u00e8re tr\u00eave internationale, o\u00f9 il avait connu ses deux premi\u00e8res s\u00e9lections contre l\u2019Autriche et le Danemark, Fofana avait fait bonne impression. Les forfaits [...]","og_url":"https:\/\/www.ladiagonale.net\/index.php\/2022\/11\/09\/fofana-a-la-coupe-du-monde-pas-ben-yedder-et-badiashile\/","og_site_name":"La Diagonale","article_published_time":"2022-11-09T19:27:29+00:00","article_modified_time":"2022-11-09T19:31:41+00:00","og_image":[{"width":1160,"height":650,"url":"https:\/\/www.ladiagonale.net\/wp-content\/uploads\/2022\/11\/fofana-edf.png","type":"image\/png"}],"author":"Damien Dellerba","twitter_card":"summary_large_image","twitter_image":"https:\/\/www.ladiagonale.net\/wp-content\/uploads\/2022\/11\/fofana-edf.png","twitter_misc":{"\u00c9crit par":"Damien Dellerba","Dur\u00e9e de lecture estim\u00e9e":"1 minute"},"schema":{"@context":"https:\/\/schema.org","@graph":[{"@type":"WebPage","@id":"https:\/\/www.ladiagonale.net\/index.php\/2022\/11\/09\/fofana-a-la-coupe-du-monde-pas-ben-yedder-et-badiashile\/","url":"https:\/\/www.ladiagonale.net\/index.php\/2022\/11\/09\/fofana-a-la-coupe-du-monde-pas-ben-yedder-et-badiashile\/","name":"Fofana \u00e0 la Coupe du monde, pas Ben Yedder et Badiashile - La Diagonale","isPartOf":{"@id":"https:\/\/www.ladiagonale.net\/#website"},"datePublished":"2022-11-09T19:27:29+00:00","dateModified":"2022-11-09T19:31:41+00:00","author":{"@id":"https:\/\/www.ladiagonale.net\/#\/schema\/person\/79ff1e7b0853ed01b2aa26e64ad300bf"},"breadcrumb":{"@id":"https:\/\/www.ladiagonale.net\/index.php\/2022\/11\/09\/fofana-a-la-coupe-du-monde-pas-ben-yedder-et-badiashile\/#breadcrumb"},"inLanguage":"fr-FR","potentialAction":[{"@type":"ReadAction","target":["https:\/\/www.ladiagonale.net\/index.php\/2022\/11\/09\/fofana-a-la-coupe-du-monde-pas-ben-yedder-et-badiashile\/"]}]},{"@type":"BreadcrumbList","@id":"https:\/\/www.ladiagonale.net\/index.php\/2022\/11\/09\/fofana-a-la-coupe-du-monde-pas-ben-yedder-et-badiashile\/#breadcrumb","itemListElement":[{"@type":"ListItem","position":1,"name":"Accueil","item":"https:\/\/www.ladiagonale.net\/"},{"@type":"ListItem","position":2,"name":"Fofana \u00e0 la Coupe du monde, pas Ben Yedder et Badiashile"}]},{"@type":"WebSite","@id":"https:\/\/www.ladiagonale.net\/#website","url":"https:\/\/www.ladiagonale.net\/","name":"La Diagonale","description":"Le site des supporters de l&#039;AS Monaco FC","potentialAction":[{"@type":"SearchAction","target":{"@type":"EntryPoint","urlTemplate":"https:\/\/www.ladiagonale.net\/?s={search_term_string}"},"query-input":"required name=search_term_string"}],"inLanguage":"fr-FR"},{"@type":"Person","@id":"https:\/\/www.ladiagonale.net\/#\/schema\/person\/79ff1e7b0853ed01b2aa26e64ad300bf","name":"Damien Dellerba","image":{"@type":"ImageObject","inLanguage":"fr-FR","@id":"https:\/\/www.ladiagonale.net\/#\/schema\/person\/image\/","url":"https:\/\/secure.gravatar.com\/avatar\/c7850e06d3ff63cdbaee88b7fc16e2f0?s=96&d=mm&r=g","contentUrl":"https:\/\/secure.gravatar.com\/avatar\/c7850e06d3ff63cdbaee88b7fc16e2f0?s=96&d=mm&r=g","caption":"Damien Dellerba"},"url":"https:\/\/www.ladiagonale.net\/index.php\/author\/damien\/"}]}},"_links":{"self":[{"href":"https:\/\/www.ladiagonale.net\/index.php\/wp-json\/wp\/v2\/posts\/6685"}],"collection":[{"href":"https:\/\/www.ladiagonale.net\/index.php\/wp-json\/wp\/v2\/posts"}],"about":[{"href":"https:\/\/www.ladiagonale.net\/index.php\/wp-json\/wp\/v2\/types\/post"}],"author":[{"embeddable":true,"href":"https:\/\/www.ladiagonale.net\/index.php\/wp-json\/wp\/v2\/users\/2"}],"replies":[{"embeddable":true,"href":"https:\/\/www.ladiagonale.net\/index.php\/wp-json\/wp\/v2\/comments?post=6685"}],"version-history":[{"count":3,"href":"https:\/\/www.ladiagonale.net\/index.php\/wp-json\/wp\/v2\/posts\/6685\/revisions"}],"predecessor-version":[{"id":6689,"href":"https:\/\/www.ladiagonale.net\/index.php\/wp-json\/wp\/v2\/posts\/6685\/revisions\/6689"}],"wp:attachment":[{"href":"https:\/\/www.ladiagonale.net\/index.php\/wp-json\/wp\/v2\/media?parent=6685"}],"wp:term":[{"taxonomy":"category","embeddable":true,"href":"https:\/\/www.ladiagonale.net\/index.php\/wp-json\/wp\/v2\/categories?post=6685"},{"taxonomy":"post_tag","embeddable":true,"href":"https:\/\/www.ladiagonale.net\/index.php\/wp-json\/wp\/v2\/tags?post=6685"}],"curies":[{"name":"wp","href":"https:\/\/api.w.org\/{rel}","templated":true}]}}