{"id":6920,"date":"2022-11-15T19:50:53","date_gmt":"2022-11-15T18:50:53","guid":{"rendered":"https:\/\/www.ladiagonale.net\/?p=6920"},"modified":"2022-11-17T13:28:42","modified_gmt":"2022-11-17T12:28:42","slug":"bunce-la-periode-suivante-sera-encore-plus-difficile","status":"publish","type":"post","link":"https:\/\/www.ladiagonale.net\/index.php\/2022\/11\/15\/bunce-la-periode-suivante-sera-encore-plus-difficile\/","title":{"rendered":"Bunce : \u00ab\u00a0La p\u00e9riode suivante sera encore plus difficile\u00a0\u00bb"},"content":{"rendered":"\n\n\n<p>Pour les joueurs de l\u2019AS Monaco qui n\u2019ont pas \u00e9t\u00e9 retenus en s\u00e9lection ou pour la Coupe du monde, place d\u00e9sormais \u00e0 une tr\u00eave internationale et \u00e0 une p\u00e9riode de repos. Comme <a href=\"https:\/\/www.ladiagonale.net\/index.php\/2022\/11\/12\/clement-en-dit-plus-sur-la-prochaine-treve\/\">l\u2019avait confi\u00e9 Philippe Clement en conf\u00e9rence de presse<\/a>, les non-internationaux auront droit \u00e0 14 jours de vacances avant de reprendre, ce que James Bunce, le Directeur de la performance, a confirm\u00e9 au site <a href=\"https:\/\/monacolife.net\/as-monacos-world-cup-plans-outlined\/\">monaco-life.net<\/a> : \u00ab&nbsp;<em>Il y aura un moment de repos et de r\u00e9cup\u00e9ration parce que, encore une fois, cette p\u00e9riode est unique et nous aimerions en profiter pour permettre aux joueurs de se rafra\u00eechir un peu parce que nous sommes en action depuis le 14 juin.<\/em>&nbsp;\u00bb<\/p>\n\n\n\n<p>Les retrouvailles devraient donc se faire fin novembre, mais l\u2019Anglais assure que le programme ne sera pas le m\u00eame que lors d\u2019une intersaison : \u00ab<em>\u00a0Nous entrerons dans une<\/em> \u00ab\u00a0mini pr\u00e9-saison\u00a0\u00bb<em>, que nous n&rsquo;appelons pas ainsi, parce qu&rsquo;il n&rsquo;y a pas la m\u00eame base et puisqu&rsquo;ils sont d\u00e9j\u00e0 en forme, ils ont d\u00e9j\u00e0 cette base. Il s&rsquo;agira de peaufiner tout \u00e7a et de garder de la fra\u00eecheur.<\/em>\u00a0\u00bb Les Mon\u00e9gasques passeront dix jours en Espagne puis disputeront plusieurs matchs amicaux : \u00ab <em>Nous devons mettre en place un programme d&rsquo;un match par semaine pour chaque joueur. Parfois, cela signifie qu&rsquo;il faut jouer deux matchs le m\u00eame jour pour que chaque joueur puisse disposer de 90 minutes. Nous avons quelques grosses \u00e9quipes que nous allons jouer pendant cette p\u00e9riode.<\/em>\u00a0\u00bb<\/p>\n\n\n\n<p>La suite de la saison sera tout aussi intense que la premi\u00e8re partie, voire plus, raison pour laquelle les r\u00e9unions et les discussions entre tous les d\u00e9partements du club ont \u00e9t\u00e9 nombreuses afin d\u2019optimiser le retour \u00e0 la comp\u00e9tition : \u00ab&nbsp;<em>Lorsque nous avons appris que la Coupe du monde allait se d\u00e9rouler pendant cette p\u00e9riode, nous n&rsquo;avons, comme tout le monde, jamais eu affaire \u00e0 cela auparavant. Nous avons donc eu beaucoup de conversations \u00e0 ce sujet, beaucoup de mises au point, beaucoup de r\u00e9unions avec les pr\u00e9parateurs physique, le personnel m\u00e9dical et le staff technique pour construire ce que nous pensons \u00eatre le meilleur sc\u00e9nario.<\/em>&nbsp;\u00bb<\/p>\n\n\n\n<p>Monaco a v\u00e9cu trois mois de comp\u00e9tition intenses et la reprise sera encore plus longue et plus soutenue : \u00ab&nbsp;<em>De la reprise jusqu&rsquo;\u00e0 la prochaine fen\u00eatre internationale (\u00e0 partir du 20 mars), il y a quatre mois. Donc ce sera une p\u00e9riode plus importante et plus difficile. Si tout le monde pensait que la p\u00e9riode du d\u00e9but de la saison \u00e9tait difficile, elle va l&rsquo;\u00eatre encore plus. Si nous nous qualifions en Ligue Europa (et en Coupe de France, ndlr), neuf de ces douze semaines comprendront deux matchs par semaine. C&rsquo;est une grosse et difficile p\u00e9riode. C&rsquo;est pourquoi nous regardons les choses sous l&rsquo;angle d&rsquo;un rafra\u00eechissement, d&rsquo;un regain d&rsquo;\u00e9nergie, d&rsquo;un recalibrage, car la p\u00e9riode suivante sera difficile pour tout le monde.<\/em>&nbsp;\u00bb<\/p>\n","protected":false},"excerpt":{"rendered":"<p>Pour les joueurs de l\u2019AS Monaco qui n\u2019ont pas \u00e9t\u00e9 retenus en s\u00e9lection ou pour la Coupe du monde, place d\u00e9sormais \u00e0 une tr\u00eave internationale et \u00e0 une p\u00e9riode de repos. Comme l\u2019avait confi\u00e9 Philippe Clement en conf\u00e9rence de presse, les non-internationaux auront droit \u00e0 14 jours de vacances avant de reprendre, ce que James [&#8230;]\n","protected":false},"author":2,"featured_media":0,"comment_status":"open","ping_status":"open","sticky":false,"template":"","format":"standard","meta":[],"categories":[6],"tags":[86,138],"yoast_head":"<!-- This site is optimized with the Yoast SEO plugin v19.8 - https:\/\/yoast.com\/wordpress\/plugins\/seo\/ -->\n<title>Bunce : \u00ab\u00a0La p\u00e9riode suivante sera encore plus difficile\u00a0\u00bb - La Diagonale<\/title>\n<meta name=\"robots\" content=\"index, follow, max-snippet:-1, max-image-preview:large, max-video-preview:-1\" \/>\n<link rel=\"canonical\" href=\"https:\/\/www.ladiagonale.net\/index.php\/2022\/11\/15\/bunce-la-periode-suivante-sera-encore-plus-difficile\/\" \/>\n<meta property=\"og:locale\" content=\"fr_FR\" \/>\n<meta property=\"og:type\" content=\"article\" \/>\n<meta property=\"og:title\" content=\"Bunce : \u00ab\u00a0La p\u00e9riode suivante sera encore plus difficile\u00a0\u00bb - La Diagonale\" \/>\n<meta property=\"og:description\" content=\"Pour les joueurs de l\u2019AS Monaco qui n\u2019ont pas \u00e9t\u00e9 retenus en s\u00e9lection ou pour la Coupe du monde, place d\u00e9sormais \u00e0 une tr\u00eave internationale et \u00e0 une p\u00e9riode de repos. Comme l\u2019avait confi\u00e9 Philippe Clement en conf\u00e9rence de presse, les non-internationaux auront droit \u00e0 14 jours de vacances avant de reprendre, ce que James [...]\" \/>\n<meta property=\"og:url\" content=\"https:\/\/www.ladiagonale.net\/index.php\/2022\/11\/15\/bunce-la-periode-suivante-sera-encore-plus-difficile\/\" \/>\n<meta property=\"og:site_name\" content=\"La Diagonale\" \/>\n<meta property=\"article:published_time\" content=\"2022-11-15T18:50:53+00:00\" \/>\n<meta property=\"article:modified_time\" content=\"2022-11-17T12:28:42+00:00\" \/>\n<meta property=\"og:image\" content=\"https:\/\/www.ladiagonale.net\/wp-content\/uploads\/2022\/11\/bunce.png\" \/>\n\t<meta property=\"og:image:width\" content=\"1160\" \/>\n\t<meta property=\"og:image:height\" content=\"650\" \/>\n\t<meta property=\"og:image:type\" content=\"image\/png\" \/>\n<meta name=\"author\" content=\"Damien Dellerba\" \/>\n<meta name=\"twitter:card\" content=\"summary_large_image\" \/>\n<meta name=\"twitter:image\" content=\"https:\/\/www.ladiagonale.net\/wp-content\/uploads\/2022\/11\/bunce.png\" \/>\n<meta name=\"twitter:label1\" content=\"\u00c9crit par\" \/>\n\t<meta name=\"twitter:data1\" content=\"Damien Dellerba\" \/>\n\t<meta name=\"twitter:label2\" content=\"Dur\u00e9e de lecture estim\u00e9e\" \/>\n\t<meta name=\"twitter:data2\" content=\"3 minutes\" \/>\n<script type=\"application\/ld+json\" class=\"yoast-schema-graph\">{\"@context\":\"https:\/\/schema.org\",\"@graph\":[{\"@type\":\"WebPage\",\"@id\":\"https:\/\/www.ladiagonale.net\/index.php\/2022\/11\/15\/bunce-la-periode-suivante-sera-encore-plus-difficile\/\",\"url\":\"https:\/\/www.ladiagonale.net\/index.php\/2022\/11\/15\/bunce-la-periode-suivante-sera-encore-plus-difficile\/\",\"name\":\"Bunce : \u00ab\u00a0La p\u00e9riode suivante sera encore plus difficile\u00a0\u00bb - La Diagonale\",\"isPartOf\":{\"@id\":\"https:\/\/www.ladiagonale.net\/#website\"},\"datePublished\":\"2022-11-15T18:50:53+00:00\",\"dateModified\":\"2022-11-17T12:28:42+00:00\",\"author\":{\"@id\":\"https:\/\/www.ladiagonale.net\/#\/schema\/person\/79ff1e7b0853ed01b2aa26e64ad300bf\"},\"breadcrumb\":{\"@id\":\"https:\/\/www.ladiagonale.net\/index.php\/2022\/11\/15\/bunce-la-periode-suivante-sera-encore-plus-difficile\/#breadcrumb\"},\"inLanguage\":\"fr-FR\",\"potentialAction\":[{\"@type\":\"ReadAction\",\"target\":[\"https:\/\/www.ladiagonale.net\/index.php\/2022\/11\/15\/bunce-la-periode-suivante-sera-encore-plus-difficile\/\"]}]},{\"@type\":\"BreadcrumbList\",\"@id\":\"https:\/\/www.ladiagonale.net\/index.php\/2022\/11\/15\/bunce-la-periode-suivante-sera-encore-plus-difficile\/#breadcrumb\",\"itemListElement\":[{\"@type\":\"ListItem\",\"position\":1,\"name\":\"Accueil\",\"item\":\"https:\/\/www.ladiagonale.net\/\"},{\"@type\":\"ListItem\",\"position\":2,\"name\":\"Bunce : \u00ab\u00a0La p\u00e9riode suivante sera encore plus difficile\u00a0\u00bb\"}]},{\"@type\":\"WebSite\",\"@id\":\"https:\/\/www.ladiagonale.net\/#website\",\"url\":\"https:\/\/www.ladiagonale.net\/\",\"name\":\"La Diagonale\",\"description\":\"Le site des supporters de l&#039;AS Monaco FC\",\"potentialAction\":[{\"@type\":\"SearchAction\",\"target\":{\"@type\":\"EntryPoint\",\"urlTemplate\":\"https:\/\/www.ladiagonale.net\/?s={search_term_string}\"},\"query-input\":\"required name=search_term_string\"}],\"inLanguage\":\"fr-FR\"},{\"@type\":\"Person\",\"@id\":\"https:\/\/www.ladiagonale.net\/#\/schema\/person\/79ff1e7b0853ed01b2aa26e64ad300bf\",\"name\":\"Damien Dellerba\",\"image\":{\"@type\":\"ImageObject\",\"inLanguage\":\"fr-FR\",\"@id\":\"https:\/\/www.ladiagonale.net\/#\/schema\/person\/image\/\",\"url\":\"https:\/\/secure.gravatar.com\/avatar\/c7850e06d3ff63cdbaee88b7fc16e2f0?s=96&d=mm&r=g\",\"contentUrl\":\"https:\/\/secure.gravatar.com\/avatar\/c7850e06d3ff63cdbaee88b7fc16e2f0?s=96&d=mm&r=g\",\"caption\":\"Damien Dellerba\"},\"url\":\"https:\/\/www.ladiagonale.net\/index.php\/author\/damien\/\"}]}<\/script>\n<!-- \/ Yoast SEO plugin. -->","yoast_head_json":{"title":"Bunce : \u00ab\u00a0La p\u00e9riode suivante sera encore plus difficile\u00a0\u00bb - La Diagonale","robots":{"index":"index","follow":"follow","max-snippet":"max-snippet:-1","max-image-preview":"max-image-preview:large","max-video-preview":"max-video-preview:-1"},"canonical":"https:\/\/www.ladiagonale.net\/index.php\/2022\/11\/15\/bunce-la-periode-suivante-sera-encore-plus-difficile\/","og_locale":"fr_FR","og_type":"article","og_title":"Bunce : \u00ab\u00a0La p\u00e9riode suivante sera encore plus difficile\u00a0\u00bb - La Diagonale","og_description":"Pour les joueurs de l\u2019AS Monaco qui n\u2019ont pas \u00e9t\u00e9 retenus en s\u00e9lection ou pour la Coupe du monde, place d\u00e9sormais \u00e0 une tr\u00eave internationale et \u00e0 une p\u00e9riode de repos. Comme l\u2019avait confi\u00e9 Philippe Clement en conf\u00e9rence de presse, les non-internationaux auront droit \u00e0 14 jours de vacances avant de reprendre, ce que James [...]","og_url":"https:\/\/www.ladiagonale.net\/index.php\/2022\/11\/15\/bunce-la-periode-suivante-sera-encore-plus-difficile\/","og_site_name":"La Diagonale","article_published_time":"2022-11-15T18:50:53+00:00","article_modified_time":"2022-11-17T12:28:42+00:00","og_image":[{"width":1160,"height":650,"url":"https:\/\/www.ladiagonale.net\/wp-content\/uploads\/2022\/11\/bunce.png","type":"image\/png"}],"author":"Damien Dellerba","twitter_card":"summary_large_image","twitter_image":"https:\/\/www.ladiagonale.net\/wp-content\/uploads\/2022\/11\/bunce.png","twitter_misc":{"\u00c9crit par":"Damien Dellerba","Dur\u00e9e de lecture estim\u00e9e":"3 minutes"},"schema":{"@context":"https:\/\/schema.org","@graph":[{"@type":"WebPage","@id":"https:\/\/www.ladiagonale.net\/index.php\/2022\/11\/15\/bunce-la-periode-suivante-sera-encore-plus-difficile\/","url":"https:\/\/www.ladiagonale.net\/index.php\/2022\/11\/15\/bunce-la-periode-suivante-sera-encore-plus-difficile\/","name":"Bunce : \u00ab\u00a0La p\u00e9riode suivante sera encore plus difficile\u00a0\u00bb - La Diagonale","isPartOf":{"@id":"https:\/\/www.ladiagonale.net\/#website"},"datePublished":"2022-11-15T18:50:53+00:00","dateModified":"2022-11-17T12:28:42+00:00","author":{"@id":"https:\/\/www.ladiagonale.net\/#\/schema\/person\/79ff1e7b0853ed01b2aa26e64ad300bf"},"breadcrumb":{"@id":"https:\/\/www.ladiagonale.net\/index.php\/2022\/11\/15\/bunce-la-periode-suivante-sera-encore-plus-difficile\/#breadcrumb"},"inLanguage":"fr-FR","potentialAction":[{"@type":"ReadAction","target":["https:\/\/www.ladiagonale.net\/index.php\/2022\/11\/15\/bunce-la-periode-suivante-sera-encore-plus-difficile\/"]}]},{"@type":"BreadcrumbList","@id":"https:\/\/www.ladiagonale.net\/index.php\/2022\/11\/15\/bunce-la-periode-suivante-sera-encore-plus-difficile\/#breadcrumb","itemListElement":[{"@type":"ListItem","position":1,"name":"Accueil","item":"https:\/\/www.ladiagonale.net\/"},{"@type":"ListItem","position":2,"name":"Bunce : \u00ab\u00a0La p\u00e9riode suivante sera encore plus difficile\u00a0\u00bb"}]},{"@type":"WebSite","@id":"https:\/\/www.ladiagonale.net\/#website","url":"https:\/\/www.ladiagonale.net\/","name":"La Diagonale","description":"Le site des supporters de l&#039;AS Monaco FC","potentialAction":[{"@type":"SearchAction","target":{"@type":"EntryPoint","urlTemplate":"https:\/\/www.ladiagonale.net\/?s={search_term_string}"},"query-input":"required name=search_term_string"}],"inLanguage":"fr-FR"},{"@type":"Person","@id":"https:\/\/www.ladiagonale.net\/#\/schema\/person\/79ff1e7b0853ed01b2aa26e64ad300bf","name":"Damien Dellerba","image":{"@type":"ImageObject","inLanguage":"fr-FR","@id":"https:\/\/www.ladiagonale.net\/#\/schema\/person\/image\/","url":"https:\/\/secure.gravatar.com\/avatar\/c7850e06d3ff63cdbaee88b7fc16e2f0?s=96&d=mm&r=g","contentUrl":"https:\/\/secure.gravatar.com\/avatar\/c7850e06d3ff63cdbaee88b7fc16e2f0?s=96&d=mm&r=g","caption":"Damien Dellerba"},"url":"https:\/\/www.ladiagonale.net\/index.php\/author\/damien\/"}]}},"_links":{"self":[{"href":"https:\/\/www.ladiagonale.net\/index.php\/wp-json\/wp\/v2\/posts\/6920"}],"collection":[{"href":"https:\/\/www.ladiagonale.net\/index.php\/wp-json\/wp\/v2\/posts"}],"about":[{"href":"https:\/\/www.ladiagonale.net\/index.php\/wp-json\/wp\/v2\/types\/post"}],"author":[{"embeddable":true,"href":"https:\/\/www.ladiagonale.net\/index.php\/wp-json\/wp\/v2\/users\/2"}],"replies":[{"embeddable":true,"href":"https:\/\/www.ladiagonale.net\/index.php\/wp-json\/wp\/v2\/comments?post=6920"}],"version-history":[{"count":3,"href":"https:\/\/www.ladiagonale.net\/index.php\/wp-json\/wp\/v2\/posts\/6920\/revisions"}],"predecessor-version":[{"id":6957,"href":"https:\/\/www.ladiagonale.net\/index.php\/wp-json\/wp\/v2\/posts\/6920\/revisions\/6957"}],"wp:attachment":[{"href":"https:\/\/www.ladiagonale.net\/index.php\/wp-json\/wp\/v2\/media?parent=6920"}],"wp:term":[{"taxonomy":"category","embeddable":true,"href":"https:\/\/www.ladiagonale.net\/index.php\/wp-json\/wp\/v2\/categories?post=6920"},{"taxonomy":"post_tag","embeddable":true,"href":"https:\/\/www.ladiagonale.net\/index.php\/wp-json\/wp\/v2\/tags?post=6920"}],"curies":[{"name":"wp","href":"https:\/\/api.w.org\/{rel}","templated":true}]}}