{"id":6969,"date":"2022-11-17T21:51:34","date_gmt":"2022-11-17T20:51:34","guid":{"rendered":"https:\/\/www.ladiagonale.net\/?p=6969"},"modified":"2022-11-17T21:52:14","modified_gmt":"2022-11-17T20:52:14","slug":"harit-prend-la-defense-de-disasi","status":"publish","type":"post","link":"https:\/\/www.ladiagonale.net\/index.php\/2022\/11\/17\/harit-prend-la-defense-de-disasi\/","title":{"rendered":"Harit prend la d\u00e9fense de Disasi"},"content":{"rendered":"\n\n\n<p>Amine Harit, le milieu offensif de l&rsquo;OM, s&rsquo;est exprim\u00e9 pour la premi\u00e8re fois depuis sa blessure subie  au cours de la rencontre entre Monaco et Marseille. Victime d&rsquo;une entorse des ligaments crois\u00e9s du genou gauche, le joueur olympien va rater la Coupe du monde pour laquelle il avait \u00e9t\u00e9 convoqu\u00e9 avec le Maroc. Fair-play, il a n\u00e9anmoins eu un mot bienveillant envers Axel Disasi, avec qui le contact a occasionn\u00e9 la blessure. Il a aussi d\u00e9fendu le d\u00e9fenseur de l&rsquo;ASM contre les <a href=\"https:\/\/www.ladiagonale.net\/index.php\/2022\/11\/14\/insultes-racistes-monaco-prend-la-defense-de-disasi\/\">attaques racistes<\/a> dont il a \u00e9t\u00e9 victime. <\/p>\n\n\n\n<p>\u00ab&nbsp;<em>Ensuite, je veux le dire ici comme je lui ai d\u00e9j\u00e0 dit en priv\u00e9 : je n&rsquo;en veux pas un instant \u00e0 Axel<\/em>, a \u00e9crit Harit sur son compte Twitter. <em>C&rsquo;est une action de jeu banale o\u00f9 on joue le ballon tous les deux, il n&rsquo;y a rien d&rsquo;intentionnel. Ce qu&rsquo;il a subi sur les r\u00e9seaux est inacceptable et j&rsquo;en suis d\u00e9sol\u00e9.<\/em>&nbsp;\u00bb <\/p>\n\n\n\n<figure class=\"wp-block-embed is-type-rich is-provider-twitter wp-block-embed-twitter\"><div class=\"wp-block-embed__wrapper\">\n<blockquote class=\"twitter-tweet\" data-width=\"550\" data-dnt=\"true\"><p lang=\"fr\" dir=\"ltr\">Ensuite, je veux le dire ici comme je lui ai d\u00e9j\u00e0 dit en priv\u00e9 : je n&#39;en veux pas un instant \u00e0 Axel. C&#39;est une action de jeu banale o\u00f9 on joue le ballon tous les deux, il n&#39;y a rien d&#39;intentionnel. Ce qu&#39;il a subi sur les r\u00e9seaux est inacceptable et j&#39;en suis d\u00e9sol\u00e9.<\/p>&mdash; Amine Harit (@Amine_000) <a href=\"https:\/\/twitter.com\/Amine_000\/status\/1593316108907446277?ref_src=twsrc%5Etfw\">November 17, 2022<\/a><\/blockquote><script async src=\"https:\/\/platform.twitter.com\/widgets.js\" charset=\"utf-8\"><\/script>\n<\/div><\/figure>\n","protected":false},"excerpt":{"rendered":"<p>Amine Harit, le milieu offensif de l&rsquo;OM, s&rsquo;est exprim\u00e9 pour la premi\u00e8re fois depuis sa blessure subie au cours de la rencontre entre Monaco et Marseille. Victime d&rsquo;une entorse des ligaments crois\u00e9s du genou gauche, le joueur olympien va rater la Coupe du monde pour laquelle il avait \u00e9t\u00e9 convoqu\u00e9 avec le Maroc. Fair-play, il [&#8230;]\n","protected":false},"author":2,"featured_media":0,"comment_status":"open","ping_status":"open","sticky":false,"template":"","format":"standard","meta":[],"categories":[6],"tags":[299,86,178,94,245],"yoast_head":"<!-- This site is optimized with the Yoast SEO plugin v19.8 - https:\/\/yoast.com\/wordpress\/plugins\/seo\/ -->\n<title>Harit prend la d\u00e9fense de Disasi - La Diagonale<\/title>\n<meta name=\"robots\" content=\"index, follow, max-snippet:-1, max-image-preview:large, max-video-preview:-1\" \/>\n<link rel=\"canonical\" href=\"https:\/\/www.ladiagonale.net\/index.php\/2022\/11\/17\/harit-prend-la-defense-de-disasi\/\" \/>\n<meta property=\"og:locale\" content=\"fr_FR\" \/>\n<meta property=\"og:type\" content=\"article\" \/>\n<meta property=\"og:title\" content=\"Harit prend la d\u00e9fense de Disasi - La Diagonale\" \/>\n<meta property=\"og:description\" content=\"Amine Harit, le milieu offensif de l&rsquo;OM, s&rsquo;est exprim\u00e9 pour la premi\u00e8re fois depuis sa blessure subie au cours de la rencontre entre Monaco et Marseille. Victime d&rsquo;une entorse des ligaments crois\u00e9s du genou gauche, le joueur olympien va rater la Coupe du monde pour laquelle il avait \u00e9t\u00e9 convoqu\u00e9 avec le Maroc. Fair-play, il [...]\" \/>\n<meta property=\"og:url\" content=\"https:\/\/www.ladiagonale.net\/index.php\/2022\/11\/17\/harit-prend-la-defense-de-disasi\/\" \/>\n<meta property=\"og:site_name\" content=\"La Diagonale\" \/>\n<meta property=\"article:published_time\" content=\"2022-11-17T20:51:34+00:00\" \/>\n<meta property=\"article:modified_time\" content=\"2022-11-17T20:52:14+00:00\" \/>\n<meta property=\"og:image\" content=\"https:\/\/www.ladiagonale.net\/wp-content\/uploads\/2022\/11\/harit.png\" \/>\n\t<meta property=\"og:image:width\" content=\"1160\" \/>\n\t<meta property=\"og:image:height\" content=\"650\" \/>\n\t<meta property=\"og:image:type\" content=\"image\/png\" \/>\n<meta name=\"author\" content=\"Damien Dellerba\" \/>\n<meta name=\"twitter:card\" content=\"summary_large_image\" \/>\n<meta name=\"twitter:image\" content=\"https:\/\/www.ladiagonale.net\/wp-content\/uploads\/2022\/11\/harit.png\" \/>\n<meta name=\"twitter:label1\" content=\"\u00c9crit par\" \/>\n\t<meta name=\"twitter:data1\" content=\"Damien Dellerba\" \/>\n\t<meta name=\"twitter:label2\" content=\"Dur\u00e9e de lecture estim\u00e9e\" \/>\n\t<meta name=\"twitter:data2\" content=\"1 minute\" \/>\n<script type=\"application\/ld+json\" class=\"yoast-schema-graph\">{\"@context\":\"https:\/\/schema.org\",\"@graph\":[{\"@type\":\"WebPage\",\"@id\":\"https:\/\/www.ladiagonale.net\/index.php\/2022\/11\/17\/harit-prend-la-defense-de-disasi\/\",\"url\":\"https:\/\/www.ladiagonale.net\/index.php\/2022\/11\/17\/harit-prend-la-defense-de-disasi\/\",\"name\":\"Harit prend la d\u00e9fense de Disasi - La Diagonale\",\"isPartOf\":{\"@id\":\"https:\/\/www.ladiagonale.net\/#website\"},\"datePublished\":\"2022-11-17T20:51:34+00:00\",\"dateModified\":\"2022-11-17T20:52:14+00:00\",\"author\":{\"@id\":\"https:\/\/www.ladiagonale.net\/#\/schema\/person\/79ff1e7b0853ed01b2aa26e64ad300bf\"},\"breadcrumb\":{\"@id\":\"https:\/\/www.ladiagonale.net\/index.php\/2022\/11\/17\/harit-prend-la-defense-de-disasi\/#breadcrumb\"},\"inLanguage\":\"fr-FR\",\"potentialAction\":[{\"@type\":\"ReadAction\",\"target\":[\"https:\/\/www.ladiagonale.net\/index.php\/2022\/11\/17\/harit-prend-la-defense-de-disasi\/\"]}]},{\"@type\":\"BreadcrumbList\",\"@id\":\"https:\/\/www.ladiagonale.net\/index.php\/2022\/11\/17\/harit-prend-la-defense-de-disasi\/#breadcrumb\",\"itemListElement\":[{\"@type\":\"ListItem\",\"position\":1,\"name\":\"Accueil\",\"item\":\"https:\/\/www.ladiagonale.net\/\"},{\"@type\":\"ListItem\",\"position\":2,\"name\":\"Harit prend la d\u00e9fense de Disasi\"}]},{\"@type\":\"WebSite\",\"@id\":\"https:\/\/www.ladiagonale.net\/#website\",\"url\":\"https:\/\/www.ladiagonale.net\/\",\"name\":\"La Diagonale\",\"description\":\"Le site des supporters de l&#039;AS Monaco FC\",\"potentialAction\":[{\"@type\":\"SearchAction\",\"target\":{\"@type\":\"EntryPoint\",\"urlTemplate\":\"https:\/\/www.ladiagonale.net\/?s={search_term_string}\"},\"query-input\":\"required name=search_term_string\"}],\"inLanguage\":\"fr-FR\"},{\"@type\":\"Person\",\"@id\":\"https:\/\/www.ladiagonale.net\/#\/schema\/person\/79ff1e7b0853ed01b2aa26e64ad300bf\",\"name\":\"Damien Dellerba\",\"image\":{\"@type\":\"ImageObject\",\"inLanguage\":\"fr-FR\",\"@id\":\"https:\/\/www.ladiagonale.net\/#\/schema\/person\/image\/\",\"url\":\"https:\/\/secure.gravatar.com\/avatar\/c7850e06d3ff63cdbaee88b7fc16e2f0?s=96&d=mm&r=g\",\"contentUrl\":\"https:\/\/secure.gravatar.com\/avatar\/c7850e06d3ff63cdbaee88b7fc16e2f0?s=96&d=mm&r=g\",\"caption\":\"Damien Dellerba\"},\"url\":\"https:\/\/www.ladiagonale.net\/index.php\/author\/damien\/\"}]}<\/script>\n<!-- \/ Yoast SEO plugin. -->","yoast_head_json":{"title":"Harit prend la d\u00e9fense de Disasi - La Diagonale","robots":{"index":"index","follow":"follow","max-snippet":"max-snippet:-1","max-image-preview":"max-image-preview:large","max-video-preview":"max-video-preview:-1"},"canonical":"https:\/\/www.ladiagonale.net\/index.php\/2022\/11\/17\/harit-prend-la-defense-de-disasi\/","og_locale":"fr_FR","og_type":"article","og_title":"Harit prend la d\u00e9fense de Disasi - La Diagonale","og_description":"Amine Harit, le milieu offensif de l&rsquo;OM, s&rsquo;est exprim\u00e9 pour la premi\u00e8re fois depuis sa blessure subie au cours de la rencontre entre Monaco et Marseille. Victime d&rsquo;une entorse des ligaments crois\u00e9s du genou gauche, le joueur olympien va rater la Coupe du monde pour laquelle il avait \u00e9t\u00e9 convoqu\u00e9 avec le Maroc. Fair-play, il [...]","og_url":"https:\/\/www.ladiagonale.net\/index.php\/2022\/11\/17\/harit-prend-la-defense-de-disasi\/","og_site_name":"La Diagonale","article_published_time":"2022-11-17T20:51:34+00:00","article_modified_time":"2022-11-17T20:52:14+00:00","og_image":[{"width":1160,"height":650,"url":"https:\/\/www.ladiagonale.net\/wp-content\/uploads\/2022\/11\/harit.png","type":"image\/png"}],"author":"Damien Dellerba","twitter_card":"summary_large_image","twitter_image":"https:\/\/www.ladiagonale.net\/wp-content\/uploads\/2022\/11\/harit.png","twitter_misc":{"\u00c9crit par":"Damien Dellerba","Dur\u00e9e de lecture estim\u00e9e":"1 minute"},"schema":{"@context":"https:\/\/schema.org","@graph":[{"@type":"WebPage","@id":"https:\/\/www.ladiagonale.net\/index.php\/2022\/11\/17\/harit-prend-la-defense-de-disasi\/","url":"https:\/\/www.ladiagonale.net\/index.php\/2022\/11\/17\/harit-prend-la-defense-de-disasi\/","name":"Harit prend la d\u00e9fense de Disasi - La Diagonale","isPartOf":{"@id":"https:\/\/www.ladiagonale.net\/#website"},"datePublished":"2022-11-17T20:51:34+00:00","dateModified":"2022-11-17T20:52:14+00:00","author":{"@id":"https:\/\/www.ladiagonale.net\/#\/schema\/person\/79ff1e7b0853ed01b2aa26e64ad300bf"},"breadcrumb":{"@id":"https:\/\/www.ladiagonale.net\/index.php\/2022\/11\/17\/harit-prend-la-defense-de-disasi\/#breadcrumb"},"inLanguage":"fr-FR","potentialAction":[{"@type":"ReadAction","target":["https:\/\/www.ladiagonale.net\/index.php\/2022\/11\/17\/harit-prend-la-defense-de-disasi\/"]}]},{"@type":"BreadcrumbList","@id":"https:\/\/www.ladiagonale.net\/index.php\/2022\/11\/17\/harit-prend-la-defense-de-disasi\/#breadcrumb","itemListElement":[{"@type":"ListItem","position":1,"name":"Accueil","item":"https:\/\/www.ladiagonale.net\/"},{"@type":"ListItem","position":2,"name":"Harit prend la d\u00e9fense de Disasi"}]},{"@type":"WebSite","@id":"https:\/\/www.ladiagonale.net\/#website","url":"https:\/\/www.ladiagonale.net\/","name":"La Diagonale","description":"Le site des supporters de l&#039;AS Monaco FC","potentialAction":[{"@type":"SearchAction","target":{"@type":"EntryPoint","urlTemplate":"https:\/\/www.ladiagonale.net\/?s={search_term_string}"},"query-input":"required name=search_term_string"}],"inLanguage":"fr-FR"},{"@type":"Person","@id":"https:\/\/www.ladiagonale.net\/#\/schema\/person\/79ff1e7b0853ed01b2aa26e64ad300bf","name":"Damien Dellerba","image":{"@type":"ImageObject","inLanguage":"fr-FR","@id":"https:\/\/www.ladiagonale.net\/#\/schema\/person\/image\/","url":"https:\/\/secure.gravatar.com\/avatar\/c7850e06d3ff63cdbaee88b7fc16e2f0?s=96&d=mm&r=g","contentUrl":"https:\/\/secure.gravatar.com\/avatar\/c7850e06d3ff63cdbaee88b7fc16e2f0?s=96&d=mm&r=g","caption":"Damien Dellerba"},"url":"https:\/\/www.ladiagonale.net\/index.php\/author\/damien\/"}]}},"_links":{"self":[{"href":"https:\/\/www.ladiagonale.net\/index.php\/wp-json\/wp\/v2\/posts\/6969"}],"collection":[{"href":"https:\/\/www.ladiagonale.net\/index.php\/wp-json\/wp\/v2\/posts"}],"about":[{"href":"https:\/\/www.ladiagonale.net\/index.php\/wp-json\/wp\/v2\/types\/post"}],"author":[{"embeddable":true,"href":"https:\/\/www.ladiagonale.net\/index.php\/wp-json\/wp\/v2\/users\/2"}],"replies":[{"embeddable":true,"href":"https:\/\/www.ladiagonale.net\/index.php\/wp-json\/wp\/v2\/comments?post=6969"}],"version-history":[{"count":2,"href":"https:\/\/www.ladiagonale.net\/index.php\/wp-json\/wp\/v2\/posts\/6969\/revisions"}],"predecessor-version":[{"id":6971,"href":"https:\/\/www.ladiagonale.net\/index.php\/wp-json\/wp\/v2\/posts\/6969\/revisions\/6971"}],"wp:attachment":[{"href":"https:\/\/www.ladiagonale.net\/index.php\/wp-json\/wp\/v2\/media?parent=6969"}],"wp:term":[{"taxonomy":"category","embeddable":true,"href":"https:\/\/www.ladiagonale.net\/index.php\/wp-json\/wp\/v2\/categories?post=6969"},{"taxonomy":"post_tag","embeddable":true,"href":"https:\/\/www.ladiagonale.net\/index.php\/wp-json\/wp\/v2\/tags?post=6969"}],"curies":[{"name":"wp","href":"https:\/\/api.w.org\/{rel}","templated":true}]}}