{"id":7083,"date":"2022-11-21T20:04:05","date_gmt":"2022-11-21T19:04:05","guid":{"rendered":"https:\/\/www.ladiagonale.net\/?p=7083"},"modified":"2022-11-21T20:13:59","modified_gmt":"2022-11-21T19:13:59","slug":"monaco-recevra-rodez-en-32es-de-la-coupe","status":"publish","type":"post","link":"https:\/\/www.ladiagonale.net\/index.php\/2022\/11\/21\/monaco-recevra-rodez-en-32es-de-la-coupe\/","title":{"rendered":"Monaco recevra Rodez en 32es de la Coupe"},"content":{"rendered":"\n\n\n<p>Le tirage au sort des 32es de finale de la Coupe de France a offert \u00e0 l&rsquo;AS Monaco une rencontre face \u00e0 un pensionnaire de Ligue 2 : Rodez. Pour leur entr\u00e9e en lice, les Mon\u00e9gasques joueront \u00e0 domicile face \u00e0 l&rsquo;actuel 18e de la Deuxi\u00e8me Division (15 points en 15 journ\u00e9es), le week-end des 7 et 8 janvier.<\/p>\n\n\n\n<p>Au tour pr\u00e9c\u00e9dent, Rodez s&rsquo;est qualifi\u00e9 \u00e0 l&rsquo;ext\u00e9rieur, face \u00e0 Roche Saint-Genest, club de R\u00e9gional 2 (1-0). En Championnat, les Ruth\u00e9nois restent sur un succ\u00e8s sur la pelouse de Saint-\u00c9tienne (2-0) apr\u00e8s six journ\u00e9es sans succ\u00e8s.<\/p>\n\n\n\n<p>Monaco a \u00e9vit\u00e9 quatre adversaires de Ligue 1, \u00e0 savoir Marseille, Nice, Montpellier et l&rsquo;AC Ajaccio. Dans son groupe du tirage au sort, figuraient aussi Grenoble (L2), Pau (L2), N\u00eemes (L2), Le Puy (N), Aubagne (N2), Hy\u00e8res (N2), Grasse (N2), Chamb\u00e9ry (N3), Limonest (N3) ou Jura Sud (N2), et la Tamponnaise (R\u00e9union).<\/p>\n","protected":false},"excerpt":{"rendered":"<p>Le tirage au sort des 32es de finale de la Coupe de France a offert \u00e0 l&rsquo;AS Monaco une rencontre face \u00e0 un pensionnaire de Ligue 2 : Rodez. Pour leur entr\u00e9e en lice, les Mon\u00e9gasques joueront \u00e0 domicile face \u00e0 l&rsquo;actuel 18e de la Deuxi\u00e8me Division (15 points en 15 journ\u00e9es), le week-end des [&#8230;]\n","protected":false},"author":2,"featured_media":0,"comment_status":"open","ping_status":"open","sticky":false,"template":"","format":"standard","meta":[],"categories":[4,6],"tags":[86,232],"yoast_head":"<!-- This site is optimized with the Yoast SEO plugin v19.8 - https:\/\/yoast.com\/wordpress\/plugins\/seo\/ -->\n<title>Monaco recevra Rodez en 32es de la Coupe - La Diagonale<\/title>\n<meta name=\"robots\" content=\"index, follow, max-snippet:-1, max-image-preview:large, max-video-preview:-1\" \/>\n<link rel=\"canonical\" href=\"https:\/\/www.ladiagonale.net\/index.php\/2022\/11\/21\/monaco-recevra-rodez-en-32es-de-la-coupe\/\" \/>\n<meta property=\"og:locale\" content=\"fr_FR\" \/>\n<meta property=\"og:type\" content=\"article\" \/>\n<meta property=\"og:title\" content=\"Monaco recevra Rodez en 32es de la Coupe - La Diagonale\" \/>\n<meta property=\"og:description\" content=\"Le tirage au sort des 32es de finale de la Coupe de France a offert \u00e0 l&rsquo;AS Monaco une rencontre face \u00e0 un pensionnaire de Ligue 2 : Rodez. Pour leur entr\u00e9e en lice, les Mon\u00e9gasques joueront \u00e0 domicile face \u00e0 l&rsquo;actuel 18e de la Deuxi\u00e8me Division (15 points en 15 journ\u00e9es), le week-end des [...]\" \/>\n<meta property=\"og:url\" content=\"https:\/\/www.ladiagonale.net\/index.php\/2022\/11\/21\/monaco-recevra-rodez-en-32es-de-la-coupe\/\" \/>\n<meta property=\"og:site_name\" content=\"La Diagonale\" \/>\n<meta property=\"article:published_time\" content=\"2022-11-21T19:04:05+00:00\" \/>\n<meta property=\"article:modified_time\" content=\"2022-11-21T19:13:59+00:00\" \/>\n<meta name=\"author\" content=\"Damien Dellerba\" \/>\n<meta name=\"twitter:card\" content=\"summary_large_image\" \/>\n<meta name=\"twitter:label1\" content=\"\u00c9crit par\" \/>\n\t<meta name=\"twitter:data1\" content=\"Damien Dellerba\" \/>\n\t<meta name=\"twitter:label2\" content=\"Dur\u00e9e de lecture estim\u00e9e\" \/>\n\t<meta name=\"twitter:data2\" content=\"1 minute\" \/>\n<script type=\"application\/ld+json\" class=\"yoast-schema-graph\">{\"@context\":\"https:\/\/schema.org\",\"@graph\":[{\"@type\":\"WebPage\",\"@id\":\"https:\/\/www.ladiagonale.net\/index.php\/2022\/11\/21\/monaco-recevra-rodez-en-32es-de-la-coupe\/\",\"url\":\"https:\/\/www.ladiagonale.net\/index.php\/2022\/11\/21\/monaco-recevra-rodez-en-32es-de-la-coupe\/\",\"name\":\"Monaco recevra Rodez en 32es de la Coupe - La Diagonale\",\"isPartOf\":{\"@id\":\"https:\/\/www.ladiagonale.net\/#website\"},\"datePublished\":\"2022-11-21T19:04:05+00:00\",\"dateModified\":\"2022-11-21T19:13:59+00:00\",\"author\":{\"@id\":\"https:\/\/www.ladiagonale.net\/#\/schema\/person\/79ff1e7b0853ed01b2aa26e64ad300bf\"},\"breadcrumb\":{\"@id\":\"https:\/\/www.ladiagonale.net\/index.php\/2022\/11\/21\/monaco-recevra-rodez-en-32es-de-la-coupe\/#breadcrumb\"},\"inLanguage\":\"fr-FR\",\"potentialAction\":[{\"@type\":\"ReadAction\",\"target\":[\"https:\/\/www.ladiagonale.net\/index.php\/2022\/11\/21\/monaco-recevra-rodez-en-32es-de-la-coupe\/\"]}]},{\"@type\":\"BreadcrumbList\",\"@id\":\"https:\/\/www.ladiagonale.net\/index.php\/2022\/11\/21\/monaco-recevra-rodez-en-32es-de-la-coupe\/#breadcrumb\",\"itemListElement\":[{\"@type\":\"ListItem\",\"position\":1,\"name\":\"Accueil\",\"item\":\"https:\/\/www.ladiagonale.net\/\"},{\"@type\":\"ListItem\",\"position\":2,\"name\":\"Monaco recevra Rodez en 32es de la Coupe\"}]},{\"@type\":\"WebSite\",\"@id\":\"https:\/\/www.ladiagonale.net\/#website\",\"url\":\"https:\/\/www.ladiagonale.net\/\",\"name\":\"La Diagonale\",\"description\":\"Le site des supporters de l&#039;AS Monaco FC\",\"potentialAction\":[{\"@type\":\"SearchAction\",\"target\":{\"@type\":\"EntryPoint\",\"urlTemplate\":\"https:\/\/www.ladiagonale.net\/?s={search_term_string}\"},\"query-input\":\"required name=search_term_string\"}],\"inLanguage\":\"fr-FR\"},{\"@type\":\"Person\",\"@id\":\"https:\/\/www.ladiagonale.net\/#\/schema\/person\/79ff1e7b0853ed01b2aa26e64ad300bf\",\"name\":\"Damien Dellerba\",\"image\":{\"@type\":\"ImageObject\",\"inLanguage\":\"fr-FR\",\"@id\":\"https:\/\/www.ladiagonale.net\/#\/schema\/person\/image\/\",\"url\":\"https:\/\/secure.gravatar.com\/avatar\/c7850e06d3ff63cdbaee88b7fc16e2f0?s=96&d=mm&r=g\",\"contentUrl\":\"https:\/\/secure.gravatar.com\/avatar\/c7850e06d3ff63cdbaee88b7fc16e2f0?s=96&d=mm&r=g\",\"caption\":\"Damien Dellerba\"},\"url\":\"https:\/\/www.ladiagonale.net\/index.php\/author\/damien\/\"}]}<\/script>\n<!-- \/ Yoast SEO plugin. -->","yoast_head_json":{"title":"Monaco recevra Rodez en 32es de la Coupe - La Diagonale","robots":{"index":"index","follow":"follow","max-snippet":"max-snippet:-1","max-image-preview":"max-image-preview:large","max-video-preview":"max-video-preview:-1"},"canonical":"https:\/\/www.ladiagonale.net\/index.php\/2022\/11\/21\/monaco-recevra-rodez-en-32es-de-la-coupe\/","og_locale":"fr_FR","og_type":"article","og_title":"Monaco recevra Rodez en 32es de la Coupe - La Diagonale","og_description":"Le tirage au sort des 32es de finale de la Coupe de France a offert \u00e0 l&rsquo;AS Monaco une rencontre face \u00e0 un pensionnaire de Ligue 2 : Rodez. Pour leur entr\u00e9e en lice, les Mon\u00e9gasques joueront \u00e0 domicile face \u00e0 l&rsquo;actuel 18e de la Deuxi\u00e8me Division (15 points en 15 journ\u00e9es), le week-end des [...]","og_url":"https:\/\/www.ladiagonale.net\/index.php\/2022\/11\/21\/monaco-recevra-rodez-en-32es-de-la-coupe\/","og_site_name":"La Diagonale","article_published_time":"2022-11-21T19:04:05+00:00","article_modified_time":"2022-11-21T19:13:59+00:00","author":"Damien Dellerba","twitter_card":"summary_large_image","twitter_misc":{"\u00c9crit par":"Damien Dellerba","Dur\u00e9e de lecture estim\u00e9e":"1 minute"},"schema":{"@context":"https:\/\/schema.org","@graph":[{"@type":"WebPage","@id":"https:\/\/www.ladiagonale.net\/index.php\/2022\/11\/21\/monaco-recevra-rodez-en-32es-de-la-coupe\/","url":"https:\/\/www.ladiagonale.net\/index.php\/2022\/11\/21\/monaco-recevra-rodez-en-32es-de-la-coupe\/","name":"Monaco recevra Rodez en 32es de la Coupe - La Diagonale","isPartOf":{"@id":"https:\/\/www.ladiagonale.net\/#website"},"datePublished":"2022-11-21T19:04:05+00:00","dateModified":"2022-11-21T19:13:59+00:00","author":{"@id":"https:\/\/www.ladiagonale.net\/#\/schema\/person\/79ff1e7b0853ed01b2aa26e64ad300bf"},"breadcrumb":{"@id":"https:\/\/www.ladiagonale.net\/index.php\/2022\/11\/21\/monaco-recevra-rodez-en-32es-de-la-coupe\/#breadcrumb"},"inLanguage":"fr-FR","potentialAction":[{"@type":"ReadAction","target":["https:\/\/www.ladiagonale.net\/index.php\/2022\/11\/21\/monaco-recevra-rodez-en-32es-de-la-coupe\/"]}]},{"@type":"BreadcrumbList","@id":"https:\/\/www.ladiagonale.net\/index.php\/2022\/11\/21\/monaco-recevra-rodez-en-32es-de-la-coupe\/#breadcrumb","itemListElement":[{"@type":"ListItem","position":1,"name":"Accueil","item":"https:\/\/www.ladiagonale.net\/"},{"@type":"ListItem","position":2,"name":"Monaco recevra Rodez en 32es de la Coupe"}]},{"@type":"WebSite","@id":"https:\/\/www.ladiagonale.net\/#website","url":"https:\/\/www.ladiagonale.net\/","name":"La Diagonale","description":"Le site des supporters de l&#039;AS Monaco FC","potentialAction":[{"@type":"SearchAction","target":{"@type":"EntryPoint","urlTemplate":"https:\/\/www.ladiagonale.net\/?s={search_term_string}"},"query-input":"required name=search_term_string"}],"inLanguage":"fr-FR"},{"@type":"Person","@id":"https:\/\/www.ladiagonale.net\/#\/schema\/person\/79ff1e7b0853ed01b2aa26e64ad300bf","name":"Damien Dellerba","image":{"@type":"ImageObject","inLanguage":"fr-FR","@id":"https:\/\/www.ladiagonale.net\/#\/schema\/person\/image\/","url":"https:\/\/secure.gravatar.com\/avatar\/c7850e06d3ff63cdbaee88b7fc16e2f0?s=96&d=mm&r=g","contentUrl":"https:\/\/secure.gravatar.com\/avatar\/c7850e06d3ff63cdbaee88b7fc16e2f0?s=96&d=mm&r=g","caption":"Damien Dellerba"},"url":"https:\/\/www.ladiagonale.net\/index.php\/author\/damien\/"}]}},"_links":{"self":[{"href":"https:\/\/www.ladiagonale.net\/index.php\/wp-json\/wp\/v2\/posts\/7083"}],"collection":[{"href":"https:\/\/www.ladiagonale.net\/index.php\/wp-json\/wp\/v2\/posts"}],"about":[{"href":"https:\/\/www.ladiagonale.net\/index.php\/wp-json\/wp\/v2\/types\/post"}],"author":[{"embeddable":true,"href":"https:\/\/www.ladiagonale.net\/index.php\/wp-json\/wp\/v2\/users\/2"}],"replies":[{"embeddable":true,"href":"https:\/\/www.ladiagonale.net\/index.php\/wp-json\/wp\/v2\/comments?post=7083"}],"version-history":[{"count":2,"href":"https:\/\/www.ladiagonale.net\/index.php\/wp-json\/wp\/v2\/posts\/7083\/revisions"}],"predecessor-version":[{"id":7086,"href":"https:\/\/www.ladiagonale.net\/index.php\/wp-json\/wp\/v2\/posts\/7083\/revisions\/7086"}],"wp:attachment":[{"href":"https:\/\/www.ladiagonale.net\/index.php\/wp-json\/wp\/v2\/media?parent=7083"}],"wp:term":[{"taxonomy":"category","embeddable":true,"href":"https:\/\/www.ladiagonale.net\/index.php\/wp-json\/wp\/v2\/categories?post=7083"},{"taxonomy":"post_tag","embeddable":true,"href":"https:\/\/www.ladiagonale.net\/index.php\/wp-json\/wp\/v2\/tags?post=7083"}],"curies":[{"name":"wp","href":"https:\/\/api.w.org\/{rel}","templated":true}]}}