{"id":7127,"date":"2022-11-24T08:00:00","date_gmt":"2022-11-24T07:00:00","guid":{"rendered":"https:\/\/www.ladiagonale.net\/?p=7127"},"modified":"2022-11-24T02:42:15","modified_gmt":"2022-11-24T01:42:15","slug":"embolo-je-nai-pas-encore-atteint-le-sommet-de-mes-capacites","status":"publish","type":"post","link":"https:\/\/www.ladiagonale.net\/index.php\/2022\/11\/24\/embolo-je-nai-pas-encore-atteint-le-sommet-de-mes-capacites\/","title":{"rendered":"Embolo : \u00ab\u00a0Je n\u2019ai pas encore atteint le sommet de mes capacit\u00e9s\u00a0\u00bb"},"content":{"rendered":"\n\n\n<p>Dans une interview accord\u00e9 au site <a href=\"https:\/\/www.getfootballnewsfrance.com\/2022\/interview-breel-embolo-i-havent-yet-reached-the-peak-of-my-abilities\/\"><em>getfootballnewsfrance.com<\/em><\/a>, l\u2019attaquant de l\u2019AS Monaco, Breel Embolo, a longuement \u00e9voqu\u00e9 son rapport \u00e0 la s\u00e9lection suisse et \u00e0 son pays natal, le Cameroun. Ironie du sort, c\u2019est face aux Lions indomptables qu\u2019il fera son entr\u00e9e dans la comp\u00e9tition, ce jeudi, pour ce qui sera sa deuxi\u00e8me participation en Coupe du monde apr\u00e8s celle de 2018. Les Suisses retrouveront d\u2019ailleurs le Br\u00e9sil et la Serbie, deux \u00e9quipes qu\u2019ils avaient d\u00e9j\u00e0 affront\u00e9 il y a quatre ans en Russie : \u00ab\u00a0<em>Jouer contre le Br\u00e9sil est un r\u00eave, mais quand on se retrouve dans presque le m\u00eame groupe qu&rsquo;il y a quatre ans, c&rsquo;est un peu \u00e9trange<\/em>\u00a0\u00bb, a confi\u00e9 Embolo.<\/p>\n\n\n\n<p>Mais lorsque c\u2019est le Cameroun qui a \u00e9t\u00e9 tir\u00e9, cela a procur\u00e9 un sentiment de joie \u00e0 l\u2019attaquant de l\u2019AS Monaco : \u00ab\u00a0<em>C&rsquo;est un match sp\u00e9cial pour moi et ma famille, et je sais qu&rsquo;il y aura beaucoup d&rsquo;\u00e9motions. C&rsquo;\u00e9tait un moment d&rsquo;\u00e9motion lorsque le tirage au sort a \u00e9t\u00e9 effectu\u00e9. Je dois avouer que je n&rsquo;ai pas vraiment saut\u00e9 de joie, mais j&rsquo;\u00e9tais heureux.<\/em>\u00a0\u00bb Embolo reconna\u00eet que le choix de jouer pour la Nati plut\u00f4t que pour le Cameroun n\u2019a pas \u00e9t\u00e9 facile : \u00ab\u00a0<em>J&rsquo;avais 17 ans. C&rsquo;\u00e9tait une p\u00e9riode difficile. J&rsquo;ai repouss\u00e9 ma d\u00e9cision de quelques mois. Je me souviens que j&rsquo;ai m\u00eame eu la possibilit\u00e9 de rejoindre l&rsquo;\u00e9quipe du Cameroun. Ce n&rsquo;\u00e9tait pas un choix facile, mais ma famille l&rsquo;a respect\u00e9, et c&rsquo;est le plus important.<\/em>\u00a0\u00bb<\/p>\n\n\n\n<p>L\u2019attaquant suisse a avou\u00e9 que son coeur balan\u00e7ait entre ses deux pays : \u00ab\u00a0<em>Lorsque j&rsquo;ai choisi de jouer pour la Suisse, il y avait toujours une partie de moi qui voulait repr\u00e9senter mon pays de naissance. Mais vous ne pouvez pas faire ce que vous faites en club et jouer pour deux pays diff\u00e9rents. Je suis tr\u00e8s heureux de mon choix, et je suis le plus grand fan du Cameroun. J&rsquo;ai beaucoup d&rsquo;amis dans l&rsquo;\u00e9quipe nationale. Nous nous retrouvons parfois en vacances ou au Cameroun.<\/em>\u00a0\u00bb\u00a0Embolo assure rester \u00ab\u00a0<em>tr\u00e8s proche du pays<\/em>\u00a0\u00bb et \u00ab <em>y retourner une ou deux fois par an pour garder ce lien avec le Cameroun.<\/em>\u00a0\u00bb<\/p>\n\n\n\n<h4 class=\"has-vivid-red-color has-text-color\" style=\"text-transform:uppercase\">La Suisse a de grandes ambitions<\/h4>\n\n\n\n<p>Tombeur de la France\u00a0\u00e0 l\u2019Euro 2020, les Suisses se voient bien jouer le r\u00f4le d\u2019outsider dans cette comp\u00e9tition : \u00ab\u00a0<em>Nous n&rsquo;avons pas de limites. Nous avons beaucoup appris ces derni\u00e8res ann\u00e9es, pas seulement lors de la Coupe du monde, mais aussi lors des Euros et de la Ligue des Nations. Nous avons un groupe jeune et soud\u00e9, mais aussi beaucoup d&rsquo;exp\u00e9rience et de qualit\u00e9. Nous allons essayer de passer au niveau sup\u00e9rieur. Nous sommes tous ambitieux. Je ne parle pas seulement de moi, mais de tout le monde. Trois ou quatre jeunes joueurs vont jouer leur premi\u00e8re Coupe du monde, mais beaucoup d&rsquo;entre nous se connaissent depuis 2018 et c&rsquo;est important pour l&rsquo;\u00e9quipe de pouvoir aborder le tournoi en toute s\u00e9r\u00e9nit\u00e9.<\/em>\u00a0\u00bb<\/p>\n\n\n\n<p>Sur un plan personnel, Embolo a retrouv\u00e9 \u00e0 la t\u00eate de la s\u00e9lection l\u2019entra\u00eeneur qui l\u2019avait lanc\u00e9 \u00e0 B\u00e2le, \u00e0 savoir Murat Yakin : \u00ab<em>\u00a0C&rsquo;est le premier entra\u00eeneur \u00e0 m&rsquo;avoir donn\u00e9 ma chance. J&rsquo;ai toujours gard\u00e9 ce lien avec lui. Il a toujours attendu beaucoup de moi. C&rsquo;est un peu un mentor, nous sommes toujours rest\u00e9s en contact. C&rsquo;est quelqu&rsquo;un qui m&rsquo;est cher.<\/em>\u00a0\u00bb Un entra\u00eeneur qui l\u2019avait m\u00eame fait \u00e9voluer au milieu de terrain quand le Suisse se cherchait encore : \u00ab\u00a0<em>Il y a toujours cette discussion mais comme je l&rsquo;ai toujours dit, il conna\u00eet toutes mes forces et toutes mes faiblesses. Il suit mes performances ici \u00e0 Monaco.<\/em>\u00a0\u00bb<\/p>\n\n\n\n<p>Et \u00e0 l\u2019heure actuelle, l\u2019ancien joueur du Borussia M\u00f6nchengladbach a bien r\u00e9ussi ses d\u00e9buts avec le club de la Principaut\u00e9 : \u00ab\u00a0<em>De mon c\u00f4t\u00e9, j&rsquo;essaie de grandir et d&rsquo;apprendre davantage, de donner le meilleur de moi-m\u00eame, mais bien s\u00fbr, ce n&rsquo;est pas toujours facile. Quand je suis venu \u00e0 Monaco, j&rsquo;ai toujours dit que je ne venais pas pour prendre des vacances. Je suis venu ici pour progresser. J&rsquo;apprends beaucoup en m&rsquo;entra\u00eenant avec Wissam Ben Yedder, Aleksandr Golovin, Kevin Volland et Myron Boadu. Je n&rsquo;ai pas encore atteint le sommet de mes capacit\u00e9s.<\/em>\u00a0\u00bb<\/p>\n","protected":false},"excerpt":{"rendered":"<p>Dans une interview accord\u00e9 au site getfootballnewsfrance.com, l\u2019attaquant de l\u2019AS Monaco, Breel Embolo, a longuement \u00e9voqu\u00e9 son rapport \u00e0 la s\u00e9lection suisse et \u00e0 son pays natal, le Cameroun. Ironie du sort, c\u2019est face aux Lions indomptables qu\u2019il fera son entr\u00e9e dans la comp\u00e9tition, ce jeudi, pour ce qui sera sa deuxi\u00e8me participation en Coupe [&#8230;]\n","protected":false},"author":2,"featured_media":0,"comment_status":"open","ping_status":"open","sticky":false,"template":"","format":"standard","meta":[],"categories":[6],"tags":[86,161,173,116,117],"yoast_head":"<!-- This site is optimized with the Yoast SEO plugin v19.8 - https:\/\/yoast.com\/wordpress\/plugins\/seo\/ -->\n<title>Embolo : \u00ab\u00a0Je n\u2019ai pas encore atteint le sommet de mes capacit\u00e9s\u00a0\u00bb - La Diagonale<\/title>\n<meta name=\"robots\" content=\"index, follow, max-snippet:-1, max-image-preview:large, max-video-preview:-1\" \/>\n<link rel=\"canonical\" href=\"https:\/\/www.ladiagonale.net\/index.php\/2022\/11\/24\/embolo-je-nai-pas-encore-atteint-le-sommet-de-mes-capacites\/\" \/>\n<meta property=\"og:locale\" content=\"fr_FR\" \/>\n<meta property=\"og:type\" content=\"article\" \/>\n<meta property=\"og:title\" content=\"Embolo : \u00ab\u00a0Je n\u2019ai pas encore atteint le sommet de mes capacit\u00e9s\u00a0\u00bb - La Diagonale\" \/>\n<meta property=\"og:description\" content=\"Dans une interview accord\u00e9 au site getfootballnewsfrance.com, l\u2019attaquant de l\u2019AS Monaco, Breel Embolo, a longuement \u00e9voqu\u00e9 son rapport \u00e0 la s\u00e9lection suisse et \u00e0 son pays natal, le Cameroun. Ironie du sort, c\u2019est face aux Lions indomptables qu\u2019il fera son entr\u00e9e dans la comp\u00e9tition, ce jeudi, pour ce qui sera sa deuxi\u00e8me participation en Coupe [...]\" \/>\n<meta property=\"og:url\" content=\"https:\/\/www.ladiagonale.net\/index.php\/2022\/11\/24\/embolo-je-nai-pas-encore-atteint-le-sommet-de-mes-capacites\/\" \/>\n<meta property=\"og:site_name\" content=\"La Diagonale\" \/>\n<meta property=\"article:published_time\" content=\"2022-11-24T07:00:00+00:00\" \/>\n<meta property=\"article:modified_time\" content=\"2022-11-24T01:42:15+00:00\" \/>\n<meta property=\"og:image\" content=\"https:\/\/www.ladiagonale.net\/wp-content\/uploads\/2022\/11\/embolo-suisse.png\" \/>\n\t<meta property=\"og:image:width\" content=\"1160\" \/>\n\t<meta property=\"og:image:height\" content=\"650\" \/>\n\t<meta property=\"og:image:type\" content=\"image\/png\" \/>\n<meta name=\"author\" content=\"Damien Dellerba\" \/>\n<meta name=\"twitter:card\" content=\"summary_large_image\" \/>\n<meta name=\"twitter:image\" content=\"https:\/\/www.ladiagonale.net\/wp-content\/uploads\/2022\/11\/embolo-suisse.png\" \/>\n<meta name=\"twitter:label1\" content=\"\u00c9crit par\" \/>\n\t<meta name=\"twitter:data1\" content=\"Damien Dellerba\" \/>\n\t<meta name=\"twitter:label2\" content=\"Dur\u00e9e de lecture estim\u00e9e\" \/>\n\t<meta name=\"twitter:data2\" content=\"4 minutes\" \/>\n<script type=\"application\/ld+json\" class=\"yoast-schema-graph\">{\"@context\":\"https:\/\/schema.org\",\"@graph\":[{\"@type\":\"WebPage\",\"@id\":\"https:\/\/www.ladiagonale.net\/index.php\/2022\/11\/24\/embolo-je-nai-pas-encore-atteint-le-sommet-de-mes-capacites\/\",\"url\":\"https:\/\/www.ladiagonale.net\/index.php\/2022\/11\/24\/embolo-je-nai-pas-encore-atteint-le-sommet-de-mes-capacites\/\",\"name\":\"Embolo : \u00ab\u00a0Je n\u2019ai pas encore atteint le sommet de mes capacit\u00e9s\u00a0\u00bb - La Diagonale\",\"isPartOf\":{\"@id\":\"https:\/\/www.ladiagonale.net\/#website\"},\"datePublished\":\"2022-11-24T07:00:00+00:00\",\"dateModified\":\"2022-11-24T01:42:15+00:00\",\"author\":{\"@id\":\"https:\/\/www.ladiagonale.net\/#\/schema\/person\/79ff1e7b0853ed01b2aa26e64ad300bf\"},\"breadcrumb\":{\"@id\":\"https:\/\/www.ladiagonale.net\/index.php\/2022\/11\/24\/embolo-je-nai-pas-encore-atteint-le-sommet-de-mes-capacites\/#breadcrumb\"},\"inLanguage\":\"fr-FR\",\"potentialAction\":[{\"@type\":\"ReadAction\",\"target\":[\"https:\/\/www.ladiagonale.net\/index.php\/2022\/11\/24\/embolo-je-nai-pas-encore-atteint-le-sommet-de-mes-capacites\/\"]}]},{\"@type\":\"BreadcrumbList\",\"@id\":\"https:\/\/www.ladiagonale.net\/index.php\/2022\/11\/24\/embolo-je-nai-pas-encore-atteint-le-sommet-de-mes-capacites\/#breadcrumb\",\"itemListElement\":[{\"@type\":\"ListItem\",\"position\":1,\"name\":\"Accueil\",\"item\":\"https:\/\/www.ladiagonale.net\/\"},{\"@type\":\"ListItem\",\"position\":2,\"name\":\"Embolo : \u00ab\u00a0Je n\u2019ai pas encore atteint le sommet de mes capacit\u00e9s\u00a0\u00bb\"}]},{\"@type\":\"WebSite\",\"@id\":\"https:\/\/www.ladiagonale.net\/#website\",\"url\":\"https:\/\/www.ladiagonale.net\/\",\"name\":\"La Diagonale\",\"description\":\"Le site des supporters de l&#039;AS Monaco FC\",\"potentialAction\":[{\"@type\":\"SearchAction\",\"target\":{\"@type\":\"EntryPoint\",\"urlTemplate\":\"https:\/\/www.ladiagonale.net\/?s={search_term_string}\"},\"query-input\":\"required name=search_term_string\"}],\"inLanguage\":\"fr-FR\"},{\"@type\":\"Person\",\"@id\":\"https:\/\/www.ladiagonale.net\/#\/schema\/person\/79ff1e7b0853ed01b2aa26e64ad300bf\",\"name\":\"Damien Dellerba\",\"image\":{\"@type\":\"ImageObject\",\"inLanguage\":\"fr-FR\",\"@id\":\"https:\/\/www.ladiagonale.net\/#\/schema\/person\/image\/\",\"url\":\"https:\/\/secure.gravatar.com\/avatar\/c7850e06d3ff63cdbaee88b7fc16e2f0?s=96&d=mm&r=g\",\"contentUrl\":\"https:\/\/secure.gravatar.com\/avatar\/c7850e06d3ff63cdbaee88b7fc16e2f0?s=96&d=mm&r=g\",\"caption\":\"Damien Dellerba\"},\"url\":\"https:\/\/www.ladiagonale.net\/index.php\/author\/damien\/\"}]}<\/script>\n<!-- \/ Yoast SEO plugin. -->","yoast_head_json":{"title":"Embolo : \u00ab\u00a0Je n\u2019ai pas encore atteint le sommet de mes capacit\u00e9s\u00a0\u00bb - La Diagonale","robots":{"index":"index","follow":"follow","max-snippet":"max-snippet:-1","max-image-preview":"max-image-preview:large","max-video-preview":"max-video-preview:-1"},"canonical":"https:\/\/www.ladiagonale.net\/index.php\/2022\/11\/24\/embolo-je-nai-pas-encore-atteint-le-sommet-de-mes-capacites\/","og_locale":"fr_FR","og_type":"article","og_title":"Embolo : \u00ab\u00a0Je n\u2019ai pas encore atteint le sommet de mes capacit\u00e9s\u00a0\u00bb - La Diagonale","og_description":"Dans une interview accord\u00e9 au site getfootballnewsfrance.com, l\u2019attaquant de l\u2019AS Monaco, Breel Embolo, a longuement \u00e9voqu\u00e9 son rapport \u00e0 la s\u00e9lection suisse et \u00e0 son pays natal, le Cameroun. Ironie du sort, c\u2019est face aux Lions indomptables qu\u2019il fera son entr\u00e9e dans la comp\u00e9tition, ce jeudi, pour ce qui sera sa deuxi\u00e8me participation en Coupe [...]","og_url":"https:\/\/www.ladiagonale.net\/index.php\/2022\/11\/24\/embolo-je-nai-pas-encore-atteint-le-sommet-de-mes-capacites\/","og_site_name":"La Diagonale","article_published_time":"2022-11-24T07:00:00+00:00","article_modified_time":"2022-11-24T01:42:15+00:00","og_image":[{"width":1160,"height":650,"url":"https:\/\/www.ladiagonale.net\/wp-content\/uploads\/2022\/11\/embolo-suisse.png","type":"image\/png"}],"author":"Damien Dellerba","twitter_card":"summary_large_image","twitter_image":"https:\/\/www.ladiagonale.net\/wp-content\/uploads\/2022\/11\/embolo-suisse.png","twitter_misc":{"\u00c9crit par":"Damien Dellerba","Dur\u00e9e de lecture estim\u00e9e":"4 minutes"},"schema":{"@context":"https:\/\/schema.org","@graph":[{"@type":"WebPage","@id":"https:\/\/www.ladiagonale.net\/index.php\/2022\/11\/24\/embolo-je-nai-pas-encore-atteint-le-sommet-de-mes-capacites\/","url":"https:\/\/www.ladiagonale.net\/index.php\/2022\/11\/24\/embolo-je-nai-pas-encore-atteint-le-sommet-de-mes-capacites\/","name":"Embolo : \u00ab\u00a0Je n\u2019ai pas encore atteint le sommet de mes capacit\u00e9s\u00a0\u00bb - La Diagonale","isPartOf":{"@id":"https:\/\/www.ladiagonale.net\/#website"},"datePublished":"2022-11-24T07:00:00+00:00","dateModified":"2022-11-24T01:42:15+00:00","author":{"@id":"https:\/\/www.ladiagonale.net\/#\/schema\/person\/79ff1e7b0853ed01b2aa26e64ad300bf"},"breadcrumb":{"@id":"https:\/\/www.ladiagonale.net\/index.php\/2022\/11\/24\/embolo-je-nai-pas-encore-atteint-le-sommet-de-mes-capacites\/#breadcrumb"},"inLanguage":"fr-FR","potentialAction":[{"@type":"ReadAction","target":["https:\/\/www.ladiagonale.net\/index.php\/2022\/11\/24\/embolo-je-nai-pas-encore-atteint-le-sommet-de-mes-capacites\/"]}]},{"@type":"BreadcrumbList","@id":"https:\/\/www.ladiagonale.net\/index.php\/2022\/11\/24\/embolo-je-nai-pas-encore-atteint-le-sommet-de-mes-capacites\/#breadcrumb","itemListElement":[{"@type":"ListItem","position":1,"name":"Accueil","item":"https:\/\/www.ladiagonale.net\/"},{"@type":"ListItem","position":2,"name":"Embolo : \u00ab\u00a0Je n\u2019ai pas encore atteint le sommet de mes capacit\u00e9s\u00a0\u00bb"}]},{"@type":"WebSite","@id":"https:\/\/www.ladiagonale.net\/#website","url":"https:\/\/www.ladiagonale.net\/","name":"La Diagonale","description":"Le site des supporters de l&#039;AS Monaco FC","potentialAction":[{"@type":"SearchAction","target":{"@type":"EntryPoint","urlTemplate":"https:\/\/www.ladiagonale.net\/?s={search_term_string}"},"query-input":"required name=search_term_string"}],"inLanguage":"fr-FR"},{"@type":"Person","@id":"https:\/\/www.ladiagonale.net\/#\/schema\/person\/79ff1e7b0853ed01b2aa26e64ad300bf","name":"Damien Dellerba","image":{"@type":"ImageObject","inLanguage":"fr-FR","@id":"https:\/\/www.ladiagonale.net\/#\/schema\/person\/image\/","url":"https:\/\/secure.gravatar.com\/avatar\/c7850e06d3ff63cdbaee88b7fc16e2f0?s=96&d=mm&r=g","contentUrl":"https:\/\/secure.gravatar.com\/avatar\/c7850e06d3ff63cdbaee88b7fc16e2f0?s=96&d=mm&r=g","caption":"Damien Dellerba"},"url":"https:\/\/www.ladiagonale.net\/index.php\/author\/damien\/"}]}},"_links":{"self":[{"href":"https:\/\/www.ladiagonale.net\/index.php\/wp-json\/wp\/v2\/posts\/7127"}],"collection":[{"href":"https:\/\/www.ladiagonale.net\/index.php\/wp-json\/wp\/v2\/posts"}],"about":[{"href":"https:\/\/www.ladiagonale.net\/index.php\/wp-json\/wp\/v2\/types\/post"}],"author":[{"embeddable":true,"href":"https:\/\/www.ladiagonale.net\/index.php\/wp-json\/wp\/v2\/users\/2"}],"replies":[{"embeddable":true,"href":"https:\/\/www.ladiagonale.net\/index.php\/wp-json\/wp\/v2\/comments?post=7127"}],"version-history":[{"count":2,"href":"https:\/\/www.ladiagonale.net\/index.php\/wp-json\/wp\/v2\/posts\/7127\/revisions"}],"predecessor-version":[{"id":7134,"href":"https:\/\/www.ladiagonale.net\/index.php\/wp-json\/wp\/v2\/posts\/7127\/revisions\/7134"}],"wp:attachment":[{"href":"https:\/\/www.ladiagonale.net\/index.php\/wp-json\/wp\/v2\/media?parent=7127"}],"wp:term":[{"taxonomy":"category","embeddable":true,"href":"https:\/\/www.ladiagonale.net\/index.php\/wp-json\/wp\/v2\/categories?post=7127"},{"taxonomy":"post_tag","embeddable":true,"href":"https:\/\/www.ladiagonale.net\/index.php\/wp-json\/wp\/v2\/tags?post=7127"}],"curies":[{"name":"wp","href":"https:\/\/api.w.org\/{rel}","templated":true}]}}